{"id":619,"date":"2015-05-04T08:28:00","date_gmt":"2015-05-04T08:28:00","guid":{"rendered":"http:\/\/elcalaixetdelaiaia.es\/judias-verdes-con-jamon-paso-paso"},"modified":"2026-02-16T23:31:37","modified_gmt":"2026-02-16T23:31:37","slug":"judias-verdes-con-jamon-paso-paso","status":"publish","type":"post","link":"https:\/\/elcalaixetdelaiaia.es\/?p=619","title":{"rendered":"Jud\u00edas verdes con jam\u00f3n y tomate paso a paso"},"content":{"rendered":"<p>\u00abRefrany; Menja beu i divertis-te i no sigues bajoca, Batiste\u00bb<\/p>\n<div>Come bebe y diviertet\u00e9 y no seas jud\u00eda verde ( bajoca, no tiene una traducci\u00f3n exacta ya que se emplea como asustadizo, simpl\u00f3n) Batiste.<\/div>\n<div><\/div>\n<div>\u00abBajoques amb pernil\u00bb<\/div>\n<div>Jud\u00edas con jam\u00f3n.<\/div>\n<div><\/div>\n<div class=\"separator\" style=\"clear: both; text-align: center;\"><\/div>\n<div>\n<div class=\"separator\" style=\"clear: both; text-align: center;\"><a style=\"margin-left: 1em; margin-right: 1em;\" href=\"http:\/\/2.bp.blogspot.com\/-5opxisRaIM0\/VUcb_RIuInI\/AAAAAAAAaSQ\/90xyF-EievM\/s1600\/IMG_2225.JPG\"><img decoding=\"async\" loading=\"lazy\" src=\"https:\/\/elcalaixetdelaiaia.es\/wp-content\/uploads\/2015\/05\/IMG_2225.jpg\" width=\"640\" height=\"480\" border=\"0\" \/><\/a><\/div>\n<div>\nUn plato muy completo tanto de invierno como de verano, ya que caliente est\u00e1 rico, pero fresquito de la nevera en d\u00edas calurosos \u00a0mmmmm, que bien entra. Adem\u00e1s es f\u00e1cil de trasportar a la playa o a la monta\u00f1a dentro de un t\u00e1per y tanto sirve para guarnici\u00f3n o acompa\u00f1amiento, para la comida de medio d\u00eda, como para la cena en invierno y verano.<\/div>\n<\/div>\n<div><\/div>\n<div>Necesitaremos;<\/div>\n<div><\/div>\n<div class=\"separator\" style=\"clear: both; text-align: center;\"><a style=\"margin-left: 1em; margin-right: 1em;\" href=\"http:\/\/2.bp.blogspot.com\/-vfvBx-m-Iyo\/VUcbqG7mcDI\/AAAAAAAAaQY\/NhBd7O8ASeQ\/s1600\/IMG_2206.JPG\"><img decoding=\"async\" loading=\"lazy\" src=\"https:\/\/elcalaixetdelaiaia.es\/wp-content\/uploads\/2015\/05\/IMG_2206.jpg\" width=\"640\" height=\"480\" border=\"0\" \/><\/a><\/div>\n<div><\/div>\n<div>\n<ol>\n<li>Medio k. de jud\u00edas verdes tipo boby o ancha (bajoqueta)<\/li>\n<li>Tacos de jam\u00f3n serrano<\/li>\n<li>Aceite de oliva<\/li>\n<li>Tomate frito<\/li>\n<li>Dos dientes de ajo<\/li>\n<li>Una pastilla de caldo Avecrem de pollo<\/li>\n<li>Aceite de oliva<\/li>\n<li>Agua<\/li>\n<\/ol>\n<div>Si puedo elegir jud\u00eda verdes finas de tipo boby, mejor que jud\u00eda ancha, aunque lo preparo indistintamente con una u otra clase de jud\u00eda indistintamente seg\u00fan temporada, la que mejor est\u00e1 de precio. Igual que si puedo, uso tomate frito casero, del hago yo en conserva.<\/div>\n<div><\/div>\n<div class=\"separator\" style=\"clear: both; text-align: center;\"><a style=\"margin-left: 1em; margin-right: 1em;\" href=\"http:\/\/1.bp.blogspot.com\/-7CuSKxCpfkM\/VUcbp7FcoGI\/AAAAAAAAaQI\/OFN0tX4Chzg\/s1600\/IMG_2207.JPG\"><img decoding=\"async\" loading=\"lazy\" src=\"https:\/\/elcalaixetdelaiaia.es\/wp-content\/uploads\/2015\/05\/IMG_2207.jpg\" width=\"480\" height=\"640\" border=\"0\" \/><\/a><\/div>\n<div><\/div>\n<div>\u00a0sin lugar a dudas lo preparo con \u00e9ste que adem\u00e1s tengo reci\u00e9n envasado, pero cuando no hay, puede servir el tomate frito comercializado, que os recomiendo el denominado \u00abcasero\u00bb en bote de cristal, ya que sabe mucho mejor que el de brik.<\/div>\n<\/div>\n<div><\/div>\n<div>\n<div class=\"separator\" style=\"clear: both; text-align: center;\"><a style=\"margin-left: 1em; margin-right: 1em;\" href=\"http:\/\/4.bp.blogspot.com\/-WtJSSt5vktI\/VUcp9sZrAWI\/AAAAAAAAaTc\/jhycxZxiQkw\/s1600\/IMG_2208.JPG\"><img decoding=\"async\" loading=\"lazy\" src=\"https:\/\/elcalaixetdelaiaia.es\/wp-content\/uploads\/2015\/05\/IMG_2208.jpg\" width=\"640\" height=\"480\" border=\"0\" \/><\/a><\/div>\n<div style=\"text-align: center;\">Ponemos en la olla r\u00e1pida agua a hervir con un chorrito de aceite de oliva<\/div>\n<div class=\"separator\" style=\"clear: both; text-align: center;\"><a style=\"margin-left: 1em; margin-right: 1em;\" href=\"http:\/\/2.bp.blogspot.com\/-lSTRdpHZRVo\/VUcp_UtjnsI\/AAAAAAAAaTk\/wQbn-kUrk04\/s1600\/IMG_2209.JPG\"><img decoding=\"async\" loading=\"lazy\" src=\"https:\/\/elcalaixetdelaiaia.es\/wp-content\/uploads\/2015\/05\/IMG_2209.jpg\" width=\"640\" height=\"480\" border=\"0\" \/><\/a><\/div>\n<div style=\"text-align: center;\">y a\u00f1adimos una pastilla de caldo de pollo y unas gotitas de aceite de oliva. Si no quer\u00e9is a\u00f1adir Avecr\u00e9m pod\u00e9is poner una cucharadita de sal, pero en casa, siempre a\u00f1adimos la pastilla porque le da un sabor riqu\u00edsimo, y porque mi mami, siempre lo hac\u00eda as\u00ed.<\/div>\n<div class=\"separator\" style=\"clear: both; text-align: center;\"><a style=\"margin-left: 1em; margin-right: 1em;\" href=\"http:\/\/2.bp.blogspot.com\/-LKnxFjFRtjI\/VUcqAJI3ANI\/AAAAAAAAaTo\/pJlh-FQLWfk\/s1600\/IMG_2210.JPG\"><img decoding=\"async\" loading=\"lazy\" src=\"https:\/\/elcalaixetdelaiaia.es\/wp-content\/uploads\/2015\/05\/IMG_2210.jpg\" width=\"640\" height=\"480\" border=\"0\" \/><\/a><\/div>\n<div style=\"text-align: center;\">Quitamos la puntas a las jud\u00edas, las partimos por la mitad y las enjuagamos bien a fondo<\/div>\n<div class=\"separator\" style=\"clear: both; text-align: center;\"><a style=\"margin-left: 1em; margin-right: 1em;\" href=\"http:\/\/3.bp.blogspot.com\/-DO9Z4y85WBc\/VUcqBU_AcHI\/AAAAAAAAaT0\/7RgfvOQMf-Y\/s1600\/IMG_2211.JPG\"><img decoding=\"async\" loading=\"lazy\" src=\"https:\/\/elcalaixetdelaiaia.es\/wp-content\/uploads\/2015\/05\/IMG_2211.jpg\" width=\"640\" height=\"480\" border=\"0\" \/><\/a><\/div>\n<div style=\"text-align: center;\">las incorporamos a la olla<\/div>\n<div class=\"separator\" style=\"clear: both; text-align: center;\"><a style=\"margin-left: 1em; margin-right: 1em;\" href=\"http:\/\/4.bp.blogspot.com\/-9_iTKTdxewE\/VUcqCuR-GSI\/AAAAAAAAaT8\/S5VLHz_P7Pk\/s1600\/IMG_2212.JPG\"><img decoding=\"async\" loading=\"lazy\" src=\"https:\/\/elcalaixetdelaiaia.es\/wp-content\/uploads\/2015\/05\/IMG_2212.jpg\" width=\"640\" height=\"480\" border=\"0\" \/><\/a><\/div>\n<div style=\"text-align: center;\">para potenciar el color verde a\u00f1ado una puntita cuanto apenas de bicarbonato de sodio, que no aporta sabor alguno, pero da un color verde y brillante. Tapamos la olla y ladejamos unos ocho minutos a partir de que salga la v\u00e1lvula. Estas jud\u00edas no han de quedar blandas, el punto ideal es al dente porque luego con el tomate se acaban de hacer<\/div>\n<div class=\"separator\" style=\"clear: both; text-align: center;\"><a style=\"margin-left: 1em; margin-right: 1em;\" href=\"http:\/\/1.bp.blogspot.com\/-eE11gVdjoIE\/VUcqD9jgJxI\/AAAAAAAAaUE\/o0Y3pIF5pGo\/s1600\/IMG_2213.JPG\"><img decoding=\"async\" loading=\"lazy\" src=\"https:\/\/elcalaixetdelaiaia.es\/wp-content\/uploads\/2015\/05\/IMG_2213.jpg\" width=\"640\" height=\"480\" border=\"0\" \/><\/a><\/div>\n<div style=\"text-align: center;\">Mientras, ponemos aceite en otra cazuela o sart\u00e9n y doramos un poco el jam\u00f3n, muy poco<\/div>\n<div class=\"separator\" style=\"clear: both; text-align: center;\"><a style=\"margin-left: 1em; margin-right: 1em;\" href=\"http:\/\/2.bp.blogspot.com\/-miksbSUSGk8\/VUcqE4QCMvI\/AAAAAAAAaUI\/REbxgM8E2V4\/s1600\/IMG_2214.JPG\"><img decoding=\"async\" loading=\"lazy\" src=\"https:\/\/elcalaixetdelaiaia.es\/wp-content\/uploads\/2015\/05\/IMG_2214.jpg\" width=\"640\" height=\"480\" border=\"0\" \/><\/a><\/div>\n<div style=\"text-align: center;\"><\/div>\n<div style=\"text-align: center;\">Pelamos y troceamos dos dientes de ajo<\/div>\n<div class=\"separator\" style=\"clear: both; text-align: center;\"><a style=\"margin-left: 1em; margin-right: 1em;\" href=\"http:\/\/4.bp.blogspot.com\/-7vVkY1Roh7k\/VUcqFgi0PlI\/AAAAAAAAaUU\/5N20vjUjdHw\/s1600\/IMG_2215.JPG\"><img decoding=\"async\" loading=\"lazy\" src=\"https:\/\/elcalaixetdelaiaia.es\/wp-content\/uploads\/2015\/05\/IMG_2215.jpg\" width=\"640\" height=\"480\" border=\"0\" \/><\/a><\/div>\n<div style=\"text-align: center;\">y lo a\u00f1adimos al jam\u00f3n<\/div>\n<div class=\"separator\" style=\"clear: both; text-align: center;\"><a style=\"margin-left: 1em; margin-right: 1em;\" href=\"http:\/\/1.bp.blogspot.com\/-gfYXQcK_dfM\/VUcqIQq6jnI\/AAAAAAAAaUc\/5gzZS-osQ4A\/s1600\/IMG_2216.JPG\"><img decoding=\"async\" loading=\"lazy\" src=\"https:\/\/elcalaixetdelaiaia.es\/wp-content\/uploads\/2015\/05\/IMG_2216.jpg\" width=\"640\" height=\"480\" border=\"0\" \/><\/a><\/div>\n<div style=\"text-align: center;\">Abrimos la olla con todas las precauciones, cuando se haya enfriado por si sola y con el necesario cuidado<\/div>\n<div class=\"separator\" style=\"clear: both; text-align: center;\"><a style=\"margin-left: 1em; margin-right: 1em;\" href=\"http:\/\/1.bp.blogspot.com\/-7IS88QetCjg\/VUcqIerG6yI\/AAAAAAAAaUg\/jcjUA80M0aU\/s1600\/IMG_2217.JPG\"><img decoding=\"async\" loading=\"lazy\" src=\"https:\/\/elcalaixetdelaiaia.es\/wp-content\/uploads\/2015\/05\/IMG_2217.jpg\" width=\"640\" height=\"480\" border=\"0\" \/><\/a><\/div>\n<div style=\"text-align: center;\">escurrimos bien las jud\u00edas<\/div>\n<div class=\"separator\" style=\"clear: both; text-align: center;\"><a style=\"margin-left: 1em; margin-right: 1em;\" href=\"http:\/\/2.bp.blogspot.com\/-gbShs4W_tAc\/VUcqJar41bI\/AAAAAAAAaUs\/rY8YEa27hRM\/s1600\/IMG_2218.JPG\"><img decoding=\"async\" loading=\"lazy\" src=\"https:\/\/elcalaixetdelaiaia.es\/wp-content\/uploads\/2015\/05\/IMG_2218.jpg\" width=\"640\" height=\"480\" border=\"0\" \/><\/a><\/div>\n<div style=\"text-align: center;\">y las incorporamos al sofrito<\/div>\n<div class=\"separator\" style=\"clear: both; text-align: center;\"><a style=\"margin-left: 1em; margin-right: 1em;\" href=\"http:\/\/4.bp.blogspot.com\/-e6AJAMwx-h0\/VUcqKw5hS8I\/AAAAAAAAaU0\/5TF36Qt8UZA\/s1600\/IMG_2222.JPG\"><img decoding=\"async\" loading=\"lazy\" src=\"https:\/\/elcalaixetdelaiaia.es\/wp-content\/uploads\/2015\/05\/IMG_2222.jpg\" width=\"640\" height=\"480\" border=\"0\" \/><\/a><\/div>\n<div style=\"text-align: center;\">a\u00f1adimos el tomate, removemos y dejamos al fuego medio unos cinco minutos<\/div>\n<div class=\"separator\" style=\"clear: both; text-align: center;\"><a style=\"margin-left: 1em; margin-right: 1em;\" href=\"http:\/\/3.bp.blogspot.com\/-ezlvSC-6PXY\/VUcp7RnyqTI\/AAAAAAAAaTE\/cYuuGRKcYu8\/s1600\/20150104_143543%2Bmodified.jpg\"><img decoding=\"async\" loading=\"lazy\" src=\"https:\/\/elcalaixetdelaiaia.es\/wp-content\/uploads\/2015\/05\/20150104_143543modified.jpg\" width=\"640\" height=\"384\" border=\"0\" \/><\/a><\/div>\n<div style=\"text-align: center;\">ya tenemos listas nuestras jud\u00edas<\/div>\n<div class=\"separator\" style=\"clear: both; text-align: center;\"><a style=\"margin-left: 1em; margin-right: 1em;\" href=\"http:\/\/2.bp.blogspot.com\/-FGNMO3JLKIY\/VUcp7REdGYI\/AAAAAAAAaTI\/vhotqCxr9iE\/s1600\/20150104_143548%2Bmodified.jpg\"><img decoding=\"async\" loading=\"lazy\" src=\"https:\/\/elcalaixetdelaiaia.es\/wp-content\/uploads\/2015\/05\/20150104_143548modified.jpg\" width=\"640\" height=\"384\" border=\"0\" \/><\/a><\/div>\n<div style=\"text-align: center;\">que podemos degustar calentitas, o fr\u00edas de la nevera, manteni\u00e9ndolas en un recipiente herm\u00e9tico<\/div>\n<div class=\"separator\" style=\"clear: both; text-align: center;\"><a style=\"margin-left: 1em; margin-right: 1em;\" href=\"http:\/\/1.bp.blogspot.com\/-Wg_syxRcThY\/VUcp7avWtEI\/AAAAAAAAaTQ\/54sVOWFOUho\/s1600\/20150104_143557%2Bmodified.jpg\"><img decoding=\"async\" loading=\"lazy\" src=\"https:\/\/elcalaixetdelaiaia.es\/wp-content\/uploads\/2015\/05\/20150104_143557modified.jpg\" width=\"640\" height=\"384\" border=\"0\" \/><\/a><\/div>\n<\/div>\n<div>\n<div style=\"text-align: center;\">\u00abA la taula i&#8230;BON PROFIT!!!\u00bb<\/div>\n<p>Si te gusta \u00e9sta entrada, y quieres, comp\u00e1rtela, as\u00ed mucha gente podr\u00e1 disfrutar de ella. Si quieres dejar un comentario ser\u00eda estupendo. Graciaaaaas.<\/p>\n<\/div>\n","protected":false},"excerpt":{"rendered":"<p>\u00abRefrany; Menja beu i divertis-te i no sigues bajoca, Batiste\u00bb Come bebe y diviertet\u00e9 y no seas jud\u00eda verde ( bajoca, no tiene una traducci\u00f3n exacta ya que se emplea como asustadizo, simpl\u00f3n) Batiste. \u00abBajoques amb pernil\u00bb Jud\u00edas con jam\u00f3n. Un plato muy completo tanto de invierno como de verano, &hellip; <\/p>\n","protected":false},"author":2,"featured_media":7814,"comment_status":"open","ping_status":"open","sticky":false,"template":"","format":"standard","meta":[],"categories":[1,58],"tags":[],"_links":{"self":[{"href":"https:\/\/elcalaixetdelaiaia.es\/index.php?rest_route=\/wp\/v2\/posts\/619"}],"collection":[{"href":"https:\/\/elcalaixetdelaiaia.es\/index.php?rest_route=\/wp\/v2\/posts"}],"about":[{"href":"https:\/\/elcalaixetdelaiaia.es\/index.php?rest_route=\/wp\/v2\/types\/post"}],"author":[{"embeddable":true,"href":"https:\/\/elcalaixetdelaiaia.es\/index.php?rest_route=\/wp\/v2\/users\/2"}],"replies":[{"embeddable":true,"href":"https:\/\/elcalaixetdelaiaia.es\/index.php?rest_route=%2Fwp%2Fv2%2Fcomments&post=619"}],"version-history":[{"count":3,"href":"https:\/\/elcalaixetdelaiaia.es\/index.php?rest_route=\/wp\/v2\/posts\/619\/revisions"}],"predecessor-version":[{"id":28943,"href":"https:\/\/elcalaixetdelaiaia.es\/index.php?rest_route=\/wp\/v2\/posts\/619\/revisions\/28943"}],"wp:featuredmedia":[{"embeddable":true,"href":"https:\/\/elcalaixetdelaiaia.es\/index.php?rest_route=\/wp\/v2\/media\/7814"}],"wp:attachment":[{"href":"https:\/\/elcalaixetdelaiaia.es\/index.php?rest_route=%2Fwp%2Fv2%2Fmedia&parent=619"}],"wp:term":[{"taxonomy":"category","embeddable":true,"href":"https:\/\/elcalaixetdelaiaia.es\/index.php?rest_route=%2Fwp%2Fv2%2Fcategories&post=619"},{"taxonomy":"post_tag","embeddable":true,"href":"https:\/\/elcalaixetdelaiaia.es\/index.php?rest_route=%2Fwp%2Fv2%2Ftags&post=619"}],"curies":[{"name":"wp","href":"https:\/\/api.w.org\/{rel}","templated":true}]}}