{"id":616,"date":"2015-05-05T07:09:00","date_gmt":"2015-05-05T07:09:00","guid":{"rendered":"http:\/\/elcalaixetdelaiaia.es\/indumentaria-tradicional-valencianaco"},"modified":"2026-02-20T09:04:13","modified_gmt":"2026-02-20T09:04:13","slug":"indumentaria-tradicional-valencianaco","status":"publish","type":"post","link":"https:\/\/elcalaixetdelaiaia.es\/?p=616","title":{"rendered":"Indumentaria tradicional valenciana.Com fer el plegat d&#8217;un mocador de pit."},"content":{"rendered":"<p>\u00abRefrany;\u00a0 L&#8217;alegria del fadr\u00ed \u00e9s un mocador de pita, una manta morellana i una xica ben bonica\u00bb\u00a0 \u00a0 \u00a0 \u00a0 \u00a0 \u00a0 \u00a0 \u00a0 \u00a0 \u00a0La alegr\u00eda del soltero es un pa\u00f1uelo de pita, (seda) una manta morellana y una chica muy bonita<\/p>\n<p>Llevo mucho tiempo intentando recopilar la informaci\u00f3n necesaria para escribir un post sobre el \u00abmocador de pit\u00bb, pero el tema me ha dado tantos disgustos que no encuentro el momento y la manera de hacerlo, sin molestar a quienes suelen tergiversar mis palabras. As\u00ed que me lanzo a la piscina, porque sois much\u00edsimos quienes me pregunt\u00e1is. Os expongo lo que s\u00e9 y averiguo, pero sin pol\u00e9micas, por favor, porque todo, todo, est\u00e1 en los libros, que abajo del todo os recomiendo leer.<\/p>\n<div class=\"separator\" style=\"clear: both; text-align: center;\"><img decoding=\"async\" loading=\"lazy\" class=\"alignnone wp-image-24734\" src=\"https:\/\/elcalaixetdelaiaia.es\/wp-content\/uploads\/2015\/05\/WhatsApp-Image-2023-03-10-at-23.45.36.jpeg\" alt=\"\" width=\"380\" height=\"559\" srcset=\"https:\/\/elcalaixetdelaiaia.es\/wp-content\/uploads\/2015\/05\/WhatsApp-Image-2023-03-10-at-23.45.36.jpeg 696w, https:\/\/elcalaixetdelaiaia.es\/wp-content\/uploads\/2015\/05\/WhatsApp-Image-2023-03-10-at-23.45.36-204x300.jpeg 204w\" sizes=\"(max-width: 380px) 100vw, 380px\" \/><\/div>\n<p>De momento, navegando por la red, he encontrado \u00e9ste estupendo v\u00eddeo de como se coloca por la espalda y la manera correcta de hacer los pliegues del cuello del \u00abmocador de pit\u00bb y una forma de colocarlo por la delantera.<br \/>\nEst\u00e1 tan bien explicada la manera de hacer los pliegues que lo comparto por si a alguien le interesa.<br \/>\nEso si, yo el alfiler lo escondo por debajo del \u00faltimo pliegue, pero eso ya son man\u00edas.<\/p>\n<p style=\"text-align: center;\"><a href=\"https:\/\/www.youtube.com\/watch?v=imRlRSeINWo\">https:\/\/www.youtube.com\/watch?v=imRlRSeINWo<\/a><\/p>\n<p>Ya veis que es mucho mas f\u00e1cil de lo que parece y que no es necesario cortar el pa\u00f1uelo en absoluto para dar la forma. No dej\u00e9is que estropeen vuestro \u00abmocador de pit\u00bb cort\u00e1ndolo.<img decoding=\"async\" loading=\"lazy\" class=\"alignnone size-full wp-image-24780\" src=\"https:\/\/elcalaixetdelaiaia.es\/wp-content\/uploads\/2015\/03\/joficantmocadorvalenciana-scaled.jpg\" alt=\"\" width=\"2560\" height=\"2060\" srcset=\"https:\/\/elcalaixetdelaiaia.es\/wp-content\/uploads\/2015\/03\/joficantmocadorvalenciana-scaled.jpg 2560w, https:\/\/elcalaixetdelaiaia.es\/wp-content\/uploads\/2015\/03\/joficantmocadorvalenciana-300x241.jpg 300w, https:\/\/elcalaixetdelaiaia.es\/wp-content\/uploads\/2015\/03\/joficantmocadorvalenciana-1024x824.jpg 1024w, https:\/\/elcalaixetdelaiaia.es\/wp-content\/uploads\/2015\/03\/joficantmocadorvalenciana-768x618.jpg 768w, https:\/\/elcalaixetdelaiaia.es\/wp-content\/uploads\/2015\/03\/joficantmocadorvalenciana-1536x1236.jpg 1536w, https:\/\/elcalaixetdelaiaia.es\/wp-content\/uploads\/2015\/03\/joficantmocadorvalenciana-2048x1648.jpg 2048w\" sizes=\"(max-width: 2560px) 100vw, 2560px\" \/><\/p>\n<p>No me canso de insistir, en que tanto el mocador de pit en la mujer de valenciana, como el mocador de cap en el hombre de valenciano, son absolutamente imprescindibles para vestir adecuadamente. IMPRESCINDIBLES \u00c1MBOS.<\/p>\n<p>Si te gusta \u00e9ste post, puedes compartirlo para que llegue a m\u00e1s gente. No pretendo molestar ni ofender a nadie, cada cual es muy libre de vestir como quiera, solo comparto lo que he aprendido y que cada cual, decida como hacerlo.<\/p>\n<p>Os recomiendo los siguientes libros, si est\u00e1is interesados en los temas sobre indumentaria tradicional valenciana;<\/p>\n<p>-\u00abSeda, Oro y Plata en Valencia\u00bb, Gar\u00edn, 258 a\u00f1os. (Libro de Gar\u00edn)<br \/>\n-\u00abIndumentaria Valenciana Siglos XVIII-XIX, De dentro afuera, De arriba abajo\u00bb, M\u00aa Victoria Liceras Ferreres;<br \/>\n-A la moda valenciana. La dona al segle XVIII\u2019, Salvador Mercado Mach\u00ed<br \/>\n&#8211; Justillos i gipons Paquita Roca i Josep Vidal<br \/>\n&#8211; La moda en la Valencia del siglo XV de Mar\u00eda Purificaci\u00f3n Benito Vidal<\/p>\n<div>&#8211; Faldes, vions i faldilles Inmaculada Puig y Paquita Roca<br \/>\n-Mocadors de pit de Paquita Roca e Imma Puig<br \/>\n&#8211; La nova col-lecci\u00f3 d&#8217;indument\u00e0ria del Museu Etn\u00f2logic- Una visi\u00f3 evolutiva<br \/>\nY como no\u2026 os aconsejo encarecidamente las generos\u00edsimas y aclaradoras aportaciones del gran Vicent Ferrandis Mas en;<br \/>\n<a href=\"http:\/\/filadis.blogspot.com.es\/\">http:\/\/filadis.blogspot.com.es\/<\/a> y<br \/>\n<a href=\"http:\/\/www.calameo.com\/subscriptions\/1077466\">http:\/\/www.calameo.com\/subscriptions\/1077466<\/a><br \/>\ny \u00e9ste art\u00edculo;<a href=\"http:\/\/www.levante-emv.com\/valencia\/2011\/03\/24\/investigadores-afirman-moda-desvirtuado-traje-valenciana\/792866.html\">http:\/\/www.levante-emv.com\/valencia\/2011\/03\/24\/investigadores-afirman-moda-desvirtuado-traje-valenciana\/792866.html<\/a>,<\/div>\n<p>donde podr\u00e9is encontrar toda la informaci\u00f3n.<\/p>\n<p>Espero tus comentarios y recuerda que tambi\u00e9n estoy en Facebook\u00a0<a href=\"https:\/\/www.facebook.com\/El-calaixet-de-la-iaia-533062140099386\/\">https:\/\/www.facebook.com\/El-calaixet-de-la-iaia-533062140099386\/<\/a><\/p>\n","protected":false},"excerpt":{"rendered":"<p>\u00abRefrany;\u00a0 L&#8217;alegria del fadr\u00ed \u00e9s un mocador de pita, una manta morellana i una xica ben bonica\u00bb\u00a0 \u00a0 \u00a0 \u00a0 \u00a0 \u00a0 \u00a0 \u00a0 \u00a0 \u00a0La alegr\u00eda del soltero es un pa\u00f1uelo de pita, (seda) una manta morellana y una chica muy bonita Llevo mucho tiempo intentando recopilar la informaci\u00f3n &hellip; <\/p>\n","protected":false},"author":2,"featured_media":24780,"comment_status":"open","ping_status":"open","sticky":false,"template":"","format":"standard","meta":[],"categories":[78,1],"tags":[],"_links":{"self":[{"href":"https:\/\/elcalaixetdelaiaia.es\/index.php?rest_route=\/wp\/v2\/posts\/616"}],"collection":[{"href":"https:\/\/elcalaixetdelaiaia.es\/index.php?rest_route=\/wp\/v2\/posts"}],"about":[{"href":"https:\/\/elcalaixetdelaiaia.es\/index.php?rest_route=\/wp\/v2\/types\/post"}],"author":[{"embeddable":true,"href":"https:\/\/elcalaixetdelaiaia.es\/index.php?rest_route=\/wp\/v2\/users\/2"}],"replies":[{"embeddable":true,"href":"https:\/\/elcalaixetdelaiaia.es\/index.php?rest_route=%2Fwp%2Fv2%2Fcomments&post=616"}],"version-history":[{"count":13,"href":"https:\/\/elcalaixetdelaiaia.es\/index.php?rest_route=\/wp\/v2\/posts\/616\/revisions"}],"predecessor-version":[{"id":28976,"href":"https:\/\/elcalaixetdelaiaia.es\/index.php?rest_route=\/wp\/v2\/posts\/616\/revisions\/28976"}],"wp:featuredmedia":[{"embeddable":true,"href":"https:\/\/elcalaixetdelaiaia.es\/index.php?rest_route=\/wp\/v2\/media\/24780"}],"wp:attachment":[{"href":"https:\/\/elcalaixetdelaiaia.es\/index.php?rest_route=%2Fwp%2Fv2%2Fmedia&parent=616"}],"wp:term":[{"taxonomy":"category","embeddable":true,"href":"https:\/\/elcalaixetdelaiaia.es\/index.php?rest_route=%2Fwp%2Fv2%2Fcategories&post=616"},{"taxonomy":"post_tag","embeddable":true,"href":"https:\/\/elcalaixetdelaiaia.es\/index.php?rest_route=%2Fwp%2Fv2%2Ftags&post=616"}],"curies":[{"name":"wp","href":"https:\/\/api.w.org\/{rel}","templated":true}]}}