{"id":614,"date":"2015-05-19T16:48:00","date_gmt":"2015-05-19T16:48:00","guid":{"rendered":"http:\/\/elcalaixetdelaiaia.es\/galette-con-fresones-paso-paso"},"modified":"2018-04-18T19:29:17","modified_gmt":"2018-04-18T19:29:17","slug":"galette-con-fresones-paso-paso","status":"publish","type":"post","link":"https:\/\/elcalaixetdelaiaia.es\/?p=614","title":{"rendered":"Galette con fresones paso a paso"},"content":{"rendered":"<p>\u00abRefrany;<br \/>\nMaig arribat, hivern acabat\u00bb<\/p>\n<div>Mayo llegado, invierno terminado.Despues de unos d\u00edas sin publicar a causa de estar \u00abdesaparecidos\u00bb del mundo civilizado y sin internet, aprovecho \u00e9stos d\u00edas de regreso al mundanal ruido para ponerme la pilas, antes de irme de nuevo \ud83d\ude09<br \/>\nGalette con fresones<\/p>\n<div class=\"separator\" style=\"clear: both; text-align: center;\"><a style=\"margin-left: 1em; margin-right: 1em;\" href=\"http:\/\/3.bp.blogspot.com\/-HBwatFAfGNw\/VTpm9KjtHWI\/AAAAAAAAZp0\/T7YptfAhcE4\/s1600\/IMG_1523.JPG\"><img decoding=\"async\" loading=\"lazy\" src=\"https:\/\/elcalaixetdelaiaia.es\/wp-content\/uploads\/2015\/05\/IMG_1523.jpg\" width=\"640\" height=\"480\" border=\"0\" \/><\/a><\/div>\n<div class=\"separator\" style=\"clear: both; text-align: center;\"><\/div>\n<div style=\"text-align: center;\">La galette es originaria de la regi\u00f3n francesa de Breta\u00f1a, es una especie de crep cuyo relleno puede ser tradicionalmente salado, pero que debido a la innovaci\u00f3n culinaria, hoy d\u00eda se encuentra con toda clase de dulces, principalmente frutas. Su particularidad es que se prepara sin molde, poniendo el relleno dentro de la masa y girando sus bordes hacia dentro.<\/div>\n<div class=\"separator\" style=\"clear: both; text-align: center;\"><a style=\"margin-left: 1em; margin-right: 1em;\" href=\"http:\/\/2.bp.blogspot.com\/-F_IJZ2EsWsE\/VTpmGAEVuhI\/AAAAAAAAZo4\/S6dRSmDBXV8\/s1600\/IMG_1566.JPG\"><img decoding=\"async\" loading=\"lazy\" src=\"https:\/\/elcalaixetdelaiaia.es\/wp-content\/uploads\/2015\/05\/IMG_1566.jpg\" width=\"640\" height=\"480\" border=\"0\" \/><\/a><\/div>\n<p>En el s\u00faper ten\u00edan los fresones a 1\u20ac el k. porque ya comenzaban a estar un poco blandos, ahora que comienzan a estar dulces, as\u00ed que utilic\u00e9 los mejores para una macedonia, otros para un batido, para una naranja preparada con fresones, y el resto para \u00e9sta galette y todooo con un euro de fresones.<\/p>\n<p>La Galette la preparo de muchas maneras, poco a poco os ir\u00e9 subiendo con otros ingredientes que seguro que os gustan mucho, aunque os prevengo de que es una de las tartas mas sencillas que hay&#8230;..<\/p>\n<p>Necesitaremos;<\/p>\n<div class=\"separator\" style=\"clear: both; text-align: center;\"><a style=\"margin-left: 1em; margin-right: 1em;\" href=\"http:\/\/1.bp.blogspot.com\/-x6W2mzUL8j0\/VTpmFXM5DxI\/AAAAAAAAZow\/wIUNuRomjn4\/s1600\/IMG_1565.JPG\"><img decoding=\"async\" loading=\"lazy\" src=\"https:\/\/elcalaixetdelaiaia.es\/wp-content\/uploads\/2015\/05\/IMG_1565.jpg\" width=\"640\" height=\"480\" border=\"0\" \/><\/a><\/div>\n<ol>\n<li>Una base de hojaldre fresco<\/li>\n<li>250g de fresones<\/li>\n<li>Una cucharada sopera de az\u00facar moreno<\/li>\n<li>Una cucharadita de harina de ma\u00edz<\/li>\n<li>Az\u00facar glass<\/li>\n<li>Un huevo<\/li>\n<\/ol>\n<p>Por supuesto podemos preparara la masa casera, pero como siempre vamos tan falt@s de tiempo, la masa fresca que venden preparada, es una buena opci\u00f3n cuando nos faltan horas en el d\u00eda.<\/p>\n<div style=\"text-align: center;\"><\/div>\n<div class=\"separator\" style=\"clear: both; text-align: center;\"><a style=\"margin-left: 1em; margin-right: 1em;\" href=\"http:\/\/1.bp.blogspot.com\/-YLzDyA5I4tQ\/VTpmGIlULtI\/AAAAAAAAZo8\/V7aZVIS_f6o\/s1600\/IMG_1564.JPG\"><img decoding=\"async\" loading=\"lazy\" src=\"https:\/\/elcalaixetdelaiaia.es\/wp-content\/uploads\/2015\/05\/IMG_1564.jpg\" width=\"480\" height=\"640\" border=\"0\" \/><\/a><\/div>\n<div style=\"text-align: center;\"><\/div>\n<div style=\"text-align: center;\">elegimos un cuarto de fresones<\/div>\n<div class=\"separator\" style=\"clear: both; text-align: center;\"><a style=\"margin-left: 1em; margin-right: 1em;\" href=\"http:\/\/2.bp.blogspot.com\/-5Bz6-TUarGE\/VTpmEFe-4_I\/AAAAAAAAZok\/tVtJQ5ocFmM\/s1600\/IMG_1563.JPG\"><img decoding=\"async\" loading=\"lazy\" src=\"https:\/\/elcalaixetdelaiaia.es\/wp-content\/uploads\/2015\/05\/IMG_1563-1.jpg\" width=\"640\" height=\"480\" border=\"0\" \/><\/a><\/div>\n<div style=\"text-align: center;\"><\/div>\n<div class=\"separator\" style=\"clear: both; text-align: center;\"><\/div>\n<div style=\"text-align: center;\">a continuaci\u00f3n lavaremos los fresones, bajo el chorro del agua sin quitarles los rabitos, corolas o ped\u00edculos por dos motivos, uno es porque si lo hacemos antes de enjuagar, se pueden contaminar con la suciedad que traen de la tierra, y otra porque al entrar agua dentro, se nos humedecer\u00e1n y se estropean.<br \/>\nLas pondremos a remojo con unas gotitas de vinagre con el fin de<br \/>\neliminar los productos qu\u00edmicos que puedan haberle a\u00f1adido en el<br \/>\ncultivo y volveremos a enjuagar<\/div>\n<div class=\"separator\" style=\"clear: both; text-align: center;\"><a style=\"margin-left: 1em; margin-right: 1em;\" href=\"http:\/\/2.bp.blogspot.com\/-BLMmqTvsqhk\/VTpmD1ndGdI\/AAAAAAAAZoc\/3EM0RsKTQXA\/s1600\/IMG_1562.JPG\"><img decoding=\"async\" loading=\"lazy\" src=\"https:\/\/elcalaixetdelaiaia.es\/wp-content\/uploads\/2015\/05\/IMG_1562.jpg\" width=\"640\" height=\"480\" border=\"0\" \/><\/a><\/div>\n<div style=\"text-align: center;\"><\/div>\n<div style=\"text-align: center;\">los escurrimos bien, les quitamos la corola, los partimos por la mitad, a\u00f1adimos una cucharada de harina de maiz para evitar que el jugo que suelten los fresones en el horno empapen excesivamente la masa de hojaldre, ya que no ponemos crema alguna<\/div>\n<div class=\"separator\" style=\"clear: both; text-align: center;\"><a style=\"margin-left: 1em; margin-right: 1em;\" href=\"http:\/\/3.bp.blogspot.com\/-UZsJzqAYXL4\/VTpmC4YU80I\/AAAAAAAAZoY\/6EOJfJ24VJY\/s1600\/IMG_1561.JPG\"><img decoding=\"async\" loading=\"lazy\" src=\"https:\/\/elcalaixetdelaiaia.es\/wp-content\/uploads\/2015\/05\/IMG_1561.jpg\" width=\"640\" height=\"480\" border=\"0\" \/><\/a><\/div>\n<div style=\"text-align: center;\"><\/div>\n<div style=\"text-align: center;\">y una de az\u00facar. En casa no nos gustan las cosas muy dulces, pero si en la vuestra si, poned el doble de az\u00facar<\/div>\n<div class=\"separator\" style=\"clear: both; text-align: center;\"><a style=\"margin-left: 1em; margin-right: 1em;\" href=\"http:\/\/1.bp.blogspot.com\/-QAdDI_6fwZw\/VTpmBKiu_vI\/AAAAAAAAZoQ\/v8bXQnRdrDA\/s1600\/IMG_1560.JPG\"><img decoding=\"async\" loading=\"lazy\" src=\"https:\/\/elcalaixetdelaiaia.es\/wp-content\/uploads\/2015\/05\/IMG_1560.jpg\" width=\"640\" height=\"480\" border=\"0\" \/><\/a><\/div>\n<div style=\"text-align: center;\"><\/div>\n<div style=\"text-align: center;\">removemos y dejamos macerar<\/div>\n<div class=\"separator\" style=\"clear: both; text-align: center;\"><a style=\"margin-left: 1em; margin-right: 1em;\" href=\"http:\/\/1.bp.blogspot.com\/-30CIlF209E0\/VTpmAYKPoII\/AAAAAAAAZoE\/kmqIjYCZr9E\/s1600\/IMG_1559.JPG\"><img decoding=\"async\" loading=\"lazy\" src=\"https:\/\/elcalaixetdelaiaia.es\/wp-content\/uploads\/2015\/05\/IMG_1559.jpg\" width=\"640\" height=\"480\" border=\"0\" \/><\/a><\/div>\n<div style=\"text-align: center;\"><\/div>\n<div style=\"text-align: center;\">desenrollamos con cuidado la masa, si es rectangular, cortamos un trozo, podemos usarla redonda o cuadrada<\/div>\n<div class=\"separator\" style=\"clear: both; text-align: center;\"><a style=\"margin-left: 1em; margin-right: 1em;\" href=\"http:\/\/3.bp.blogspot.com\/-84yt-g2pisA\/VTpl_94kFjI\/AAAAAAAAZoA\/QRg7BAsJlH8\/s1600\/IMG_1558.JPG\"><img decoding=\"async\" loading=\"lazy\" src=\"https:\/\/elcalaixetdelaiaia.es\/wp-content\/uploads\/2015\/05\/IMG_1558.jpg\" width=\"640\" height=\"480\" border=\"0\" \/><\/a><\/div>\n<div style=\"text-align: center;\"><\/div>\n<div style=\"text-align: center;\">dejando el papel sulfurizado bajo, repartimos sobre la masa los fresones, y dejando alrededor de los mismos un espacio sin rellenar<\/div>\n<div class=\"separator\" style=\"clear: both; text-align: center;\"><a style=\"margin-left: 1em; margin-right: 1em;\" href=\"http:\/\/1.bp.blogspot.com\/-8UGDM814GCI\/VTpl9eVI50I\/AAAAAAAAZnw\/zBTbsPAMgNU\/s1600\/IMG_1557.JPG\"><img decoding=\"async\" loading=\"lazy\" src=\"https:\/\/elcalaixetdelaiaia.es\/wp-content\/uploads\/2015\/05\/IMG_1557.jpg\" width=\"640\" height=\"640\" border=\"0\" \/><\/a><\/div>\n<div style=\"text-align: center;\"><\/div>\n<div style=\"text-align: center;\">y ahora doblaremos este espacio de masa sobre los fresones, para evitar que se nos salga el relleno<\/div>\n<div class=\"separator\" style=\"clear: both; text-align: center;\"><a style=\"margin-left: 1em; margin-right: 1em;\" href=\"http:\/\/1.bp.blogspot.com\/-iORz6T9DQk4\/VTpl9HCB4lI\/AAAAAAAAZns\/4EuY33zXKck\/s1600\/IMG_1556.JPG\"><img decoding=\"async\" loading=\"lazy\" src=\"https:\/\/elcalaixetdelaiaia.es\/wp-content\/uploads\/2015\/05\/IMG_1556.jpg\" width=\"640\" height=\"640\" border=\"0\" \/><\/a><\/div>\n<div style=\"text-align: center;\"><\/div>\n<div style=\"text-align: center;\">pondremos bajo el papel del horno algo que nos sirva para transportarlo y sacarlo del mismo, yo utilizo una base de molde desmoldable que va fenomenal para \u00e9ste menester<\/div>\n<div class=\"separator\" style=\"clear: both; text-align: center;\"><a style=\"margin-left: 1em; margin-right: 1em;\" href=\"http:\/\/3.bp.blogspot.com\/-MnvrGJZXrro\/VTpl8y5lBkI\/AAAAAAAAZno\/bbFWE9Fahik\/s1600\/IMG_1555.JPG\"><img decoding=\"async\" loading=\"lazy\" src=\"https:\/\/elcalaixetdelaiaia.es\/wp-content\/uploads\/2015\/05\/IMG_1555.jpg\" width=\"640\" height=\"640\" border=\"0\" \/><\/a><\/div>\n<div style=\"text-align: center;\"><\/div>\n<div style=\"text-align: center;\">batimos un huevo<\/div>\n<div class=\"separator\" style=\"clear: both; text-align: center;\"><a style=\"margin-left: 1em; margin-right: 1em;\" href=\"http:\/\/3.bp.blogspot.com\/-B6VUPPth7JY\/VTpl4U5tlGI\/AAAAAAAAZnQ\/HYiCNCI9LZY\/s1600\/IMG_1554.JPG\"><img decoding=\"async\" loading=\"lazy\" src=\"https:\/\/elcalaixetdelaiaia.es\/wp-content\/uploads\/2015\/05\/IMG_1554.jpg\" width=\"640\" height=\"640\" border=\"0\" \/><\/a><\/div>\n<div style=\"text-align: center;\"><\/div>\n<div style=\"text-align: center;\">y pincelamos con \u00e9l, la masa de hojaldre<\/div>\n<div class=\"separator\" style=\"clear: both; text-align: center;\"><a style=\"margin-left: 1em; margin-right: 1em;\" href=\"http:\/\/2.bp.blogspot.com\/-XikbqV_KTUg\/VTpl4g9Z-vI\/AAAAAAAAZnU\/3EcQkD__UR8\/s1600\/IMG_1552.JPG\"><img decoding=\"async\" loading=\"lazy\" src=\"https:\/\/elcalaixetdelaiaia.es\/wp-content\/uploads\/2015\/05\/IMG_1552.jpg\" width=\"640\" height=\"638\" border=\"0\" \/><\/a><\/div>\n<div style=\"text-align: center;\"><\/div>\n<div style=\"text-align: center;\">y al horno precalentado a 180\u00ba a media altura durante 20 minutos en el m\u00edo, como cada horno es distinto y necesita unos tiempos, controlad el vuestro que no se os queme<\/div>\n<div class=\"separator\" style=\"clear: both; text-align: center;\"><a style=\"margin-left: 1em; margin-right: 1em;\" href=\"http:\/\/1.bp.blogspot.com\/-Lu-KuRN0o1w\/VTpl4cyztmI\/AAAAAAAAZnY\/DtBgFIb-yAQ\/s1600\/IMG_1546.JPG\"><img decoding=\"async\" loading=\"lazy\" src=\"https:\/\/elcalaixetdelaiaia.es\/wp-content\/uploads\/2015\/05\/IMG_1546.jpg\" width=\"640\" height=\"480\" border=\"0\" \/><\/a><\/div>\n<div style=\"text-align: center;\"><\/div>\n<div style=\"text-align: center;\">estar\u00e1 listo cuando mas o menos tenga \u00e9ste aspecto<\/div>\n<div class=\"separator\" style=\"clear: both; text-align: center;\"><a style=\"margin-left: 1em; margin-right: 1em;\" href=\"http:\/\/3.bp.blogspot.com\/-okckwa6fKlQ\/VTpnBYY2RSI\/AAAAAAAAZqE\/paYb77Tn4OA\/s1600\/IMG_1524.JPG\"><img decoding=\"async\" loading=\"lazy\" src=\"https:\/\/elcalaixetdelaiaia.es\/wp-content\/uploads\/2015\/05\/IMG_1524.jpg\" width=\"640\" height=\"480\" border=\"0\" \/><\/a><\/div>\n<div style=\"text-align: center;\"><\/div>\n<div style=\"text-align: center;\">dejamos enfriar ligeramente y espolvoreamos az\u00facar glas con un colador fino, si lo hac\u00e9is incluso con la tapa perforada que llevan algunos botes, no queda del todo bien<\/div>\n<div class=\"separator\" style=\"clear: both; text-align: center;\"><a style=\"margin-left: 1em; margin-right: 1em;\" href=\"http:\/\/1.bp.blogspot.com\/-RLw8gFRNs28\/VTpm9PYxK6I\/AAAAAAAAZpw\/Om5Xn4kmR04\/s1600\/IMG_1522.JPG\"><img decoding=\"async\" loading=\"lazy\" src=\"https:\/\/elcalaixetdelaiaia.es\/wp-content\/uploads\/2015\/05\/IMG_1522.jpg\" width=\"640\" height=\"480\" border=\"0\" \/><\/a><\/div>\n<div style=\"text-align: center;\"><\/div>\n<div style=\"text-align: center;\">me parece que \u00e9sta&#8230;no llega ni a enfriarse, jajajaja<\/div>\n<div class=\"separator\" style=\"clear: both; text-align: center;\"><a style=\"margin-left: 1em; margin-right: 1em;\" href=\"http:\/\/2.bp.blogspot.com\/-V4mVIHlX5-U\/VTpm8-CuKwI\/AAAAAAAAZps\/tC1gU8WxLug\/s1600\/IMG_1521.JPG\"><img decoding=\"async\" loading=\"lazy\" src=\"https:\/\/elcalaixetdelaiaia.es\/wp-content\/uploads\/2015\/05\/IMG_1521.jpg\" width=\"480\" height=\"640\" border=\"0\" \/><\/a><\/div>\n<div style=\"text-align: center;\"><\/div>\n<div style=\"text-align: center;\">porque tiene una pintaza<\/div>\n<div class=\"separator\" style=\"clear: both; text-align: center;\"><a style=\"margin-left: 1em; margin-right: 1em;\" href=\"http:\/\/1.bp.blogspot.com\/-yih-_4uzKWw\/VTpmK0f6nNI\/AAAAAAAAZpQ\/tJJI8_laSgI\/s1600\/IMG_1722.JPG\"><img decoding=\"async\" loading=\"lazy\" src=\"https:\/\/elcalaixetdelaiaia.es\/wp-content\/uploads\/2015\/05\/IMG_1722.jpg\" width=\"640\" height=\"480\" border=\"0\" \/><\/a><\/div>\n<div style=\"text-align: center;\"><\/div>\n<div style=\"text-align: center;\">que est\u00e1 diciendo&#8230;<\/div>\n<div class=\"separator\" style=\"clear: both; text-align: center;\"><a style=\"margin-left: 1em; margin-right: 1em;\" href=\"http:\/\/2.bp.blogspot.com\/-snEbnUEfKWI\/VTpmM1_anpI\/AAAAAAAAZpc\/24AnYvNxpq0\/s1600\/IMG_1724.JPG\"><img decoding=\"async\" loading=\"lazy\" src=\"https:\/\/elcalaixetdelaiaia.es\/wp-content\/uploads\/2015\/05\/IMG_1724.jpg\" width=\"640\" height=\"480\" border=\"0\" \/><\/a><\/div>\n<div style=\"text-align: center;\"><\/div>\n<div style=\"text-align: center;\">\u00a1comemeeee\u00e9!<\/div>\n<div class=\"separator\" style=\"clear: both; text-align: center;\"><a style=\"margin-left: 1em; margin-right: 1em;\" href=\"http:\/\/4.bp.blogspot.com\/-u40RH7rfk6A\/VTpmMpq9XLI\/AAAAAAAAZpY\/6wOPPhrxLkM\/s1600\/IMG_1723.JPG\"><img decoding=\"async\" loading=\"lazy\" src=\"https:\/\/elcalaixetdelaiaia.es\/wp-content\/uploads\/2015\/05\/IMG_1723.jpg\" width=\"640\" height=\"480\" border=\"0\" \/><\/a><\/div>\n<div style=\"text-align: center;\"><\/div>\n<div style=\"text-align: center;\">as\u00ed que&#8230;.\u00bbA la taula i&#8230;BON PROFIT!!!<\/div>\n<p>Si te gusta \u00e9sta entrada, punt\u00faala con g+1, as\u00ed llegar\u00e1 a mas gente y si quieres compartir el enlace, estupendo. Graciassss. Espero si quieres, tu comentario y te recuerdo que tambien estoy en Facebook <a href=\"https:\/\/www.facebook.com\/El-calaixet-de-la-iaia-533062140099386\/\">https:\/\/www.facebook.com\/El-calaixet-de-la-iaia-533062140099386\/\u00a0<\/a><\/p>\n<\/div>\n","protected":false},"excerpt":{"rendered":"<p>\u00abRefrany; Maig arribat, hivern acabat\u00bb Mayo llegado, invierno terminado.Despues de unos d\u00edas sin publicar a causa de estar \u00abdesaparecidos\u00bb del mundo civilizado y sin internet, aprovecho \u00e9stos d\u00edas de regreso al mundanal ruido para ponerme la pilas, antes de irme de nuevo \ud83d\ude09 Galette con fresones La galette es originaria &hellip; <\/p>\n","protected":false},"author":2,"featured_media":7767,"comment_status":"open","ping_status":"open","sticky":false,"template":"","format":"standard","meta":[],"categories":[6,1],"tags":[],"_links":{"self":[{"href":"https:\/\/elcalaixetdelaiaia.es\/index.php?rest_route=\/wp\/v2\/posts\/614"}],"collection":[{"href":"https:\/\/elcalaixetdelaiaia.es\/index.php?rest_route=\/wp\/v2\/posts"}],"about":[{"href":"https:\/\/elcalaixetdelaiaia.es\/index.php?rest_route=\/wp\/v2\/types\/post"}],"author":[{"embeddable":true,"href":"https:\/\/elcalaixetdelaiaia.es\/index.php?rest_route=\/wp\/v2\/users\/2"}],"replies":[{"embeddable":true,"href":"https:\/\/elcalaixetdelaiaia.es\/index.php?rest_route=%2Fwp%2Fv2%2Fcomments&post=614"}],"version-history":[{"count":2,"href":"https:\/\/elcalaixetdelaiaia.es\/index.php?rest_route=\/wp\/v2\/posts\/614\/revisions"}],"predecessor-version":[{"id":16731,"href":"https:\/\/elcalaixetdelaiaia.es\/index.php?rest_route=\/wp\/v2\/posts\/614\/revisions\/16731"}],"wp:featuredmedia":[{"embeddable":true,"href":"https:\/\/elcalaixetdelaiaia.es\/index.php?rest_route=\/wp\/v2\/media\/7767"}],"wp:attachment":[{"href":"https:\/\/elcalaixetdelaiaia.es\/index.php?rest_route=%2Fwp%2Fv2%2Fmedia&parent=614"}],"wp:term":[{"taxonomy":"category","embeddable":true,"href":"https:\/\/elcalaixetdelaiaia.es\/index.php?rest_route=%2Fwp%2Fv2%2Fcategories&post=614"},{"taxonomy":"post_tag","embeddable":true,"href":"https:\/\/elcalaixetdelaiaia.es\/index.php?rest_route=%2Fwp%2Fv2%2Ftags&post=614"}],"curies":[{"name":"wp","href":"https:\/\/api.w.org\/{rel}","templated":true}]}}