{"id":613,"date":"2015-05-20T20:04:00","date_gmt":"2015-05-20T20:04:00","guid":{"rendered":"http:\/\/elcalaixetdelaiaia.es\/batido-de-fresas-nata-y-leche-paso-paso"},"modified":"2018-04-20T15:28:28","modified_gmt":"2018-04-20T15:28:28","slug":"batido-de-fresas-nata-y-leche-paso-paso","status":"publish","type":"post","link":"https:\/\/elcalaixetdelaiaia.es\/?p=613","title":{"rendered":"Batido de fresas nata y leche paso a paso"},"content":{"rendered":"<p>\u00abRefrany;<br \/>\nLa primavera, la sang altera\u00bb\u00b4<br \/>\nLa primavera la sangre altera.<\/p>\n<p>Merienda especial para celebrar el segundo aniversario del blog.<br \/>\nUn batido de fresas fresquito barato, vitam\u00ednico, sano y muuuy apetecible.<\/p>\n<p>Si tienes unos fresones que ya se est\u00e1n poniendo blanditos y ya no tienen la apariencia tersa y fresca del primer d\u00eda, son los ideales para hacer un delicioso batido.<br \/>\nOs acord\u00e1is que ayer os contaba que compre un kilo de fresones por un euro?<br \/>\n<a href=\"https:\/\/elcalaixetdelaiaia.es\/galette-con-fresones-paso-paso\">https:\/\/elcalaixetdelaiaia.es\/galette-con-fresones-paso-paso<\/a>\u00a0pues me ha cundido much\u00edsimo.<\/p>\n<div class=\"separator\" style=\"clear: both; text-align: center;\"><a style=\"margin-left: 1em; margin-right: 1em;\" href=\"http:\/\/1.bp.blogspot.com\/-ZnQrdqqkLxc\/VTpSadth95I\/AAAAAAAAZhQ\/dhCZDwqWoMU\/s1600\/IMG_1702.JPG\"><img decoding=\"async\" loading=\"lazy\" src=\"https:\/\/elcalaixetdelaiaia.es\/wp-content\/uploads\/2015\/05\/IMG_1702.jpg\" width=\"640\" height=\"480\" border=\"0\" \/><\/a><\/div>\n<p>Con \u00e9stas proporciones te pueden salir dos vasos altos para una complet\u00edsima merienda a d\u00fao, o en copas o vasos bajos, un postre perfecto para cuatro, de cualquier forma riqu\u00edsimo, sencillo y r\u00e1pido.<\/p>\n<p>Necesitaremos;<\/p>\n<div class=\"separator\" style=\"clear: both; text-align: center;\"><a style=\"margin-left: 1em; margin-right: 1em;\" href=\"http:\/\/2.bp.blogspot.com\/-kQXn44kaEUM\/VTpSyBayk4I\/AAAAAAAAZjg\/TWBxjk9cm7o\/s1600\/IMG_1720.JPG\"><img decoding=\"async\" loading=\"lazy\" src=\"https:\/\/elcalaixetdelaiaia.es\/wp-content\/uploads\/2015\/05\/IMG_1720.jpg\" width=\"640\" height=\"480\" border=\"0\" \/><\/a><\/div>\n<ol>\n<li>100 ml. de nata l\u00edquida de cocinar o de montar<\/li>\n<li>200 g de fresones<\/li>\n<li>200 ml de leche<\/li>\n<li>Una cucharada sopera de az\u00facar<\/li>\n<li>Un platito con az\u00facar<\/li>\n<\/ol>\n<div class=\"separator\" style=\"clear: both; text-align: center;\"><a style=\"margin-left: 1em; margin-right: 1em;\" href=\"http:\/\/4.bp.blogspot.com\/-5Tf9BhOZQlc\/VTpUjjMcouI\/AAAAAAAAZjs\/-9NrmNWT_Mg\/s1600\/sin%2Bpeso.jpg\"><img decoding=\"async\" loading=\"lazy\" src=\"https:\/\/elcalaixetdelaiaia.es\/wp-content\/uploads\/2015\/05\/sinpeso.jpg\" width=\"522\" height=\"640\" border=\"0\" \/><\/a><\/div>\n<div><\/div>\n<div>Si estas a dieta, no puedes comer az\u00facar, o prefieres controlar la b\u00e1scula, cambia la nata por leche desnatada y el az\u00facar por Tagatesse, as\u00ed se lo hac\u00eda a mi mami que era diab\u00e9tica \ud83d\ude42<\/div>\n<div style=\"text-align: center;\"><\/div>\n<div style=\"text-align: center;\">Comenzaremos pesando los fresones, aunque no hace falta que sea un peso exacto, necesitaremos unos 200g<\/div>\n<div><\/div>\n<div class=\"separator\" style=\"clear: both; text-align: center;\"><a style=\"margin-left: 1em; margin-right: 1em;\" href=\"http:\/\/1.bp.blogspot.com\/-4rVOKDrhSL4\/VTpSSYlTw_I\/AAAAAAAAZgk\/wIcl-sABVGM\/s1600\/IMG_1563.JPG\"><img decoding=\"async\" loading=\"lazy\" src=\"https:\/\/elcalaixetdelaiaia.es\/wp-content\/uploads\/2015\/05\/IMG_1563.jpg\" width=\"640\" height=\"480\" border=\"0\" \/><\/a><\/div>\n<div style=\"text-align: center;\"><\/div>\n<div style=\"text-align: center;\">a continuaci\u00f3n lavaremos los fresones, bajo el chorro del agua (nunca a remojo) sin quitarles los rabitos, corolas o ped\u00edculos por dos motivos, uno es porque si lo hacemos antes de enjuagar, se pueden contaminar con la suciedad que traen de la tierra, y otra,porque al entrar agua dentro, se nos humedecer\u00e1n y se estropean. Los pondremos a remojo con unas gotitas de vinagre con el fin de eliminar los productos qu\u00edmicos que puedan haberle a\u00f1adido en el cultivo, volveremos a enjuagary ya podemos quitar los ped\u00fanculos<\/div>\n<div>\n<div class=\"separator\" style=\"clear: both; text-align: center;\"><a style=\"margin-left: 1em; margin-right: 1em;\" href=\"http:\/\/2.bp.blogspot.com\/-iq-9fbzpFqI\/VTpSwW4xiPI\/AAAAAAAAZjU\/mPe2umEzOvI\/s1600\/IMG_1719.JPG\"><img decoding=\"async\" loading=\"lazy\" src=\"https:\/\/elcalaixetdelaiaia.es\/wp-content\/uploads\/2015\/05\/IMG_1719.jpg\" width=\"640\" height=\"480\" border=\"0\" \/><\/a><\/div>\n<div style=\"text-align: center;\"><\/div>\n<div style=\"text-align: center;\">quitamos las corolas, los troceamos y los aderezamos con una cucharada de az\u00facar o de Tagatese<\/div>\n<div><\/div>\n<div class=\"separator\" style=\"clear: both; text-align: center;\"><a style=\"margin-left: 1em; margin-right: 1em;\" href=\"http:\/\/3.bp.blogspot.com\/-owF-oTArHr0\/VTpSwGNhE-I\/AAAAAAAAZjQ\/z_qUdLqny24\/s1600\/IMG_1718.JPG\"><img decoding=\"async\" loading=\"lazy\" src=\"https:\/\/elcalaixetdelaiaia.es\/wp-content\/uploads\/2015\/05\/IMG_1718.jpg\" width=\"640\" height=\"480\" border=\"0\" \/><\/a><\/div>\n<div style=\"text-align: center;\"><\/div>\n<div style=\"text-align: center;\">los dejamos macerar en el az\u00facar y removemos para que suelten un poco de su jugo, que luego necesitaremos, para decorar el vaso<\/div>\n<div><\/div>\n<div class=\"separator\" style=\"clear: both; text-align: center;\"><a style=\"margin-left: 1em; margin-right: 1em;\" href=\"http:\/\/1.bp.blogspot.com\/-LcNWLcaHvow\/VTpSt7d_UKI\/AAAAAAAAZjA\/7on2Ka1AUOQ\/s1600\/IMG_1717.JPG\"><img decoding=\"async\" loading=\"lazy\" src=\"https:\/\/elcalaixetdelaiaia.es\/wp-content\/uploads\/2015\/05\/IMG_1717.jpg\" width=\"640\" height=\"480\" border=\"0\" \/><\/a><\/div>\n<div style=\"text-align: center;\"><\/div>\n<div style=\"text-align: center;\">volcamos los fresones en el vaso de la batidora dejando el jugo en el cuenco y trituramos<\/div>\n<div><\/div>\n<div class=\"separator\" style=\"clear: both; text-align: center;\"><a style=\"margin-left: 1em; margin-right: 1em;\" href=\"http:\/\/4.bp.blogspot.com\/-5hjuqNf5how\/VTpSttJTErI\/AAAAAAAAZi8\/F392eueeQI4\/s1600\/IMG_1716.JPG\"><img decoding=\"async\" loading=\"lazy\" src=\"https:\/\/elcalaixetdelaiaia.es\/wp-content\/uploads\/2015\/05\/IMG_1716.jpg\" width=\"640\" height=\"480\" border=\"0\" \/><\/a><\/div>\n<div style=\"text-align: center;\"><\/div>\n<div style=\"text-align: center;\">una vez triturados, a\u00f1adimos la nata 100g<\/div>\n<div style=\"text-align: center;\"><a style=\"margin-left: 1em; margin-right: 1em;\" href=\"http:\/\/1.bp.blogspot.com\/-Pi0MxCfTzeY\/VTpStQwqhrI\/AAAAAAAAZi4\/HMaf9jOe_6U\/s1600\/IMG_1715.JPG\"><img decoding=\"async\" loading=\"lazy\" src=\"https:\/\/elcalaixetdelaiaia.es\/wp-content\/uploads\/2015\/05\/IMG_1715.jpg\" width=\"640\" height=\"480\" border=\"0\" \/><\/a><\/div>\n<div style=\"text-align: center;\"><\/div>\n<div style=\"text-align: center;\">y 200ml de leche<\/div>\n<div><\/div>\n<div class=\"separator\" style=\"clear: both; text-align: center;\"><a style=\"margin-left: 1em; margin-right: 1em;\" href=\"http:\/\/1.bp.blogspot.com\/-BdRU86qX0PI\/VTpSp9v_j8I\/AAAAAAAAZis\/6CnuhTYmq8o\/s1600\/IMG_1714.JPG\"><img decoding=\"async\" loading=\"lazy\" src=\"https:\/\/elcalaixetdelaiaia.es\/wp-content\/uploads\/2015\/05\/IMG_1714.jpg\" width=\"640\" height=\"480\" border=\"0\" \/><\/a><\/div>\n<div style=\"text-align: center;\"><\/div>\n<div style=\"text-align: center;\">\u00a0y batimos bi\u00e9n<\/div>\n<div style=\"text-align: center;\"><a style=\"margin-left: 1em; margin-right: 1em;\" href=\"http:\/\/1.bp.blogspot.com\/-jEDTPo7iu6A\/VTpSp1qUhbI\/AAAAAAAAZik\/LO-CZfJmUQA\/s1600\/IMG_1713.JPG\"><img decoding=\"async\" loading=\"lazy\" src=\"https:\/\/elcalaixetdelaiaia.es\/wp-content\/uploads\/2015\/05\/IMG_1713.jpg\" width=\"640\" height=\"480\" border=\"0\" \/><\/a><\/div>\n<div class=\"separator\" style=\"clear: both; text-align: center;\"><\/div>\n<div class=\"separator\" style=\"clear: both; text-align: center;\">preparamos un platito con az\u00facar y lo disponemos junto al cuenco con el jugo<\/div>\n<div><\/div>\n<div class=\"separator\" style=\"clear: both; text-align: center;\"><a style=\"margin-left: 1em; margin-right: 1em;\" href=\"http:\/\/3.bp.blogspot.com\/-veBram7dtAw\/VTpSpEUS0II\/AAAAAAAAZig\/Nr7oNlrJIao\/s1600\/IMG_1712.JPG\"><img decoding=\"async\" loading=\"lazy\" src=\"https:\/\/elcalaixetdelaiaia.es\/wp-content\/uploads\/2015\/05\/IMG_1712.jpg\" width=\"640\" height=\"480\" border=\"0\" \/><\/a><\/div>\n<div class=\"separator\" style=\"clear: both; text-align: center;\"><\/div>\n<div class=\"separator\" style=\"clear: both; text-align: center;\">pasamos el borde del vaso por el jugo del fres\u00f3n<\/div>\n<div><\/div>\n<div class=\"separator\" style=\"clear: both; text-align: center;\"><a style=\"margin-left: 1em; margin-right: 1em;\" href=\"http:\/\/2.bp.blogspot.com\/-o5o7ZUp4KOQ\/VTpSlssrB5I\/AAAAAAAAZiQ\/JRvjAE-jG3g\/s1600\/IMG_1711.JPG\"><img decoding=\"async\" loading=\"lazy\" src=\"https:\/\/elcalaixetdelaiaia.es\/wp-content\/uploads\/2015\/05\/IMG_1711.jpg\" width=\"640\" height=\"480\" border=\"0\" \/><\/a><\/div>\n<div class=\"separator\" style=\"clear: both; text-align: center;\"><\/div>\n<div class=\"separator\" style=\"clear: both; text-align: center;\">y en seguida por el plato del az\u00facar y hacemos movimientos circulares, para que se impregne el borde<\/div>\n<div><\/div>\n<div class=\"separator\" style=\"clear: both; text-align: center;\"><a style=\"margin-left: 1em; margin-right: 1em;\" href=\"http:\/\/3.bp.blogspot.com\/-LR22BLmtWfc\/VTpSltwSzpI\/AAAAAAAAZiM\/BO9EdgG6NdI\/s1600\/IMG_1710.JPG\"><img decoding=\"async\" loading=\"lazy\" src=\"https:\/\/elcalaixetdelaiaia.es\/wp-content\/uploads\/2015\/05\/IMG_1710.jpg\" width=\"640\" height=\"480\" border=\"0\" \/><\/a><\/div>\n<div class=\"separator\" style=\"clear: both; text-align: center;\"><\/div>\n<div class=\"separator\" style=\"clear: both; text-align: center;\">que nos quedar\u00e1 as\u00ed<\/div>\n<div><\/div>\n<div class=\"separator\" style=\"clear: both; text-align: center;\"><a style=\"margin-left: 1em; margin-right: 1em;\" href=\"http:\/\/2.bp.blogspot.com\/-6B8Ir5EC7Ig\/VTpSlX1RMBI\/AAAAAAAAZiI\/5CWri9tSpvk\/s1600\/IMG_1709.JPG\"><img decoding=\"async\" loading=\"lazy\" src=\"https:\/\/elcalaixetdelaiaia.es\/wp-content\/uploads\/2015\/05\/IMG_1709.jpg\" width=\"640\" height=\"480\" border=\"0\" \/><\/a><\/div>\n<div class=\"separator\" style=\"clear: both; text-align: center;\"><\/div>\n<div class=\"separator\" style=\"clear: both; text-align: center;\">incorporamos el jugo sobrante a la mezcla que aqu\u00ed no se desperdicia nada<\/div>\n<div><\/div>\n<div class=\"separator\" style=\"clear: both; text-align: center;\"><a style=\"margin-left: 1em; margin-right: 1em;\" href=\"http:\/\/4.bp.blogspot.com\/-IwhHhb8G39U\/VTpSiWUrBWI\/AAAAAAAAZh8\/AK73wkxFcIA\/s1600\/IMG_1708.JPG\"><img decoding=\"async\" loading=\"lazy\" src=\"https:\/\/elcalaixetdelaiaia.es\/wp-content\/uploads\/2015\/05\/IMG_1708.jpg\" width=\"640\" height=\"480\" border=\"0\" \/><\/a><\/div>\n<div class=\"separator\" style=\"clear: both; text-align: center;\"><\/div>\n<div class=\"separator\" style=\"clear: both; text-align: center;\">y repartimos en dos vasos altos o cuatro copas bajitas<\/div>\n<div><\/div>\n<div class=\"separator\" style=\"clear: both; text-align: center;\"><a style=\"margin-left: 1em; margin-right: 1em;\" href=\"http:\/\/3.bp.blogspot.com\/-dqxlGaySlFI\/VTpSXdzs0pI\/AAAAAAAAZg4\/UsDWxzNFjIs\/s1600\/IMG_1699.JPG\"><img decoding=\"async\" loading=\"lazy\" src=\"https:\/\/elcalaixetdelaiaia.es\/wp-content\/uploads\/2015\/05\/IMG_1699.jpg\" width=\"640\" height=\"480\" border=\"0\" \/><\/a><\/div>\n<div class=\"separator\" style=\"clear: both; text-align: center;\"><\/div>\n<div class=\"separator\" style=\"clear: both; text-align: center;\">dejamos una media horita en el congelador<\/div>\n<div><\/div>\n<div class=\"separator\" style=\"clear: both; text-align: center;\"><a style=\"margin-left: 1em; margin-right: 1em;\" href=\"http:\/\/2.bp.blogspot.com\/-AaBNrsp_8xE\/VTpSekAHpPI\/AAAAAAAAZho\/2wfV0OtdQf0\/s1600\/IMG_1705.JPG\"><img decoding=\"async\" loading=\"lazy\" src=\"https:\/\/elcalaixetdelaiaia.es\/wp-content\/uploads\/2015\/05\/IMG_1705.jpg\" width=\"640\" height=\"480\" border=\"0\" \/><\/a><\/div>\n<div class=\"separator\" style=\"clear: both; text-align: center;\"><\/div>\n<div class=\"separator\" style=\"clear: both; text-align: center;\">y \u00a0\u00a1listo!<\/div>\n<div><\/div>\n<div class=\"separator\" style=\"clear: both; text-align: center;\"><a style=\"margin-left: 1em; margin-right: 1em;\" href=\"http:\/\/2.bp.blogspot.com\/-1XQgHllFgTQ\/VTpSY0wuiJI\/AAAAAAAAZhE\/KxrVk3eOXW4\/s1600\/IMG_1701.JPG\"><img decoding=\"async\" loading=\"lazy\" src=\"https:\/\/elcalaixetdelaiaia.es\/wp-content\/uploads\/2015\/05\/IMG_1701.jpg\" width=\"640\" height=\"498\" border=\"0\" \/><\/a><\/div>\n<div class=\"separator\" style=\"clear: both; text-align: center;\"><\/div>\n<div class=\"separator\" style=\"clear: both; text-align: center;\">tenemos un postre genial<\/div>\n<div><\/div>\n<div class=\"separator\" style=\"clear: both; text-align: center;\"><a style=\"margin-left: 1em; margin-right: 1em;\" href=\"http:\/\/1.bp.blogspot.com\/-ZnQrdqqkLxc\/VTpSadth95I\/AAAAAAAAZhQ\/dhCZDwqWoMU\/s1600\/IMG_1702.JPG\"><img decoding=\"async\" loading=\"lazy\" src=\"https:\/\/elcalaixetdelaiaia.es\/wp-content\/uploads\/2015\/05\/IMG_1702.jpg\" width=\"640\" height=\"480\" border=\"0\" \/><\/a><\/div>\n<div class=\"separator\" style=\"clear: both; text-align: center;\"><\/div>\n<div class=\"separator\" style=\"clear: both; text-align: center;\">o una merienda fant\u00e1stica para dos&#8230;.<\/div>\n<div><\/div>\n<div class=\"separator\" style=\"clear: both; text-align: center;\"><a style=\"margin-left: 1em; margin-right: 1em;\" href=\"http:\/\/4.bp.blogspot.com\/-FZagMBa5EAg\/VTpSdt1-aeI\/AAAAAAAAZhc\/jTyTP1hiBBo\/s1600\/IMG_1704.JPG\"><img decoding=\"async\" loading=\"lazy\" src=\"https:\/\/elcalaixetdelaiaia.es\/wp-content\/uploads\/2015\/05\/IMG_1704.jpg\" width=\"640\" height=\"480\" border=\"0\" \/><\/a><\/div>\n<div class=\"separator\" style=\"clear: both; text-align: center;\"><\/div>\n<div class=\"separator\" style=\"clear: both; text-align: center;\">\u00aba la taula i&#8230;&#8230;BON PROFIT!!!\u00bb<\/div>\n<p>Si te gusta \u00e9sta entrada, punt\u00faala con g+1, as\u00ed llegar\u00e1 a mas gente y si quieres compartir el enlace, estupendo. Graciassss y te recuerdo que tambien estoy en Facebook <a href=\"https:\/\/www.facebook.com\/El-calaixet-de-la-iaia-533062140099386\/\">https:\/\/www.facebook.com\/El-calaixet-de-la-iaia-533062140099386\/\u00a0<\/a><\/p>\n<\/div>\n","protected":false},"excerpt":{"rendered":"<p>\u00abRefrany; La primavera, la sang altera\u00bb\u00b4 La primavera la sangre altera. Merienda especial para celebrar el segundo aniversario del blog. Un batido de fresas fresquito barato, vitam\u00ednico, sano y muuuy apetecible. Si tienes unos fresones que ya se est\u00e1n poniendo blanditos y ya no tienen la apariencia tersa y fresca &hellip; <\/p>\n","protected":false},"author":2,"featured_media":7764,"comment_status":"open","ping_status":"open","sticky":false,"template":"","format":"standard","meta":[],"categories":[7,46,1],"tags":[],"_links":{"self":[{"href":"https:\/\/elcalaixetdelaiaia.es\/index.php?rest_route=\/wp\/v2\/posts\/613"}],"collection":[{"href":"https:\/\/elcalaixetdelaiaia.es\/index.php?rest_route=\/wp\/v2\/posts"}],"about":[{"href":"https:\/\/elcalaixetdelaiaia.es\/index.php?rest_route=\/wp\/v2\/types\/post"}],"author":[{"embeddable":true,"href":"https:\/\/elcalaixetdelaiaia.es\/index.php?rest_route=\/wp\/v2\/users\/2"}],"replies":[{"embeddable":true,"href":"https:\/\/elcalaixetdelaiaia.es\/index.php?rest_route=%2Fwp%2Fv2%2Fcomments&post=613"}],"version-history":[{"count":6,"href":"https:\/\/elcalaixetdelaiaia.es\/index.php?rest_route=\/wp\/v2\/posts\/613\/revisions"}],"predecessor-version":[{"id":16784,"href":"https:\/\/elcalaixetdelaiaia.es\/index.php?rest_route=\/wp\/v2\/posts\/613\/revisions\/16784"}],"wp:featuredmedia":[{"embeddable":true,"href":"https:\/\/elcalaixetdelaiaia.es\/index.php?rest_route=\/wp\/v2\/media\/7764"}],"wp:attachment":[{"href":"https:\/\/elcalaixetdelaiaia.es\/index.php?rest_route=%2Fwp%2Fv2%2Fmedia&parent=613"}],"wp:term":[{"taxonomy":"category","embeddable":true,"href":"https:\/\/elcalaixetdelaiaia.es\/index.php?rest_route=%2Fwp%2Fv2%2Fcategories&post=613"},{"taxonomy":"post_tag","embeddable":true,"href":"https:\/\/elcalaixetdelaiaia.es\/index.php?rest_route=%2Fwp%2Fv2%2Ftags&post=613"}],"curies":[{"name":"wp","href":"https:\/\/api.w.org\/{rel}","templated":true}]}}