{"id":612,"date":"2015-05-27T08:06:00","date_gmt":"2015-05-27T08:06:00","guid":{"rendered":"http:\/\/elcalaixetdelaiaia.es\/ternera-en-salsa-con-colmenillas-paso"},"modified":"2024-04-19T07:36:32","modified_gmt":"2024-04-19T07:36:32","slug":"ternera-en-salsa-con-colmenillas-paso","status":"publish","type":"post","link":"https:\/\/elcalaixetdelaiaia.es\/?p=612","title":{"rendered":"Ternera Valle en salsa con colmenillas paso a paso"},"content":{"rendered":"<p>Refrany;L&#8217; aigua de Maig fa cr\u00e9ixer el cabell un raig\u00bb. El agua de Mayo hace crecer el cabello un rayo.<\/p>\n<div>Hemos llegado \u00a0al pueblo y tras un peque\u00f1o paseo por el bosque hemos recogido alguna celdilla, (colmenilla o cagarria)<\/div>\n<div>\n<div class=\"separator\" style=\"clear: both; text-align: center;\"><a style=\"margin-left: 1em; margin-right: 1em;\" href=\"http:\/\/4.bp.blogspot.com\/-77vvVJufpQ4\/VWTp-xN-JKI\/AAAAAAAAajo\/lcENV2bW0pM\/s1600\/SAM_0974.JPG\"><img decoding=\"async\" loading=\"lazy\" src=\"https:\/\/elcalaixetdelaiaia.es\/wp-content\/uploads\/2015\/05\/SAM_0974.jpg\" width=\"640\" height=\"480\" border=\"0\" \/><\/a><\/div>\n<p>y un par de \u00a0perrechicos, as\u00ed que como me hab\u00eda tra\u00eddo unos trozos de ternera, hoy guisadito de ternera en salsa con colmenillas y la muestra de senderuelas \ud83d\ude09<\/p>\n<p><img decoding=\"async\" loading=\"lazy\" class=\"size-large wp-image-16972 aligncenter\" src=\"https:\/\/elcalaixetdelaiaia.es\/wp-content\/uploads\/2018\/05\/Jeroicagarria-2-1024x751.jpg\" alt=\"\" width=\"750\" height=\"550\" srcset=\"https:\/\/elcalaixetdelaiaia.es\/wp-content\/uploads\/2018\/05\/Jeroicagarria-2-1024x751.jpg 1024w, https:\/\/elcalaixetdelaiaia.es\/wp-content\/uploads\/2018\/05\/Jeroicagarria-2-300x220.jpg 300w, https:\/\/elcalaixetdelaiaia.es\/wp-content\/uploads\/2018\/05\/Jeroicagarria-2-768x563.jpg 768w\" sizes=\"(max-width: 750px) 100vw, 750px\" \/><\/p>\n<p>Mi chico, es un experto mic\u00f3logo y tiene un radar para encontrarlas, cuando todos dicen que no encuentran, \u00e9l se cri\u00f3 en los Montes Universales y es un apasionado de la naturaleza.<br \/>\nAqu\u00ed ten\u00e9is un poco de informaci\u00f3n sobre las celdillas y otra idea para prepararlas <a href=\"https:\/\/elcalaixetdelaiaia.es\/?p=369\">https:\/\/elcalaixetdelaiaia.es\/?p=369<\/a>\u00a0 Hago incidencia en que\u00a0 es importante destacar que este tipo de seta <strong>JAMAS SE HA DE COMER CRUDA, <\/strong>ya que puede resultar t\u00f3xica, de hecho hay quien recomienda escaldarla antes de cocinarla, yo os puedo decir, que jam\u00e1s las he escaldado y nadie de mi familia ni conocidos, ha tenido jam\u00e1s ning\u00fan problema con ellas, eso si, <strong>cocin\u00e1ndolas bien hechas<\/strong>, que no queden en absoluto crudas, si no todo lo contrario. En caso de que quer\u00e1is quedar absolutamente tranquilos, s\u00f3lo es necesario escaldarlas unos segundos en agua hirviendo, y escurrir. Hoy d\u00eda, est\u00e1 prohibido venderlas sin deshidratar, por lo que s\u00f3lo podr\u00e9is encontrarlas frescas si las cog\u00e9is vosotros mismos del bosque en cuyo caso, os aconsejo escaldarlas previamente. y cocinarlas para que quedan muy bien hechas. En caso de ser deshidratadas, no necesitan el escaldado.<\/p>\n<\/div>\n<div>Para tres comensales necesitaremos;<\/div>\n<div class=\"separator\" style=\"clear: both; text-align: center;\"><\/div>\n<div class=\"separator\" style=\"clear: both; text-align: center;\"><a style=\"margin-left: 1em; margin-right: 1em;\" href=\"http:\/\/2.bp.blogspot.com\/-Z-RuITUZWsQ\/VWMbUM1zvpI\/AAAAAAAAahY\/ot30c1E2A2o\/s1600\/IMG_3107.JPG\"><img decoding=\"async\" loading=\"lazy\" src=\"https:\/\/elcalaixetdelaiaia.es\/wp-content\/uploads\/2015\/05\/IMG_3107.jpg\" width=\"640\" height=\"480\" border=\"0\" \/><\/a><\/div>\n<div>\n<ol>\n<li>750 gr de ternera en dados<\/li>\n<li>Un tomate maduro<\/li>\n<li>Una zanahoria<\/li>\n<li>Unas colmenillas<\/li>\n<li>Una cebolla<\/li>\n<li>Media copa de brandy<\/li>\n<li>Aceite de oliva<\/li>\n<li>Piment\u00f3n de la Vera<\/li>\n<li>Dos cucharadas grandes de harina<\/li>\n<li>Laurel<\/li>\n<li>Agua<\/li>\n<li>Sal<\/li>\n<li>Pimienta<\/li>\n<\/ol>\n<div>Mari Carmen, mi carnicera sabe que me gusta much\u00edsimo el \u00abpeixet\u00bb de la ternera, que es como llamamos los valencianos al rabillo de la cadera.<\/div>\n<div><img decoding=\"async\" loading=\"lazy\" class=\"size-large wp-image-16993 aligncenter\" src=\"https:\/\/elcalaixetdelaiaia.es\/wp-content\/uploads\/2015\/05\/peixethoritzontal-1024x725.jpg\" alt=\"\" width=\"750\" height=\"531\" srcset=\"https:\/\/elcalaixetdelaiaia.es\/wp-content\/uploads\/2015\/05\/peixethoritzontal-1024x725.jpg 1024w, https:\/\/elcalaixetdelaiaia.es\/wp-content\/uploads\/2015\/05\/peixethoritzontal-300x212.jpg 300w, https:\/\/elcalaixetdelaiaia.es\/wp-content\/uploads\/2015\/05\/peixethoritzontal-768x544.jpg 768w\" sizes=\"(max-width: 750px) 100vw, 750px\" \/><\/div>\n<div><\/div>\n<div>Es una carne excelente para cocinar por su melosidad, tendreza y sabor. As\u00ed que en cuanto me ve frente al mostrador y tiene \u00abpeixet\u00bb, ya est\u00e1 cort\u00e1ndolo en dados porque sabe que me lo llevo, siempre la pieza entera, porque incluso sale tiern\u00edsima para el \u00abputxero\u00bb y mis nietas, se pirran por \u00e9sta carne, como todos los de casa.<a style=\"margin-left: 1em; margin-right: 1em;\" href=\"http:\/\/2.bp.blogspot.com\/-uR1wz85TrgA\/VWMbTfhopyI\/AAAAAAAAahU\/-UYa_ZFofCA\/s1600\/IMG_3108.JPG\"><img decoding=\"async\" loading=\"lazy\" class=\"aligncenter\" src=\"https:\/\/elcalaixetdelaiaia.es\/wp-content\/uploads\/2015\/05\/IMG_3108.jpg\" width=\"640\" height=\"480\" border=\"0\" \/><\/a><\/div>\n<div class=\"separator\" style=\"clear: both; text-align: center;\">Comenzaremos salpimentando la carne y poniendo en un bolsa de congelaci\u00f3n las dos cucharadas grandes de harina, introduciremos la carne cerraremos la bolsa y menearemos cual maracas de Mach\u00edn<\/div>\n<div><\/div>\n<div class=\"separator\" style=\"clear: both; text-align: center;\"><a style=\"margin-left: 1em; margin-right: 1em;\" href=\"http:\/\/2.bp.blogspot.com\/-DYqmvtz-MBw\/VWMbP2qp-PI\/AAAAAAAAahM\/XUfrPp2nBEg\/s1600\/IMG_3109.JPG\"><img decoding=\"async\" loading=\"lazy\" src=\"https:\/\/elcalaixetdelaiaia.es\/wp-content\/uploads\/2015\/05\/IMG_3109.jpg\" width=\"640\" height=\"480\" border=\"0\" \/><\/a><\/div>\n<div style=\"text-align: center;\">\u00a0en un plis plas, sin ensuciar nada tendremos rebozado de harina nuestro \u00abpeixet\u00bb<\/div>\n<div class=\"separator\" style=\"clear: both; text-align: center;\"><a style=\"margin-left: 1em; margin-right: 1em;\" href=\"http:\/\/1.bp.blogspot.com\/-iVIbyMhy3m8\/VWMdIvKLxlI\/AAAAAAAAaho\/tS4XRXVXZqk\/s1600\/IMG_3110.JPG\"><img decoding=\"async\" loading=\"lazy\" src=\"https:\/\/elcalaixetdelaiaia.es\/wp-content\/uploads\/2015\/05\/IMG_3110.jpg\" width=\"640\" height=\"480\" border=\"0\" \/><\/a><\/div>\n<div style=\"text-align: center;\">Pondremos a calentar el aceite de oliva<\/div>\n<div class=\"separator\" style=\"clear: both; text-align: center;\"><a style=\"margin-left: 1em; margin-right: 1em;\" href=\"http:\/\/2.bp.blogspot.com\/-xLiOPR3dq94\/VWMdPUMjxNI\/AAAAAAAAahw\/W2QbigCXQXM\/s1600\/IMG_3111.JPG\"><img decoding=\"async\" loading=\"lazy\" src=\"https:\/\/elcalaixetdelaiaia.es\/wp-content\/uploads\/2015\/05\/IMG_3111.jpg\" width=\"640\" height=\"486\" border=\"0\" \/><\/a><\/div>\n<div style=\"text-align: center;\">\n<p>y echaremos sal sobre el mismo para intentar evitar las salpicaduras, al menos, disminuirlas \ud83d\ude09<a style=\"margin-left: 1em; margin-right: 1em;\" href=\"https:\/\/lh3.googleusercontent.com\/-4svHnYw6Yj4\/VWW0rS_t1TI\/AAAAAAAAanM\/-bA81-hwXZM\/s640\/blogger-image-993480658.jpg\"><img decoding=\"async\" loading=\"lazy\" src=\"https:\/\/lh3.googleusercontent.com\/-4svHnYw6Yj4\/VWW0rS_t1TI\/AAAAAAAAanM\/-bA81-hwXZM\/s640\/blogger-image-993480658.jpg\" width=\"640\" height=\"480\" border=\"0\" \/><\/a><\/p>\n<div class=\"separator\" style=\"clear: both;\">sellamos la carne y reservamos.<\/div>\n<\/div>\n<div class=\"separator\" style=\"clear: both; text-align: center;\"><a style=\"margin-left: 1em; margin-right: 1em;\" href=\"http:\/\/2.bp.blogspot.com\/-2pWDMWBQ-yA\/VWMdYCPn4zI\/AAAAAAAAah4\/qje50G7CiwM\/s1600\/IMG_3112.JPG\"><img decoding=\"async\" loading=\"lazy\" src=\"https:\/\/elcalaixetdelaiaia.es\/wp-content\/uploads\/2015\/05\/IMG_3112.jpg\" width=\"640\" height=\"480\" border=\"0\" \/><\/a><\/div>\n<div>\n<div style=\"text-align: center;\">limpiamos las setas, en caso de que tengan restos de tierra, (que no es habitual) y las troceamos<\/div>\n<div class=\"separator\" style=\"clear: both; text-align: center;\"><a style=\"margin-left: 1em; margin-right: 1em;\" href=\"http:\/\/2.bp.blogspot.com\/-A0oTocXJNig\/VWTrCV_VM_I\/AAAAAAAAakI\/c-u-DCTJaxE\/s1600\/IMG_3114.JPG\"><img decoding=\"async\" loading=\"lazy\" src=\"https:\/\/elcalaixetdelaiaia.es\/wp-content\/uploads\/2015\/05\/IMG_3114.jpg\" width=\"640\" height=\"480\" border=\"0\" \/><\/a><\/div>\n<div style=\"text-align: center;\">en el aceite de sellar la carne, pocharemos la cebolla pelada y rallada junto a dos hojitas de laurel enjuagadas<\/div>\n<div class=\"separator\" style=\"clear: both; text-align: center;\"><a style=\"margin-left: 1em; margin-right: 1em;\" href=\"http:\/\/2.bp.blogspot.com\/-VL_9hXMjCC4\/VWTrCTX7wxI\/AAAAAAAAakA\/HAmJb4Nh-HQ\/s1600\/IMG_3115.JPG\"><img decoding=\"async\" loading=\"lazy\" src=\"https:\/\/elcalaixetdelaiaia.es\/wp-content\/uploads\/2015\/05\/IMG_3115.jpg\" width=\"640\" height=\"480\" border=\"0\" \/><\/a><\/div>\n<p style=\"text-align: center;\">\u00a0una vez pochada la cebolla incorporamos el tomate rallado y fre\u00edmos<a style=\"margin-left: 1em; margin-right: 1em;\" href=\"http:\/\/1.bp.blogspot.com\/-KGasrOnMqXM\/VWTrCtchAjI\/AAAAAAAAakE\/GD4y6molcoY\/s1600\/IMG_3116.JPG\"><img decoding=\"async\" loading=\"lazy\" src=\"https:\/\/elcalaixetdelaiaia.es\/wp-content\/uploads\/2015\/05\/IMG_3116.jpg\" width=\"640\" height=\"480\" border=\"0\" \/><\/a><\/p>\n<div style=\"text-align: center;\">a\u00f1adimos la zanahoria cortada en daditos<\/div>\n<div class=\"separator\" style=\"clear: both; text-align: center;\"><a style=\"margin-left: 1em; margin-right: 1em;\" href=\"http:\/\/4.bp.blogspot.com\/-cFN9pQwhnug\/VWTrDal6NpI\/AAAAAAAAakU\/MTN3uGFwyRg\/s1600\/IMG_3117.JPG\"><img decoding=\"async\" loading=\"lazy\" src=\"https:\/\/elcalaixetdelaiaia.es\/wp-content\/uploads\/2015\/05\/IMG_3117.jpg\" width=\"640\" height=\"480\" border=\"0\" \/><\/a><\/div>\n<div style=\"text-align: center;\">y la carne que ten\u00edamos reservada<\/div>\n<div class=\"separator\" style=\"clear: both; text-align: center;\"><a style=\"margin-left: 1em; margin-right: 1em;\" href=\"http:\/\/4.bp.blogspot.com\/-VosbT8LUuDM\/VWTrDhzSr-I\/AAAAAAAAaks\/duVipvWIbew\/s1600\/IMG_3118.JPG\"><img decoding=\"async\" loading=\"lazy\" src=\"https:\/\/elcalaixetdelaiaia.es\/wp-content\/uploads\/2015\/05\/IMG_3118.jpg\" width=\"640\" height=\"480\" border=\"0\" \/><\/a><\/div>\n<p style=\"text-align: center;\">\u00a0A\u00f1adimos las setas<\/p>\n<div class=\"separator\" style=\"clear: both; text-align: center;\"><a style=\"margin-left: 1em; margin-right: 1em;\" href=\"http:\/\/3.bp.blogspot.com\/-e_9VeeJSFHw\/VWTrEdWpgZI\/AAAAAAAAakk\/wgXVoJky8GI\/s1600\/IMG_3120.JPG\"><img decoding=\"async\" loading=\"lazy\" src=\"https:\/\/elcalaixetdelaiaia.es\/wp-content\/uploads\/2015\/05\/IMG_3120.jpg\" width=\"640\" height=\"480\" border=\"0\" \/><\/a><\/div>\n<p style=\"text-align: center;\">\u00a0el piment\u00f3n de la Vera (como no)<\/p>\n<div class=\"separator\" style=\"clear: both; text-align: center;\"><a style=\"margin-left: 1em; margin-right: 1em;\" href=\"http:\/\/3.bp.blogspot.com\/-1im4ptMBGY8\/VWTrEwXoeqI\/AAAAAAAAak8\/WSnhTc7AI-w\/s1600\/IMG_3121.JPG\"><img decoding=\"async\" loading=\"lazy\" src=\"https:\/\/elcalaixetdelaiaia.es\/wp-content\/uploads\/2015\/05\/IMG_3121.jpg\" width=\"640\" height=\"480\" border=\"0\" \/><\/a><\/div>\n<div style=\"text-align: center;\">e inmediatamente, para que no se queme el piment\u00f3n, incorporaremos media copita de brandy<\/div>\n<div class=\"separator\" style=\"clear: both; text-align: center;\"><a style=\"margin-left: 1em; margin-right: 1em;\" href=\"http:\/\/2.bp.blogspot.com\/-lCkZiqYGvmA\/VWTrFGkm2II\/AAAAAAAAakw\/biMQcboNPDE\/s1600\/IMG_3122.JPG\"><img decoding=\"async\" loading=\"lazy\" src=\"https:\/\/elcalaixetdelaiaia.es\/wp-content\/uploads\/2015\/05\/IMG_3122.jpg\" width=\"640\" height=\"480\" border=\"0\" \/><\/a><\/div>\n<div style=\"text-align: center;\">\n<p>y medio litro de agua<\/p>\n<div class=\"separator\" style=\"clear: both; text-align: center;\"><a style=\"margin-left: 1em; margin-right: 1em;\" href=\"http:\/\/1.bp.blogspot.com\/-QU5bblf3rvs\/VWV47Gc_IlI\/AAAAAAAAalg\/JurJsN1Gu3I\/s1600\/IMG_3251.JPG\"><img decoding=\"async\" loading=\"lazy\" src=\"https:\/\/elcalaixetdelaiaia.es\/wp-content\/uploads\/2015\/05\/IMG_3251.jpg\" width=\"640\" height=\"480\" border=\"0\" \/><\/a><\/div>\n<div class=\"separator\" style=\"clear: both; text-align: center;\">\u00a0Tapamos la cazuela y dejaremos a fuego medio durante unos 45 min. Hay que tener en cuenta que yo he cocinado una carne tierna, muy muy tierna, si la tuya no lo es tanto, necesitar\u00e1 mas tiempo, y mas agua o cocinarla en olla r\u00e1pida.<\/div>\n<\/div>\n<div class=\"separator\" style=\"clear: both; text-align: center;\"><a style=\"margin-left: 1em; margin-right: 1em;\" href=\"http:\/\/4.bp.blogspot.com\/--ITrpRRCgfA\/VWTrD_cm8VI\/AAAAAAAAakc\/Nhl2ewGiQJQ\/s1600\/IMG_3119.JPG\"><img decoding=\"async\" loading=\"lazy\" src=\"https:\/\/elcalaixetdelaiaia.es\/wp-content\/uploads\/2015\/05\/IMG_3119.jpg\" width=\"640\" height=\"480\" border=\"0\" \/><\/a><\/div>\n<div style=\"text-align: center;\">Pasado \u00e9ste tiempo paramos el fuego y dejamos reposar.<\/div>\n<div style=\"text-align: center;\">\n<div class=\"separator\" style=\"clear: both; text-align: center;\"><a style=\"margin-left: 1em; margin-right: 1em;\" href=\"http:\/\/2.bp.blogspot.com\/-V3vzPnCwlPk\/VWV47STSxTI\/AAAAAAAAalo\/M_XTffOkrYs\/s1600\/IMG_3252.JPG\"><img decoding=\"async\" loading=\"lazy\" src=\"https:\/\/elcalaixetdelaiaia.es\/wp-content\/uploads\/2015\/05\/IMG_3252.jpg\" width=\"640\" height=\"480\" border=\"0\" \/><\/a><\/div>\n<p>Recordad que los guisaditos, ganan mucho con el reposo.<\/p>\n<div class=\"separator\" style=\"clear: both; text-align: center;\"><a style=\"margin-left: 1em; margin-right: 1em;\" href=\"http:\/\/2.bp.blogspot.com\/-fGVNwTux9nU\/VWV489FUbuI\/AAAAAAAAal4\/6UvlnAgRcX4\/s1600\/IMG_3254.JPG\"><img decoding=\"async\" loading=\"lazy\" src=\"https:\/\/elcalaixetdelaiaia.es\/wp-content\/uploads\/2015\/05\/IMG_3254.jpg\" width=\"640\" height=\"480\" border=\"0\" \/><\/a><\/div>\n<p>Emplatamos, y nos proveemos de pan<\/p>\n<div class=\"separator\" style=\"clear: both; text-align: center;\"><a style=\"margin-left: 1em; margin-right: 1em;\" href=\"http:\/\/2.bp.blogspot.com\/-0befEKYWbnE\/VWV4-AsRveI\/AAAAAAAAamI\/kYVZOLSU07g\/s1600\/IMG_3257.JPG\"><img decoding=\"async\" loading=\"lazy\" src=\"https:\/\/elcalaixetdelaiaia.es\/wp-content\/uploads\/2015\/05\/IMG_3257.jpg\" width=\"640\" height=\"480\" border=\"0\" \/><\/a><\/div>\n<p>porque la salsita est\u00e1 de &#8230;\u00bbtoma pan y moja&#8230; mmmm\u00bb<\/p>\n<div class=\"separator\" style=\"clear: both; text-align: center;\"><a style=\"margin-left: 1em; margin-right: 1em;\" href=\"http:\/\/2.bp.blogspot.com\/-7yBVk2cXf6s\/VWV49x9_pLI\/AAAAAAAAamA\/7H2Gp-gpC-0\/s1600\/IMG_3256.JPG\"><img decoding=\"async\" loading=\"lazy\" src=\"https:\/\/elcalaixetdelaiaia.es\/wp-content\/uploads\/2015\/05\/IMG_3256.jpg\" width=\"640\" height=\"480\" border=\"0\" \/><\/a><\/div>\n<p>incluso riqu\u00edsimo de un d\u00eda para otro.<\/p>\n<div class=\"separator\" style=\"clear: both; text-align: center;\"><a style=\"margin-left: 1em; margin-right: 1em;\" href=\"http:\/\/4.bp.blogspot.com\/-f6rRRGBJ1kU\/VWV47YP44xI\/AAAAAAAAalk\/QjILZmwEyGQ\/s1600\/IMG_3253.JPG\"><img decoding=\"async\" loading=\"lazy\" src=\"https:\/\/elcalaixetdelaiaia.es\/wp-content\/uploads\/2015\/05\/IMG_3253.jpg\" width=\"640\" height=\"504\" border=\"0\" \/><\/a><\/div>\n<p>\u00abA la taula i&#8230;bon profit!!!\u00bb. <span data-blogger-escaped-style=\"font-family: &quot;helvetica neue&quot; , &quot;arial&quot; , &quot;helvetica&quot; , sans-serif;\">Si os gusta mi receta, pod\u00e9is compartirla para que llegue a m\u00e1s gente.Espero vuestro comentarios que para mi son MUY importantes y recordad que tambi\u00e9n estoy en Facebook <a href=\"https:\/\/www.facebook.com\/El-calaixet-de-la-iaia-533062140099386\/\">https:\/\/www.facebook.com\/El-calaixet-de-la-iaia-533062140099386\/<\/a><\/span><\/p>\n<\/div>\n<\/div>\n<\/div>\n","protected":false},"excerpt":{"rendered":"<p>Refrany;L&#8217; aigua de Maig fa cr\u00e9ixer el cabell un raig\u00bb. El agua de Mayo hace crecer el cabello un rayo. Hemos llegado \u00a0al pueblo y tras un peque\u00f1o paseo por el bosque hemos recogido alguna celdilla, (colmenilla o cagarria) y un par de \u00a0perrechicos, as\u00ed que como me hab\u00eda tra\u00eddo &hellip; <\/p>\n","protected":false},"author":2,"featured_media":16992,"comment_status":"open","ping_status":"open","sticky":false,"template":"","format":"standard","meta":[],"categories":[12,134,1],"tags":[],"_links":{"self":[{"href":"https:\/\/elcalaixetdelaiaia.es\/index.php?rest_route=\/wp\/v2\/posts\/612"}],"collection":[{"href":"https:\/\/elcalaixetdelaiaia.es\/index.php?rest_route=\/wp\/v2\/posts"}],"about":[{"href":"https:\/\/elcalaixetdelaiaia.es\/index.php?rest_route=\/wp\/v2\/types\/post"}],"author":[{"embeddable":true,"href":"https:\/\/elcalaixetdelaiaia.es\/index.php?rest_route=\/wp\/v2\/users\/2"}],"replies":[{"embeddable":true,"href":"https:\/\/elcalaixetdelaiaia.es\/index.php?rest_route=%2Fwp%2Fv2%2Fcomments&post=612"}],"version-history":[{"count":9,"href":"https:\/\/elcalaixetdelaiaia.es\/index.php?rest_route=\/wp\/v2\/posts\/612\/revisions"}],"predecessor-version":[{"id":27569,"href":"https:\/\/elcalaixetdelaiaia.es\/index.php?rest_route=\/wp\/v2\/posts\/612\/revisions\/27569"}],"wp:featuredmedia":[{"embeddable":true,"href":"https:\/\/elcalaixetdelaiaia.es\/index.php?rest_route=\/wp\/v2\/media\/16992"}],"wp:attachment":[{"href":"https:\/\/elcalaixetdelaiaia.es\/index.php?rest_route=%2Fwp%2Fv2%2Fmedia&parent=612"}],"wp:term":[{"taxonomy":"category","embeddable":true,"href":"https:\/\/elcalaixetdelaiaia.es\/index.php?rest_route=%2Fwp%2Fv2%2Fcategories&post=612"},{"taxonomy":"post_tag","embeddable":true,"href":"https:\/\/elcalaixetdelaiaia.es\/index.php?rest_route=%2Fwp%2Fv2%2Ftags&post=612"}],"curies":[{"name":"wp","href":"https:\/\/api.w.org\/{rel}","templated":true}]}}