{"id":61,"date":"2017-10-13T21:54:00","date_gmt":"2017-10-13T21:54:00","guid":{"rendered":"http:\/\/elcalaixetdelaiaia.es\/pollo-al-ajillo-con-almendras-paso-paso"},"modified":"2023-11-10T19:42:26","modified_gmt":"2023-11-10T19:42:26","slug":"pollo-al-ajillo-con-almendras-paso-paso","status":"publish","type":"post","link":"https:\/\/elcalaixetdelaiaia.es\/?p=61","title":{"rendered":"Pollo al ajillo con almendras paso a paso foto a foto"},"content":{"rendered":"<p>\u00abRefrany;<br \/>\nAlls i pebre, vi volen beure\u00bb\u00a0 Ajos y pimienta, vino quieren beber\u00bb<\/p>\n<p>Siempre traduzco los refranes fielmente a las palabras, as\u00ed que la mayor\u00eda de veces, quiz\u00e1s no tienen sentido.<\/p>\n<p>Una receta de pollo al ajillo que igual pod\u00e9is hacer con conejo, porque sale muy rico igualmente y os lo digo con conocimento de causa, porque unas veces lo preparo con conejo y otras con pollo . En cuanto a su elaboraci\u00f3n, es de lo m\u00e1s tradicional y sencilla, una receta de abuela \ud83d\ude42<\/p>\n<p>Ayer me pregunt\u00f3 mi hijo por \u00e9sta receta y vi que no estaba publicada y que la tengo en borrador desde Diciembre de 2014, espero que el pollo no se haya hecho malo&#8230; jajajaja, me r\u00edo de mi misma, porque cada vez estoy mas despistada, no se yo&#8230; com quedar\u00e9m!!!<\/p>\n<p>Bueno, al pollo.<\/p>\n<p>Para dos comensales necesitaremos;<\/p>\n<div class=\"separator\" style=\"clear: both; text-align: center;\"><a style=\"margin-left: 1em; margin-right: 1em;\" href=\"https:\/\/4.bp.blogspot.com\/-RVE2HIv2EBE\/WeEe6M2NM1I\/AAAAAAAAprI\/ZkSTRqS9Aco2T_GFvAuOB1ZJCBrOKfT4ACEwYBhgL\/s1600\/reeta.jpg\"><img decoding=\"async\" loading=\"lazy\" src=\"https:\/\/elcalaixetdelaiaia.es\/wp-content\/uploads\/2017\/10\/reeta.jpg\" width=\"630\" height=\"640\" border=\"0\" data-original-height=\"1552\" data-original-width=\"1528\" \/><\/a><\/div>\n<ol>\n<li>Medio pollo troceado<\/li>\n<li>4 dientes de ajo<\/li>\n<li>250ml vino blanco<\/li>\n<li>Unas almendritas<\/li>\n<li>Tres rodajas de pan<\/li>\n<li>Sal y pimienta<\/li>\n<li>Aceite de oliva<\/li>\n<li>Perejil fresco<\/li>\n<\/ol>\n<div class=\"separator\" style=\"clear: both; text-align: center;\"><a style=\"margin-left: 1em; margin-right: 1em;\" href=\"https:\/\/3.bp.blogspot.com\/-OuIHYolCq00\/WeEdwhxml4I\/AAAAAAAApqw\/big-XMAW6UM4PXlG3riFszJMAPhWbD7zQCEwYBhgL\/s1600\/20141221_092903.jpg\"><img decoding=\"async\" loading=\"lazy\" src=\"https:\/\/elcalaixetdelaiaia.es\/wp-content\/uploads\/2017\/10\/20141221_092903.jpg\" width=\"640\" height=\"384\" border=\"0\" data-original-height=\"961\" data-original-width=\"1600\" \/><\/a><\/div>\n<div style=\"text-align: center;\">Freimos el pan en aceite de oliva sin que se queme.<\/div>\n<div class=\"separator\" style=\"clear: both; text-align: center;\"><a style=\"margin-left: 1em; margin-right: 1em;\" href=\"https:\/\/1.bp.blogspot.com\/-9cXTm-pukd0\/WeEdz8BvdyI\/AAAAAAAApqw\/Z8fvkqB1P44aCQgWYDhW9DsXZnbW797TACEwYBhgL\/s1600\/20141221_093159.jpg\"><img decoding=\"async\" loading=\"lazy\" src=\"https:\/\/elcalaixetdelaiaia.es\/wp-content\/uploads\/2017\/10\/20141221_093159.jpg\" width=\"640\" height=\"384\" border=\"0\" data-original-height=\"961\" data-original-width=\"1600\" \/><\/a><\/div>\n<div style=\"text-align: center;\">\u00a0Hacemos un majado con los ajos limpios, el pan, las almendritas el perejil troceado y sal<\/div>\n<div class=\"separator\" style=\"clear: both; text-align: center;\"><a style=\"margin-left: 1em; margin-right: 1em;\" href=\"https:\/\/3.bp.blogspot.com\/-m2U7zfwHHBI\/WeEdk4K_vBI\/AAAAAAAApqQ\/iqVenhAZWR4KrFc9zKS2Umns764AGdLkwCEwYBhgL\/s1600\/20141221_091924.jpg\"><img decoding=\"async\" loading=\"lazy\" src=\"https:\/\/elcalaixetdelaiaia.es\/wp-content\/uploads\/2017\/10\/20141221_091924.jpg\" width=\"640\" height=\"384\" border=\"0\" data-original-height=\"961\" data-original-width=\"1600\" \/><\/a><\/div>\n<div style=\"text-align: center;\">En el aceite donde fre\u00edmos el pan, doraremos el pollo tras haberlo salpimentado, si hay exceso de aceite, lo retiraremos,\u00a0 ha de quedar un plato con caldito pero no aceitoso<\/div>\n<div class=\"separator\" style=\"clear: both; text-align: center;\"><a style=\"margin-left: 1em; margin-right: 1em;\" href=\"https:\/\/1.bp.blogspot.com\/-0aRxhCE24LA\/WeEd8z7RyqI\/AAAAAAAApqw\/Kb_I_WApP4A6nhRo_jdoJ022jJr4hxDRgCEwYBhgL\/s1600\/20141221_095508.jpg\"><img decoding=\"async\" loading=\"lazy\" src=\"https:\/\/elcalaixetdelaiaia.es\/wp-content\/uploads\/2017\/10\/20141221_095508.jpg\" width=\"640\" height=\"384\" border=\"0\" data-original-height=\"961\" data-original-width=\"1600\" \/><\/a><\/div>\n<div style=\"text-align: center;\">Cuendo est\u00e9 bien rustidito a\u00f1adiremos el majado del mortero<\/div>\n<div class=\"separator\" style=\"clear: both; text-align: center;\"><a style=\"margin-left: 1em; margin-right: 1em;\" href=\"https:\/\/3.bp.blogspot.com\/-RLTGyRCeBro\/WeEeFFrCexI\/AAAAAAAApqw\/WKigKCIKeHkRNXOOlJRJmlJwVeBF9G1pQCEwYBhgL\/s1600\/20141221_095538.jpg\"><img decoding=\"async\" loading=\"lazy\" src=\"https:\/\/elcalaixetdelaiaia.es\/wp-content\/uploads\/2017\/10\/20141221_095538.jpg\" width=\"640\" height=\"384\" border=\"0\" data-original-height=\"961\" data-original-width=\"1600\" \/><\/a><\/div>\n<div style=\"text-align: center;\">\u00a0mmmm \u00a1como hueleeeee!<\/div>\n<div class=\"separator\" style=\"clear: both; text-align: center;\"><a style=\"margin-left: 1em; margin-right: 1em;\" href=\"https:\/\/1.bp.blogspot.com\/-_5eQffjMeQo\/WeEeHhGcBNI\/AAAAAAAApqw\/seY0Y9fQhBEQYjurwJ35WoW64XGfYjYzwCEwYBhgL\/s1600\/20141221_095718.jpg\"><img decoding=\"async\" loading=\"lazy\" src=\"https:\/\/elcalaixetdelaiaia.es\/wp-content\/uploads\/2017\/10\/20141221_095718.jpg\" width=\"640\" height=\"384\" border=\"0\" data-original-height=\"961\" data-original-width=\"1600\" \/><\/a><\/div>\n<div style=\"text-align: center;\">\u00a0Ahora podemos elegir regarlo con 250ml de vino blanco, o en su lugar medio vaso de\u00a0 brandy y medio de agua<\/div>\n<div class=\"separator\" style=\"clear: both; text-align: center;\"><a href=\"https:\/\/1.bp.blogspot.com\/-HMuBmkiWepY\/WeEeM9JugDI\/AAAAAAAApqw\/gz5ZqYR5nCMz2voAIf69w_5CTWxW3E3ZQCEwYBhgL\/s1600\/20141221_103144.jpg\"><img decoding=\"async\" loading=\"lazy\" src=\"https:\/\/elcalaixetdelaiaia.es\/wp-content\/uploads\/2017\/10\/20141221_103144.jpg\" width=\"640\" height=\"384\" border=\"0\" data-original-height=\"961\" data-original-width=\"1600\" \/><\/a><br \/>\ndejamos evaporar el alcohol<\/div>\n<div class=\"separator\" style=\"clear: both; text-align: center;\"><a style=\"margin-left: 1em; margin-right: 1em;\" href=\"https:\/\/2.bp.blogspot.com\/-P_Mr9Ug60SA\/WeEeRs75F8I\/AAAAAAAApqs\/d3xJ_yMDdTAmZ92LJZ8b1rXW5pryDnRoQCEwYBhgL\/s1600\/20141221_103208.jpg\"><img decoding=\"async\" loading=\"lazy\" src=\"https:\/\/elcalaixetdelaiaia.es\/wp-content\/uploads\/2017\/10\/20141221_103208.jpg\" width=\"640\" height=\"384\" border=\"0\" data-original-height=\"961\" data-original-width=\"1600\" \/><\/a><\/div>\n<div style=\"text-align: center;\">bajamos a fuego medio y tapamos la cazuela<br \/>\nhasta que quede tierno el pollo que ser\u00e1n unos 25minutos, aproximadamente.<\/div>\n<div class=\"separator\" style=\"clear: both; text-align: center;\"><a href=\"https:\/\/2.bp.blogspot.com\/-X-6QhPfpcPo\/WeEeqn1FC2I\/AAAAAAAAprI\/37rM11KVMBsgxAq6dIDXbqFzF4bY6CUoQCEwYBhgL\/s1600\/20141221_141405.jpg\"><img decoding=\"async\" loading=\"lazy\" src=\"https:\/\/elcalaixetdelaiaia.es\/wp-content\/uploads\/2017\/10\/20141221_141405.jpg\" width=\"640\" height=\"384\" border=\"0\" data-original-height=\"961\" data-original-width=\"1600\" \/><\/a><\/div>\n<div class=\"separator\" style=\"clear: both; text-align: center;\">Cada 10 minutos damos vuelta a los trozos<br \/>\npara que se hagan bien por todos los lados.<\/div>\n<div class=\"separator\" style=\"clear: both; text-align: center;\"><a style=\"margin-left: 1em; margin-right: 1em;\" href=\"https:\/\/2.bp.blogspot.com\/-pQO9vrVInDM\/WeEedgIm4aI\/AAAAAAAAprI\/NjRh5rhOLdgj_JScvvphtQZdcNti_AYKQCEwYBhgL\/s1600\/20141221_141731.jpg\"><img decoding=\"async\" loading=\"lazy\" src=\"https:\/\/elcalaixetdelaiaia.es\/wp-content\/uploads\/2017\/10\/20141221_141731.jpg\" width=\"640\" height=\"384\" border=\"0\" data-original-height=\"961\" data-original-width=\"1600\" \/><\/a><\/div>\n<div style=\"text-align: center;\">\u00e9ste es del tipo de guisos que ganan con el reposo, y es perfecto para hacerlo con antelaci\u00f3n, luego, un golpe de calor y emplatamos<\/div>\n<div class=\"separator\" style=\"clear: both; text-align: center;\"><a style=\"margin-left: 1em; margin-right: 1em;\" href=\"https:\/\/3.bp.blogspot.com\/-wZHUZDxO5Lw\/WeEeuo8vR4I\/AAAAAAAAprI\/Y2rE6FnlzDYGw-UN72mHWJyLbTuX3r5tACEwYBhgL\/s1600\/20141221_141737.jpg\"><img decoding=\"async\" loading=\"lazy\" src=\"https:\/\/elcalaixetdelaiaia.es\/wp-content\/uploads\/2017\/10\/20141221_141737.jpg\" width=\"640\" height=\"384\" border=\"0\" data-original-height=\"961\" data-original-width=\"1600\" \/><\/a><\/div>\n<div style=\"text-align: center;\">y a comer un plato de toda la vida pero rico ricoooooooo, f\u00e1cil de hacer y barato. Podemos comprar el pollo entero y trocearlo en casa, que suele salir m\u00e1s econ\u00f3mico, en este blog ten\u00e9is un paso a paso detallad\u00edsimo, de c\u00f3mo trocearlo en casa. <a href=\"https:\/\/elcalaixetdelaiaia.es\/2016\/01\/como-trocear-un-pollo-entero-paso-paso\/\">https:\/\/elcalaixetdelaiaia.es\/2016\/01\/como-trocear-un-pollo-entero-paso-paso\/<\/a><\/div>\n<div class=\"separator\" style=\"clear: both; text-align: center;\"><a href=\"https:\/\/3.bp.blogspot.com\/-WvvafYMkgeY\/WeEe14Ik6oI\/AAAAAAAAprI\/wCkZrMcKA3kHsa8m3mjqrluXfuKYLzxNgCEwYBhgL\/s1600\/20141221_141803.jpg\"><img decoding=\"async\" loading=\"lazy\" src=\"https:\/\/elcalaixetdelaiaia.es\/wp-content\/uploads\/2017\/10\/20141221_141803.jpg\" width=\"640\" height=\"384\" border=\"0\" data-original-height=\"961\" data-original-width=\"1600\" \/><\/a><\/div>\n<div style=\"text-align: center;\">\u00a0Lo pod\u00e9is acompa\u00f1ar de una ensalada completa o de unas ricas patatas fritas.<br \/>\nAle, a preparar una buena hogaza de pan, para mojar en el caldito.<\/div>\n<div style=\"text-align: center;\">\u00a0\u00bb A la taula i&#8230; BON PROFIT!!!\u00bb<\/div>\n<p>Espero vuestro comentarios que para mi son MUY importantes y recordad que tambi\u00e9n estoy en Facebook <a href=\"https:\/\/www.facebook.com\/El-calaixet-de-la-iaia-533062140099386\/\">https:\/\/www.facebook.com\/El-calaixet-de-la-iaia-533062140099386\/<\/a><\/p>\n","protected":false},"excerpt":{"rendered":"<p>\u00abRefrany; Alls i pebre, vi volen beure\u00bb\u00a0 Ajos y pimienta, vino quieren beber\u00bb Siempre traduzco los refranes fielmente a las palabras, as\u00ed que la mayor\u00eda de veces, quiz\u00e1s no tienen sentido. Una receta de pollo al ajillo que igual pod\u00e9is hacer con conejo, porque sale muy rico igualmente y os &hellip; <\/p>\n","protected":false},"author":2,"featured_media":0,"comment_status":"open","ping_status":"open","sticky":false,"template":"","format":"standard","meta":[],"categories":[12,1],"tags":[],"_links":{"self":[{"href":"https:\/\/elcalaixetdelaiaia.es\/index.php?rest_route=\/wp\/v2\/posts\/61"}],"collection":[{"href":"https:\/\/elcalaixetdelaiaia.es\/index.php?rest_route=\/wp\/v2\/posts"}],"about":[{"href":"https:\/\/elcalaixetdelaiaia.es\/index.php?rest_route=\/wp\/v2\/types\/post"}],"author":[{"embeddable":true,"href":"https:\/\/elcalaixetdelaiaia.es\/index.php?rest_route=\/wp\/v2\/users\/2"}],"replies":[{"embeddable":true,"href":"https:\/\/elcalaixetdelaiaia.es\/index.php?rest_route=%2Fwp%2Fv2%2Fcomments&post=61"}],"version-history":[{"count":6,"href":"https:\/\/elcalaixetdelaiaia.es\/index.php?rest_route=\/wp\/v2\/posts\/61\/revisions"}],"predecessor-version":[{"id":25821,"href":"https:\/\/elcalaixetdelaiaia.es\/index.php?rest_route=\/wp\/v2\/posts\/61\/revisions\/25821"}],"wp:attachment":[{"href":"https:\/\/elcalaixetdelaiaia.es\/index.php?rest_route=%2Fwp%2Fv2%2Fmedia&parent=61"}],"wp:term":[{"taxonomy":"category","embeddable":true,"href":"https:\/\/elcalaixetdelaiaia.es\/index.php?rest_route=%2Fwp%2Fv2%2Fcategories&post=61"},{"taxonomy":"post_tag","embeddable":true,"href":"https:\/\/elcalaixetdelaiaia.es\/index.php?rest_route=%2Fwp%2Fv2%2Ftags&post=61"}],"curies":[{"name":"wp","href":"https:\/\/api.w.org\/{rel}","templated":true}]}}