{"id":609,"date":"2015-06-03T07:48:00","date_gmt":"2015-06-03T07:48:00","guid":{"rendered":"http:\/\/elcalaixetdelaiaia.es\/carpaccio-de-naranjas-y-fresones-paso"},"modified":"2017-12-04T22:35:16","modified_gmt":"2017-12-04T22:35:16","slug":"carpaccio-de-naranjas-y-fresones-paso","status":"publish","type":"post","link":"https:\/\/elcalaixetdelaiaia.es\/?p=609","title":{"rendered":"Carpaccio de naranjas y fresones paso a paso fot a foto"},"content":{"rendered":"<div class=\"separator\" style=\"clear: both; text-align: center;\">\n<\/div>\n<p>\u00abRefrany;<br \/>\nQuan s&#8217;espr\u00e9m molt la taronja eixen els pinyols\u00bb<\/p>\n<div>\nCuando se exprime mucho la naranja salen los pi\u00f1ones.<\/div>\n<div>\n<\/div>\n<div>\nCarpaccio de naranjas y fresones<\/p>\n<div class=\"separator\" style=\"clear: both; text-align: center;\">\n<a href=\"http:\/\/4.bp.blogspot.com\/-R3I63xVE4PA\/VTpeQtjaIFI\/AAAAAAAAZkE\/Y6gyRG8q_yQ\/s1600\/IMG_1527.JPG\" imageanchor=\"1\" style=\"margin-left: 1em; margin-right: 1em;\"><img decoding=\"async\" loading=\"lazy\" border=\"0\" height=\"480\" src=\"https:\/\/elcalaixetdelaiaia.es\/wp-content\/uploads\/2015\/06\/IMG_1527.jpg\" width=\"640\" \/><\/a><\/div>\n<div class=\"separator\" style=\"clear: both; text-align: center;\">\n<\/div>\n<p>Me acabo de enterar de que a mi naranja preprarada con fresones de tooodaaaa la vidaaaa ahora le llaman nada mas y nada menos que \u00ab<b>Carpaccio de naranjas y fresones<\/b>\u00ab, con tan rimbonbante nombre he visto que la llama Eva Argui\u00f1ano y en much\u00edsimos sitios mas de cocina.<br \/>\nAs\u00ed que nada&#8230;.. a partir de ahora le llamar\u00e9 as\u00ed.<\/p>\n<p>Necesitaremos;<\/p>\n<div class=\"separator\" style=\"clear: both; text-align: center;\">\n<a href=\"http:\/\/1.bp.blogspot.com\/-QahKshmQVQA\/VTpfhpcnGoI\/AAAAAAAAZm0\/48CY7V3Yzss\/s1600\/IMG_1553.JPG\" imageanchor=\"1\" style=\"margin-left: 1em; margin-right: 1em;\"><img decoding=\"async\" loading=\"lazy\" border=\"0\" height=\"640\" src=\"https:\/\/elcalaixetdelaiaia.es\/wp-content\/uploads\/2015\/06\/IMG_1553.jpg\" width=\"640\" \/><\/a><\/div>\n<ol>\n<li>2 naranjas<\/li>\n<li>Zumo de media naranja<\/li>\n<li>Unos fresones, como un cuarto<\/li>\n<li>Aceite de oliva virgen extra<\/li>\n<li>Vinagre&nbsp;<\/li>\n<li>Canela<\/li>\n<li>Una cucharada de az\u00facar moreno<\/li>\n<li>Unas hojitas de hierbabuena<\/li>\n<\/ol>\n<div class=\"separator\" style=\"clear: both; text-align: center;\">\n<a href=\"http:\/\/4.bp.blogspot.com\/-SbpHs8aNbrY\/VTpemrs7eII\/AAAAAAAAZmE\/H5hVef9bZb0\/s1600\/IMG_1543.JPG\" imageanchor=\"1\" style=\"margin-left: 1em; margin-right: 1em;\"><img decoding=\"async\" loading=\"lazy\" border=\"0\" height=\"480\" src=\"https:\/\/elcalaixetdelaiaia.es\/wp-content\/uploads\/2015\/06\/IMG_1543.jpg\" width=\"640\" \/><\/a><\/div>\n<div style=\"text-align: center;\">\n<\/div>\n<div style=\"text-align: center;\">\nPrimero preparamos la salsita mezclando el zumo de media naranja sanguina<\/div>\n<div class=\"separator\" style=\"clear: both; text-align: center;\">\n<a href=\"http:\/\/3.bp.blogspot.com\/-YU2rn6lHBww\/VTpelIILQcI\/AAAAAAAAZl8\/R8uH7zGWPmo\/s1600\/IMG_1542.JPG\" imageanchor=\"1\" style=\"margin-left: 1em; margin-right: 1em;\"><img decoding=\"async\" loading=\"lazy\" border=\"0\" height=\"480\" src=\"https:\/\/elcalaixetdelaiaia.es\/wp-content\/uploads\/2015\/06\/IMG_1542.jpg\" width=\"640\" \/><\/a><\/div>\n<div style=\"text-align: center;\">\n<\/div>\n<div style=\"text-align: center;\">\nun chorrito de vinagre&nbsp;<\/div>\n<div class=\"separator\" style=\"clear: both; text-align: center;\">\n<a href=\"http:\/\/4.bp.blogspot.com\/-Vmg7l_diLew\/VTpejEzqBaI\/AAAAAAAAZlo\/nKMuCnCPBj4\/s1600\/IMG_1541.JPG\" imageanchor=\"1\" style=\"margin-left: 1em; margin-right: 1em;\"><img decoding=\"async\" loading=\"lazy\" border=\"0\" height=\"480\" src=\"https:\/\/elcalaixetdelaiaia.es\/wp-content\/uploads\/2015\/06\/IMG_1541.jpg\" width=\"640\" \/><\/a><\/div>\n<div style=\"text-align: center;\">\n<\/div>\n<div style=\"text-align: center;\">\nun chorrito de aceite<\/div>\n<div class=\"separator\" style=\"clear: both; text-align: center;\">\n<a href=\"http:\/\/2.bp.blogspot.com\/-_tTxPPpz3_8\/VTpejFfnVKI\/AAAAAAAAZls\/vCLDyShDnVY\/s1600\/IMG_1540.JPG\" imageanchor=\"1\" style=\"margin-left: 1em; margin-right: 1em;\"><img decoding=\"async\" loading=\"lazy\" border=\"0\" height=\"480\" src=\"https:\/\/elcalaixetdelaiaia.es\/wp-content\/uploads\/2015\/06\/IMG_1540.jpg\" width=\"640\" \/><\/a><\/div>\n<div style=\"text-align: center;\">\n<\/div>\n<div style=\"text-align: center;\">\naz\u00facar moreno y una pizca de canela.<\/div>\n<div class=\"separator\" style=\"clear: both; text-align: center;\">\n<a href=\"http:\/\/3.bp.blogspot.com\/-scWqLZHUeT8\/VTpeiI-9OqI\/AAAAAAAAZlk\/pXmqTxgPWHw\/s1600\/IMG_1539.JPG\" imageanchor=\"1\" style=\"margin-left: 1em; margin-right: 1em;\"><img decoding=\"async\" loading=\"lazy\" border=\"0\" height=\"480\" src=\"https:\/\/elcalaixetdelaiaia.es\/wp-content\/uploads\/2015\/06\/IMG_1539.jpg\" width=\"640\" \/><\/a><\/div>\n<div style=\"text-align: center;\">\n<\/div>\n<div style=\"text-align: center;\">\nMeclamos bien y dejamos reposar<\/div>\n<div class=\"separator\" style=\"clear: both; text-align: center;\">\n<a href=\"http:\/\/4.bp.blogspot.com\/-MTnxGzt0QbI\/VTpeqGGbOUI\/AAAAAAAAZmc\/pnY_4ENkOZI\/s1600\/IMG_1548.JPG\" imageanchor=\"1\" style=\"margin-left: 1em; margin-right: 1em;\"><img decoding=\"async\" loading=\"lazy\" border=\"0\" height=\"480\" src=\"https:\/\/elcalaixetdelaiaia.es\/wp-content\/uploads\/2015\/06\/IMG_1548.jpg\" width=\"640\" \/><\/a><\/div>\n<div class=\"separator\" style=\"clear: both; text-align: center;\">\n<\/div>\n<div style=\"text-align: center;\">\nMientras pelamos dos naranjas, quitando con paciencia el m\u00e1ximo de blanco<\/div>\n<div class=\"separator\" style=\"clear: both; text-align: center;\">\n<a href=\"http:\/\/1.bp.blogspot.com\/-h0xGx72Cp-o\/VTpepMXPNyI\/AAAAAAAAZmU\/V5fyHRKvmt0\/s1600\/IMG_1547.JPG\" imageanchor=\"1\" style=\"margin-left: 1em; margin-right: 1em;\"><img decoding=\"async\" loading=\"lazy\" border=\"0\" height=\"480\" src=\"https:\/\/elcalaixetdelaiaia.es\/wp-content\/uploads\/2015\/06\/IMG_1547.jpg\" width=\"640\" \/><\/a><\/div>\n<div style=\"text-align: center;\">\n<\/div>\n<div style=\"text-align: center;\">\n&nbsp;las cortamos en rodajas finas y las colocamos sobre un un plato<\/div>\n<div class=\"separator\" style=\"clear: both; text-align: center;\">\n<a href=\"http:\/\/2.bp.blogspot.com\/-vf6edRA3sRw\/VTpeqlU866I\/AAAAAAAAZmg\/Y-qPvqlQABM\/s1600\/IMG_1563.JPG\" imageanchor=\"1\" style=\"margin-left: 1em; margin-right: 1em;\"><img decoding=\"async\" loading=\"lazy\" border=\"0\" height=\"480\" src=\"https:\/\/elcalaixetdelaiaia.es\/wp-content\/uploads\/2015\/06\/IMG_1563.jpg\" width=\"640\" \/><\/a><\/div>\n<div style=\"text-align: center;\">\n<\/div>\n<div style=\"text-align: center;\">\na continuaci\u00f3n lavaremos los fresones, bajo el chorro del agua (nunca a remojo) sin quitarles los rabitos, corolas o ped\u00edculos,por dos motivos, uno es porque si lo hacemos antes de enjuagar, se pueden contaminar . Las pondremos a remojo con unas gotitas de vinagre de manzana con el fin de<br \/>\neliminar los productos qu\u00edmicos que puedan haberle a\u00f1adido en el<br \/>\ncultivo y volveremos a enjuagar <\/div>\n<div style=\"text-align: center;\">\nles quitamos las corolas o ped\u00fanculos y los partimos por la mitad<\/div>\n<div class=\"separator\" style=\"clear: both; text-align: center;\">\n<a href=\"http:\/\/3.bp.blogspot.com\/-4wL-x_PQk3w\/VTpeftG_vQI\/AAAAAAAAZlQ\/uHGBSeUbsUQ\/s1600\/IMG_1538.JPG\" imageanchor=\"1\" style=\"margin-left: 1em; margin-right: 1em;\"><img decoding=\"async\" loading=\"lazy\" border=\"0\" height=\"480\" src=\"https:\/\/elcalaixetdelaiaia.es\/wp-content\/uploads\/2015\/06\/IMG_1538.jpg\" width=\"640\" \/><\/a><\/div>\n<div style=\"text-align: center;\">\n<\/div>\n<div style=\"text-align: center;\">\nlos disponemos sobre las rodajas de naranjas, y rociamos con el aderezo que hemos preparado<\/div>\n<div class=\"separator\" style=\"clear: both; text-align: center;\">\n<a href=\"http:\/\/2.bp.blogspot.com\/-w-998VRWRi8\/VTpefAbvxxI\/AAAAAAAAZlU\/q3LBnNgZBH4\/s1600\/IMG_1537.JPG\" imageanchor=\"1\" style=\"margin-left: 1em; margin-right: 1em;\"><img decoding=\"async\" loading=\"lazy\" border=\"0\" height=\"480\" src=\"https:\/\/elcalaixetdelaiaia.es\/wp-content\/uploads\/2015\/06\/IMG_1537.jpg\" width=\"640\" \/><\/a><\/div>\n<div style=\"text-align: center;\">\n<\/div>\n<div style=\"text-align: center;\">\nponemos un poquito mas de canela molida<\/div>\n<div class=\"separator\" style=\"clear: both; text-align: center;\">\n<a href=\"http:\/\/4.bp.blogspot.com\/-psrbwVIZLE0\/VTpefFMHbtI\/AAAAAAAAZlM\/pQt6hy5aeRk\/s1600\/IMG_1536.JPG\" imageanchor=\"1\" style=\"margin-left: 1em; margin-right: 1em;\"><img decoding=\"async\" loading=\"lazy\" border=\"0\" height=\"484\" src=\"https:\/\/elcalaixetdelaiaia.es\/wp-content\/uploads\/2015\/06\/IMG_1536.jpg\" width=\"640\" \/><\/a><\/div>\n<div style=\"text-align: center;\">\n<\/div>\n<div style=\"text-align: center;\">\ny listo nuestro \u00abcarpaccio\u00bb<\/div>\n<div class=\"separator\" style=\"clear: both; text-align: center;\">\n<\/div>\n<div class=\"separator\" style=\"clear: both; text-align: center;\">\n<a href=\"http:\/\/1.bp.blogspot.com\/-v4UaL-e8D-0\/VTpebNmqjKI\/AAAAAAAAZlE\/w4hmAGMij5Y\/s1600\/IMG_1534.JPG\" imageanchor=\"1\" style=\"margin-left: 1em; margin-right: 1em;\"><img decoding=\"async\" loading=\"lazy\" border=\"0\" height=\"640\" src=\"https:\/\/elcalaixetdelaiaia.es\/wp-content\/uploads\/2015\/06\/IMG_1534.jpg\" width=\"480\" \/><\/a><\/div>\n<div style=\"text-align: center;\">\n<\/div>\n<div style=\"text-align: center;\">\nun postre sano y rico, con una apariencia espectacular y un sabor&#8230;mmmm<\/div>\n<div class=\"separator\" style=\"clear: both; text-align: center;\">\n<a href=\"http:\/\/1.bp.blogspot.com\/-2EgzGSiz_Yk\/VTpeQ39grnI\/AAAAAAAAZkI\/CjX_jGCqu44\/s1600\/IMG_1528.JPG\" imageanchor=\"1\" style=\"margin-left: 1em; margin-right: 1em;\"><img decoding=\"async\" loading=\"lazy\" border=\"0\" height=\"480\" src=\"https:\/\/elcalaixetdelaiaia.es\/wp-content\/uploads\/2015\/06\/IMG_1528.jpg\" width=\"640\" \/><\/a><\/div>\n<div style=\"text-align: center;\">\n<\/div>\n<div style=\"text-align: center;\">\n\u00abAla taula i&#8230;BON PROFIT!!!\u00bb<br \/>\nSi os gusta mi receta, pod\u00e9is compartirla y clicar en g+1 para que llegue a m\u00e1s gente. <br \/>\nEspero vuestros comentarios que para mi son MUY importantes y recordad que tambi\u00e9n estoy en Facebook <a href=\"https:\/\/www.facebook.com\/El-calaixet-de-la-iaia-533062140099386\/\">https:\/\/www.facebook.com\/El-calaixet-de-la-iaia-533062140099386\/<\/a><\/div>\n<div style=\"text-align: center;\">\nSi te gusta \u00e9sta entrada, punt\u00faala con g+1, as\u00ed mucha gente podr\u00e1 disfrutar de ella y si quieres compartir el enlace, estupendo. Graciassss.<\/div>\n<\/div>\n","protected":false},"excerpt":{"rendered":"<p>\u00abRefrany; Quan s&#8217;espr\u00e9m molt la taronja eixen els pinyols\u00bb Cuando se exprime mucho la naranja salen los pi\u00f1ones. Carpaccio de naranjas y fresones Me acabo de enterar de que a mi naranja preprarada con fresones de tooodaaaa la vidaaaa ahora le llaman nada mas y nada menos que \u00abCarpaccio de &hellip; <\/p>\n","protected":false},"author":2,"featured_media":7704,"comment_status":"open","ping_status":"open","sticky":false,"template":"","format":"standard","meta":[],"categories":[46,6,1],"tags":[],"_links":{"self":[{"href":"https:\/\/elcalaixetdelaiaia.es\/index.php?rest_route=\/wp\/v2\/posts\/609"}],"collection":[{"href":"https:\/\/elcalaixetdelaiaia.es\/index.php?rest_route=\/wp\/v2\/posts"}],"about":[{"href":"https:\/\/elcalaixetdelaiaia.es\/index.php?rest_route=\/wp\/v2\/types\/post"}],"author":[{"embeddable":true,"href":"https:\/\/elcalaixetdelaiaia.es\/index.php?rest_route=\/wp\/v2\/users\/2"}],"replies":[{"embeddable":true,"href":"https:\/\/elcalaixetdelaiaia.es\/index.php?rest_route=%2Fwp%2Fv2%2Fcomments&post=609"}],"version-history":[{"count":1,"href":"https:\/\/elcalaixetdelaiaia.es\/index.php?rest_route=\/wp\/v2\/posts\/609\/revisions"}],"predecessor-version":[{"id":7719,"href":"https:\/\/elcalaixetdelaiaia.es\/index.php?rest_route=\/wp\/v2\/posts\/609\/revisions\/7719"}],"wp:featuredmedia":[{"embeddable":true,"href":"https:\/\/elcalaixetdelaiaia.es\/index.php?rest_route=\/wp\/v2\/media\/7704"}],"wp:attachment":[{"href":"https:\/\/elcalaixetdelaiaia.es\/index.php?rest_route=%2Fwp%2Fv2%2Fmedia&parent=609"}],"wp:term":[{"taxonomy":"category","embeddable":true,"href":"https:\/\/elcalaixetdelaiaia.es\/index.php?rest_route=%2Fwp%2Fv2%2Fcategories&post=609"},{"taxonomy":"post_tag","embeddable":true,"href":"https:\/\/elcalaixetdelaiaia.es\/index.php?rest_route=%2Fwp%2Fv2%2Ftags&post=609"}],"curies":[{"name":"wp","href":"https:\/\/api.w.org\/{rel}","templated":true}]}}