{"id":607,"date":"2015-06-04T16:41:00","date_gmt":"2015-06-04T16:41:00","guid":{"rendered":"http:\/\/elcalaixetdelaiaia.es\/ternera-estofada-con-verduras-en-olla"},"modified":"2024-02-12T15:08:15","modified_gmt":"2024-02-12T15:08:15","slug":"ternera-estofada-con-verduras-en-olla","status":"publish","type":"post","link":"https:\/\/elcalaixetdelaiaia.es\/?p=607","title":{"rendered":"Ternera estofada con verduras en olla r\u00e1pida paso a paso"},"content":{"rendered":"<p>\u00abRefrany; Per qui t\u00e9 fam, val m\u00e9s un bon menjar, que un bon cantar\u00bb<br \/>\nPara quien tiene hambre vale mas una buena comida, que un buen cantar.<\/p>\n<p>Ternera estofada con verduras<\/p>\n<div style=\"text-align: center;\"><\/div>\n<div style=\"text-align: center;\"><a href=\"https:\/\/elcalaixetdelaiaia.files.wordpress.com\/2015\/06\/img_1866.jpg\"><img decoding=\"async\" loading=\"lazy\" src=\"https:\/\/elcalaixetdelaiaia.files.wordpress.com\/2015\/06\/img_1866.jpg?w=300\" width=\"400\" height=\"400\" \/><\/a><\/div>\n<div style=\"text-align: center;\"><\/div>\n<div style=\"text-align: center;\">Traigo hoy un estofado muy rico y sano y f\u00e1cil de preparar. Si lo hacemos en la olla r\u00e1pida podremos tenerla lista en un total de unos 35 minutos. Como os contaba en \u00e9sta entrada <a href=\"http:\/\/elcalaixetdelaiaia.wordpress.com\/2015\/05\/27\/ternera-en-salsa-con-colmenillas-paso-a-paso\/\">elcalaixetdelaiaia.wordpress.com\/2015\/05\/27\/ternera-en-salsa-con-colmenillas-paso-a-paso\/<\/a>, me encanta la ternera del \u00abpeixet\u00bb, si pod\u00e9is conseguirla, os la recomiendo sin duda.<\/div>\n<div style=\"text-align: center;\"><\/div>\n<div style=\"text-align: center;\">Necesitaremos para dos comensales;<\/div>\n<div style=\"text-align: center;\"><\/div>\n<div style=\"text-align: center;\"><a href=\"https:\/\/elcalaixetdelaiaia.files.wordpress.com\/2015\/06\/img_1846.jpg\"><img decoding=\"async\" src=\"https:\/\/elcalaixetdelaiaia.files.wordpress.com\/2015\/06\/img_1846.jpg?w=225\" \/><\/a><\/div>\n<div style=\"text-align: center;\">\n<ol>\n<li style=\"text-align: left;\">500g de ternera en dados<\/li>\n<li style=\"text-align: left;\">Dos alcachofas<\/li>\n<li style=\"text-align: left;\">Una zanahoria<\/li>\n<li style=\"text-align: left;\">Una cebolla<\/li>\n<li style=\"text-align: left;\">Tres dientes de ajo<\/li>\n<li style=\"text-align: left;\">Un pu\u00f1adito de jud\u00edas verdes<\/li>\n<li style=\"text-align: left;\">Un pu\u00f1adito de esp\u00e1rragos<\/li>\n<li style=\"text-align: left;\">Dos tomates maduros (yo cereza)<\/li>\n<li style=\"text-align: left;\">El zumo de medio lim\u00f3n<\/li>\n<li style=\"text-align: left;\">Tres hojas de laurel<\/li>\n<li style=\"text-align: left;\">Una copa de brandy<\/li>\n<li style=\"text-align: left;\">Piment\u00f3n de la Vera<\/li>\n<li style=\"text-align: left;\">Agua<\/li>\n<li style=\"text-align: left;\">Aceite de oliva<\/li>\n<li style=\"text-align: left;\">Sal<\/li>\n<\/ol>\n<\/div>\n<div style=\"text-align: center;\"><\/div>\n<div style=\"text-align: center;\">En el frigo quedaba media bandeja de unos tomates cereza o cherry que compr\u00e9 para una ensalada, y como tienen un surtido de colores tan bonito pens\u00e9 usarlos en lugar de los cl\u00e1sicos de fre\u00edr, tambi\u00e9n quedaban unos esp\u00e1rragos silvestres de los que cogimos en el monte, as\u00ed que&#8230; manos a la obra!<\/div>\n<div style=\"text-align: center;\"><\/div>\n<div style=\"text-align: center;\"><a href=\"https:\/\/elcalaixetdelaiaia.files.wordpress.com\/2015\/06\/img_1847.jpg\"><img decoding=\"async\" src=\"https:\/\/elcalaixetdelaiaia.files.wordpress.com\/2015\/06\/img_1847.jpg?w=300\" \/><\/a><\/div>\n<div style=\"text-align: center;\"><\/div>\n<div style=\"text-align: center;\">Ponemos el aceite a calentar en la olla y echamos sal para evitar las salpicaduras al fre\u00edr<\/div>\n<div style=\"text-align: center;\"><\/div>\n<div style=\"text-align: center;\"><a href=\"https:\/\/elcalaixetdelaiaia.files.wordpress.com\/2015\/06\/img_1848.jpg\"><img decoding=\"async\" src=\"https:\/\/elcalaixetdelaiaia.files.wordpress.com\/2015\/06\/img_1848.jpg?w=300\" \/><\/a><\/div>\n<div style=\"text-align: center;\"><\/div>\n<div style=\"text-align: center;\">Sellamos la ternera para que los jugos queden dentro<\/div>\n<div style=\"text-align: center;\"><\/div>\n<div style=\"text-align: center;\"><a href=\"https:\/\/elcalaixetdelaiaia.files.wordpress.com\/2015\/06\/img_1849.jpg\"><img decoding=\"async\" src=\"https:\/\/elcalaixetdelaiaia.files.wordpress.com\/2015\/06\/img_1849.jpg?w=300\" \/><\/a><\/div>\n<div style=\"text-align: center;\"><\/div>\n<div style=\"text-align: center;\">y resulte si cabe, mas tierna y una vez sellada reservamos<\/div>\n<div style=\"text-align: center;\"><\/div>\n<div style=\"text-align: center;\"><a href=\"https:\/\/elcalaixetdelaiaia.files.wordpress.com\/2015\/06\/img_1850.jpg\"><img decoding=\"async\" src=\"https:\/\/elcalaixetdelaiaia.files.wordpress.com\/2015\/06\/img_1850.jpg?w=300\" \/><\/a><\/div>\n<div style=\"text-align: center;\"><\/div>\n<div style=\"text-align: center;\">Pelamos y troceamos la cebolla, los ajos, las zanahorias y los esp\u00e1rragos y enjuagamos el laurel<\/div>\n<div style=\"text-align: center;\"><\/div>\n<div style=\"text-align: center;\"><a href=\"https:\/\/elcalaixetdelaiaia.files.wordpress.com\/2015\/06\/img_1851.jpg\"><img decoding=\"async\" src=\"https:\/\/elcalaixetdelaiaia.files.wordpress.com\/2015\/06\/img_1851.jpg?w=300\" \/><\/a><\/div>\n<div style=\"text-align: center;\"><\/div>\n<div style=\"text-align: center;\">pochamos la cebolla junto al laurel<\/div>\n<div style=\"text-align: center;\"><\/div>\n<div style=\"text-align: center;\"><a href=\"https:\/\/elcalaixetdelaiaia.files.wordpress.com\/2015\/06\/img_1852.jpg\"><img decoding=\"async\" src=\"https:\/\/elcalaixetdelaiaia.files.wordpress.com\/2015\/06\/img_1852.jpg?w=300\" \/><\/a><\/div>\n<div style=\"text-align: center;\"><\/div>\n<div style=\"text-align: center;\">a\u00f1adimos el ajo<\/div>\n<div style=\"text-align: center;\"><\/div>\n<div style=\"text-align: center;\"><a href=\"https:\/\/elcalaixetdelaiaia.files.wordpress.com\/2015\/06\/img_1853.jpg\"><img decoding=\"async\" src=\"https:\/\/elcalaixetdelaiaia.files.wordpress.com\/2015\/06\/img_1853.jpg?w=300\" \/><\/a><\/div>\n<div style=\"text-align: center;\"><\/div>\n<div style=\"text-align: center;\">los esp\u00e1rragos, las jud\u00edas verdes y la zanahoria<\/div>\n<div style=\"text-align: center;\"><\/div>\n<div style=\"text-align: center;\"><a href=\"https:\/\/elcalaixetdelaiaia.files.wordpress.com\/2015\/06\/img_1854.jpg\"><img decoding=\"async\" src=\"https:\/\/elcalaixetdelaiaia.files.wordpress.com\/2015\/06\/img_1854.jpg?w=300\" \/><\/a><\/div>\n<div style=\"text-align: center;\"><\/div>\n<div style=\"text-align: center;\">quitamos las hojas externas a las alcachofas y partimos en cuatro trozos cada coraz\u00f3n, los ponemos en un bol en agua y a\u00f1adimos el jugo de medio lim\u00f3n para evitar que la alcachofa se ennegrezca<\/div>\n<div style=\"text-align: center;\"><\/div>\n<div style=\"text-align: center;\"><a href=\"https:\/\/elcalaixetdelaiaia.files.wordpress.com\/2015\/06\/img_1855.jpg\"><img decoding=\"async\" src=\"https:\/\/elcalaixetdelaiaia.files.wordpress.com\/2015\/06\/img_1855.jpg?w=300\" \/><\/a><\/div>\n<div style=\"text-align: center;\"><\/div>\n<div style=\"text-align: center;\">Adjuntamos al gua los tomates cereza o cherry ya enjuagados y dejamos a remojo mientras<\/div>\n<div style=\"text-align: center;\"><\/div>\n<div style=\"text-align: center;\"><a href=\"https:\/\/elcalaixetdelaiaia.files.wordpress.com\/2015\/06\/img_1856.jpg\"><img decoding=\"async\" src=\"https:\/\/elcalaixetdelaiaia.files.wordpress.com\/2015\/06\/img_1856.jpg?w=300\" \/><\/a><\/div>\n<div style=\"text-align: center;\"><\/div>\n<div style=\"text-align: center;\">a\u00f1adimos al sofrito la carne<\/div>\n<div style=\"text-align: center;\"><\/div>\n<div style=\"text-align: center;\"><a href=\"https:\/\/elcalaixetdelaiaia.files.wordpress.com\/2015\/06\/img_1858.jpg\"><img decoding=\"async\" src=\"https:\/\/elcalaixetdelaiaia.files.wordpress.com\/2015\/06\/img_1858.jpg?w=300\" \/><\/a><\/div>\n<div style=\"text-align: center;\"><\/div>\n<div style=\"text-align: center;\">la copa de brandy,<\/div>\n<div style=\"text-align: center;\"><\/div>\n<div style=\"text-align: center;\"><a href=\"https:\/\/elcalaixetdelaiaia.files.wordpress.com\/2015\/06\/img_1857.jpg\"><img decoding=\"async\" src=\"https:\/\/elcalaixetdelaiaia.files.wordpress.com\/2015\/06\/img_1857.jpg?w=300\" \/><\/a><\/div>\n<div style=\"text-align: center;\"><\/div>\n<div style=\"text-align: center;\">el piment\u00f3n dulce de la Vera<\/div>\n<div style=\"text-align: center;\"><\/div>\n<div style=\"text-align: center;\"><a href=\"https:\/\/elcalaixetdelaiaia.files.wordpress.com\/2015\/06\/img_1860.jpg\"><img decoding=\"async\" src=\"https:\/\/elcalaixetdelaiaia.files.wordpress.com\/2015\/06\/img_1860.jpg?w=300\" \/><\/a><\/div>\n<div style=\"text-align: center;\"><\/div>\n<div style=\"text-align: center;\">y agua hasta cubrir la carne<\/div>\n<div style=\"text-align: center;\"><\/div>\n<div style=\"text-align: center;\"><a href=\"https:\/\/elcalaixetdelaiaia.files.wordpress.com\/2015\/06\/img_1861.jpg\"><img decoding=\"async\" src=\"https:\/\/elcalaixetdelaiaia.files.wordpress.com\/2015\/06\/img_1861.jpg?w=300\" \/><\/a><\/div>\n<div style=\"text-align: center;\"><\/div>\n<div style=\"text-align: center;\">Taparemos la olla y contaremos 15 minutos desde que salga en vapor por la v\u00e1lvula, dejando un fuego medio. Pasamos \u00e9ste tiempo enfriaremos debidamente la olla y quitaremos la tapa extremando las precauciones ya que se trata de una olla expr\u00e9s y hemos de ir siempre con el debido cuidado.<\/div>\n<div style=\"text-align: center;\"><\/div>\n<div style=\"text-align: center;\"><a href=\"https:\/\/elcalaixetdelaiaia.files.wordpress.com\/2015\/06\/img_1862.jpg\"><img decoding=\"async\" src=\"https:\/\/elcalaixetdelaiaia.files.wordpress.com\/2015\/06\/img_1862.jpg?w=300\" \/><\/a><\/div>\n<div style=\"text-align: center;\"><\/div>\n<div style=\"text-align: center;\">Rectificamos de sal y tapamos la olla durante cinco minutos mas, a partir de que salga el vapor por la olla<\/div>\n<div style=\"text-align: center;\"><\/div>\n<div style=\"text-align: center;\"><a href=\"https:\/\/elcalaixetdelaiaia.files.wordpress.com\/2015\/06\/img_1863.jpg\"><img decoding=\"async\" src=\"https:\/\/elcalaixetdelaiaia.files.wordpress.com\/2015\/06\/img_1863.jpg?w=300\" \/><\/a><\/div>\n<div style=\"text-align: center;\"><\/div>\n<div style=\"text-align: center;\">destapamos sin olvidar tomar las oportunas precauciones y dejamos reposar mientras servimos la mesa<\/div>\n<div style=\"text-align: center;\"><\/div>\n<div style=\"text-align: center;\"><a href=\"https:\/\/elcalaixetdelaiaia.files.wordpress.com\/2015\/06\/img_1864.jpg\"><img decoding=\"async\" src=\"https:\/\/elcalaixetdelaiaia.files.wordpress.com\/2015\/06\/img_1864.jpg?w=300\" \/><\/a><\/div>\n<div style=\"text-align: center;\"><\/div>\n<div style=\"text-align: center;\">Emplatamos<\/div>\n<div style=\"text-align: center;\"><\/div>\n<div style=\"text-align: center;\"><a href=\"https:\/\/elcalaixetdelaiaia.files.wordpress.com\/2015\/06\/img_1867.jpg\"><img decoding=\"async\" src=\"https:\/\/elcalaixetdelaiaia.files.wordpress.com\/2015\/06\/img_1867.jpg?w=300\" \/><\/a><\/div>\n<div style=\"text-align: center;\"><\/div>\n<div style=\"text-align: center;\">\u00abA la taula i&#8230; BON PROFIT!!!\u00bb<\/div>\n<div style=\"text-align: center;\"><\/div>\n<div style=\"text-align: center;\">Si te gusta \u00e9sta entrada, compartela, as\u00ed mucha gente podr\u00e1 disfrutar de ella y si quieres compartir el enlace, estupendo. Graciassss.<\/div>\n","protected":false},"excerpt":{"rendered":"<p>\u00abRefrany; Per qui t\u00e9 fam, val m\u00e9s un bon menjar, que un bon cantar\u00bb Para quien tiene hambre vale mas una buena comida, que un buen cantar. Ternera estofada con verduras Traigo hoy un estofado muy rico y sano y f\u00e1cil de preparar. Si lo hacemos en la olla r\u00e1pida &hellip; <\/p>\n","protected":false},"author":2,"featured_media":0,"comment_status":"open","ping_status":"open","sticky":false,"template":"","format":"standard","meta":[],"categories":[12,1],"tags":[],"_links":{"self":[{"href":"https:\/\/elcalaixetdelaiaia.es\/index.php?rest_route=\/wp\/v2\/posts\/607"}],"collection":[{"href":"https:\/\/elcalaixetdelaiaia.es\/index.php?rest_route=\/wp\/v2\/posts"}],"about":[{"href":"https:\/\/elcalaixetdelaiaia.es\/index.php?rest_route=\/wp\/v2\/types\/post"}],"author":[{"embeddable":true,"href":"https:\/\/elcalaixetdelaiaia.es\/index.php?rest_route=\/wp\/v2\/users\/2"}],"replies":[{"embeddable":true,"href":"https:\/\/elcalaixetdelaiaia.es\/index.php?rest_route=%2Fwp%2Fv2%2Fcomments&post=607"}],"version-history":[{"count":3,"href":"https:\/\/elcalaixetdelaiaia.es\/index.php?rest_route=\/wp\/v2\/posts\/607\/revisions"}],"predecessor-version":[{"id":26998,"href":"https:\/\/elcalaixetdelaiaia.es\/index.php?rest_route=\/wp\/v2\/posts\/607\/revisions\/26998"}],"wp:attachment":[{"href":"https:\/\/elcalaixetdelaiaia.es\/index.php?rest_route=%2Fwp%2Fv2%2Fmedia&parent=607"}],"wp:term":[{"taxonomy":"category","embeddable":true,"href":"https:\/\/elcalaixetdelaiaia.es\/index.php?rest_route=%2Fwp%2Fv2%2Fcategories&post=607"},{"taxonomy":"post_tag","embeddable":true,"href":"https:\/\/elcalaixetdelaiaia.es\/index.php?rest_route=%2Fwp%2Fv2%2Ftags&post=607"}],"curies":[{"name":"wp","href":"https:\/\/api.w.org\/{rel}","templated":true}]}}