{"id":590,"date":"2015-07-22T21:18:00","date_gmt":"2015-07-22T21:18:00","guid":{"rendered":"http:\/\/elcalaixetdelaiaia.es\/ensalada-caprese-paso-paso"},"modified":"2023-07-03T14:15:36","modified_gmt":"2023-07-03T14:15:36","slug":"ensalada-caprese-paso-paso","status":"publish","type":"post","link":"https:\/\/elcalaixetdelaiaia.es\/?p=590","title":{"rendered":"Ensalada caprese paso a paso  foto a foto"},"content":{"rendered":"<p>\u00abRefrany;<br \/>\nSi plou pel juliol, hivern de neus\u00bb Si llueve por julio, invierno de nieve.<\/p>\n<div><\/div>\n<div>Esta noche para cenar, algo fresco, r\u00e1pido y rico, aunque tambien puede ser una frugal y refrescante comida.<\/div>\n<div><\/div>\n<div>Ensalada caprese. LLevamos ya un tiempo cenando ensaladas, ya que con \u00e9ste calor es lo que mas nos apetece, as\u00ed que como ha llovido \u00e9sta tarde y el ambiente est\u00e1 fresquito, nos haremos la ilusi\u00f3n de estar de vacaciones&#8230; cerquita de Capri por ejemplo jeje, de ilusi\u00f3n tambi\u00e9n se vive.<\/div>\n<div><\/div>\n<div>\n<div style=\"text-align: center;\"><a style=\"margin-left: 1em; margin-right: 1em;\" href=\"https:\/\/lh3.googleusercontent.com\/-MD4mM5fKARg\/VbAEeS91n9I\/AAAAAAAAbb8\/HkvWMAH3SPk\/s640\/blogger-image--1892110425.jpg\"><img decoding=\"async\" loading=\"lazy\" src=\"https:\/\/lh3.googleusercontent.com\/-MD4mM5fKARg\/VbAEeS91n9I\/AAAAAAAAbb8\/HkvWMAH3SPk\/s640\/blogger-image--1892110425.jpg\" width=\"640\" height=\"480\" border=\"0\" \/><\/a><\/div>\n<p>Porque&#8230; \u00bfsab\u00edas que la ensalada caprese proviene de la isla de Capri?<\/p>\n<div>Si, ese lugar m\u00edtico situado enfrente de N\u00e1poles, all\u00ed fue donde se cre\u00f3 esta sabrosa e inigualable combinaci\u00f3n, y es uno de los s\u00edmbolos gastron\u00f3micos de Italia, no s\u00f3lo por lo sabrosa que resulta, sino porque los italianos hacen alarde de ella por su juego de colores:<\/div>\n<div>\n<ul>\n<li><span style=\"color: #008000;\">verde<\/span>,<\/li>\n<li>\u00a0blanco<\/li>\n<li>y <span style=\"color: #ff0000;\">rojo<\/span><\/li>\n<\/ul>\n<p>los mismos que su bandera.<\/p>\n<p>Por cierto, que el dise\u00f1o de la ense\u00f1a italiana tiene su origen en Napole\u00f3n, os lo cuento como curiosidad\u00a0 \ud83d\ude09<\/p>\n<p>Necesitaremos;<\/p>\n<\/div>\n<\/div>\n<div class=\"separator\" style=\"clear: both; text-align: center;\"><a style=\"margin-left: 1em; margin-right: 1em;\" href=\"https:\/\/lh3.googleusercontent.com\/-2Vjl3WRPWeA\/VbAEY5qeHkI\/AAAAAAAAbbs\/ClrpWXuuJCc\/s640\/blogger-image-2006460335.jpg\"><img decoding=\"async\" loading=\"lazy\" src=\"https:\/\/lh3.googleusercontent.com\/-2Vjl3WRPWeA\/VbAEY5qeHkI\/AAAAAAAAbbs\/ClrpWXuuJCc\/s640\/blogger-image-2006460335.jpg\" width=\"640\" height=\"480\" border=\"0\" \/><\/a><\/div>\n<ol>\n<li>Tomates de buena calidad y si es posible que sepan a tomate y si son del Perell\u00f2 yaaa la lecheee \ud83d\ude09<\/li>\n<li>Unas hojitas de albahaca<\/li>\n<li>Dos bolas de queso mozzarella<\/li>\n<li>Aceite de oliva virgen sabor albahaca<\/li>\n<li>Vinagre de m\u00f3dena<\/li>\n<li>Sal Flor<\/li>\n<li>Aceitunas negras (si son de Arag\u00f3n, mejor)<\/li>\n<\/ol>\n<div class=\"separator\" style=\"clear: both; text-align: center;\"><a style=\"margin-left: 1em; margin-right: 1em;\" href=\"https:\/\/lh3.googleusercontent.com\/-KqUccwWileA\/VbAEPF4BtSI\/AAAAAAAAbbM\/ZTSRu89LaSg\/s640\/blogger-image-1600521527.jpg\"><img decoding=\"async\" loading=\"lazy\" src=\"https:\/\/lh3.googleusercontent.com\/-KqUccwWileA\/VbAEPF4BtSI\/AAAAAAAAbbM\/ZTSRu89LaSg\/s640\/blogger-image-1600521527.jpg\" width=\"640\" height=\"480\" border=\"0\" \/><\/a><\/div>\n<div><\/div>\n<div style=\"text-align: left;\">Mientras ponemos a remojo la albahaca (y las hojas de albahaca, respecto a \u00e9sto os dar\u00e9 un consejo, la albahaca, compradla en los centros comerciales de alimentaci\u00f3n o<br \/>\nsupermercados, las plantas de albahaca que venden en los bazares, son solo ornamentales, no son aptas para el consumo, es muy f\u00e1cil conseguir tu propia planta en casa, ya que del tallo se sacan ra\u00edces, simplemente poni\u00e9ndolo en agua y<br \/>\nplant\u00e1ndola en una maceta, con unos pocos cuidados en un par de meses,<br \/>\npodemos disponer de nuestra propia albahaca totalmente natural y segura y exenta de insecticidas t\u00f3xicos.<br \/>\nEsta planta, tiene innumerables \u00a0beneficios aparte de su refrescante sabor, como antioxidantes, cardiovasculares, digestivos y muchos mas de los que os hablar\u00e9 en otra ocasi\u00f3n). En agua fresca, lavamos y cortamos los tomates en rodajas<\/div>\n<div><\/div>\n<div class=\"separator\" style=\"clear: both; text-align: center;\"><a style=\"margin-left: 1em; margin-right: 1em;\" href=\"https:\/\/lh3.googleusercontent.com\/-DPOjZWvGaYA\/VbAEWfxkm3I\/AAAAAAAAbbk\/PDrh38ZGoB4\/s640\/blogger-image--446507898.jpg\"><img decoding=\"async\" loading=\"lazy\" src=\"https:\/\/lh3.googleusercontent.com\/-DPOjZWvGaYA\/VbAEWfxkm3I\/AAAAAAAAbbk\/PDrh38ZGoB4\/s640\/blogger-image--446507898.jpg\" width=\"640\" height=\"480\" border=\"0\" \/><\/a><\/div>\n<div><\/div>\n<div style=\"text-align: center;\">Eliminamos el suero del queso y lo secamos con papel de cocina, para cortarlo en rodajas<\/div>\n<div><\/div>\n<div class=\"separator\" style=\"clear: both; text-align: center;\"><a style=\"margin-left: 1em; margin-right: 1em;\" href=\"https:\/\/lh3.googleusercontent.com\/-23UIxyoZdXs\/VbAERT13asI\/AAAAAAAAbbU\/2KkvFvCraCo\/s640\/blogger-image--1623803000.jpg\"><img decoding=\"async\" loading=\"lazy\" src=\"https:\/\/lh3.googleusercontent.com\/-23UIxyoZdXs\/VbAERT13asI\/AAAAAAAAbbU\/2KkvFvCraCo\/s640\/blogger-image--1623803000.jpg\" width=\"640\" height=\"480\" border=\"0\" \/><\/a><\/div>\n<div><\/div>\n<div style=\"text-align: center;\">colocamos en el plato en forma de corona excepto un tomate, que en el que habremos hecho unas incisiones y colocaremos rodaja de tomate, rodaja de queso y albahaca. Pondremos olivas negras a nuestro gusto, y rociaremos con aceite de oliva<\/div>\n<div><\/div>\n<div class=\"separator\" style=\"clear: both; text-align: center;\"><a style=\"margin-left: 1em; margin-right: 1em;\" href=\"https:\/\/lh3.googleusercontent.com\/-8uNsjgBgfPw\/VbAEGZOMmAI\/AAAAAAAAbbE\/3ZhgyAvxkCw\/s640\/blogger-image-1318939003.jpg\"><img decoding=\"async\" loading=\"lazy\" src=\"https:\/\/lh3.googleusercontent.com\/-8uNsjgBgfPw\/VbAEGZOMmAI\/AAAAAAAAbbE\/3ZhgyAvxkCw\/s640\/blogger-image-1318939003.jpg\" width=\"640\" height=\"480\" border=\"0\" \/><\/a><\/div>\n<div><\/div>\n<div style=\"text-align: center;\">rociamos con vinagre de m\u00f3dena y molemos sal flor<\/div>\n<div><\/div>\n<div class=\"separator\" style=\"clear: both; text-align: center;\"><a style=\"margin-left: 1em; margin-right: 1em;\" href=\"https:\/\/lh3.googleusercontent.com\/-69d1xoAVs4s\/VbAEbVdtF5I\/AAAAAAAAbb0\/0fc61heOLL0\/s640\/blogger-image--816035360.jpg\"><img decoding=\"async\" loading=\"lazy\" src=\"https:\/\/lh3.googleusercontent.com\/-69d1xoAVs4s\/VbAEbVdtF5I\/AAAAAAAAbb0\/0fc61heOLL0\/s640\/blogger-image--816035360.jpg\" width=\"640\" height=\"480\" border=\"0\" \/><\/a><\/div>\n<div><\/div>\n<div style=\"text-align: center;\">Las aceitunas son de\u00a0 Arag\u00f3n&#8230; vamos que muy italianas no son, jeje, pero est\u00e1n riqu\u00edsimas, yo dir\u00eda superiores, como todo lo aragon\u00e9s.<\/div>\n<div><\/div>\n<div class=\"separator\" style=\"clear: both; text-align: center;\"><a style=\"margin-left: 1em; margin-right: 1em;\" href=\"https:\/\/lh3.googleusercontent.com\/-D7pSSWYV6Bs\/VbAEAnsGdZI\/AAAAAAAAba0\/kr4lT_PEryU\/s640\/blogger-image-800123292.jpg\"><img decoding=\"async\" loading=\"lazy\" src=\"https:\/\/lh3.googleusercontent.com\/-D7pSSWYV6Bs\/VbAEAnsGdZI\/AAAAAAAAba0\/kr4lT_PEryU\/s640\/blogger-image-800123292.jpg\" width=\"640\" height=\"480\" border=\"0\" \/><\/a><\/div>\n<div style=\"text-align: center;\"><\/div>\n<div style=\"text-align: center;\">Tendremos en cuenta usar todos los ingredientes muy fresquitos<\/div>\n<div><\/div>\n<div class=\"separator\" style=\"clear: both; text-align: center;\"><a style=\"margin-left: 1em; margin-right: 1em;\" href=\"https:\/\/lh3.googleusercontent.com\/-aouXJ3eWRh8\/VbAEDADdOnI\/AAAAAAAAba8\/8MxG7kK1B0A\/s640\/blogger-image--2044912445.jpg\"><img decoding=\"async\" loading=\"lazy\" src=\"https:\/\/lh3.googleusercontent.com\/-aouXJ3eWRh8\/VbAEDADdOnI\/AAAAAAAAba8\/8MxG7kK1B0A\/s640\/blogger-image--2044912445.jpg\" width=\"640\" height=\"480\" border=\"0\" \/><\/a><\/div>\n<div><\/div>\n<div style=\"text-align: center;\">\u00abA la taula i&#8230;<\/div>\n<div><\/div>\n<div class=\"separator\" style=\"clear: both; text-align: center;\"><a style=\"margin-left: 1em; margin-right: 1em;\" href=\"https:\/\/lh3.googleusercontent.com\/-z0C6T5EDLgU\/VbAETyKTOOI\/AAAAAAAAbbc\/H7au5pYekjA\/s640\/blogger-image-1866850496.jpg\"><img decoding=\"async\" loading=\"lazy\" src=\"https:\/\/lh3.googleusercontent.com\/-z0C6T5EDLgU\/VbAETyKTOOI\/AAAAAAAAbbc\/H7au5pYekjA\/s640\/blogger-image-1866850496.jpg\" width=\"640\" height=\"480\" border=\"0\" \/><\/a><\/div>\n<div class=\"separator\" style=\"clear: both; text-align: center;\"><\/div>\n<div class=\"separator\" style=\"clear: both; text-align: center;\">&#8230; BON PROFIT!!!<\/div>\n<div class=\"separator\" style=\"clear: both; text-align: center;\">Si te gusta \u00e9sta receta, comp\u00e1rtela, as\u00ed mucha gente podr\u00e1 disfrutar de esta ensalada.<\/div>\n<div class=\"separator\" style=\"clear: both; text-align: center;\">Recuerda que estoy en Facebook y que espero tus comentarios alli &#8230; o aqu\u00ed jejejeje<\/div>\n<div class=\"separator\" style=\"clear: both; text-align: center;\"><a href=\"https:\/\/www.facebook.com\/El-calaixet-de-la-iaia-533062140099386\">https:\/\/www.facebook.com\/El-calaixet-de-la-iaia-533062140099386<\/a><\/div>\n<div class=\"separator\" style=\"clear: both; text-align: center;\">Graciaaaaas..<\/div>\n","protected":false},"excerpt":{"rendered":"<p>\u00abRefrany; Si plou pel juliol, hivern de neus\u00bb Si llueve por julio, invierno de nieve. Esta noche para cenar, algo fresco, r\u00e1pido y rico, aunque tambien puede ser una frugal y refrescante comida. Ensalada caprese. LLevamos ya un tiempo cenando ensaladas, ya que con \u00e9ste calor es lo que mas &hellip; <\/p>\n","protected":false},"author":2,"featured_media":7592,"comment_status":"open","ping_status":"open","sticky":false,"template":"","format":"standard","meta":[],"categories":[1,58],"tags":[],"_links":{"self":[{"href":"https:\/\/elcalaixetdelaiaia.es\/index.php?rest_route=\/wp\/v2\/posts\/590"}],"collection":[{"href":"https:\/\/elcalaixetdelaiaia.es\/index.php?rest_route=\/wp\/v2\/posts"}],"about":[{"href":"https:\/\/elcalaixetdelaiaia.es\/index.php?rest_route=\/wp\/v2\/types\/post"}],"author":[{"embeddable":true,"href":"https:\/\/elcalaixetdelaiaia.es\/index.php?rest_route=\/wp\/v2\/users\/2"}],"replies":[{"embeddable":true,"href":"https:\/\/elcalaixetdelaiaia.es\/index.php?rest_route=%2Fwp%2Fv2%2Fcomments&post=590"}],"version-history":[{"count":14,"href":"https:\/\/elcalaixetdelaiaia.es\/index.php?rest_route=\/wp\/v2\/posts\/590\/revisions"}],"predecessor-version":[{"id":25405,"href":"https:\/\/elcalaixetdelaiaia.es\/index.php?rest_route=\/wp\/v2\/posts\/590\/revisions\/25405"}],"wp:featuredmedia":[{"embeddable":true,"href":"https:\/\/elcalaixetdelaiaia.es\/index.php?rest_route=\/wp\/v2\/media\/7592"}],"wp:attachment":[{"href":"https:\/\/elcalaixetdelaiaia.es\/index.php?rest_route=%2Fwp%2Fv2%2Fmedia&parent=590"}],"wp:term":[{"taxonomy":"category","embeddable":true,"href":"https:\/\/elcalaixetdelaiaia.es\/index.php?rest_route=%2Fwp%2Fv2%2Fcategories&post=590"},{"taxonomy":"post_tag","embeddable":true,"href":"https:\/\/elcalaixetdelaiaia.es\/index.php?rest_route=%2Fwp%2Fv2%2Ftags&post=590"}],"curies":[{"name":"wp","href":"https:\/\/api.w.org\/{rel}","templated":true}]}}