{"id":586,"date":"2015-07-26T09:46:00","date_gmt":"2015-07-26T09:46:00","guid":{"rendered":"http:\/\/elcalaixetdelaiaia.es\/endibias-con-quesos-paso-paso"},"modified":"2017-12-04T22:41:06","modified_gmt":"2017-12-04T22:41:06","slug":"endibias-con-quesos-paso-paso","status":"publish","type":"post","link":"https:\/\/elcalaixetdelaiaia.es\/?p=586","title":{"rendered":"Endibias con quesos paso a paso"},"content":{"rendered":"<p>\u00abRefrany;<br \/>\nLa endivieta va mal, sense oli, vinagre, pebre i sal.<\/p>\n<div>\nLa endivia va mal sin aceite, vinagre, pimienta y sal.<br \/>\nSeguimos con ensaladas, hoy de endivias.<\/p>\n<div class=\"separator\" style=\"clear: both; text-align: center;\">\n<\/div>\n<div style=\"text-align: center;\">\n<img decoding=\"async\" loading=\"lazy\" border=\"0\" height=\"240\" src=\"https:\/\/elcalaixetdelaiaia.es\/wp-content\/uploads\/2015\/07\/unnamed28529.jpg\" width=\"320\" \/><\/div>\n<ol>\n<\/ol>\n<p>Las endibias(se puede escribir con b o con seg\u00fan la variedad de lechuga) son una estupenda fuente de vitaminas, minerales y sustancias de acci\u00f3n antioxidante, que nos ayudan a combatir los radicales libres en el entorno y que son responsables de una multitud de enfermedades degenerativas. Adem\u00e1s, este vegetal destaca por su elevado contenido en agua, que va a provocar que su valor cal\u00f3rico sea muy reducido.<\/p>\n<p>Sin embargo, tanto el queso como las aceitunas y las nueces, aportan grasas este plato, adem\u00e1s de prote\u00ednas, lo que aumentar\u00e1 el valor cal\u00f3rico del mismo, pero tambi\u00e9n el aporte de Omega3.<\/p>\n<p>Necesitaremos;<\/p>\n<div class=\"separator\" style=\"clear: both; text-align: center;\">\n<a href=\"http:\/\/2.bp.blogspot.com\/-dvUhIDkz7-o\/VbSpheS6y8I\/AAAAAAAAbls\/55WDhT82kO0\/s1600\/unnamed.jpg\" imageanchor=\"1\" style=\"margin-left: 1em; margin-right: 1em;\"><img decoding=\"async\" loading=\"lazy\" border=\"0\" height=\"239\" src=\"https:\/\/elcalaixetdelaiaia.es\/wp-content\/uploads\/2015\/07\/unnamed.jpg\" width=\"320\" \/><\/a><\/div>\n<ol>\n<li>Hojas de endibias<\/li>\n<li>Queso de untar<\/li>\n<li>Dados de quesos de sabores distintos<\/li>\n<li>Nueces peladas<\/li>\n<li>Aceitunas negras<\/li>\n<li>Aceite de oliva virge<\/li>\n<li>Vinagre de m\u00f3dena<\/li>\n<li>Suced\u00e1neo de caviar de salm\u00f3n<\/li>\n<li>Pimienta negra<\/li>\n<li>Sal<\/li>\n<\/ol>\n<div class=\"separator\" style=\"clear: both; text-align: center;\">\n<a href=\"http:\/\/1.bp.blogspot.com\/-21mLkLkrcLw\/VbSpgeUPmoI\/AAAAAAAAbl8\/WP7-NjlGbz4\/s1600\/unnamed%2B%25281%2529.jpg\" imageanchor=\"1\" style=\"margin-left: 1em; margin-right: 1em;\"><img decoding=\"async\" loading=\"lazy\" border=\"0\" height=\"239\" src=\"https:\/\/elcalaixetdelaiaia.es\/wp-content\/uploads\/2015\/07\/unnamed28129.jpg\" width=\"320\" \/><\/a><\/div>\n<div style=\"text-align: center;\">\n<\/div>\n<div style=\"text-align: center;\">\nLavamos u secamos bien las hojas de endivia, y untamos con queso crema, si quer\u00e9is un acabado mas profesional pod\u00e9is hacerlo colocando el queso en una manga pastelera, que queda con una presentaci\u00f3n mas bonita.<\/div>\n<div style=\"text-align: center;\">\n<\/div>\n<div class=\"separator\" style=\"clear: both; text-align: center;\">\n<a href=\"http:\/\/4.bp.blogspot.com\/-NkM7SoPrhIA\/VbSpgUeNhbI\/AAAAAAAAbl4\/isGc5CmoxLg\/s1600\/unnamed%2B%25282%2529.jpg\" imageanchor=\"1\" style=\"margin-left: 1em; margin-right: 1em;\"><img decoding=\"async\" loading=\"lazy\" border=\"0\" height=\"239\" src=\"https:\/\/elcalaixetdelaiaia.es\/wp-content\/uploads\/2015\/07\/unnamed28229.jpg\" width=\"320\" \/><\/a><\/div>\n<div class=\"separator\" style=\"clear: both; text-align: center;\">\n<\/div>\n<div style=\"text-align: center;\">\n<\/div>\n<div style=\"text-align: center;\">\nA\u00f1adimos las nueces, los quesos de sabores, las olivas negras<\/div>\n<div style=\"text-align: center;\">\n<\/div>\n<div class=\"separator\" style=\"clear: both; text-align: center;\">\n<a href=\"http:\/\/2.bp.blogspot.com\/-S_Po_2JUwdc\/VbSphMv15sI\/AAAAAAAAblw\/N0iZxFHbqe4\/s1600\/unnamed%2B%25288%2529.jpg\" imageanchor=\"1\" style=\"margin-left: 1em; margin-right: 1em;\"><img decoding=\"async\" loading=\"lazy\" border=\"0\" height=\"240\" src=\"https:\/\/elcalaixetdelaiaia.es\/wp-content\/uploads\/2015\/07\/unnamed28829.jpg\" width=\"320\" \/><\/a><\/div>\n<div style=\"text-align: center;\">\n<\/div>\n<p><\/p>\n<div style=\"text-align: center;\">\ny el suced\u00e1neo de caviar de salm\u00f3n<\/div>\n<div style=\"text-align: center;\">\n<\/div>\n<div class=\"separator\" style=\"clear: both; text-align: center;\">\n<a href=\"http:\/\/4.bp.blogspot.com\/-gR1ydjaT6go\/VbSpgQzVo3I\/AAAAAAAAblo\/Z6rvU0yrTeo\/s1600\/unnamed%2B%25284%2529.jpg\" imageanchor=\"1\" style=\"margin-left: 1em; margin-right: 1em;\"><img decoding=\"async\" loading=\"lazy\" border=\"0\" height=\"249\" src=\"https:\/\/elcalaixetdelaiaia.es\/wp-content\/uploads\/2015\/07\/unnamed28429.jpg\" width=\"320\" \/><\/a><\/div>\n<div style=\"text-align: center;\">\n<\/div>\n<div style=\"text-align: center;\">\nAceite de oliva, vinagre de m\u00f3dena pimienta negra y sal flor.<\/div>\n<div class=\"separator\" style=\"clear: both; text-align: center;\">\n<a href=\"http:\/\/3.bp.blogspot.com\/-eJdqds4iZz0\/VbSpg0n950I\/AAAAAAAAbmA\/gEtqdkKU6zg\/s1600\/unnamed%2B%25286%2529.jpg\" imageanchor=\"1\" style=\"margin-left: 1em; margin-right: 1em;\"><img decoding=\"async\" loading=\"lazy\" border=\"0\" height=\"239\" src=\"https:\/\/elcalaixetdelaiaia.es\/wp-content\/uploads\/2015\/07\/unnamed28629.jpg\" width=\"320\" \/><\/a><\/div>\n<div style=\"text-align: center;\">\n<\/div>\n<div style=\"text-align: center;\">\n\u00abA la taula i &#8230;.BON PROFIT!!!\u00bb<\/div>\n<p>Pinchando en cada foto podr\u00e1s verla en tama\u00f1o grande, y si te gusta \u00e9sta receta, punt\u00faala con g+1, as\u00ed mucha gente podr\u00e1 disfrutar de ella. Graciaaaaas..<\/p><\/div>\n","protected":false},"excerpt":{"rendered":"<p>\u00abRefrany; La endivieta va mal, sense oli, vinagre, pebre i sal. La endivia va mal sin aceite, vinagre, pimienta y sal. Seguimos con ensaladas, hoy de endivias. Las endibias(se puede escribir con b o con seg\u00fan la variedad de lechuga) son una estupenda fuente de vitaminas, minerales y sustancias de &hellip; <\/p>\n","protected":false},"author":2,"featured_media":7564,"comment_status":"open","ping_status":"open","sticky":false,"template":"","format":"standard","meta":[],"categories":[67,1,58],"tags":[],"_links":{"self":[{"href":"https:\/\/elcalaixetdelaiaia.es\/index.php?rest_route=\/wp\/v2\/posts\/586"}],"collection":[{"href":"https:\/\/elcalaixetdelaiaia.es\/index.php?rest_route=\/wp\/v2\/posts"}],"about":[{"href":"https:\/\/elcalaixetdelaiaia.es\/index.php?rest_route=\/wp\/v2\/types\/post"}],"author":[{"embeddable":true,"href":"https:\/\/elcalaixetdelaiaia.es\/index.php?rest_route=\/wp\/v2\/users\/2"}],"replies":[{"embeddable":true,"href":"https:\/\/elcalaixetdelaiaia.es\/index.php?rest_route=%2Fwp%2Fv2%2Fcomments&post=586"}],"version-history":[{"count":1,"href":"https:\/\/elcalaixetdelaiaia.es\/index.php?rest_route=\/wp\/v2\/posts\/586\/revisions"}],"predecessor-version":[{"id":7571,"href":"https:\/\/elcalaixetdelaiaia.es\/index.php?rest_route=\/wp\/v2\/posts\/586\/revisions\/7571"}],"wp:featuredmedia":[{"embeddable":true,"href":"https:\/\/elcalaixetdelaiaia.es\/index.php?rest_route=\/wp\/v2\/media\/7564"}],"wp:attachment":[{"href":"https:\/\/elcalaixetdelaiaia.es\/index.php?rest_route=%2Fwp%2Fv2%2Fmedia&parent=586"}],"wp:term":[{"taxonomy":"category","embeddable":true,"href":"https:\/\/elcalaixetdelaiaia.es\/index.php?rest_route=%2Fwp%2Fv2%2Fcategories&post=586"},{"taxonomy":"post_tag","embeddable":true,"href":"https:\/\/elcalaixetdelaiaia.es\/index.php?rest_route=%2Fwp%2Fv2%2Ftags&post=586"}],"curies":[{"name":"wp","href":"https:\/\/api.w.org\/{rel}","templated":true}]}}