{"id":583,"date":"2015-07-28T07:34:00","date_gmt":"2015-07-28T07:34:00","guid":{"rendered":"http:\/\/elcalaixetdelaiaia.es\/ensalada-de-pasta-con-atun-y-salsa-de"},"modified":"2023-07-17T19:43:49","modified_gmt":"2023-07-17T19:43:49","slug":"ensalada-de-pasta-con-atun-y-salsa-de","status":"publish","type":"post","link":"https:\/\/elcalaixetdelaiaia.es\/?p=583","title":{"rendered":"Ensalada de pasta con at\u00fan y salsa de anchoas paso a paso"},"content":{"rendered":"<p>\u00abRefrany;<br \/>\nSi sopes anxoves&#8230;de matinada no plores\u00bb Ni cenas anchoas&#8230;de madrugada no llores.<\/p>\n<p>Pues por si acaso, \u00e9sta noche , vasito de agua en la mesita de noche, ya que cenaremos anchoas aunque sea en salsita para \u00e9sta ensalada que est\u00e1 muy rica.<\/p>\n<div style=\"text-align: center;\"><a style=\"margin-left: 1em; margin-right: 1em;\" href=\"https:\/\/lh3.googleusercontent.com\/-HNUJklNxf98\/VbYSiKvpTqI\/AAAAAAAAbqw\/fT7tkIU3Uos\/s640\/blogger-image--550674270.jpg\"><img decoding=\"async\" loading=\"lazy\" class=\"\" src=\"http:\/\/lh3.googleusercontent.com\/-HNUJklNxf98\/VbYSiKvpTqI\/AAAAAAAAbqw\/fT7tkIU3Uos\/s400\/blogger-image--550674270.jpg\" width=\"535\" height=\"405\" border=\"0\" \/><\/a><\/div>\n<p>Una noche mas, ensalada para cenar, me la dejo preparada en el frigo a medio d\u00eda y cuando subimos del paseo nocturno, entra fresquita de maravilla.<\/p>\n<p>Necesitaremos para tres comensales;<\/p>\n<div class=\"separator\" style=\"clear: both; text-align: center;\"><a style=\"margin-left: 1em; margin-right: 1em;\" href=\"http:\/\/3.bp.blogspot.com\/-oOkpel--G_w\/Vbcogg508zI\/AAAAAAAAbvo\/L1ikKQdeRlY\/s1600\/unnamed%2B%25289%2529.jpg\"><img decoding=\"async\" loading=\"lazy\" class=\"\" src=\"https:\/\/elcalaixetdelaiaia.es\/wp-content\/uploads\/2015\/07\/unnamed28929.jpg\" width=\"507\" height=\"380\" border=\"0\" \/><\/a><\/div>\n<ol>\n<li>300 gr. de h\u00e9lices Gallo<\/li>\n<li>Una pastilla de Avecrem pollo<\/li>\n<li>Dos latas de at\u00fan<\/li>\n<li>Media lata de ma\u00edz dulce<\/li>\n<li>Queso de burgos<\/li>\n<li>Unos tomatitos cereza<\/li>\n<li>Cebollino fresco<\/li>\n<li>Media cebolla tierna<\/li>\n<\/ol>\n<div>Para la salsa;<\/div>\n<div>\n<ol>\n<li>Tres cucharadas bien colmadas de mayonesa<\/li>\n<li>Una latita de anchoas<\/li>\n<li>Una cucharada de vinagre de m\u00f3dena<\/li>\n<li>Una cucharada de aceite de oliva virgen<\/li>\n<\/ol>\n<\/div>\n<div style=\"text-align: center;\"><img decoding=\"async\" loading=\"lazy\" class=\"\" src=\"http:\/\/lh3.googleusercontent.com\/-sYM9m_G7ceY\/VbYQOIdHjhI\/AAAAAAAAboc\/En9z7xi2rz8\/s400\/blogger-image-1723481860.jpg\" width=\"589\" height=\"442\" border=\"0\" \/><\/div>\n<div style=\"text-align: center;\"><\/div>\n<div style=\"text-align: center;\">Comenzaremos preparando la pasta como indica el fabricante para que de tiempo a enfriarse. A\u00f1ado al agua una pastilla de Avecrem pollo,pero si prefer\u00eds pod\u00e9is usar solo sal, la pasta me gusta Gallo y siempre la preparo al dente<\/div>\n<div><\/div>\n<div style=\"text-align: center;\"><a style=\"margin-left: 1em; margin-right: 1em;\" href=\"http:\/\/1.bp.blogspot.com\/-oLaMPtBFIrQ\/Vbcofl3rzUI\/AAAAAAAAbvs\/RwZ93o2R_FQ\/s1600\/unnamed%2B%252810%2529.jpg\"><img decoding=\"async\" loading=\"lazy\" class=\"\" src=\"https:\/\/elcalaixetdelaiaia.es\/wp-content\/uploads\/2015\/07\/unnamed281029.jpg\" width=\"547\" height=\"410\" border=\"0\" \/><\/a><\/div>\n<div style=\"text-align: center;\"><\/div>\n<div style=\"text-align: center;\">Prepararemos la salsa partiendo de una mayonesa, si no ten\u00e9is preparada, necesit\u00e1is un huevo entero y 200ml de aceite. Ponemos tres cucharadas soperas en un recipiente para batir y<\/div>\n<div style=\"text-align: center;\"><\/div>\n<div class=\"separator\" style=\"clear: both; text-align: center;\"><a style=\"margin-left: 1em; margin-right: 1em;\" href=\"http:\/\/1.bp.blogspot.com\/-lpl3B_WtMHM\/VbcofvuGGsI\/AAAAAAAAbv0\/tEdkg7zAceA\/s1600\/unnamed%2B%252811%2529.jpg\"><img decoding=\"async\" loading=\"lazy\" class=\"\" src=\"https:\/\/elcalaixetdelaiaia.es\/wp-content\/uploads\/2015\/07\/unnamed281129.jpg\" width=\"513\" height=\"385\" border=\"0\" \/><\/a><\/div>\n<div style=\"text-align: center;\"><\/div>\n<div style=\"text-align: center;\">a\u00f1adimos la lata de sardinas con su aceite, un chorrito de vinagre de m\u00f3dena<\/div>\n<div><\/div>\n<div style=\"text-align: center;\"><a style=\"margin-left: 1em; margin-right: 1em;\" href=\"http:\/\/3.bp.blogspot.com\/-wY_5NcVH4qc\/VbcofuiS0EI\/AAAAAAAAbvg\/KEG7FVxDdOA\/s1600\/unnamed%2B%252812%2529.jpg\"><img decoding=\"async\" loading=\"lazy\" class=\"\" src=\"https:\/\/elcalaixetdelaiaia.es\/wp-content\/uploads\/2015\/07\/unnamed281229.jpg\" width=\"511\" height=\"383\" border=\"0\" \/><\/a><\/div>\n<div style=\"text-align: center;\"><\/div>\n<div style=\"text-align: center;\">y un chorrito de aceite de oliva virgen, batimos muy bien hasta que quede una crema<\/div>\n<div><\/div>\n<div class=\"separator\" style=\"clear: both; text-align: center;\"><a style=\"margin-left: 1em; margin-right: 1em;\" href=\"http:\/\/1.bp.blogspot.com\/-WKGJv9bw46I\/VbcogJHhH2I\/AAAAAAAAbvk\/EGR356vdeMM\/s1600\/unnamed%2B%252813%2529.jpg\"><img decoding=\"async\" loading=\"lazy\" class=\"\" src=\"https:\/\/elcalaixetdelaiaia.es\/wp-content\/uploads\/2015\/07\/unnamed281329.jpg\" width=\"528\" height=\"396\" border=\"0\" \/><\/a><\/div>\n<div style=\"text-align: center;\"><\/div>\n<div style=\"text-align: center;\">limpiamos y troceamos los tomatitos , la cebolleta y tambi\u00e9n el queso de Burgos<\/div>\n<div><\/div>\n<div class=\"separator\" style=\"clear: both; text-align: center;\"><a style=\"margin-left: 1em; margin-right: 1em;\" href=\"https:\/\/lh3.googleusercontent.com\/-6BwrjSNOh6k\/VbYQI_iAWKI\/AAAAAAAAboM\/rM-cf6vy9eg\/s640\/blogger-image-824142299.jpg\"><img decoding=\"async\" loading=\"lazy\" class=\"\" src=\"http:\/\/lh3.googleusercontent.com\/-6BwrjSNOh6k\/VbYQI_iAWKI\/AAAAAAAAboM\/rM-cf6vy9eg\/s400\/blogger-image-824142299.jpg\" width=\"531\" height=\"398\" border=\"0\" \/><\/a><\/div>\n<div><\/div>\n<div style=\"text-align: center;\">a la pasta ya fr\u00eda a\u00f1afimos el at\u00fan, el maiz enjuagado y escurrido<\/div>\n<div><\/div>\n<div class=\"separator\" style=\"clear: both; text-align: center;\"><a style=\"margin-left: 1em; margin-right: 1em;\" href=\"https:\/\/lh3.googleusercontent.com\/-BxPeBwr2S6c\/VbYQLsDzACI\/AAAAAAAAboU\/jUN6WwJOuSU\/s640\/blogger-image-1102934371.jpg\"><img decoding=\"async\" loading=\"lazy\" class=\"\" src=\"http:\/\/lh3.googleusercontent.com\/-BxPeBwr2S6c\/VbYQLsDzACI\/AAAAAAAAboU\/jUN6WwJOuSU\/s400\/blogger-image-1102934371.jpg\" width=\"528\" height=\"396\" border=\"0\" \/><\/a><\/div>\n<div class=\"separator\" style=\"clear: both; text-align: center;\"><\/div>\n<div class=\"separator\" style=\"clear: both; text-align: center;\">los tomatitos cereza, la cebolleta, el queso y ali\u00f1amos con la salsa<\/div>\n<div><\/div>\n<div class=\"separator\" style=\"clear: both; text-align: center;\"><a style=\"margin-left: 1em; margin-right: 1em;\" href=\"https:\/\/lh3.googleusercontent.com\/-CLm0QUPGO-A\/VbYQVw-cwxI\/AAAAAAAAbos\/m3C6yQ4sV88\/s640\/blogger-image--934320883.jpg\"><img decoding=\"async\" loading=\"lazy\" class=\"\" src=\"http:\/\/lh3.googleusercontent.com\/-CLm0QUPGO-A\/VbYQVw-cwxI\/AAAAAAAAbos\/m3C6yQ4sV88\/s400\/blogger-image--934320883.jpg\" width=\"518\" height=\"388\" border=\"0\" \/><\/a><\/div>\n<div style=\"text-align: center;\"><\/div>\n<div style=\"text-align: center;\">molemos pimienta y sal<\/div>\n<div><\/div>\n<div class=\"separator\" style=\"clear: both; text-align: center;\"><a style=\"margin-left: 1em; margin-right: 1em;\" href=\"https:\/\/lh3.googleusercontent.com\/-4etK65bay8c\/VbYQRxpaZQI\/AAAAAAAAbok\/vy_TqztxKBA\/s640\/blogger-image--1620706663.jpg\"><img decoding=\"async\" loading=\"lazy\" class=\"\" src=\"http:\/\/lh3.googleusercontent.com\/-4etK65bay8c\/VbYQRxpaZQI\/AAAAAAAAbok\/vy_TqztxKBA\/s400\/blogger-image--1620706663.jpg\" width=\"516\" height=\"387\" border=\"0\" \/><\/a><\/div>\n<div><\/div>\n<div style=\"text-align: center;\">y troceamos cebollino fresco<\/div>\n<div><\/div>\n<div class=\"separator\" style=\"clear: both; text-align: center;\"><a style=\"margin-left: 1em; margin-right: 1em;\" href=\"https:\/\/lh3.googleusercontent.com\/-YAKJk4ncxAg\/VbYSm8Crt6I\/AAAAAAAAbrA\/EaTmZR4hOoM\/s640\/blogger-image-781470484.jpg\"><img decoding=\"async\" loading=\"lazy\" class=\"\" src=\"http:\/\/lh3.googleusercontent.com\/-YAKJk4ncxAg\/VbYSm8Crt6I\/AAAAAAAAbrA\/EaTmZR4hOoM\/s400\/blogger-image-781470484.jpg\" width=\"510\" height=\"383\" border=\"0\" \/><\/a><\/div>\n<div><\/div>\n<div style=\"text-align: center;\">Removemos y al frigo para que coja frescor<\/div>\n<div><\/div>\n<div class=\"separator\" style=\"clear: both; text-align: center;\"><a style=\"margin-left: 1em; margin-right: 1em;\" href=\"https:\/\/lh3.googleusercontent.com\/-Ky-Ygne5P48\/VbYSknH2XJI\/AAAAAAAAbq4\/ZD26XBTa1Yc\/s640\/blogger-image--1226861343.jpg\"><img decoding=\"async\" loading=\"lazy\" class=\"\" src=\"http:\/\/lh3.googleusercontent.com\/-Ky-Ygne5P48\/VbYSknH2XJI\/AAAAAAAAbq4\/ZD26XBTa1Yc\/s400\/blogger-image--1226861343.jpg\" width=\"495\" height=\"371\" border=\"0\" \/><\/a><\/div>\n<div><\/div>\n<div style=\"text-align: center;\">En un taper se mantiene de maravilla de un d\u00eda para otro<\/div>\n<div><\/div>\n<div class=\"separator\" style=\"clear: both; text-align: center;\"><a style=\"margin-left: 1em; margin-right: 1em;\" href=\"https:\/\/lh3.googleusercontent.com\/-HNUJklNxf98\/VbYSiKvpTqI\/AAAAAAAAbqw\/fT7tkIU3Uos\/s640\/blogger-image--550674270.jpg\"><img decoding=\"async\" loading=\"lazy\" class=\"\" src=\"http:\/\/lh3.googleusercontent.com\/-HNUJklNxf98\/VbYSiKvpTqI\/AAAAAAAAbqw\/fT7tkIU3Uos\/s400\/blogger-image--550674270.jpg\" width=\"495\" height=\"375\" border=\"0\" \/><\/a><\/div>\n<div class=\"separator\" style=\"clear: both; text-align: center;\"><\/div>\n<div class=\"separator\" style=\"clear: both; text-align: center;\">\u00abA la taula i&#8230; BON PROFIT!!!<\/div>\n<div class=\"separator\" style=\"clear: both; text-align: center;\">\n<p>Si te gusta \u00e9sta receta, y quieres, comp\u00e1rtela, as\u00ed mucha gente podr\u00e1 disfrutar de ella. Recuerda que tambi\u00e9n estoy en Facebook<\/p>\n<p>https:\/\/www.facebook.com\/El-calaixet-de-la-iaia-533062140099386\/<\/p>\n<p>y que tus comentarios son muy importantes para mi \u00a1Gracias!<\/p>\n<p>Graciaaaaas.<\/p>\n<\/div>\n","protected":false},"excerpt":{"rendered":"<p>\u00abRefrany; Si sopes anxoves&#8230;de matinada no plores\u00bb Ni cenas anchoas&#8230;de madrugada no llores. Pues por si acaso, \u00e9sta noche , vasito de agua en la mesita de noche, ya que cenaremos anchoas aunque sea en salsita para \u00e9sta ensalada que est\u00e1 muy rica. Una noche mas, ensalada para cenar, me &hellip; <\/p>\n","protected":false},"author":2,"featured_media":7559,"comment_status":"open","ping_status":"open","sticky":false,"template":"","format":"standard","meta":[],"categories":[129,14,37,1],"tags":[],"_links":{"self":[{"href":"https:\/\/elcalaixetdelaiaia.es\/index.php?rest_route=\/wp\/v2\/posts\/583"}],"collection":[{"href":"https:\/\/elcalaixetdelaiaia.es\/index.php?rest_route=\/wp\/v2\/posts"}],"about":[{"href":"https:\/\/elcalaixetdelaiaia.es\/index.php?rest_route=\/wp\/v2\/types\/post"}],"author":[{"embeddable":true,"href":"https:\/\/elcalaixetdelaiaia.es\/index.php?rest_route=\/wp\/v2\/users\/2"}],"replies":[{"embeddable":true,"href":"https:\/\/elcalaixetdelaiaia.es\/index.php?rest_route=%2Fwp%2Fv2%2Fcomments&post=583"}],"version-history":[{"count":5,"href":"https:\/\/elcalaixetdelaiaia.es\/index.php?rest_route=\/wp\/v2\/posts\/583\/revisions"}],"predecessor-version":[{"id":25551,"href":"https:\/\/elcalaixetdelaiaia.es\/index.php?rest_route=\/wp\/v2\/posts\/583\/revisions\/25551"}],"wp:featuredmedia":[{"embeddable":true,"href":"https:\/\/elcalaixetdelaiaia.es\/index.php?rest_route=\/wp\/v2\/media\/7559"}],"wp:attachment":[{"href":"https:\/\/elcalaixetdelaiaia.es\/index.php?rest_route=%2Fwp%2Fv2%2Fmedia&parent=583"}],"wp:term":[{"taxonomy":"category","embeddable":true,"href":"https:\/\/elcalaixetdelaiaia.es\/index.php?rest_route=%2Fwp%2Fv2%2Fcategories&post=583"},{"taxonomy":"post_tag","embeddable":true,"href":"https:\/\/elcalaixetdelaiaia.es\/index.php?rest_route=%2Fwp%2Fv2%2Ftags&post=583"}],"curies":[{"name":"wp","href":"https:\/\/api.w.org\/{rel}","templated":true}]}}