{"id":576,"date":"2015-08-03T08:19:00","date_gmt":"2015-08-03T08:19:00","guid":{"rendered":"http:\/\/elcalaixetdelaiaia.es\/ensalada-de-patata-de-la-iaia-paso-paso"},"modified":"2023-06-30T13:54:56","modified_gmt":"2023-06-30T13:54:56","slug":"ensalada-de-patata-de-la-iaia-paso-paso","status":"publish","type":"post","link":"https:\/\/elcalaixetdelaiaia.es\/?p=576","title":{"rendered":"Ensalada de verano de patata de la iaia paso a paso foto a foto"},"content":{"rendered":"<p>\u00abRefrany;<br \/>\nNi a l&#8217;agost caminar, ni al desembre navegar\u00bb Ni en agosto caminar, ni en Diciembre navegar.<\/p>\n<p>\u00bfCuantas veces le o\u00ed decir \u00e9sto a mi aiaia?&#8230; he perdido la cuenta.<\/p>\n<p>Hoy una receta que me regresa a mi infancia, la ensalada de patata de mi iaia Conxeta que preparaba para nuestras excursiones con el intocable del t\u00edo Pepe y el 600 de mi padre, y que mi madre met\u00eda en aquella nevera cuadrada de zinc, y forrada con skay de cuadros escoceses rojos, que se cerraba con una cremallera y ten\u00eda dos asas para transportarla y en la que met\u00eda aquellos trozos de hielos hechos en el congelador de casa, con agua que met\u00eda en unas fiambreras redondas de aluminio, tambi\u00e9n la com\u00edamos en la playa de La Patacona, con mis hermanos peque\u00f1os, cuando todav\u00eda hab\u00eda hierba sobre la arena y jugaban all\u00ed al f\u00fatbol&#8230; recuerdos, recuerdos maravillosos&#8230;<\/p>\n<div style=\"text-align: center;\"><img decoding=\"async\" loading=\"lazy\" src=\"https:\/\/lh3.googleusercontent.com\/-fVZgeDL8UCA\/Vb6Ash66ObI\/AAAAAAAAcDU\/Sg5hSGyvy6k\/s640\/blogger-image-1683348795.jpg\" width=\"640\" height=\"480\" border=\"0\" \/><\/div>\n<div><\/div>\n<div style=\"text-align: center;\">Otro d\u00eda os pondr\u00e9 la ensaladilla de mi madre, en la que hab\u00eda discusi\u00f3n porque unos quer\u00edan mayonesa Ybarra, otros Calv\u00e9 y otros casera&#8230;<\/div>\n<div style=\"text-align: center;\">Ensalada de patata de la iaia<\/div>\n<p>Necesitaremos para cuatro comensales;<\/p>\n<div style=\"text-align: center;\"><img decoding=\"async\" loading=\"lazy\" src=\"https:\/\/lh3.googleusercontent.com\/-f4-QkH9-Atg\/Vb427qmTaKI\/AAAAAAAAcBY\/L3VdE6TxbsI\/s640\/blogger-image--194482971.jpg\" width=\"640\" height=\"480\" \/><\/div>\n<ol>\n<li>Patatas<\/li>\n<li>Tomates<\/li>\n<li>Una cebolleta tierna<\/li>\n<li>At\u00fan en aceite<\/li>\n<li>Aceitunas rellenas<\/li>\n<li>Aceitunas negras<\/li>\n<li>Anchoas<\/li>\n<li>4 huevos duros<\/li>\n<\/ol>\n<p>Para el ali\u00f1o;<\/p>\n<ol>\n<li>6 cucharadas superas de aceite de oliva virgen<\/li>\n<li>Dos cucharadas de vinagre de vino blanco<\/li>\n<li>Una cucharada de mostaza<\/li>\n<li>Dos cucharadas de miel<\/li>\n<li>Una pizca de sal<\/li>\n<\/ol>\n<p>Por descontado que \u00e9ste ali\u00f1o es un aporte m\u00edo a la ensalada, ya que tanto mi iaia como mi madre, solo le pon\u00edan aceite, vinagre y sal<\/p>\n<div style=\"text-align: center;\"><a style=\"margin-left: 1em; margin-right: 1em;\" href=\"https:\/\/lh3.googleusercontent.com\/-QXCchDqk7rQ\/Vb424DSOBkI\/AAAAAAAAcBQ\/ZKz_jKGt8EM\/s640\/blogger-image--1376956073.jpg\"><img decoding=\"async\" loading=\"lazy\" src=\"https:\/\/lh3.googleusercontent.com\/-QXCchDqk7rQ\/Vb424DSOBkI\/AAAAAAAAcBQ\/ZKz_jKGt8EM\/s640\/blogger-image--1376956073.jpg\" width=\"640\" height=\"480\" border=\"0\" \/><\/a><\/div>\n<p>Comenzaremos cociendo las patatas con su piel, normalmente las hiervo, pero hoy he comprado de oferta \u00e9stas patatitas, especiales para hacer en el microondas, que estaban de oferta<\/p>\n<div style=\"text-align: center;\"><a style=\"margin-left: 1em; margin-right: 1em;\" href=\"https:\/\/lh3.googleusercontent.com\/-yeLMwkuCX6c\/Vb4z53TXrII\/AAAAAAAAcBE\/yopZpdtKQfI\/s640\/blogger-image--1641553869.jpg\"><img decoding=\"async\" loading=\"lazy\" src=\"https:\/\/lh3.googleusercontent.com\/-yeLMwkuCX6c\/Vb4z53TXrII\/AAAAAAAAcBE\/yopZpdtKQfI\/s640\/blogger-image--1641553869.jpg\" width=\"640\" height=\"480\" border=\"0\" \/><\/a><\/div>\n<div><\/div>\n<div>\n<div style=\"text-align: center;\">7 minutos de microondas y abrir la bolsa con cuidado porque \u00a1quema! y las dejamos enfriar.<\/div>\n<div style=\"text-align: center;\">Las podemos hacer hervidas en agua con sal, lav\u00e1ndolas y con la piel, que es la manera tradicional, y la que suelo hacer, siempre con la piel, pero si prob\u00e1is la cocci\u00f3n al vapor queda un sabor excelente, y es r\u00e1pido y limpio.<\/div>\n<div><\/div>\n<\/div>\n<div class=\"separator\" style=\"clear: both; text-align: center;\"><a style=\"margin-left: 1em; margin-right: 1em;\" href=\"https:\/\/lh3.googleusercontent.com\/-6dAA3VhfrCM\/Vb42-o1mhAI\/AAAAAAAAcBg\/SF-CvtG7B-s\/s640\/blogger-image-1027208628.jpg\"><img decoding=\"async\" loading=\"lazy\" src=\"https:\/\/lh3.googleusercontent.com\/-6dAA3VhfrCM\/Vb42-o1mhAI\/AAAAAAAAcBg\/SF-CvtG7B-s\/s640\/blogger-image-1027208628.jpg\" width=\"640\" height=\"480\" border=\"0\" \/><\/a><\/div>\n<div><\/div>\n<div style=\"text-align: center;\">Una vez fr\u00edas las pelamos, y troceamos<\/div>\n<div><\/div>\n<div class=\"separator\" style=\"clear: both; text-align: center;\"><a style=\"margin-left: 1em; margin-right: 1em;\" href=\"https:\/\/lh3.googleusercontent.com\/-AY6bosQkBX0\/Vb5wyHZsofI\/AAAAAAAAcCs\/Xh7cevIAJC8\/s640\/blogger-image--596202602.jpg\"><img decoding=\"async\" loading=\"lazy\" src=\"https:\/\/lh3.googleusercontent.com\/-AY6bosQkBX0\/Vb5wyHZsofI\/AAAAAAAAcCs\/Xh7cevIAJC8\/s640\/blogger-image--596202602.jpg\" width=\"640\" height=\"480\" border=\"0\" \/><\/a><\/div>\n<div><\/div>\n<div style=\"text-align: center;\">A\u00f1adimos el at\u00fan escurrido<\/div>\n<div><\/div>\n<div class=\"separator\" style=\"clear: both; text-align: center;\"><a style=\"margin-left: 1em; margin-right: 1em;\" href=\"https:\/\/lh3.googleusercontent.com\/-UDU263DnJEo\/Vb6A4t7Ei0I\/AAAAAAAAcDs\/W0Cy0fXlP5M\/s640\/blogger-image-803957721.jpg\"><img decoding=\"async\" loading=\"lazy\" src=\"https:\/\/lh3.googleusercontent.com\/-UDU263DnJEo\/Vb6A4t7Ei0I\/AAAAAAAAcDs\/W0Cy0fXlP5M\/s640\/blogger-image-803957721.jpg\" width=\"640\" height=\"480\" border=\"0\" \/><\/a><\/div>\n<div><\/div>\n<div style=\"text-align: center;\">pelamos los huevos cocidos, la cebolla<\/div>\n<div><\/div>\n<div class=\"separator\" style=\"clear: both; text-align: center;\"><a style=\"margin-left: 1em; margin-right: 1em;\" href=\"https:\/\/lh3.googleusercontent.com\/-SIqJ_QrWKMg\/Vb6BBA7ZFII\/AAAAAAAAcD8\/rFenCt_WB3E\/s640\/blogger-image-1599885779.jpg\"><img decoding=\"async\" loading=\"lazy\" src=\"https:\/\/lh3.googleusercontent.com\/-SIqJ_QrWKMg\/Vb6BBA7ZFII\/AAAAAAAAcD8\/rFenCt_WB3E\/s640\/blogger-image-1599885779.jpg\" width=\"640\" height=\"480\" border=\"0\" \/><\/a><\/div>\n<div><\/div>\n<div style=\"text-align: center;\">lo troceamos todo junto con los tomates bien lavados . Seg\u00fan temporada, si pod\u00e9is usar un tomate valenciano a ser posible del Perell\u00f2, el sabor final no tiene nada que ver si pon\u00e9is este tomate, pero bueno, tambi\u00e9n est\u00e1 rica con tomate rosa, raf, de pera, cherry, de rama, kumato, o coraz\u00f3n de buey, pero insisto, como el del Perell\u00f2 ninguno.<\/div>\n<div><\/div>\n<div class=\"separator\" style=\"clear: both; text-align: center;\"><a style=\"margin-left: 1em; margin-right: 1em;\" href=\"https:\/\/lh3.googleusercontent.com\/-uoTpnmswWcw\/Vb6BH9CER-I\/AAAAAAAAcEM\/4paINKTrbBw\/s640\/blogger-image-1440905727.jpg\"><img decoding=\"async\" loading=\"lazy\" src=\"https:\/\/lh3.googleusercontent.com\/-uoTpnmswWcw\/Vb6BH9CER-I\/AAAAAAAAcEM\/4paINKTrbBw\/s640\/blogger-image-1440905727.jpg\" width=\"640\" height=\"480\" border=\"0\" \/><\/a><\/div>\n<div><\/div>\n<div style=\"text-align: center;\">y a\u00f1adimos a la ensalada junto a las anchoas troceamos, reservando un par para el adorno final<\/div>\n<div><\/div>\n<div class=\"separator\" style=\"clear: both; text-align: center;\"><a style=\"margin-left: 1em; margin-right: 1em;\" href=\"https:\/\/lh3.googleusercontent.com\/-UI6Dg8wbKM8\/Vb6BTrap81I\/AAAAAAAAcEc\/QMnOUd6Tt44\/s640\/blogger-image--1415058843.jpg\"><img decoding=\"async\" loading=\"lazy\" src=\"https:\/\/lh3.googleusercontent.com\/-UI6Dg8wbKM8\/Vb6BTrap81I\/AAAAAAAAcEc\/QMnOUd6Tt44\/s640\/blogger-image--1415058843.jpg\" width=\"640\" height=\"480\" border=\"0\" \/><\/a><\/div>\n<div><\/div>\n<div style=\"text-align: center;\">Para preparar el ali\u00f1o ponemos en un cuenco 6 cucharadas de aceite de oliva<\/div>\n<div><\/div>\n<div class=\"separator\" style=\"clear: both; text-align: center;\"><a style=\"margin-left: 1em; margin-right: 1em;\" href=\"https:\/\/lh3.googleusercontent.com\/-Y86vcnVPjQg\/Vb6BPFlOQfI\/AAAAAAAAcEU\/QGzthTCmbIE\/s640\/blogger-image-1535135818.jpg\"><img decoding=\"async\" loading=\"lazy\" src=\"https:\/\/lh3.googleusercontent.com\/-Y86vcnVPjQg\/Vb6BPFlOQfI\/AAAAAAAAcEU\/QGzthTCmbIE\/s640\/blogger-image-1535135818.jpg\" width=\"640\" height=\"480\" border=\"0\" \/><\/a><\/div>\n<div class=\"separator\" style=\"clear: both; text-align: center;\"><\/div>\n<div style=\"text-align: center;\">\u00a02 cucharadas de vinagre de vino blanco<\/div>\n<div><\/div>\n<div class=\"separator\" style=\"clear: both; text-align: center;\"><a style=\"margin-left: 1em; margin-right: 1em;\" href=\"https:\/\/lh3.googleusercontent.com\/-Ki4JE1FGDFk\/Vb5F4ZDtjUI\/AAAAAAAAcCM\/1fjm7w4rVdM\/s640\/blogger-image-261347683.jpg\"><img decoding=\"async\" loading=\"lazy\" src=\"https:\/\/lh3.googleusercontent.com\/-Ki4JE1FGDFk\/Vb5F4ZDtjUI\/AAAAAAAAcCM\/1fjm7w4rVdM\/s640\/blogger-image-261347683.jpg\" width=\"640\" height=\"480\" border=\"0\" \/><\/a><\/div>\n<div class=\"separator\" style=\"clear: both; text-align: center;\"><\/div>\n<div style=\"text-align: center;\">\u00a01 cucharada de mostaza<\/div>\n<div><\/div>\n<div class=\"separator\" style=\"clear: both; text-align: center;\"><a style=\"margin-left: 1em; margin-right: 1em;\" href=\"https:\/\/lh3.googleusercontent.com\/-OUVgoeYkzKQ\/Vb6Ay5yKmSI\/AAAAAAAAcDk\/pZofE5LPdBU\/s640\/blogger-image-218549224.jpg\"><img decoding=\"async\" loading=\"lazy\" src=\"https:\/\/lh3.googleusercontent.com\/-OUVgoeYkzKQ\/Vb6Ay5yKmSI\/AAAAAAAAcDk\/pZofE5LPdBU\/s640\/blogger-image-218549224.jpg\" width=\"640\" height=\"480\" border=\"0\" \/><\/a><\/div>\n<div class=\"separator\" style=\"clear: both; text-align: center;\"><\/div>\n<div class=\"separator\" style=\"clear: both; text-align: center;\">2 cucharadas de miel<\/div>\n<div class=\"separator\" style=\"clear: both; text-align: center;\"><\/div>\n<div class=\"separator\" style=\"clear: both; text-align: center;\"><a style=\"margin-left: 1em; margin-right: 1em;\" href=\"https:\/\/lh3.googleusercontent.com\/-sr3P5W3F1_k\/Vb5wsyDfXkI\/AAAAAAAAcCk\/K2xXPeZPjmY\/s640\/blogger-image-1908960764.jpg\"><img decoding=\"async\" loading=\"lazy\" src=\"https:\/\/lh3.googleusercontent.com\/-sr3P5W3F1_k\/Vb5wsyDfXkI\/AAAAAAAAcCk\/K2xXPeZPjmY\/s640\/blogger-image-1908960764.jpg\" width=\"640\" height=\"480\" border=\"0\" \/><\/a><\/div>\n<div class=\"separator\" style=\"clear: both; text-align: center;\"><\/div>\n<div class=\"separator\" style=\"clear: both; text-align: center;\">y una pizca de sal<\/div>\n<div class=\"separator\" style=\"clear: both; text-align: center;\"><\/div>\n<div class=\"separator\" style=\"clear: both; text-align: center;\"><a style=\"margin-left: 1em; margin-right: 1em;\" href=\"https:\/\/lh3.googleusercontent.com\/-_ZzRcQp3yRw\/Vb5w6c9JPTI\/AAAAAAAAcC8\/olWvYXnyF5I\/s640\/blogger-image--1772471913.jpg\"><img decoding=\"async\" loading=\"lazy\" src=\"https:\/\/lh3.googleusercontent.com\/-_ZzRcQp3yRw\/Vb5w6c9JPTI\/AAAAAAAAcC8\/olWvYXnyF5I\/s640\/blogger-image--1772471913.jpg\" width=\"640\" height=\"480\" border=\"0\" \/><\/a><\/div>\n<div style=\"text-align: center;\"><\/div>\n<div style=\"text-align: center;\">.Mezclaremos todo bien con un batidor de varillas o un tenedor<\/div>\n<div><\/div>\n<div class=\"separator\" style=\"clear: both; text-align: center;\"><a style=\"margin-left: 1em; margin-right: 1em;\" href=\"https:\/\/lh3.googleusercontent.com\/-wp15IrjHHE0\/Vb4_46OT7tI\/AAAAAAAAcB8\/DYhdZTV_CaM\/s640\/blogger-image--2018613817.jpg\"><img decoding=\"async\" loading=\"lazy\" src=\"https:\/\/lh3.googleusercontent.com\/-wp15IrjHHE0\/Vb4_46OT7tI\/AAAAAAAAcB8\/DYhdZTV_CaM\/s640\/blogger-image--2018613817.jpg\" width=\"480\" height=\"640\" border=\"0\" \/><\/a><\/div>\n<div style=\"text-align: center;\"><\/div>\n<div style=\"text-align: center;\">Suelo tener una botellita vac\u00eda en la que vuelco la mezcla<\/div>\n<div><\/div>\n<div class=\"separator\" style=\"clear: both; text-align: center;\"><a style=\"margin-left: 1em; margin-right: 1em;\" href=\"https:\/\/lh3.googleusercontent.com\/-YUUhmsdL1H8\/Vb6AvwlF6ZI\/AAAAAAAAcDc\/Xuq_JF0iTz0\/s640\/blogger-image-1176654763.jpg\"><img decoding=\"async\" loading=\"lazy\" src=\"https:\/\/lh3.googleusercontent.com\/-YUUhmsdL1H8\/Vb6AvwlF6ZI\/AAAAAAAAcDc\/Xuq_JF0iTz0\/s640\/blogger-image-1176654763.jpg\" width=\"480\" height=\"640\" border=\"0\" \/><\/a><\/div>\n<div style=\"text-align: center;\"><\/div>\n<div style=\"text-align: center;\">y se bate muy bien para integrar todos los sabores y emulsionar la salsa. Podemos poner el doble de ingredientes y en el frigo ya tenemos la salsa lista para la siguiente ensalada<\/div>\n<div><\/div>\n<div class=\"separator\" style=\"clear: both; text-align: center;\"><a style=\"margin-left: 1em; margin-right: 1em;\" href=\"https:\/\/lh3.googleusercontent.com\/-oNYvswS_fTE\/Vb5F7RkyEvI\/AAAAAAAAcCU\/udYcNrLGuEE\/s640\/blogger-image-54726731.jpg\"><img decoding=\"async\" loading=\"lazy\" src=\"https:\/\/lh3.googleusercontent.com\/-oNYvswS_fTE\/Vb5F7RkyEvI\/AAAAAAAAcCU\/udYcNrLGuEE\/s640\/blogger-image-54726731.jpg\" width=\"640\" height=\"480\" border=\"0\" \/><\/a><\/div>\n<div style=\"text-align: center;\"><\/div>\n<div style=\"text-align: center;\">ali\u00f1amos la ensalada con la salsa<\/div>\n<div><\/div>\n<div class=\"separator\" style=\"clear: both; text-align: center;\"><a style=\"margin-left: 1em; margin-right: 1em;\" href=\"https:\/\/lh3.googleusercontent.com\/-f8QQAfRvffo\/Vb6BELBw7xI\/AAAAAAAAcEE\/XqlpcpIgmpQ\/s640\/blogger-image--1126901696.jpg\"><img decoding=\"async\" loading=\"lazy\" src=\"https:\/\/lh3.googleusercontent.com\/-f8QQAfRvffo\/Vb6BELBw7xI\/AAAAAAAAcEE\/XqlpcpIgmpQ\/s640\/blogger-image--1126901696.jpg\" width=\"640\" height=\"480\" border=\"0\" \/><\/a><\/div>\n<div style=\"text-align: center;\"><\/div>\n<div style=\"text-align: center;\">y rectificamos de sal<\/div>\n<div><\/div>\n<div class=\"separator\" style=\"clear: both; text-align: center;\"><a style=\"margin-left: 1em; margin-right: 1em;\" href=\"https:\/\/lh3.googleusercontent.com\/-nM6r3lo_QbE\/Vb6A9XWThjI\/AAAAAAAAcD0\/LVa8ce-vqW4\/s640\/blogger-image-721288673.jpg\"><img decoding=\"async\" loading=\"lazy\" src=\"https:\/\/lh3.googleusercontent.com\/-nM6r3lo_QbE\/Vb6A9XWThjI\/AAAAAAAAcD0\/LVa8ce-vqW4\/s640\/blogger-image-721288673.jpg\" width=\"640\" height=\"480\" border=\"0\" \/><\/a><\/div>\n<div style=\"text-align: center;\"><\/div>\n<div style=\"text-align: center;\">tapamos con papel film o tapa el\u00e1stica y al frigo. Aunque hay quien dice que la patata no ha de tocar la nevera, no estoy en absoluto de acuerdo ya que \u00e9sta ensalada muy muy fresquita es deliciosa para el verano,(mi peque\u00f1o, me la pide siempreeee, le encanta)<\/div>\n<div><\/div>\n<div class=\"separator\" style=\"clear: both; text-align: center;\"><a style=\"margin-left: 1em; margin-right: 1em;\" href=\"https:\/\/lh3.googleusercontent.com\/-nd_X7iPHt0Y\/Vb48rz0MK_I\/AAAAAAAAcBw\/VWuBaRioKmg\/s640\/blogger-image--1525859127.jpg\"><img decoding=\"async\" loading=\"lazy\" src=\"https:\/\/lh3.googleusercontent.com\/-nd_X7iPHt0Y\/Vb48rz0MK_I\/AAAAAAAAcBw\/VWuBaRioKmg\/s640\/blogger-image--1525859127.jpg\" width=\"640\" height=\"480\" border=\"0\" \/><\/a><\/div>\n<div style=\"text-align: center;\"><\/div>\n<div style=\"text-align: center;\">en el momento de emplatar<\/div>\n<div><\/div>\n<div class=\"separator\" style=\"clear: both; text-align: center;\"><a style=\"margin-left: 1em; margin-right: 1em;\" href=\"https:\/\/lh3.googleusercontent.com\/-UUvlP5zAo-E\/Vb5w2fN8UtI\/AAAAAAAAcC0\/3LicfUcrvR4\/s640\/blogger-image-384004744.jpg\"><img decoding=\"async\" loading=\"lazy\" src=\"https:\/\/lh3.googleusercontent.com\/-UUvlP5zAo-E\/Vb5w2fN8UtI\/AAAAAAAAcC0\/3LicfUcrvR4\/s640\/blogger-image-384004744.jpg\" width=\"640\" height=\"480\" border=\"0\" \/><\/a><\/div>\n<div style=\"text-align: center;\"><\/div>\n<div style=\"text-align: center;\">a\u00f1adimos \u00a0el cebollino cortado y espolvoreamos con perejil fresco reci\u00e9n picado<\/div>\n<div><\/div>\n<div class=\"separator\" style=\"clear: both; text-align: center;\"><a style=\"margin-left: 1em; margin-right: 1em;\" href=\"https:\/\/lh3.googleusercontent.com\/-fVZgeDL8UCA\/Vb6Ash66ObI\/AAAAAAAAcDU\/Sg5hSGyvy6k\/s640\/blogger-image-1683348795.jpg\"><img decoding=\"async\" loading=\"lazy\" src=\"https:\/\/lh3.googleusercontent.com\/-fVZgeDL8UCA\/Vb6Ash66ObI\/AAAAAAAAcDU\/Sg5hSGyvy6k\/s640\/blogger-image-1683348795.jpg\" width=\"640\" height=\"480\" border=\"0\" \/><\/a><\/div>\n<div style=\"text-align: center;\"><\/div>\n<div style=\"text-align: center;\">En cuanto en casa preparo \u00a0\u00e9sta ensalada que comimos o cenamos tantas veces en el porche de la caseta de La Patacona, mirando al mar, (entre semana, porque los fines de semana tocaba siempre paella o fideu\u00e1 hecha a la le\u00f1a), y me parece que veo a mi madre, sentada bajo la sombra de la palmera en el corral, entre buganvillas, jazmineros, rosales, margaritas, lirios, violetas, baladres, hortensias, pensamientos, y el naranjo y limonero, quitando la piel a las patatas, o cortando siempre con sus manos, la bajoqueta para la paella, con su dulce sonrisa y con sus deditos deformados y artr\u00f3sicos (a los que los m\u00edos, se parecen cada vez mas), es como el anuncio de que llega el verano. Promesa de diversi\u00f3n alegr\u00eda y fiestas familiares, tardes interminables, en primera linea el mar, refrescando con su brisa nuestras charlas, nuestros juegos y los de nuestros ni\u00f1os, en la orilla del mar, y a los que vigil\u00e1bamos desde el porche, y risas&#8230;\u00a0 siempre muuuchas risas\u00a0\u00a0 !!!felicidad!!!<\/div>\n<div><\/div>\n<div class=\"separator\" style=\"clear: both; text-align: center;\"><a style=\"margin-left: 1em; margin-right: 1em;\" href=\"https:\/\/lh3.googleusercontent.com\/-0aCeRwmbpQc\/Vb6BW-fMscI\/AAAAAAAAcEk\/u8dO7ofRmzY\/s640\/blogger-image-1073084127.jpg\"><img decoding=\"async\" loading=\"lazy\" src=\"https:\/\/lh3.googleusercontent.com\/-0aCeRwmbpQc\/Vb6BW-fMscI\/AAAAAAAAcEk\/u8dO7ofRmzY\/s640\/blogger-image-1073084127.jpg\" width=\"640\" height=\"467\" border=\"0\" \/><\/a><\/div>\n<div style=\"text-align: center;\"><\/div>\n<div style=\"text-align: center;\">\u00abA la taula i&#8230; BON PROFIT!!!<\/div>\n<div style=\"text-align: center;\">Si te gusta \u00e9sta receta, comp\u00e1rtela as\u00ed mucha gente podr\u00e1 disfrutar de ella.Recuerda que estoy en Facebook; \u00a0 https:\/\/www.facebook.com\/El-calaixet-de-la-iaia-533062140099386\/\u00a0\u00a0 Graciaaaaas.<\/div>\n<div style=\"text-align: center;\">Edito \u00e9sta entrada el d\u00eda 23\/07\/2016 para incorporar una foto que me env\u00eda mi querida amiga Lola Llorens que hoy ha preparado mi receta de Ensalada de patata de la iaia y ja tenido la amabilidad de enviarme una foto de su plato.<\/div>\n<div style=\"text-align: center;\">\n<div class=\"separator\" style=\"clear: both; text-align: center;\"><a style=\"margin-left: 1em; margin-right: 1em;\" href=\"https:\/\/4.bp.blogspot.com\/-i7TnA-x_56c\/V5PHvSxMH-I\/AAAAAAAAlyE\/njoR1TP41lUjn337l7ZS6z8Wn2-2nD41QCLcB\/s1600\/IMG_2448.PNG\"><img decoding=\"async\" loading=\"lazy\" src=\"https:\/\/elcalaixetdelaiaia.es\/wp-content\/uploads\/2015\/08\/IMG_2448.png\" width=\"640\" height=\"372\" border=\"0\" \/><\/a><\/div>\n<p>Seg\u00fan me cuenta Lola, les ha gustado mucho, cosa que me alegra sobremanera \u00a1Gracias guapa!<\/p>\n<\/div>\n<div class=\"separator\" style=\"clear: both; text-align: center;\"><\/div>\n","protected":false},"excerpt":{"rendered":"<p>\u00abRefrany; Ni a l&#8217;agost caminar, ni al desembre navegar\u00bb Ni en agosto caminar, ni en Diciembre navegar. \u00bfCuantas veces le o\u00ed decir \u00e9sto a mi aiaia?&#8230; he perdido la cuenta. Hoy una receta que me regresa a mi infancia, la ensalada de patata de mi iaia Conxeta que preparaba para &hellip; <\/p>\n","protected":false},"author":2,"featured_media":7543,"comment_status":"open","ping_status":"open","sticky":false,"template":"","format":"standard","meta":[],"categories":[129,40,1,58],"tags":[],"_links":{"self":[{"href":"https:\/\/elcalaixetdelaiaia.es\/index.php?rest_route=\/wp\/v2\/posts\/576"}],"collection":[{"href":"https:\/\/elcalaixetdelaiaia.es\/index.php?rest_route=\/wp\/v2\/posts"}],"about":[{"href":"https:\/\/elcalaixetdelaiaia.es\/index.php?rest_route=\/wp\/v2\/types\/post"}],"author":[{"embeddable":true,"href":"https:\/\/elcalaixetdelaiaia.es\/index.php?rest_route=\/wp\/v2\/users\/2"}],"replies":[{"embeddable":true,"href":"https:\/\/elcalaixetdelaiaia.es\/index.php?rest_route=%2Fwp%2Fv2%2Fcomments&post=576"}],"version-history":[{"count":21,"href":"https:\/\/elcalaixetdelaiaia.es\/index.php?rest_route=\/wp\/v2\/posts\/576\/revisions"}],"predecessor-version":[{"id":25404,"href":"https:\/\/elcalaixetdelaiaia.es\/index.php?rest_route=\/wp\/v2\/posts\/576\/revisions\/25404"}],"wp:featuredmedia":[{"embeddable":true,"href":"https:\/\/elcalaixetdelaiaia.es\/index.php?rest_route=\/wp\/v2\/media\/7543"}],"wp:attachment":[{"href":"https:\/\/elcalaixetdelaiaia.es\/index.php?rest_route=%2Fwp%2Fv2%2Fmedia&parent=576"}],"wp:term":[{"taxonomy":"category","embeddable":true,"href":"https:\/\/elcalaixetdelaiaia.es\/index.php?rest_route=%2Fwp%2Fv2%2Fcategories&post=576"},{"taxonomy":"post_tag","embeddable":true,"href":"https:\/\/elcalaixetdelaiaia.es\/index.php?rest_route=%2Fwp%2Fv2%2Ftags&post=576"}],"curies":[{"name":"wp","href":"https:\/\/api.w.org\/{rel}","templated":true}]}}