{"id":571,"date":"2015-08-15T08:00:00","date_gmt":"2015-08-15T08:00:00","guid":{"rendered":"http:\/\/elcalaixetdelaiaia.es\/gaspachos-de-pastor"},"modified":"2025-08-15T07:49:06","modified_gmt":"2025-08-15T07:49:06","slug":"gaspachos-de-pastor","status":"publish","type":"post","link":"https:\/\/elcalaixetdelaiaia.es\/?p=571","title":{"rendered":"Gaspachos de pastor paso a paso foto a foto"},"content":{"rendered":"<p>\u00bb Refrany; Dona cabuda i home cabut , matrimoni mal avingut\u00bb Mujer cabezota y hombre cabezota, matrimonio mal avenido.<\/p>\n<div style=\"text-align: center;\">Como ya os expliqu\u00e9 en las otras entradas sobre los gaSpachos, no me he confundido, lo he escrito bien gaSpachos, as\u00ed se llaman en la Sierra de Albarrac\u00edn.<br \/>\nLos de hoy son distintos a \u00e9stos\u00a0<a href=\"https:\/\/elcalaixetdelaiaia.es\/?p=1040\">https:\/\/elcalaixetdelaiaia.es\/?p=1040 \u00a0<\/a> ya que son gaspachos de pastor, aunque igualmente cocinados con las t\u00edpicas sollapas <a href=\"https:\/\/elcalaixetdelaiaia.es\/?p=1041\">https:\/\/elcalaixetdelaiaia.es\/?p=1041<\/a><\/div>\n<div style=\"text-align: center;\">\n<p><a style=\"margin-left: 1em; margin-right: 1em;\" href=\"https:\/\/elcalaixetdelaiaia.es\/wp-content\/uploads\/2015\/08\/SAM_4818-1024x768.jpg\"><img decoding=\"async\" loading=\"lazy\" class=\"aligncenter\" src=\"https:\/\/elcalaixetdelaiaia.es\/wp-content\/uploads\/2015\/08\/SAM_4818-1024x768.jpg\" width=\"320\" height=\"240\" border=\"0\" \/><\/a>La receta original es de mi cu\u00f1ado mayor, mi querido Manuel que tiene unas manos estupendas para cocinarlos, no he probado gaSpachos mas ricos que los que \u00e9l hace y por ello le demandamos nos las haga en cuanto tenemos ocasi\u00f3n. Tengo que mencionar tambi\u00e9n a su mujer, mi cu\u00f1ada Consuelo, que es un cielo de persona, y quiero a ambos, como fueran mis propios hermanos.<\/p>\n<p style=\"text-align: center;\">\u00a0Los gaSpachos, lo ideal es \u00a0guisarlos (cuidad\u00edn que en \u00e9poca de sequ\u00eda, NO SE PUEDE, NI DEBE ENCENDER FUEGO EN EL MONTE y esto es desgraciadamente, cada verano, as\u00ed que mejor, hacerlos en casa, tened esto MUY PRESENTE) y comerlos en la sierra \u00a0en mitad del monte, en cualquiera de los paelleros y merenderos habilitados para ello,<\/p>\n<div class=\"separator\" style=\"clear: both; text-align: center;\"><a style=\"margin-left: 1em; margin-right: 1em;\" href=\"https:\/\/elcalaixetdelaiaia.es\/wp-content\/uploads\/2015\/08\/gasp1-1024x768.jpg\"><img decoding=\"async\" loading=\"lazy\" src=\"https:\/\/elcalaixetdelaiaia.es\/wp-content\/uploads\/2015\/08\/gasp1-1024x768.jpg\" width=\"320\" height=\"240\" border=\"0\" \/><\/a><\/div>\n<p style=\"text-align: center;\">junto a una de las innumerables fuentes de agua fresca y clara,<\/p>\n<div class=\"separator\" style=\"clear: both; text-align: center;\"><a style=\"margin-left: 1em; margin-right: 1em;\" href=\"https:\/\/elcalaixetdelaiaia.es\/wp-content\/uploads\/2015\/08\/gasp6-1024x768.jpg\"><img decoding=\"async\" loading=\"lazy\" src=\"https:\/\/elcalaixetdelaiaia.es\/wp-content\/uploads\/2015\/08\/gasp6-1024x768.jpg\" width=\"320\" height=\"240\" border=\"0\" \/><\/a><\/div>\n<p style=\"text-align: center;\">\u00a0con el maravilloso sonido del las ramas de pino que parecen querer tocar el cielo y mecidas por el fresco viento.<\/p>\n<div class=\"separator\" style=\"clear: both; text-align: center;\"><a style=\"margin-left: 1em; margin-right: 1em;\" href=\"https:\/\/elcalaixetdelaiaia.es\/wp-content\/uploads\/2015\/08\/gasp-1024x682.jpg\"><img decoding=\"async\" loading=\"lazy\" src=\"https:\/\/elcalaixetdelaiaia.es\/wp-content\/uploads\/2015\/08\/gasp-1024x682.jpg\" width=\"320\" height=\"213\" border=\"0\" \/><\/a><\/div>\n<p style=\"text-align: center;\">\u00a0Que precioso es la sierra de Albarrac\u00edn y el pueblo de marido, donde el cielo es mas azul,<\/p>\n<div class=\"separator\" style=\"clear: both; text-align: center;\"><a style=\"margin-left: 1em; margin-right: 1em;\" href=\"https:\/\/elcalaixetdelaiaia.es\/wp-content\/uploads\/2015\/08\/gasp2-768x1024.jpg\"><img decoding=\"async\" loading=\"lazy\" src=\"https:\/\/elcalaixetdelaiaia.es\/wp-content\/uploads\/2015\/08\/gasp2-768x1024.jpg\" width=\"240\" height=\"320\" border=\"0\" \/><\/a><\/div>\n<p style=\"text-align: center;\">\u00a0el aire mas limpio y el monte mas verde, el mas bonito de Arag\u00f3n, el mas tranquilo y mi pueblo de adopci\u00f3n,<\/p>\n<div class=\"separator\" style=\"clear: both; text-align: center;\"><a style=\"margin-left: 1em; margin-right: 1em;\" href=\"https:\/\/elcalaixetdelaiaia.es\/wp-content\/uploads\/2015\/08\/gasp5-1024x682.jpg\"><img decoding=\"async\" loading=\"lazy\" src=\"https:\/\/elcalaixetdelaiaia.es\/wp-content\/uploads\/2015\/08\/gasp5-1024x682.jpg\" width=\"320\" height=\"213\" border=\"0\" \/><\/a><\/div>\n<p style=\"text-align: center;\">\u00a0mi marido me contagi\u00f3 desde el primer momento que puse mis pies all\u00ed, siendo yo muy muy jovencita, hace ya casi cincuenta a\u00f1os, su amor y su pasi\u00f3n por su tierra, por su pueblo y lo siento como m\u00edo,<\/p>\n<div class=\"separator\" style=\"clear: both; text-align: center;\"><a style=\"margin-left: 1em; margin-right: 1em;\" href=\"https:\/\/elcalaixetdelaiaia.es\/wp-content\/uploads\/2015\/08\/gasp4-1024x682.jpg\"><img decoding=\"async\" loading=\"lazy\" src=\"https:\/\/elcalaixetdelaiaia.es\/wp-content\/uploads\/2015\/08\/gasp4-1024x682.jpg\" width=\"320\" height=\"213\" border=\"0\" \/><\/a><\/div>\n<p style=\"text-align: center;\">\u00a0tengo el coraz\u00f3n partido entre Valencia y mi sierra&#8230;<br \/>\nBueno a la receta&#8230; que hoy he cambiado los cerros de \u00dabeda por los Montes Universales.<br \/>\nEra plato de pastores y antiguamente, en lugar de aceite, pon\u00edan grasa de la matanza y taj\u00e1s de frito. Se suelen fre\u00edr primero unas cortezas caseras de cerdo, para dejar el sabor en el aceite, y mientras se cocinan los gaSpachos, se comen de aperitivo con un buen trago de vino.<br \/>\nNi lo adecuado es la vitro \u00a0(falta el aroma ahumado de la le\u00f1a) ni la panceta, pero a falta de pan, buenas son tortas y as\u00ed matamos un poco el \u00abmono\u00bb de pueblo, ya que hoy es el d\u00eda de la Asunci\u00f3n la fiesta grande, el d\u00eda de la patrona y no podremos estar all\u00ed f\u00edsicamente. Ah! felicidades a las que as\u00ed os llam\u00e1is.<\/p>\n<p style=\"text-align: center;\">Necesitaremos;<a style=\"margin-left: 1em; margin-right: 1em;\" href=\"https:\/\/elcalaixetdelaiaia.es\/wp-content\/uploads\/2015\/08\/SAM_4787-835x1024.jpg\"><img decoding=\"async\" loading=\"lazy\" class=\"aligncenter\" src=\"https:\/\/elcalaixetdelaiaia.es\/wp-content\/uploads\/2015\/08\/SAM_4787-835x1024.jpg\" width=\"260\" height=\"320\" border=\"0\" \/><\/a><\/p>\n<ol>\n<li style=\"text-align: left;\">Un cuarto de panceta seca<\/li>\n<li style=\"text-align: left;\">Aceite de oliva<\/li>\n<li style=\"text-align: left;\">Dos patatas grandes<\/li>\n<li style=\"text-align: left;\">Unos dientes de ajo<\/li>\n<li style=\"text-align: left;\">Un pu\u00f1ado de sollapas por comensal (unos 100g)<\/li>\n<li style=\"text-align: left;\">Canela en polvo<\/li>\n<li style=\"text-align: left;\">sal<\/li>\n<li style=\"text-align: left;\">Piment\u00f3n de la vera<\/li>\n<li style=\"text-align: left;\">Pimienta negra reci\u00e9n molida<\/li>\n<li style=\"text-align: left;\">Agua<\/li>\n<li style=\"text-align: left;\">Si tenemos unos rebollones, congelados, en conserva o mejor a\u00fan frescos&#8230;mmmmmm<\/li>\n<\/ol>\n<div class=\"separator\" style=\"clear: both; text-align: center;\"><a style=\"margin-left: 1em; margin-right: 1em;\" href=\"https:\/\/elcalaixetdelaiaia.es\/wp-content\/uploads\/2015\/08\/SAM_4794-1024x768.jpg\"><img decoding=\"async\" loading=\"lazy\" src=\"https:\/\/elcalaixetdelaiaia.es\/wp-content\/uploads\/2015\/08\/SAM_4794-1024x768.jpg\" width=\"320\" height=\"240\" border=\"0\" \/><\/a><\/div>\n<p>En una paella ,sart\u00e9n ,o caldero ponemos aceite de oliva a calentar<\/p>\n<div class=\"separator\" style=\"clear: both; text-align: center;\"><a style=\"margin-left: 1em; margin-right: 1em;\" href=\"https:\/\/elcalaixetdelaiaia.es\/wp-content\/uploads\/2015\/08\/SAM_4795-1024x768.jpg\"><img decoding=\"async\" loading=\"lazy\" src=\"https:\/\/elcalaixetdelaiaia.es\/wp-content\/uploads\/2015\/08\/SAM_4795-1024x768.jpg\" width=\"320\" height=\"240\" border=\"0\" \/><\/a><\/div>\n<\/div>\n<div style=\"text-align: center;\">ponemos sal para evitar que salpique y se queme la paella<\/div>\n<div class=\"separator\" style=\"clear: both; text-align: center;\"><a style=\"margin-left: 1em; margin-right: 1em;\" href=\"https:\/\/elcalaixetdelaiaia.es\/wp-content\/uploads\/2015\/08\/SAM_4796-1024x768.jpg\"><img decoding=\"async\" loading=\"lazy\" src=\"https:\/\/elcalaixetdelaiaia.es\/wp-content\/uploads\/2015\/08\/SAM_4796-1024x768.jpg\" width=\"320\" height=\"240\" border=\"0\" \/><\/a><\/div>\n<div style=\"text-align: center;\">doramos ligeramente unos ajitos y reservamos<\/div>\n<div class=\"separator\" style=\"clear: both; text-align: center;\"><a style=\"margin-left: 1em; margin-right: 1em;\" href=\"https:\/\/elcalaixetdelaiaia.es\/wp-content\/uploads\/2015\/08\/SAM_4799-1024x768.jpg\"><img decoding=\"async\" loading=\"lazy\" src=\"https:\/\/elcalaixetdelaiaia.es\/wp-content\/uploads\/2015\/08\/SAM_4799-1024x768.jpg\" width=\"320\" height=\"240\" border=\"0\" \/><\/a><\/div>\n<div style=\"text-align: center;\">saltemos la panceta para que el aceite tome el sabor<\/div>\n<div class=\"separator\" style=\"clear: both; text-align: center;\"><a style=\"margin-left: 1em; margin-right: 1em;\" href=\"https:\/\/elcalaixetdelaiaia.es\/wp-content\/uploads\/2015\/08\/SAM_4801-1024x768.jpg\"><img decoding=\"async\" loading=\"lazy\" src=\"https:\/\/elcalaixetdelaiaia.es\/wp-content\/uploads\/2015\/08\/SAM_4801-1024x768.jpg\" width=\"320\" height=\"240\" border=\"0\" \/><\/a><\/div>\n<div style=\"text-align: center;\">\u00a0y reservamos<\/div>\n<div class=\"separator\" style=\"clear: both; text-align: center;\"><a style=\"margin-left: 1em; margin-right: 1em;\" href=\"https:\/\/elcalaixetdelaiaia.es\/wp-content\/uploads\/2015\/08\/SAM_4798-1024x768.jpg\"><img decoding=\"async\" loading=\"lazy\" src=\"https:\/\/elcalaixetdelaiaia.es\/wp-content\/uploads\/2015\/08\/SAM_4798-1024x768.jpg\" width=\"320\" height=\"240\" border=\"0\" \/><\/a><\/div>\n<div style=\"text-align: center;\">fre\u00edmos las patatas, cortadas como para tortilla, hasta que est\u00e9n blanditas<\/div>\n<div class=\"separator\" style=\"clear: both; text-align: center;\"><a style=\"margin-left: 1em; margin-right: 1em;\" href=\"https:\/\/elcalaixetdelaiaia.es\/wp-content\/uploads\/2015\/08\/SAM_4802-1024x768.jpg\"><img decoding=\"async\" loading=\"lazy\" src=\"https:\/\/elcalaixetdelaiaia.es\/wp-content\/uploads\/2015\/08\/SAM_4802-1024x768.jpg\" width=\"320\" height=\"240\" border=\"0\" \/><\/a><\/div>\n<div style=\"text-align: center;\">incorporamos la panceta y los ajos<\/div>\n<div class=\"separator\" style=\"clear: both; text-align: center;\"><a style=\"margin-left: 1em; margin-right: 1em;\" href=\"https:\/\/elcalaixetdelaiaia.es\/wp-content\/uploads\/2015\/08\/SAM_4803-1024x768.jpg\"><img decoding=\"async\" loading=\"lazy\" src=\"https:\/\/elcalaixetdelaiaia.es\/wp-content\/uploads\/2015\/08\/SAM_4803-1024x768.jpg\" width=\"320\" height=\"240\" border=\"0\" \/><\/a><\/div>\n<div style=\"text-align: center;\">agregamos el piment\u00f3n , damos unas vueltas<\/div>\n<div class=\"separator\" style=\"clear: both; text-align: center;\"><a style=\"margin-left: 1em; margin-right: 1em;\" href=\"https:\/\/elcalaixetdelaiaia.es\/wp-content\/uploads\/2015\/08\/SAM_4805-1024x768.jpg\"><img decoding=\"async\" loading=\"lazy\" src=\"https:\/\/elcalaixetdelaiaia.es\/wp-content\/uploads\/2015\/08\/SAM_4805-1024x768.jpg\" width=\"320\" height=\"240\" border=\"0\" \/><\/a><\/div>\n<div style=\"text-align: center;\">y r\u00e1pidamente, que no se nos queme agregamos un litros de agua<\/div>\n<div class=\"separator\" style=\"clear: both; text-align: center;\"><a style=\"margin-left: 1em; margin-right: 1em;\" href=\"https:\/\/elcalaixetdelaiaia.es\/wp-content\/uploads\/2015\/08\/SAM_4808-1024x793.jpg\"><img decoding=\"async\" loading=\"lazy\" src=\"https:\/\/elcalaixetdelaiaia.es\/wp-content\/uploads\/2015\/08\/SAM_4808-1024x793.jpg\" width=\"320\" height=\"247\" border=\"0\" \/><\/a><\/div>\n<div style=\"text-align: center;\">mientras sube el hervor, troceamos las sollapas a trozos de bocado, \u00e9sta vez, ha llegado mi padre y se ha ofrecido a ayudar a trocearlas igual que hizo el otro d\u00eda, cuando mi padre colabora en la preparaci\u00f3n del alg\u00fan plato, todo me sabe mejor&#8230;<\/div>\n<div class=\"separator\" style=\"clear: both; text-align: center;\"><a style=\"margin-left: 1em; margin-right: 1em;\" href=\"https:\/\/elcalaixetdelaiaia.es\/wp-content\/uploads\/2015\/08\/SAM_4809-1024x768.jpg\"><img decoding=\"async\" loading=\"lazy\" class=\"aligncenter\" src=\"https:\/\/elcalaixetdelaiaia.es\/wp-content\/uploads\/2015\/08\/SAM_4809-1024x768.jpg\" width=\"320\" height=\"240\" border=\"0\" \/><\/a><\/div>\n<div class=\"separator\" style=\"clear: both; text-align: center;\">las echamos al caldo hirviendo<\/div>\n<div style=\"text-align: center;\"><\/div>\n<div>\n<div style=\"text-align: center;\">\n<div class=\"separator\" style=\"clear: both; text-align: center;\"><a style=\"margin-left: 1em; margin-right: 1em;\" href=\"https:\/\/elcalaixetdelaiaia.es\/wp-content\/uploads\/2015\/08\/SAM_4810-1024x768.jpg\"><img decoding=\"async\" loading=\"lazy\" src=\"https:\/\/elcalaixetdelaiaia.es\/wp-content\/uploads\/2015\/08\/SAM_4810-1024x768.jpg\" width=\"320\" height=\"240\" border=\"0\" \/><\/a><\/div>\n<p style=\"text-align: center;\">rectificamos de sal y agregamos la pimienta<\/p>\n<div class=\"separator\" style=\"clear: both; text-align: center;\"><a style=\"margin-left: 1em; margin-right: 1em;\" href=\"https:\/\/elcalaixetdelaiaia.es\/wp-content\/uploads\/2015\/08\/SAM_4811-1024x768.jpg\"><img decoding=\"async\" loading=\"lazy\" src=\"https:\/\/elcalaixetdelaiaia.es\/wp-content\/uploads\/2015\/08\/SAM_4811-1024x768.jpg\" width=\"320\" height=\"240\" border=\"0\" \/><\/a><\/div>\n<p style=\"text-align: center;\">una pizca de canela y dejamos a fuego medio unos 15 minutos<\/p>\n<\/div>\n<div class=\"separator\" style=\"clear: both; text-align: center;\"><a style=\"margin-left: 1em; margin-right: 1em;\" href=\"https:\/\/elcalaixetdelaiaia.es\/wp-content\/uploads\/2015\/08\/SAM_4814-1024x768.jpg\"><img decoding=\"async\" loading=\"lazy\" class=\"aligncenter\" src=\"https:\/\/elcalaixetdelaiaia.es\/wp-content\/uploads\/2015\/08\/SAM_4814-1024x768.jpg\" width=\"320\" height=\"240\" border=\"0\" \/><\/a><\/div>\n<div style=\"text-align: center;\">se puede comer caldosos o \u00abtostaus\u00bb,como dice mi marido, en \u00e9ste caso han de estar espesos pero sueltos, para ello se ha de estar dando vueltas continuamente para que no se nos agarren<\/div>\n<div class=\"separator\" style=\"clear: both; text-align: center;\"><a style=\"margin-left: 1em; margin-right: 1em;\" href=\"https:\/\/elcalaixetdelaiaia.es\/wp-content\/uploads\/2015\/08\/SAM_4813-1024x768.jpg\"><img decoding=\"async\" loading=\"lazy\" class=\"aligncenter\" src=\"https:\/\/elcalaixetdelaiaia.es\/wp-content\/uploads\/2015\/08\/SAM_4813-1024x768.jpg\" width=\"320\" height=\"240\" border=\"0\" \/><\/a><\/div>\n<div style=\"text-align: center;\">mientras preparamos una completa ensalada valenciana que casa muy bien con los gaspachos<\/div>\n<div class=\"separator\" style=\"clear: both; text-align: center;\"><a style=\"margin-left: 1em; margin-right: 1em;\" href=\"https:\/\/elcalaixetdelaiaia.es\/wp-content\/uploads\/2015\/08\/SAM_4817-768x1024.jpg\"><img decoding=\"async\" loading=\"lazy\" class=\"aligncenter\" src=\"https:\/\/elcalaixetdelaiaia.es\/wp-content\/uploads\/2015\/08\/SAM_4817-768x1024.jpg\" width=\"240\" height=\"320\" border=\"0\" \/><\/a><\/div>\n<div style=\"text-align: center;\">habitualmente, se comen en el caldero cuando estamos en el campo. Hoy emplato y los acompa\u00f1o de un Cari\u00f1ena, \u00e9so si, muy calientes, reci\u00e9n hechos.<br \/>\nRicos est\u00e1n, pero como los de Manuel \u00a0\u00a1imposible!<\/div>\n<div class=\"separator\" style=\"clear: both; text-align: center;\"><a style=\"margin-left: 1em; margin-right: 1em;\" href=\"https:\/\/elcalaixetdelaiaia.es\/wp-content\/uploads\/2015\/08\/SAM_4821-1024x768.jpg\"><img decoding=\"async\" loading=\"lazy\" class=\"aligncenter\" src=\"https:\/\/elcalaixetdelaiaia.es\/wp-content\/uploads\/2015\/08\/SAM_4821-1024x768.jpg\" width=\"320\" height=\"240\" border=\"0\" \/><\/a><\/div>\n<div style=\"text-align: center;\">\u00aba la taula i&#8230;BON PROFIT!!!\u00bb<\/div>\n<p style=\"text-align: center;\">Si te gusta esta entrada y te parece interesante la receta, podr\u00edas compartirla, as\u00ed me ayudar\u00edas a difundirla, que llegue a m\u00e1s gente , y que no se pierdan estas ancestrales recetas, que son un legado de nuestros antepasados . Graciaaaaas&#8230;<\/p>\n<\/div>\n","protected":false},"excerpt":{"rendered":"<p>\u00bb Refrany; Dona cabuda i home cabut , matrimoni mal avingut\u00bb Mujer cabezota y hombre cabezota, matrimonio mal avenido. Como ya os expliqu\u00e9 en las otras entradas sobre los gaSpachos, no me he confundido, lo he escrito bien gaSpachos, as\u00ed se llaman en la Sierra de Albarrac\u00edn. Los de hoy &hellip; <\/p>\n","protected":false},"author":2,"featured_media":7493,"comment_status":"open","ping_status":"open","sticky":false,"template":"","format":"standard","meta":[],"categories":[14,40,1],"tags":[],"_links":{"self":[{"href":"https:\/\/elcalaixetdelaiaia.es\/index.php?rest_route=\/wp\/v2\/posts\/571"}],"collection":[{"href":"https:\/\/elcalaixetdelaiaia.es\/index.php?rest_route=\/wp\/v2\/posts"}],"about":[{"href":"https:\/\/elcalaixetdelaiaia.es\/index.php?rest_route=\/wp\/v2\/types\/post"}],"author":[{"embeddable":true,"href":"https:\/\/elcalaixetdelaiaia.es\/index.php?rest_route=\/wp\/v2\/users\/2"}],"replies":[{"embeddable":true,"href":"https:\/\/elcalaixetdelaiaia.es\/index.php?rest_route=%2Fwp%2Fv2%2Fcomments&post=571"}],"version-history":[{"count":19,"href":"https:\/\/elcalaixetdelaiaia.es\/index.php?rest_route=\/wp\/v2\/posts\/571\/revisions"}],"predecessor-version":[{"id":28513,"href":"https:\/\/elcalaixetdelaiaia.es\/index.php?rest_route=\/wp\/v2\/posts\/571\/revisions\/28513"}],"wp:featuredmedia":[{"embeddable":true,"href":"https:\/\/elcalaixetdelaiaia.es\/index.php?rest_route=\/wp\/v2\/media\/7493"}],"wp:attachment":[{"href":"https:\/\/elcalaixetdelaiaia.es\/index.php?rest_route=%2Fwp%2Fv2%2Fmedia&parent=571"}],"wp:term":[{"taxonomy":"category","embeddable":true,"href":"https:\/\/elcalaixetdelaiaia.es\/index.php?rest_route=%2Fwp%2Fv2%2Fcategories&post=571"},{"taxonomy":"post_tag","embeddable":true,"href":"https:\/\/elcalaixetdelaiaia.es\/index.php?rest_route=%2Fwp%2Fv2%2Ftags&post=571"}],"curies":[{"name":"wp","href":"https:\/\/api.w.org\/{rel}","templated":true}]}}