{"id":56,"date":"2017-10-20T17:00:00","date_gmt":"2017-10-20T17:00:00","guid":{"rendered":"http:\/\/elcalaixetdelaiaia.es\/tarta-de-chuches-alvaro-paso-paso-foto_20"},"modified":"2024-05-27T09:08:06","modified_gmt":"2024-05-27T09:08:06","slug":"tarta-de-chuches-alvaro-paso-paso-foto_20","status":"publish","type":"post","link":"https:\/\/elcalaixetdelaiaia.es\/?p=56","title":{"rendered":"Tarta de chuches \u00c1lvaro paso a paso foto a foto"},"content":{"rendered":"<p>\u00abRefrany;A la boda del fillol, si no et fa padr\u00ed&#8230; es perque no et vol\u00bb<br \/>\nEn la boda del ahijado si no te hace padrino, es porque no te quiere.<\/p>\n<p>Ai mare, cuanta raz\u00f3n tienen a veces los refranes&#8230; se\u00f1or, se\u00f1or, se\u00f1or&#8230;<\/p>\n<p>Para el cumplea\u00f1os de mi ahijado, pens\u00e9 hacerle yo la tarta. Tarea dif\u00edcil y complicada porque a mi querido sobri no le gustan las tartas, de bizcocho, ni de galletas, ni defrutas ni de mousse, ni el chocolate ni&#8230; arggggggggg \u00bfy de que le hago la tarta a mi chicooooo? pues al fnal y con el tiempo encima, decid\u00ed hac\u00e9rsela de chuches, que las chuches le encantan!<br \/>\nAl mismo tiempo hice dos tartas para el cumple de mi nieta que curiosamente es el mismo d\u00eda, t\u00edo y sobrina se llevan justo justo 7 a\u00f1os, caprichos de la vida y casualidades del destino, que a veces te da \u00e9stas sorpresas, y otras mucho mas incre\u00edbles con ciertos nacimientos, para que nunca olvides una fecha.<\/p>\n<div class=\"separator\" style=\"clear: both; text-align: center;\"><a style=\"margin-left: 1em; margin-right: 1em;\" href=\"https:\/\/4.bp.blogspot.com\/-DS4W9Uo368A\/WeojgqOn-TI\/AAAAAAAApsY\/gDwThRBcPuEbbBxYgP06U8wAyM3U54rmQCLcBGAs\/s1600\/unnamed.jpg\"><img decoding=\"async\" loading=\"lazy\" src=\"https:\/\/elcalaixetdelaiaia.es\/wp-content\/uploads\/2017\/10\/unnamed.jpg\" width=\"640\" height=\"510\" border=\"0\" data-original-height=\"797\" data-original-width=\"997\" \/><\/a><\/div>\n<p>Mi ahijado es un grand\u00edsimo deportista y no es orgullo de t\u00eda&#8230; bueno si, jejeje, tambi\u00e9n, porque s\u00faper orgullosa que estoy&#8230; estamos de \u00e9l.<br \/>\nYa comenz\u00f3 dando patadas al bal\u00f3n cuando apenas andaba, jugando en un equipo de querub\u00edn&#8230; y el bandido es bueno, bueno, buen\u00ediisimo, estoy segura de que c\u00f3mo dec\u00edan su t\u00edo y su iaio, no tiene techo, y llegar\u00e1 donde se proponga y si no&#8230; al tiempo \ud83d\ude09 porque es un aut\u00e9ntico crack que ahora dedica los goles al cielo, d\u00f3nde hay unos cuantos a quienes debe caer la baba de ver d\u00f3nde est\u00e1 ya mi chico.<br \/>\nAunque de casta le viene al galgo, porque mis dos hermanos gemelos eran futbolistas, y sobretodo su padre, quien sigue dedicando casi toda su vida al f\u00fatbol, es su trabajo y su afici\u00f3n,\u00a0 y creo que ser\u00eda mas acertado quitar el \u00abcasi\u00bb.<\/p>\n<p>Necesitaremos;<\/p>\n<div class=\"separator\" style=\"clear: both; text-align: center;\"><a style=\"margin-left: 1em; margin-right: 1em;\" href=\"https:\/\/2.bp.blogspot.com\/-q7Xr7nFXMQE\/Weojg5V4pgI\/AAAAAAAApss\/FE6jiFT_QaUWpstJNi14ZvzklvqgFCROgCEwYBhgL\/s1600\/IMG_1895.PNG\"><img decoding=\"async\" loading=\"lazy\" src=\"https:\/\/elcalaixetdelaiaia.es\/wp-content\/uploads\/2017\/10\/IMG_1895.png\" width=\"640\" height=\"480\" border=\"0\" data-original-height=\"1200\" data-original-width=\"1600\" \/><\/a><\/div>\n<ol>\n<li>Imaginaci\u00f3n<\/li>\n<li>Cari\u00f1o<\/li>\n<li>Ilusi\u00f3n<\/li>\n<li>Velas<\/li>\n<li>Chuches de diversas clases<\/li>\n<li>Dos bases de poliespan<\/li>\n<li>Palillos de madera<\/li>\n<li>Palillos de pl\u00e1stico<\/li>\n<li>Papel celofan transparente para envolverla<\/li>\n<\/ol>\n<div class=\"separator\" style=\"clear: both; text-align: center;\"><a style=\"margin-left: 1em; margin-right: 1em;\" href=\"https:\/\/1.bp.blogspot.com\/-TRF5im4AqEo\/WeojgSRDTiI\/AAAAAAAApsg\/eR-K8p0WSv4LHwPQv1d0PG7v59GTGSylQCEwYBhgL\/s1600\/IMG_1894.PNG\"><img decoding=\"async\" loading=\"lazy\" src=\"https:\/\/elcalaixetdelaiaia.es\/wp-content\/uploads\/2017\/10\/IMG_1894.png\" width=\"640\" height=\"480\" border=\"0\" data-original-height=\"1200\" data-original-width=\"1600\" \/><\/a><\/div>\n<div style=\"text-align: center;\">forraremos las\u00a0 bases con papel de plata para proteger las chuches,que van directas a la boca<\/div>\n<div class=\"separator\" style=\"clear: both; text-align: center;\"><a style=\"margin-left: 1em; margin-right: 1em;\" href=\"https:\/\/1.bp.blogspot.com\/-o1D749dPqRY\/Weoje6Q99TI\/AAAAAAAApsU\/BuD90ubOFYobRvlzJlbxAzq-UMOxIrQCgCEwYBhgL\/s1600\/IMG_1893.PNG\"><img decoding=\"async\" loading=\"lazy\" src=\"https:\/\/elcalaixetdelaiaia.es\/wp-content\/uploads\/2017\/10\/IMG_1893.png\" width=\"640\" height=\"480\" border=\"0\" data-original-height=\"1200\" data-original-width=\"1600\" \/><\/a><\/div>\n<div style=\"text-align: center;\">colocaremos unas nubes alrededor de toda la base, sujet\u00e1ndolas con palillos<\/div>\n<div class=\"separator\" style=\"clear: both; text-align: center;\"><a style=\"margin-left: 1em; margin-right: 1em;\" href=\"https:\/\/1.bp.blogspot.com\/-t_1ZXC0nyKM\/WeojeVrbz3I\/AAAAAAAApsQ\/tpnBvid11uIxr6lFb-EZDAHCP7r6T1yDQCEwYBhgL\/s1600\/IMG_1892.PNG\"><img decoding=\"async\" loading=\"lazy\" src=\"https:\/\/elcalaixetdelaiaia.es\/wp-content\/uploads\/2017\/10\/IMG_1892.png\" width=\"640\" height=\"480\" border=\"0\" data-original-height=\"1200\" data-original-width=\"1600\" \/><\/a><\/div>\n<div style=\"text-align: center;\">forraremos la otra base y la sujetaremos a la inferior con palillos para que no se resbale<\/div>\n<div class=\"separator\" style=\"clear: both; text-align: center;\"><a style=\"margin-left: 1em; margin-right: 1em;\" href=\"https:\/\/4.bp.blogspot.com\/-2mUk8NKPnYs\/Weojdhr4xRI\/AAAAAAAAps0\/Bo3oXOeAN5wQe6dxImJuFSIyhBwnV1Q6QCEwYBhgL\/s1600\/IMG_1891.PNG\"><img decoding=\"async\" loading=\"lazy\" src=\"https:\/\/elcalaixetdelaiaia.es\/wp-content\/uploads\/2017\/10\/IMG_1891.png\" width=\"640\" height=\"480\" border=\"0\" data-original-height=\"1200\" data-original-width=\"1600\" \/><\/a><\/div>\n<div style=\"text-align: center;\">e iremos colocando poco a poco las chuches a nuestro gusto, o seg\u00fan la inspiraci\u00f3n del momento<\/div>\n<div class=\"separator\" style=\"clear: both; text-align: center;\"><a style=\"margin-left: 1em; margin-right: 1em;\" href=\"https:\/\/3.bp.blogspot.com\/-8ebyB6DyJRs\/WeojZ6mBYPI\/AAAAAAAAps0\/uiRn2adW6Z0KlMq7vNUBPc_YKbtpLezGwCEwYBhgL\/s1600\/IMG_1887.PNG\"><img decoding=\"async\" loading=\"lazy\" src=\"https:\/\/elcalaixetdelaiaia.es\/wp-content\/uploads\/2017\/10\/IMG_1887.png\" width=\"640\" height=\"480\" border=\"0\" data-original-height=\"1200\" data-original-width=\"1600\" \/><\/a><\/div>\n<div style=\"text-align: center;\">Me gustan mucho las velas de bengalas, pero por descontado que pod\u00e9is poner las cl\u00e1sicas de cera, aunque \u00e9sta dan cierta \u00absorpresa\u00bb<\/div>\n<div class=\"separator\" style=\"clear: both; text-align: center;\"><a style=\"margin-left: 1em; margin-right: 1em;\" href=\"https:\/\/1.bp.blogspot.com\/-nxyad1el0nE\/WeojhiDKGOI\/AAAAAAAAps0\/1a-p36EKsd4ap0OEyzJRnsEczFq6BMx5wCEwYBhgL\/s1600\/unnamedq.jpg\"><img decoding=\"async\" loading=\"lazy\" src=\"https:\/\/elcalaixetdelaiaia.es\/wp-content\/uploads\/2017\/10\/unnamedq.jpg\" width=\"480\" height=\"640\" border=\"0\" data-original-height=\"1136\" data-original-width=\"852\" \/><\/a><\/div>\n<div style=\"text-align: center;\">Envolveremos la tarta con celof\u00e1n transparente para protegerla del polvo o para evitar que se caiga alguna pieza si la transport\u00e1is<\/div>\n<div class=\"separator\" style=\"clear: both; text-align: center;\"><a style=\"margin-left: 1em; margin-right: 1em;\" href=\"https:\/\/4.bp.blogspot.com\/-1U3oUf3H9mU\/WeojhnRTGeI\/AAAAAAAAps0\/FPG2-DP6XjsIAAQfPYK1KO4gy6mBOhGJQCEwYBhgL\/s1600\/unnamedx.jpg\"><img decoding=\"async\" loading=\"lazy\" src=\"https:\/\/elcalaixetdelaiaia.es\/wp-content\/uploads\/2017\/10\/unnamedx.jpg\" width=\"640\" height=\"440\" border=\"0\" data-original-height=\"750\" data-original-width=\"1088\" \/><\/a><\/div>\n<div style=\"text-align: center;\">\u00bfVeis? sorpresa total con las velas de bengala jejejeje, aunque estaba medio dormido y cansad\u00edsimo por el d\u00eda (SAN Jos\u00e9), que era despu\u00e9s de una semana seguida de fiestas y partidos&#8230; necesitaba m\u00e1s la cama, que la comida y celebraci\u00f3n \ud83d\ude09 le gust\u00f3 much\u00edsimo la tarta<\/div>\n<div class=\"separator\" style=\"clear: both; text-align: center;\"><a style=\"margin-left: 1em; margin-right: 1em;\" href=\"https:\/\/2.bp.blogspot.com\/-zB-QjhpT6j4\/WeojhAN7CjI\/AAAAAAAApsc\/jB5wXd3YNlIsU5xwBFyI4K5RXTaoESMQACEwYBhgL\/s1600\/unnamedc%2B%25282%2529.jpg\"><img decoding=\"async\" loading=\"lazy\" src=\"https:\/\/elcalaixetdelaiaia.es\/wp-content\/uploads\/2017\/10\/unnamedc28229.jpg\" width=\"640\" height=\"482\" border=\"0\" data-original-height=\"852\" data-original-width=\"1128\" \/><\/a><\/div>\n<div style=\"text-align: center;\">\u00a0El a\u00f1o que viene le har\u00e9 un dise\u00f1o distinto, aunque he tardado taaaanto en publicar la de \u00e9ste a\u00f1o, que ya casi lo tengo encima.<\/div>\n<div style=\"text-align: center;\">\u00abA la taula i&#8230;BON PROFIT!!!\u00bb<\/div>\n<div style=\"text-align: center;\">Espero que tambi\u00e9n a vosotros os guste \u00e9ste sencilla y simple tarta de chuches, si es as\u00ed y la quer\u00e9is compartir, gracias por ello.<\/div>\n<div style=\"text-align: center;\">Recordad que espero vuestros comentarios que para mi son MUY importantes y que tambi\u00e9n estoy en Facebook <a href=\"https:\/\/www.facebook.com\/El-calaixet-de-la-iaia-533062140099386\/\">https:\/\/www.facebook.com\/El-calaixet-de-la-iaia-533062140099386\/<\/a><\/div>\n","protected":false},"excerpt":{"rendered":"<p>\u00abRefrany;A la boda del fillol, si no et fa padr\u00ed&#8230; es perque no et vol\u00bb En la boda del ahijado si no te hace padrino, es porque no te quiere. Ai mare, cuanta raz\u00f3n tienen a veces los refranes&#8230; se\u00f1or, se\u00f1or, se\u00f1or&#8230; Para el cumplea\u00f1os de mi ahijado, pens\u00e9 hacerle &hellip; <\/p>\n","protected":false},"author":2,"featured_media":1846,"comment_status":"open","ping_status":"open","sticky":false,"template":"","format":"standard","meta":[],"categories":[6,1],"tags":[],"_links":{"self":[{"href":"https:\/\/elcalaixetdelaiaia.es\/index.php?rest_route=\/wp\/v2\/posts\/56"}],"collection":[{"href":"https:\/\/elcalaixetdelaiaia.es\/index.php?rest_route=\/wp\/v2\/posts"}],"about":[{"href":"https:\/\/elcalaixetdelaiaia.es\/index.php?rest_route=\/wp\/v2\/types\/post"}],"author":[{"embeddable":true,"href":"https:\/\/elcalaixetdelaiaia.es\/index.php?rest_route=\/wp\/v2\/users\/2"}],"replies":[{"embeddable":true,"href":"https:\/\/elcalaixetdelaiaia.es\/index.php?rest_route=%2Fwp%2Fv2%2Fcomments&post=56"}],"version-history":[{"count":6,"href":"https:\/\/elcalaixetdelaiaia.es\/index.php?rest_route=\/wp\/v2\/posts\/56\/revisions"}],"predecessor-version":[{"id":27654,"href":"https:\/\/elcalaixetdelaiaia.es\/index.php?rest_route=\/wp\/v2\/posts\/56\/revisions\/27654"}],"wp:featuredmedia":[{"embeddable":true,"href":"https:\/\/elcalaixetdelaiaia.es\/index.php?rest_route=\/wp\/v2\/media\/1846"}],"wp:attachment":[{"href":"https:\/\/elcalaixetdelaiaia.es\/index.php?rest_route=%2Fwp%2Fv2%2Fmedia&parent=56"}],"wp:term":[{"taxonomy":"category","embeddable":true,"href":"https:\/\/elcalaixetdelaiaia.es\/index.php?rest_route=%2Fwp%2Fv2%2Fcategories&post=56"},{"taxonomy":"post_tag","embeddable":true,"href":"https:\/\/elcalaixetdelaiaia.es\/index.php?rest_route=%2Fwp%2Fv2%2Ftags&post=56"}],"curies":[{"name":"wp","href":"https:\/\/api.w.org\/{rel}","templated":true}]}}