{"id":559,"date":"2015-09-02T20:07:00","date_gmt":"2015-09-02T20:07:00","guid":{"rendered":"http:\/\/elcalaixetdelaiaia.es\/melocotones-al-vino-paso-paso"},"modified":"2017-12-04T22:47:02","modified_gmt":"2017-12-04T22:47:02","slug":"melocotones-al-vino-paso-paso","status":"publish","type":"post","link":"https:\/\/elcalaixetdelaiaia.es\/?p=559","title":{"rendered":"Melocotones al vino paso a paso foto a foto"},"content":{"rendered":"<p>\u00abRefrany;<\/p>\n<div>\nPel mes de setembre es talla el que penje\u00bb<\/div>\n<div>\nPor el mes de Septiembre se corta lo que cuelgue <\/div>\n<div>\n<\/div>\n<div>\n\u00abBresquilles al vi\u00bb<br \/>\nMelocotones al vino<\/div>\n<div>\n<\/div>\n<div>\nNo hay melocot\u00f3n como el de Calanda, es dulce crujiente y sabroso. Cada mes de Septiembre, no puedo resistirme a la tentaci\u00f3n de comer todos los que puedo y antes de que acabe la temporada, (que viene a ser por Noviembre) de preparar con ellos unos melocotones al vino que bien fresquitos, son siempre un postre con gran acierto.<\/div>\n<div>\n<\/div>\n<div class=\"separator\" style=\"clear: both; text-align: center;\">\n<a href=\"http:\/\/2.bp.blogspot.com\/-iQ3dWP92TWY\/VBIkrNepS3I\/AAAAAAAAOQM\/YHttG58uFvw\/s1600\/IMG_7048.JPG\" imageanchor=\"1\" style=\"margin-left: 1em; margin-right: 1em;\"><img decoding=\"async\" loading=\"lazy\" border=\"0\" height=\"425\" src=\"https:\/\/elcalaixetdelaiaia.es\/wp-content\/uploads\/2015\/09\/IMG_7048.jpg\" width=\"640\" \/><\/a><\/div>\n<div>\n<\/div>\n<div>\nMi receta es la tradicional por tierras aragonesas donde no se cuece el melocot\u00f3n, si no que se deja en maceraci\u00f3n.<\/div>\n<div>\n<\/div>\n<div>\nNecesitaremos;<\/div>\n<div>\n<\/div>\n<div>\n<\/div>\n<div class=\"separator\" style=\"clear: both; text-align: center;\">\n<a href=\"http:\/\/3.bp.blogspot.com\/-NsmPJoe6WMc\/VBIkJ1lWB_I\/AAAAAAAAOP4\/RWtn49t3E1Q\/s1600\/IMG_7039.JPG\" imageanchor=\"1\" style=\"margin-left: 1em; margin-right: 1em;\"><img decoding=\"async\" loading=\"lazy\" border=\"0\" height=\"426\" src=\"https:\/\/elcalaixetdelaiaia.es\/wp-content\/uploads\/2015\/09\/IMG_7039.jpg\" width=\"640\" \/><\/a><\/div>\n<div>\n<\/div>\n<div>\n<ol>\n<li>6 melocotones, si son de Calanda mejor que mejor<\/li>\n<li>Un litro de vino tinto por ejemplo un Somontano<\/li>\n<li>Una rama de canela<\/li>\n<li>La peladura de un lim\u00f3n<\/li>\n<li>2 clavos de olor<\/li>\n<li>1\/4 de az\u00facar<\/li>\n<\/ol>\n<div>\n<\/div>\n<\/div>\n<div>\nEn un cazo pondremos todos los ingredientes menos los melocotones y dejaremos dar un par de hervores.<\/div>\n<div>\nMientras pelaremos los melocotones y partiremos en cuartos.<\/div>\n<div>\n<\/div>\n<div class=\"separator\" style=\"clear: both; text-align: center;\">\n<a href=\"http:\/\/2.bp.blogspot.com\/-sk0Nd_AQVaI\/VBIkTxhQc0I\/AAAAAAAAOQE\/0un39QDx6Kw\/s1600\/IMG_7044.JPG\" imageanchor=\"1\" style=\"margin-left: 1em; margin-right: 1em;\"><img decoding=\"async\" loading=\"lazy\" border=\"0\" height=\"426\" src=\"https:\/\/elcalaixetdelaiaia.es\/wp-content\/uploads\/2015\/09\/IMG_7044.jpg\" width=\"640\" \/><\/a><\/div>\n<div>\n<\/div>\n<div>\nColocamos los melocotones en un recipiente de cristal de boca ancha y buen cierre, si es de rosca mejor, y una vez templado el vino, lo incorporamos al tarro procurando que queden todos los trozos completamente cubiertos.<\/div>\n<div>\n<\/div>\n<div class=\"separator\" style=\"clear: both; text-align: center;\">\n<a href=\"http:\/\/4.bp.blogspot.com\/-_nJSSUIG35M\/VBIkJvOF0ZI\/AAAAAAAAOP0\/47b66bJfH2Q\/s1600\/IMG_7045.JPG\" imageanchor=\"1\" style=\"margin-left: 1em; margin-right: 1em;\"><img decoding=\"async\" loading=\"lazy\" border=\"0\" height=\"426\" src=\"https:\/\/elcalaixetdelaiaia.es\/wp-content\/uploads\/2015\/09\/IMG_7045.jpg\" width=\"640\" \/><\/a><\/div>\n<div>\n<\/div>\n<div>\nLo dejaremos en un sitio oscuro y fresco en maceraci\u00f3n, al menos durante cuatro d\u00edas, para que la fruta se impregne del sabor del resto de ingredientes. Transcurrido este tiempo, estar\u00e1 listo para tomar, incluso podemos preparar unos tarros y regalar a alguien especial.<\/div>\n<p>\nBien fresquito&#8230;\u00bbA la taula i&#8230;BON PROFIT!!!<\/p>\n<div style=\"text-align: center;\">\nSi te gusta mi receta puedes clicar en g+1 y compartirla, para que llegue a mas gente.<\/div>\n<div style=\"text-align: center;\">\n&nbsp;&nbsp; Espero vuestros comentarios que para mi son MUY importantes y recordad que tambi\u00e9n estoy en Facebook <a href=\"https:\/\/www.facebook.com\/El-calaixet-de-la-iaia-533062140099386\/\">https:\/\/www.facebook.com\/El-calaixet-de-la-iaia-533062140099386\/<\/a><\/div>\n","protected":false},"excerpt":{"rendered":"<p>\u00abRefrany; Pel mes de setembre es talla el que penje\u00bb Por el mes de Septiembre se corta lo que cuelgue \u00abBresquilles al vi\u00bb Melocotones al vino No hay melocot\u00f3n como el de Calanda, es dulce crujiente y sabroso. Cada mes de Septiembre, no puedo resistirme a la tentaci\u00f3n de comer &hellip; <\/p>\n","protected":false},"author":2,"featured_media":7456,"comment_status":"open","ping_status":"open","sticky":false,"template":"","format":"standard","meta":[],"categories":[46,6,1],"tags":[],"_links":{"self":[{"href":"https:\/\/elcalaixetdelaiaia.es\/index.php?rest_route=\/wp\/v2\/posts\/559"}],"collection":[{"href":"https:\/\/elcalaixetdelaiaia.es\/index.php?rest_route=\/wp\/v2\/posts"}],"about":[{"href":"https:\/\/elcalaixetdelaiaia.es\/index.php?rest_route=\/wp\/v2\/types\/post"}],"author":[{"embeddable":true,"href":"https:\/\/elcalaixetdelaiaia.es\/index.php?rest_route=\/wp\/v2\/users\/2"}],"replies":[{"embeddable":true,"href":"https:\/\/elcalaixetdelaiaia.es\/index.php?rest_route=%2Fwp%2Fv2%2Fcomments&post=559"}],"version-history":[{"count":1,"href":"https:\/\/elcalaixetdelaiaia.es\/index.php?rest_route=\/wp\/v2\/posts\/559\/revisions"}],"predecessor-version":[{"id":7460,"href":"https:\/\/elcalaixetdelaiaia.es\/index.php?rest_route=\/wp\/v2\/posts\/559\/revisions\/7460"}],"wp:featuredmedia":[{"embeddable":true,"href":"https:\/\/elcalaixetdelaiaia.es\/index.php?rest_route=\/wp\/v2\/media\/7456"}],"wp:attachment":[{"href":"https:\/\/elcalaixetdelaiaia.es\/index.php?rest_route=%2Fwp%2Fv2%2Fmedia&parent=559"}],"wp:term":[{"taxonomy":"category","embeddable":true,"href":"https:\/\/elcalaixetdelaiaia.es\/index.php?rest_route=%2Fwp%2Fv2%2Fcategories&post=559"},{"taxonomy":"post_tag","embeddable":true,"href":"https:\/\/elcalaixetdelaiaia.es\/index.php?rest_route=%2Fwp%2Fv2%2Ftags&post=559"}],"curies":[{"name":"wp","href":"https:\/\/api.w.org\/{rel}","templated":true}]}}