{"id":552,"date":"2015-09-24T15:15:00","date_gmt":"2015-09-24T15:15:00","guid":{"rendered":"http:\/\/elcalaixetdelaiaia.es\/milhojas-de-chocolate-con-frambuesas"},"modified":"2023-09-26T13:45:57","modified_gmt":"2023-09-26T13:45:57","slug":"milhojas-de-chocolate-con-frambuesas","status":"publish","type":"post","link":"https:\/\/elcalaixetdelaiaia.es\/?p=552","title":{"rendered":"Milhojas de chocolate con frambuesas paso a paso foto a foto"},"content":{"rendered":"<p>\u00abRefrany;<br \/>\nArbres i amors, mentre tinguen arrels, tindr\u00e1n fruits i flors\u00bb<br \/>\nArboles y amores, mientras tengan ra\u00edces, tendr\u00e1n frutos y flores.<\/p>\n<p>Hoy, 24 de Septiembre, d\u00eda de la Mer\u00e7\u00e9.<\/p>\n<div style=\"text-align: center;\"><img decoding=\"async\" loading=\"lazy\" src=\"https:\/\/lh3.googleusercontent.com\/-Ft1WBfx6t7M\/VgFfpZRlthI\/AAAAAAAAdF0\/auNV5WtdR1w\/s640\/blogger-image--1818014807.jpg\" width=\"481\" height=\"640\" \/><\/div>\n<div style=\"text-align: center;\"><\/div>\n<div style=\"text-align: center;\">Esta figura, hace 37 a\u00f1os que coronaba nuestra tarta de bodas. Hoy hace 37 a\u00f1os que me un\u00ed para siempre, al hombre de mi vida.<br \/>\nNo ha sido solo un camino de rosas lo que llevamos recorrido juntos desde el instituto, 43 a\u00f1os contando los seis de novios, ya que las espinas han sido, y son, casi una maleza, pero con constancia, ilusi\u00f3n esperanza y sobre todo mucho amor, vamos saliendo triunfantes y aunque parece que el destino nos est\u00e1 complicando mucho seguir cumpliendo aniversarios, y vivimos \u00faltimamente pr\u00e1cticamente en un hospital, estoy segura de que est\u00e1 cercano ya el final de la lucha por la vida, y llegaremos como m\u00ednimo, a celebrar juntos las bodas de oro.<br \/>\n\u00c1nimo mi corredor guerrero,que has llegado triunfante a la meta de todas las carreras y que aunque hoy hemos recibido malas noticias, ya estamos acostumbrados a luchar contra ellas, hemos de ver \u00e9sta crucial meta, cada d\u00eda mas cercana y nos toca ya disfrutar del aroma de las rosas, hacia adelante, con la cabeza erguida y la sonrisa puesta, los dos de la mano, como siempre y acompa\u00f1ados de quienes de verdad nos quieren.<\/div>\n<div style=\"text-align: center;\">\n<div class=\"separator\" style=\"clear: both; text-align: center;\"><a style=\"margin-left: 1em; margin-right: 1em;\" href=\"http:\/\/2.bp.blogspot.com\/-5bC-VmkcPEQ\/VgMlkooH_YI\/AAAAAAAAdM4\/CXYNcjWYXBk\/s1600\/frambuessesambnataichocolat.jpg\"><img decoding=\"async\" loading=\"lazy\" src=\"https:\/\/elcalaixetdelaiaia.es\/wp-content\/uploads\/2015\/09\/frambuessesambnataichocolat.jpg\" width=\"640\" height=\"480\" border=\"0\" \/><\/a><\/div>\n<\/div>\n<div><\/div>\n<div style=\"text-align: center;\">He preparado un postre especial para celebrarlo, porque siempre hay algo bueno que celebrar y 43 a\u00f1os juntos, no es para no hacerlo. Un milhojas de chocolate y frambuesas, con crema de queso y nata, aprovechando que el reto de \u00e9ste mes en el apartado dulce, hab\u00eda de ser como ingrediente las frambuesas. Con un poco de az\u00facar&#8230; \u00e9sta p\u00edldora pasar\u00e1 mejor.<\/div>\n<div style=\"text-align: left;\">Para dos comensales necesitaremos;<\/div>\n<div><\/div>\n<div style=\"text-align: left;\">\n<div class=\"separator\" style=\"clear: both; text-align: center;\"><a style=\"margin-left: 1em; margin-right: 1em;\" href=\"http:\/\/4.bp.blogspot.com\/-KnhYyRHO9Io\/VgMlHgEGs8I\/AAAAAAAAdK8\/6b0Ap18lGMw\/s1600\/fra.jpg\"><img decoding=\"async\" loading=\"lazy\" src=\"https:\/\/elcalaixetdelaiaia.es\/wp-content\/uploads\/2015\/09\/fra.jpg\" width=\"640\" height=\"478\" border=\"0\" \/><\/a><\/div>\n<\/div>\n<ol>\n<li>150g. de chocolate puro Valor<\/li>\n<li>200ml de nata para montar min.35 % de materia grasa<\/li>\n<li>100g de crema de queso<\/li>\n<li>50g de az\u00facar<\/li>\n<li>100g de frambuesas<\/li>\n<li>Az\u00facar glas<\/li>\n<li>Una ramita de menta o hierbabuena<\/li>\n<\/ol>\n<div>\n<div class=\"separator\" style=\"clear: both; text-align: center;\"><a style=\"margin-left: 1em; margin-right: 1em;\" href=\"http:\/\/3.bp.blogspot.com\/-ariH3C_M9Bc\/VgMlHg2_YjI\/AAAAAAAAdLI\/ulKgaodg76k\/s1600\/fran.jpg\"><img decoding=\"async\" loading=\"lazy\" src=\"https:\/\/elcalaixetdelaiaia.es\/wp-content\/uploads\/2015\/09\/fran.jpg\" width=\"478\" height=\"640\" border=\"0\" \/><\/a><\/div>\n<div style=\"text-align: center;\"><\/div>\n<\/div>\n<div>\n<div style=\"text-align: center;\">Necesitaremos rect\u00e1ngulos de acetato que cortaremos de un tama\u00f1o de 10.5&#215;7.5 \u00a0que es lo que nos da el folio de acetato doblado por la mitad y a su vez por la mitad o en su lugar papel sulfurizado o de horno, en el que dibujaremos unos rect\u00e1ngulos de unos 11&#215;8 mas o menos, aunque pod\u00e9is hacerlos mas grandes, pensad que es un pastel que llena mucho y \u00e9ste tama\u00f1o de bocado es ideal, sirven igualmente en forma de tri\u00e1ngulos o c\u00edrculos.<\/div>\n<div style=\"text-align: center;\"><\/div>\n<\/div>\n<div>\n<div class=\"separator\" style=\"clear: both; text-align: center;\"><a style=\"margin-left: 1em; margin-right: 1em;\" href=\"http:\/\/3.bp.blogspot.com\/-qq92h51KcFo\/VgMlHh5LE1I\/AAAAAAAAdLA\/fOKdGM7lspU\/s1600\/franm.jpg\"><img decoding=\"async\" loading=\"lazy\" src=\"https:\/\/elcalaixetdelaiaia.es\/wp-content\/uploads\/2015\/09\/franm.jpg\" width=\"640\" height=\"478\" border=\"0\" \/><\/a><\/div>\n<div style=\"text-align: center;\"><\/div>\n<div style=\"text-align: center;\">Troceamos el chocolate y lo colocamos en un cuenco apto para microondas<\/div>\n<div style=\"text-align: center;\"><\/div>\n<div class=\"separator\" style=\"clear: both; text-align: center;\"><a style=\"margin-left: 1em; margin-right: 1em;\" href=\"http:\/\/3.bp.blogspot.com\/-REahZCrb5L0\/VgMmHL_JQWI\/AAAAAAAAdOg\/-21XIOCQDZA\/s1600\/cho.jpg\"><img decoding=\"async\" loading=\"lazy\" src=\"https:\/\/elcalaixetdelaiaia.es\/wp-content\/uploads\/2015\/09\/cho.jpg\" width=\"640\" height=\"480\" border=\"0\" \/><\/a><\/div>\n<div style=\"text-align: center;\"><\/div>\n<div style=\"text-align: center;\">Lo ponemos a derretir con golpes de microondas de treinta segundos, removiendo cada vez, hasta dejarlo fluido<\/div>\n<div style=\"text-align: center;\"><\/div>\n<div class=\"separator\" style=\"clear: both; text-align: center;\"><a style=\"margin-left: 1em; margin-right: 1em;\" href=\"http:\/\/3.bp.blogspot.com\/-iHVfEKbeb4A\/VgMlIA0cihI\/AAAAAAAAdLE\/Qq2ygyJSfxk\/s1600\/franmb.jpg\"><img decoding=\"async\" loading=\"lazy\" src=\"https:\/\/elcalaixetdelaiaia.es\/wp-content\/uploads\/2015\/09\/franmb.jpg\" width=\"640\" height=\"478\" border=\"0\" \/><\/a><\/div>\n<div style=\"text-align: center;\"><\/div>\n<div style=\"text-align: center;\">Para despegarlo luego con facilidad mi truco es pintar una esquinita con mantequilla<\/div>\n<div style=\"text-align: center;\"><\/div>\n<div class=\"separator\" style=\"clear: both; text-align: center;\"><a style=\"margin-left: 1em; margin-right: 1em;\" href=\"http:\/\/1.bp.blogspot.com\/-BgAO8bcFUmg\/VgMmHBK_ZOI\/AAAAAAAAdOU\/iLgBt-WbpPo\/s1600\/choc.jpg\"><img decoding=\"async\" loading=\"lazy\" src=\"https:\/\/elcalaixetdelaiaia.es\/wp-content\/uploads\/2015\/09\/choc.jpg\" width=\"640\" height=\"480\" border=\"0\" \/><\/a><\/div>\n<div style=\"text-align: center;\"><\/div>\n<div style=\"text-align: center;\">colocamos una peque\u00f1a cantidad de chocolate sobre el acetato<\/div>\n<div style=\"text-align: center;\"><\/div>\n<div class=\"separator\" style=\"clear: both; text-align: center;\"><\/div>\n<div class=\"separator\" style=\"clear: both; text-align: center;\"><a style=\"margin-left: 1em; margin-right: 1em;\" href=\"http:\/\/1.bp.blogspot.com\/-yE7TlsQf_SQ\/VgMmHE_1n9I\/AAAAAAAAdOY\/yNg-ldJCKA0\/s1600\/choco.jpg\"><img decoding=\"async\" loading=\"lazy\" src=\"https:\/\/elcalaixetdelaiaia.es\/wp-content\/uploads\/2015\/09\/choco.jpg\" width=\"640\" height=\"480\" border=\"0\" \/><\/a><\/div>\n<div style=\"text-align: center;\"><\/div>\n<div style=\"text-align: center;\">Pasamos la esp\u00e1tula ya que \u00a0debe quedarnos una capa muy fina para que se parta f\u00e1cilmente con un tenedor, y que no resulte excesivamente empalagoso pero no es necesario que quede perfecto<\/div>\n<div style=\"text-align: center;\"><\/div>\n<div class=\"separator\" style=\"clear: both; text-align: center;\"><a style=\"margin-left: 1em; margin-right: 1em;\" href=\"http:\/\/2.bp.blogspot.com\/-cRlnAOMD21E\/VgMmHZykJxI\/AAAAAAAAdOc\/xSp5gB605IE\/s1600\/chocola.jpg\"><img decoding=\"async\" loading=\"lazy\" src=\"https:\/\/elcalaixetdelaiaia.es\/wp-content\/uploads\/2015\/09\/chocola.jpg\" width=\"640\" height=\"480\" border=\"0\" \/><\/a><\/div>\n<div style=\"text-align: center;\"><\/div>\n<div style=\"text-align: center;\">ahora pasamos la esp\u00e1tula fina por el contorno<\/div>\n<div style=\"text-align: center;\"><\/div>\n<div class=\"separator\" style=\"clear: both; text-align: center;\"><a style=\"margin-left: 1em; margin-right: 1em;\" href=\"http:\/\/2.bp.blogspot.com\/-evpQJ-bMh-o\/VgMlkoON-LI\/AAAAAAAAdLg\/WzZN9J55aE4\/s1600\/frambuesse.jpg\"><img decoding=\"async\" loading=\"lazy\" src=\"https:\/\/elcalaixetdelaiaia.es\/wp-content\/uploads\/2015\/09\/frambuesse.jpg\" width=\"640\" height=\"480\" border=\"0\" \/><\/a><\/div>\n<div style=\"text-align: center;\"><\/div>\n<div style=\"text-align: center;\">Colocamos con cuidado en una bandeja plana y al frigo, para que se endurezca<\/div>\n<div style=\"text-align: center;\"><\/div>\n<div class=\"separator\" style=\"clear: both; text-align: center;\"><a style=\"margin-left: 1em; margin-right: 1em;\" href=\"http:\/\/4.bp.blogspot.com\/-cgFQGLVD6Ro\/VgMllITAwnI\/AAAAAAAAdMo\/cjwRHwbnrw4\/s1600\/frambuessessa.jpg\"><img decoding=\"async\" loading=\"lazy\" src=\"https:\/\/elcalaixetdelaiaia.es\/wp-content\/uploads\/2015\/09\/frambuessessa.jpg\" width=\"640\" height=\"480\" border=\"0\" \/><\/a><\/div>\n<div style=\"text-align: center;\"><\/div>\n<div style=\"text-align: center;\">Mientras tanto preparamos la nata montada con queso, para ello la nata ha de estar como m\u00ednimo 24 horas en el frigo, y el recipiente en el que la vayamos a montar, un rato en el congelador junto a las varillas, por lo menos yo as\u00ed lo hago.<\/div>\n<div style=\"text-align: center;\">Aplanamos el brick, y volcamos el interior en el cuenco<\/div>\n<div style=\"text-align: center;\"><\/div>\n<div class=\"separator\" style=\"clear: both; text-align: center;\"><a style=\"margin-left: 1em; margin-right: 1em;\" href=\"http:\/\/2.bp.blogspot.com\/-uXeJSWRfI4c\/VgMllAPgvFI\/AAAAAAAAdM0\/THFyUM-q3yQ\/s1600\/frambuessess.jpg\"><img decoding=\"async\" loading=\"lazy\" src=\"https:\/\/elcalaixetdelaiaia.es\/wp-content\/uploads\/2015\/09\/frambuessess.jpg\" width=\"478\" height=\"640\" border=\"0\" \/><\/a><\/div>\n<div style=\"text-align: center;\"><\/div>\n<div style=\"text-align: center;\">Preparamos los 50g de az\u00facar<\/div>\n<div style=\"text-align: center;\"><\/div>\n<div class=\"separator\" style=\"clear: both; text-align: center;\"><a style=\"margin-left: 1em; margin-right: 1em;\" href=\"http:\/\/1.bp.blogspot.com\/-AxlYh406UQI\/VgMllUJRIvI\/AAAAAAAAdLw\/mLQZOPUR8yo\/s1600\/frambuessessam.jpg\"><img decoding=\"async\" loading=\"lazy\" src=\"https:\/\/elcalaixetdelaiaia.es\/wp-content\/uploads\/2015\/09\/frambuessessam.jpg\" width=\"478\" height=\"640\" border=\"0\" \/><\/a><\/div>\n<div style=\"text-align: center;\"><\/div>\n<div style=\"text-align: center;\">Cuando la nata comienza a montar,<\/div>\n<div style=\"text-align: center;\"><\/div>\n<div class=\"separator\" style=\"clear: both; text-align: center;\"><a style=\"margin-left: 1em; margin-right: 1em;\" href=\"http:\/\/4.bp.blogspot.com\/-2u7Psp-wVB4\/VgMlrCoUy5I\/AAAAAAAAdNk\/YYrT48A8t5g\/s1600\/franmbue.jpg\"><img decoding=\"async\" loading=\"lazy\" src=\"https:\/\/elcalaixetdelaiaia.es\/wp-content\/uploads\/2015\/09\/franmbue.jpg\" width=\"640\" height=\"480\" border=\"0\" \/><\/a><\/div>\n<div style=\"text-align: center;\"><\/div>\n<div style=\"text-align: center;\">\u00a0vamos a\u00f1adiendo poco a poco el queso<\/div>\n<div style=\"text-align: center;\"><\/div>\n<div class=\"separator\" style=\"clear: both; text-align: center;\"><a style=\"margin-left: 1em; margin-right: 1em;\" href=\"http:\/\/2.bp.blogspot.com\/-kpppxxjq74A\/VgMlqzmcW9I\/AAAAAAAAdNo\/yaDKXsE_Zxk\/s1600\/franmbu.jpg\"><img decoding=\"async\" loading=\"lazy\" src=\"https:\/\/elcalaixetdelaiaia.es\/wp-content\/uploads\/2015\/09\/franmbu.jpg\" width=\"640\" height=\"480\" border=\"0\" \/><\/a><\/div>\n<div style=\"text-align: center;\"><\/div>\n<div style=\"text-align: center;\">Y por ultimo a\u00f1adimos el az\u00facar. En casa nos gusta notar el sabor de la nata y el queso, y endulzamos muy poco, pero si no es vuestro caso, pod\u00e9is a\u00f1adir mas az\u00facar<\/div>\n<div style=\"text-align: center;\"><\/div>\n<div class=\"separator\" style=\"clear: both; text-align: center;\"><a style=\"margin-left: 1em; margin-right: 1em;\" href=\"http:\/\/1.bp.blogspot.com\/-_zqjCjcYlKU\/VgMlra5v-lI\/AAAAAAAAdN0\/1Fe1lGN1pnk\/s1600\/franmbues.jpg\"><img decoding=\"async\" loading=\"lazy\" src=\"https:\/\/elcalaixetdelaiaia.es\/wp-content\/uploads\/2015\/09\/franmbues.jpg\" width=\"640\" height=\"480\" border=\"0\" \/><\/a><\/div>\n<div style=\"text-align: center;\"><\/div>\n<div style=\"text-align: center;\">colocamos la crema montada en la manga pastelera, y al frigo<\/div>\n<div style=\"text-align: center;\"><\/div>\n<div class=\"separator\" style=\"clear: both; text-align: center;\"><a style=\"margin-left: 1em; margin-right: 1em;\" href=\"http:\/\/4.bp.blogspot.com\/-SJIh2UJKxDI\/VgMlriStOFI\/AAAAAAAAdN4\/0wLggIcscfQ\/s1600\/franmbuess.jpg\"><img decoding=\"async\" loading=\"lazy\" src=\"https:\/\/elcalaixetdelaiaia.es\/wp-content\/uploads\/2015\/09\/franmbuess.jpg\" width=\"640\" height=\"480\" border=\"0\" \/><\/a><\/div>\n<div style=\"text-align: center;\"><\/div>\n<div style=\"text-align: center;\">separamos con cuidado los rect\u00e1ngulos de chocolate del acetato<\/div>\n<div style=\"text-align: center;\"><\/div>\n<div class=\"separator\" style=\"clear: both; text-align: center;\"><a style=\"margin-left: 1em; margin-right: 1em;\" href=\"http:\/\/2.bp.blogspot.com\/-YrYTHDvAHvI\/VgMlmW0sIgI\/AAAAAAAAdMQ\/PekdjFZazh4\/s1600\/frambuessessambnat.jpg\"><img decoding=\"async\" loading=\"lazy\" src=\"https:\/\/elcalaixetdelaiaia.es\/wp-content\/uploads\/2015\/09\/frambuessessambnat.jpg\" width=\"640\" height=\"480\" border=\"0\" \/><\/a><\/div>\n<div style=\"text-align: center;\"><\/div>\n<div style=\"text-align: center;\">en los platos de servir colocamos primero una l\u00e1mina de chocolate<\/div>\n<div style=\"text-align: center;\"><\/div>\n<div class=\"separator\" style=\"clear: both; text-align: center;\"><a style=\"margin-left: 1em; margin-right: 1em;\" href=\"http:\/\/4.bp.blogspot.com\/-qpSe6udoE8M\/VgMllnRHLgI\/AAAAAAAAdMI\/ORcQm1N8BQI\/s1600\/frambuessessamb.jpg\"><img decoding=\"async\" loading=\"lazy\" src=\"https:\/\/elcalaixetdelaiaia.es\/wp-content\/uploads\/2015\/09\/frambuessessamb.jpg\" width=\"640\" height=\"480\" border=\"0\" \/><\/a><\/div>\n<div style=\"text-align: center;\"><\/div>\n<div style=\"text-align: center;\">y unas frambuesas dejando espacio<\/div>\n<div style=\"text-align: center;\"><\/div>\n<div class=\"separator\" style=\"clear: both; text-align: center;\"><a style=\"margin-left: 1em; margin-right: 1em;\" href=\"http:\/\/1.bp.blogspot.com\/-hemuepabFew\/VgMll9iSUcI\/AAAAAAAAdMc\/OyH8GVehMVM\/s1600\/frambuessessambn.jpg\"><img decoding=\"async\" loading=\"lazy\" src=\"https:\/\/elcalaixetdelaiaia.es\/wp-content\/uploads\/2015\/09\/frambuessessambn.jpg\" width=\"640\" height=\"480\" border=\"0\" \/><\/a><\/div>\n<div style=\"text-align: center;\"><\/div>\n<div style=\"text-align: center;\">rellenaremos los huecos con la crema<\/div>\n<div style=\"text-align: center;\"><\/div>\n<div class=\"separator\" style=\"clear: both; text-align: center;\"><a style=\"margin-left: 1em; margin-right: 1em;\" href=\"http:\/\/2.bp.blogspot.com\/-VQ51C-WPlO4\/VgMlmB0XHtI\/AAAAAAAAdL8\/KP1x-xhcT9o\/s1600\/frambuessessambna.jpg\"><img decoding=\"async\" loading=\"lazy\" src=\"https:\/\/elcalaixetdelaiaia.es\/wp-content\/uploads\/2015\/09\/frambuessessambna.jpg\" width=\"640\" height=\"480\" border=\"0\" \/><\/a><\/div>\n<div style=\"text-align: center;\"><\/div>\n<div style=\"text-align: center;\">ponemos otra l\u00e1mina<\/div>\n<div style=\"text-align: center;\"><\/div>\n<div class=\"separator\" style=\"clear: both; text-align: center;\"><a style=\"margin-left: 1em; margin-right: 1em;\" href=\"http:\/\/4.bp.blogspot.com\/-5rfB5_zu6_E\/VgMlmrRRLhI\/AAAAAAAAdME\/7fuOrAs1mrE\/s1600\/frambuessessambnata.jpg\"><img decoding=\"async\" loading=\"lazy\" src=\"https:\/\/elcalaixetdelaiaia.es\/wp-content\/uploads\/2015\/09\/frambuessessambnata.jpg\" width=\"640\" height=\"480\" border=\"0\" \/><\/a><\/div>\n<div style=\"text-align: center;\"><\/div>\n<div style=\"text-align: center;\">\u00a0otra capa de frambuesas y nata y terminamos con l\u00e1mina de chocolate<\/div>\n<div style=\"text-align: center;\"><\/div>\n<div class=\"separator\" style=\"clear: both; text-align: center;\"><a style=\"margin-left: 1em; margin-right: 1em;\" href=\"http:\/\/2.bp.blogspot.com\/-xCCnhuxGZOs\/VgMlnX6_hEI\/AAAAAAAAdMY\/Tz4TIyibFnE\/s1600\/frambuessessambnatai.jpg\"><img decoding=\"async\" loading=\"lazy\" src=\"https:\/\/elcalaixetdelaiaia.es\/wp-content\/uploads\/2015\/09\/frambuessessambnatai.jpg\" width=\"640\" height=\"480\" border=\"0\" \/><\/a><\/div>\n<div style=\"text-align: center;\"><\/div>\n<div style=\"text-align: center;\">tamizamos con az\u00facar glas<\/div>\n<div style=\"text-align: center;\"><\/div>\n<div class=\"separator\" style=\"clear: both; text-align: center;\"><a style=\"margin-left: 1em; margin-right: 1em;\" href=\"http:\/\/4.bp.blogspot.com\/-g-pULaGjnhE\/VgMlnv_Br7I\/AAAAAAAAdOA\/9QxxYfFcOWE\/s1600\/frambuessessambnataic.jpg\"><img decoding=\"async\" loading=\"lazy\" src=\"https:\/\/elcalaixetdelaiaia.es\/wp-content\/uploads\/2015\/09\/frambuessessambnataic.jpg\" width=\"640\" height=\"482\" border=\"0\" \/><\/a><\/div>\n<div style=\"text-align: center;\"><\/div>\n<div style=\"text-align: center;\">y por ultimo coronamos con unas frambuesas y la menta o hierbabuena<\/div>\n<div style=\"text-align: center;\"><\/div>\n<div class=\"separator\" style=\"clear: both; text-align: center;\"><a style=\"margin-left: 1em; margin-right: 1em;\" href=\"http:\/\/2.bp.blogspot.com\/-2AeYP-lIh50\/VgMloSjsikI\/AAAAAAAAdMs\/l9EGmiYAMjc\/s1600\/frambuessessambnataicho.jpg\"><img decoding=\"async\" loading=\"lazy\" src=\"https:\/\/elcalaixetdelaiaia.es\/wp-content\/uploads\/2015\/09\/frambuessessambnataicho.jpg\" width=\"640\" height=\"480\" border=\"0\" \/><\/a><\/div>\n<div style=\"text-align: center;\"><\/div>\n<div style=\"text-align: center;\">ya tenemos listo<\/div>\n<div style=\"text-align: center;\"><\/div>\n<div class=\"separator\" style=\"clear: both; text-align: center;\"><a style=\"margin-left: 1em; margin-right: 1em;\" href=\"http:\/\/3.bp.blogspot.com\/-V0nU6XrvLxY\/VgMlp1FRYWI\/AAAAAAAAdNw\/5Xp2nZJ4yZw\/s1600\/frambuessessambnataichocol.jpg\"><img decoding=\"async\" loading=\"lazy\" src=\"https:\/\/elcalaixetdelaiaia.es\/wp-content\/uploads\/2015\/09\/frambuessessambnataichocol.jpg\" width=\"640\" height=\"480\" border=\"0\" \/><\/a><\/div>\n<div style=\"text-align: center;\"><\/div>\n<div style=\"text-align: center;\">nuestro postre especial<\/div>\n<div style=\"text-align: center;\"><\/div>\n<div class=\"separator\" style=\"clear: both; text-align: center;\"><a style=\"margin-left: 1em; margin-right: 1em;\" href=\"http:\/\/3.bp.blogspot.com\/-ABeKP_AKC9k\/VgMlqek95UI\/AAAAAAAAdNY\/diPfXSWWdgc\/s1600\/frambuessessambnataichocola.jpg\"><img decoding=\"async\" loading=\"lazy\" src=\"https:\/\/elcalaixetdelaiaia.es\/wp-content\/uploads\/2015\/09\/frambuessessambnataichocola.jpg\" width=\"640\" height=\"480\" border=\"0\" \/><\/a><\/div>\n<div style=\"text-align: center;\"><\/div>\n<div style=\"text-align: center;\">para una ocasi\u00f3n extraordinaria<\/div>\n<div style=\"text-align: center;\"><\/div>\n<div class=\"separator\" style=\"clear: both; text-align: center;\"><a style=\"margin-left: 1em; margin-right: 1em;\" href=\"http:\/\/4.bp.blogspot.com\/-TOa3SI72hsU\/VgMln0Nm64I\/AAAAAAAAdMk\/352rjbZzspE\/s1600\/frambuessessambnataich.jpg\"><img decoding=\"async\" loading=\"lazy\" src=\"https:\/\/elcalaixetdelaiaia.es\/wp-content\/uploads\/2015\/09\/frambuessessambnataich.jpg\" width=\"640\" height=\"464\" border=\"0\" \/><\/a><\/div>\n<div style=\"text-align: center;\"><\/div>\n<div style=\"text-align: center;\">o para endulzarnos la vida cualquier d\u00eda<\/div>\n<div><\/div>\n<div class=\"separator\" style=\"clear: both; text-align: center;\"><a style=\"margin-left: 1em; margin-right: 1em;\" href=\"http:\/\/4.bp.blogspot.com\/-8MOzrmcscZk\/VgMlkmtS5AI\/AAAAAAAAdNs\/Tw-4a_qEbnY\/s1600\/frambuessesambnataic.jpg\"><img decoding=\"async\" loading=\"lazy\" src=\"https:\/\/elcalaixetdelaiaia.es\/wp-content\/uploads\/2015\/09\/frambuessesambnataic.jpg\" width=\"640\" height=\"480\" border=\"0\" \/><\/a><\/div>\n<div class=\"separator\" style=\"clear: both; text-align: center;\"><\/div>\n<div style=\"text-align: center;\">\u00abA la taula i&#8230;BON PROFIT!!!\u00bb<\/div>\n<p><a style=\"background-color: white; color: #a2c4c9; font-family: 'Open Sans'; font-size: 15.4px; line-height: 21.56px;\" href=\"http:\/\/cocinerosdelmundodegoogle.blogspot.com.es\/\" target=\"_blank\" rel=\"noopener\"><b style=\"background-color: white; color: #76a5af; font-family: 'Open Sans'; font-size: 15.4px; line-height: 21.56px;\">Con esta receta participo en el Reto de Septiembre 2015 de CdM en el apartado\u00a0<\/b>Dulce<\/a>, espero que os guste. Tambi\u00e9n pod\u00e9is encontrarme en Facebook, pinchando en este enlace\u00a0<a href=\"https:\/\/www.facebook.com\/El-calaixet-de-la-iaia-533062140099386\/\">https:\/\/www.facebook.com\/El-calaixet-de-la-iaia-533062140099386\/<\/a> Gracias por seguirme.<\/p>\n<p>Edito \u00e9sta entrada para contaros que hoy, estoy muy contenta a la vez que sorprendida, porque no cre\u00ed que mi sencilla cocina, pudiera ser merecedora de semejante premio.<\/p>\n<div class=\"separator\" style=\"clear: both; text-align: center;\"><a style=\"margin-left: 1em; margin-right: 1em;\" href=\"https:\/\/1.bp.blogspot.com\/-vrDcfbBXbLw\/V-aip0HsAYI\/AAAAAAAAmJA\/_k1h9LYuyFAe2XdzprjT8tjdNgRMcNCywCLcB\/s1600\/1premi.png\"><img decoding=\"async\" loading=\"lazy\" src=\"https:\/\/elcalaixetdelaiaia.es\/wp-content\/uploads\/2015\/09\/1premi.png\" width=\"320\" height=\"320\" border=\"0\" \/><\/a><\/div>\n<div style=\"text-align: center;\"><\/div>\n<p>\u00c9sta receta ha sido la ganadora del <strong>1\u00ba Premio<\/strong> en la categor\u00eda de dulce del Reto de Septiembre de 2015 de Cocineros del mundo.<br \/>\nY quiero compartirlo con tod@s vosotr@s, pero principalmente con \u00e9st@s poquit@s que jam\u00e1s dej\u00e1is de dejar un \u00abme gusta\u00bb e incluso un comentario o quienes tambi\u00e9n compart\u00eds mis recetas. Vuestros \u00abme gusta\u00bb, me animan a seguir con el trabajo, porque aunque sois muy poc@s, alguien valora el esfuerzo de un \u00abpaso a paso\u00bb, gracias por ello.<br \/>\nOs dedico este premio. Muchas gracias por vuestra fidelidad. Muakssssssss<\/p>\n<\/div>\n","protected":false},"excerpt":{"rendered":"<p>\u00abRefrany; Arbres i amors, mentre tinguen arrels, tindr\u00e1n fruits i flors\u00bb Arboles y amores, mientras tengan ra\u00edces, tendr\u00e1n frutos y flores. Hoy, 24 de Septiembre, d\u00eda de la Mer\u00e7\u00e9. Esta figura, hace 37 a\u00f1os que coronaba nuestra tarta de bodas. Hoy hace 37 a\u00f1os que me un\u00ed para siempre, al &hellip; <\/p>\n","protected":false},"author":2,"featured_media":18070,"comment_status":"open","ping_status":"open","sticky":false,"template":"","format":"standard","meta":[],"categories":[46,6,1],"tags":[],"_links":{"self":[{"href":"https:\/\/elcalaixetdelaiaia.es\/index.php?rest_route=\/wp\/v2\/posts\/552"}],"collection":[{"href":"https:\/\/elcalaixetdelaiaia.es\/index.php?rest_route=\/wp\/v2\/posts"}],"about":[{"href":"https:\/\/elcalaixetdelaiaia.es\/index.php?rest_route=\/wp\/v2\/types\/post"}],"author":[{"embeddable":true,"href":"https:\/\/elcalaixetdelaiaia.es\/index.php?rest_route=\/wp\/v2\/users\/2"}],"replies":[{"embeddable":true,"href":"https:\/\/elcalaixetdelaiaia.es\/index.php?rest_route=%2Fwp%2Fv2%2Fcomments&post=552"}],"version-history":[{"count":8,"href":"https:\/\/elcalaixetdelaiaia.es\/index.php?rest_route=\/wp\/v2\/posts\/552\/revisions"}],"predecessor-version":[{"id":25672,"href":"https:\/\/elcalaixetdelaiaia.es\/index.php?rest_route=\/wp\/v2\/posts\/552\/revisions\/25672"}],"wp:featuredmedia":[{"embeddable":true,"href":"https:\/\/elcalaixetdelaiaia.es\/index.php?rest_route=\/wp\/v2\/media\/18070"}],"wp:attachment":[{"href":"https:\/\/elcalaixetdelaiaia.es\/index.php?rest_route=%2Fwp%2Fv2%2Fmedia&parent=552"}],"wp:term":[{"taxonomy":"category","embeddable":true,"href":"https:\/\/elcalaixetdelaiaia.es\/index.php?rest_route=%2Fwp%2Fv2%2Fcategories&post=552"},{"taxonomy":"post_tag","embeddable":true,"href":"https:\/\/elcalaixetdelaiaia.es\/index.php?rest_route=%2Fwp%2Fv2%2Ftags&post=552"}],"curies":[{"name":"wp","href":"https:\/\/api.w.org\/{rel}","templated":true}]}}