{"id":533,"date":"2015-11-04T16:18:00","date_gmt":"2015-11-04T16:18:00","guid":{"rendered":"http:\/\/elcalaixetdelaiaia.es\/lentejas-caviar-o-beluga-con-verduras-y"},"modified":"2025-05-24T18:42:27","modified_gmt":"2025-05-24T18:42:27","slug":"lentejas-caviar-o-beluga-con-verduras-y","status":"publish","type":"post","link":"https:\/\/elcalaixetdelaiaia.es\/?p=533","title":{"rendered":"Lentejas caviar o beluga con verduras y jam\u00f3n paso a paso foto a foto"},"content":{"rendered":"<p>\u00abRefrany; Qui menja llentilles no les mastega totes\u00bb Quien come lentejas, no las mastica todas.<\/p>\n<p>&nbsp;<\/p>\n<div>\n<div class=\"separator\" style=\"clear: both; text-align: center;\"><a style=\"margin-left: 1em; margin-right: 1em;\" href=\"http:\/\/2.bp.blogspot.com\/-StPs3XghCwA\/VjjnNy18FII\/AAAAAAAAeiU\/iYNBWpkgfLU\/s1600\/IMG_8753.PNG\"><img decoding=\"async\" loading=\"lazy\" src=\"https:\/\/elcalaixetdelaiaia.es\/wp-content\/uploads\/2015\/11\/IMG_8753.png\" width=\"640\" height=\"480\" border=\"0\" \/><\/a><\/div>\n<p>Hoy comemos lentejas caviar con jam\u00f3n y verduras.<\/p>\n<p>No se si conoc\u00e9is las lentejas caviar o beluga. Si no es as\u00ed, os recomiendo que las prob\u00e9is, son unas lentejas especiales, muy muy tiernas.<\/p>\n<p>La peque\u00f1a, negra y redonda lenteja caviar es una variedad de lenteja de color negro que debe su nombre al parecido que tiene con el caviar de<b>\u00a0<\/b>Beluga y es la lenteja con m\u00e1s valor prote\u00ednico de todas las especies de lentejas que se pueden encontrar en el mercado aparte de constuir \u00a0una gran fuente de prote\u00ednas vegetales.<\/p>\n<div class=\"separator\" style=\"clear: both; text-align: center;\"><a style=\"margin-left: 1em; margin-right: 1em;\" href=\"http:\/\/1.bp.blogspot.com\/-VzgoeeCVpNs\/VjjnYG3xTJI\/AAAAAAAAeic\/gunx1lZXEa8\/s1600\/IMG_8725.PNG\"><img decoding=\"async\" loading=\"lazy\" src=\"https:\/\/elcalaixetdelaiaia.es\/wp-content\/uploads\/2015\/11\/IMG_8725.png\" width=\"640\" height=\"480\" border=\"0\" \/><\/a><\/div>\n<div style=\"text-align: center;\">Adem\u00e1s de su aspecto llamativo, las lentejas beluga mantienen su forma durante la cocci\u00f3n, a diferencia de otras lentejas que tienden a ponerse blandas, aunque tras el remojo y al cocinarse si presentan el color pardo de la lenteja cl\u00e1sica.<\/div>\n<div style=\"text-align: center;\"><\/div>\n<div class=\"separator\" style=\"clear: both; text-align: center;\"><a style=\"margin-left: 1em; margin-right: 1em;\" href=\"http:\/\/1.bp.blogspot.com\/-UBdr06eeYLk\/VjjnzH79oOI\/AAAAAAAAei0\/nKFkwgwMtp8\/s1600\/IMG_8754.PNG\"><img decoding=\"async\" loading=\"lazy\" src=\"https:\/\/elcalaixetdelaiaia.es\/wp-content\/uploads\/2015\/11\/IMG_8754.png\" width=\"480\" height=\"640\" border=\"0\" \/><\/a><\/div>\n<p>Hoy voy a prepararlas con verduras y jam\u00f3n, en definitiva un potaje similar al de toda la vida, pero preparado con unas lentejas diferentes que a mi me han enamorado por completo.<\/p>\n<p>Para cinco comensales necesitaremos;<\/p>\n<p>&nbsp;<\/p>\n<div class=\"separator\" style=\"clear: both; text-align: center;\"><a style=\"margin-left: 1em; margin-right: 1em;\" href=\"http:\/\/2.bp.blogspot.com\/-88PYqZrZs18\/Vjjnuwmb91I\/AAAAAAAAeik\/tIYjARAHLBU\/s1600\/IMG_8724.PNG\"><img decoding=\"async\" loading=\"lazy\" src=\"https:\/\/elcalaixetdelaiaia.es\/wp-content\/uploads\/2015\/11\/IMG_8724.png\" width=\"640\" height=\"480\" border=\"0\" \/><\/a><\/div>\n<ol>\n<li>Un pu\u00f1ado grande de lentejas, unos 80g<\/li>\n<li>250g de jam\u00f3n serrano en tacos<\/li>\n<li>Un tomate maduro<\/li>\n<li>200g. de jud\u00edas verdes<\/li>\n<li>Dos zanahorias<\/li>\n<li>Una cebolla grande<\/li>\n<li>Una cabeza de ajos<\/li>\n<li>Dos hojas de laurel<\/li>\n<li>piment\u00f3n de la vera<\/li>\n<li>Aceite de oliva<\/li>\n<li>Sal o una pastilla de Avecr\u00e9m<\/li>\n<\/ol>\n<div class=\"separator\" style=\"clear: both; text-align: center;\"><a style=\"margin-left: 1em; margin-right: 1em;\" href=\"http:\/\/3.bp.blogspot.com\/-RyP6xCjYi6U\/Vjjny_sRWXI\/AAAAAAAAeiw\/ao1yl4KgXGM\/s1600\/IMG_8755.PNG\"><img decoding=\"async\" loading=\"lazy\" src=\"https:\/\/elcalaixetdelaiaia.es\/wp-content\/uploads\/2015\/11\/IMG_8755.png\" width=\"640\" height=\"480\" border=\"0\" \/><\/a><\/div>\n<div class=\"separator\" style=\"clear: both; text-align: center;\"><\/div>\n<div style=\"text-align: center;\">Dicen que \u00e9ste tipo de lentejas no necesita remojo, (bueno, en relidad, ninguna, pero en mi caso, las remojo, siempre todas) pero yo las pongo en agua toda la noche<\/div>\n<div><\/div>\n<div class=\"separator\" style=\"clear: both; text-align: center;\"><a style=\"margin-left: 1em; margin-right: 1em;\" href=\"http:\/\/4.bp.blogspot.com\/-NSkL1bA8IsM\/Vjjn4UdSCRI\/AAAAAAAAei8\/kRIFYlXwr7o\/s1600\/IMG_8727.PNG\"><img decoding=\"async\" loading=\"lazy\" src=\"https:\/\/elcalaixetdelaiaia.es\/wp-content\/uploads\/2015\/11\/IMG_8727.png\" width=\"640\" height=\"480\" border=\"0\" \/><\/a><\/div>\n<div><\/div>\n<div style=\"text-align: center;\">y si no, pues las aclaramos y dejamos un momentito a remojo mientras pelamos y cortamos las verduras, para que se hidrate la piel<\/div>\n<div style=\"text-align: center;\"><\/div>\n<div class=\"separator\" style=\"clear: both; text-align: center;\"><a style=\"margin-left: 1em; margin-right: 1em;\" href=\"http:\/\/3.bp.blogspot.com\/-jsm6BJNyVxc\/Vjjon3AsBEI\/AAAAAAAAejU\/G59G74xR1JM\/s1600\/IMG_8726.PNG\"><img decoding=\"async\" loading=\"lazy\" src=\"https:\/\/elcalaixetdelaiaia.es\/wp-content\/uploads\/2015\/11\/IMG_8726.png\" width=\"640\" height=\"480\" border=\"0\" \/><\/a><\/div>\n<div style=\"text-align: center;\"><\/div>\n<div style=\"text-align: center;\">mirad como cambia el color con el remojo<\/div>\n<div><\/div>\n<div class=\"separator\" style=\"clear: both; text-align: center;\"><a style=\"margin-left: 1em; margin-right: 1em;\" href=\"http:\/\/2.bp.blogspot.com\/-e-NPVw7rwgg\/VjjojHDp0SI\/AAAAAAAAejM\/Wco4g_FhWsA\/s1600\/IMG_8728.PNG\"><img decoding=\"async\" loading=\"lazy\" src=\"https:\/\/elcalaixetdelaiaia.es\/wp-content\/uploads\/2015\/11\/IMG_8728.png\" width=\"640\" height=\"480\" border=\"0\" \/><\/a><\/div>\n<div style=\"text-align: center;\"><\/div>\n<div style=\"text-align: center;\">picamos la cebolla, en \u00e9ste caso una cebolla muy grande o dos grandes, soy una gran consumidora de cebollas, en casa gusta mucho y me encanta el sabor meloso que deja en los estofados as\u00ed que no teng\u00e1is miedo de echar mucha cebolla, porque acaba desapareciendo y deja un caldito cremoso.<\/div>\n<div style=\"text-align: center;\"><\/div>\n<div class=\"separator\" style=\"clear: both; text-align: center;\"><a style=\"margin-left: 1em; margin-right: 1em;\" href=\"http:\/\/1.bp.blogspot.com\/-fuee1PWyRGY\/VjjoiTkrhCI\/AAAAAAAAejI\/sF7fsB6coEI\/s1600\/IMG_8729.PNG\"><img decoding=\"async\" loading=\"lazy\" src=\"https:\/\/elcalaixetdelaiaia.es\/wp-content\/uploads\/2015\/11\/IMG_8729.png\" width=\"640\" height=\"480\" border=\"0\" \/><\/a><\/div>\n<div class=\"separator\" style=\"clear: both; text-align: center;\"><\/div>\n<div class=\"separator\" style=\"clear: both; text-align: center;\">Ponemos a pochar la cebolla en aceite de oliva caliente que que ya tendremos caliente en la olla r\u00e1pida y a\u00f1adimos dos hojas de laurel enjuagadas. Dejamos a fuego lento, que se vaya dorando lentamente<\/div>\n<div class=\"separator\" style=\"clear: both; text-align: center;\"><\/div>\n<div class=\"separator\" style=\"clear: both; text-align: center;\"><a style=\"margin-left: 1em; margin-right: 1em;\" href=\"http:\/\/2.bp.blogspot.com\/-E_-QtQDr3p0\/Vjjo5nCTWxI\/AAAAAAAAejk\/zeN-KyOZC1A\/s1600\/IMG_8730.PNG\"><img decoding=\"async\" loading=\"lazy\" src=\"https:\/\/elcalaixetdelaiaia.es\/wp-content\/uploads\/2015\/11\/IMG_8730.png\" width=\"640\" height=\"480\" border=\"0\" \/><\/a><\/div>\n<div class=\"separator\" style=\"clear: both; text-align: center;\"><\/div>\n<div class=\"separator\" style=\"clear: both; text-align: center;\">mientras tanto pelamos y troceamos las verduras y tres dientes de ajo, que en \u00e9sta ocasi\u00f3n pondremos pelados y chafados<\/div>\n<div class=\"separator\" style=\"clear: both; text-align: center;\"><a style=\"margin-left: 1em; margin-right: 1em;\" href=\"http:\/\/4.bp.blogspot.com\/-9U7VpWbs1YE\/Vjjo4SLAOoI\/AAAAAAAAejg\/ks6JfvdbaLY\/s1600\/IMG_8731.PNG\"><img decoding=\"async\" loading=\"lazy\" src=\"https:\/\/elcalaixetdelaiaia.es\/wp-content\/uploads\/2015\/11\/IMG_8731.png\" width=\"640\" height=\"480\" border=\"0\" \/><\/a><\/div>\n<div style=\"text-align: center;\">uniremos a la cebolla ya pochada, junto a los taquitos de jam\u00f3n, removeremos<\/div>\n<div style=\"text-align: center;\"><\/div>\n<div class=\"separator\" style=\"clear: both; text-align: center;\"><a style=\"margin-left: 1em; margin-right: 1em;\" href=\"http:\/\/4.bp.blogspot.com\/-UdfJh9nArEE\/VjjpAn2SIZI\/AAAAAAAAejs\/pFxgT10pyPA\/s1600\/IMG_8732.PNG\"><img decoding=\"async\" loading=\"lazy\" src=\"https:\/\/elcalaixetdelaiaia.es\/wp-content\/uploads\/2015\/11\/IMG_8732.png\" width=\"640\" height=\"480\" border=\"0\" \/><\/a><\/div>\n<div><\/div>\n<div style=\"text-align: center;\">e incorporaremos el tomate pelado y rallado para que se sofr\u00eda todo junto<\/div>\n<div style=\"text-align: center;\"><\/div>\n<div class=\"separator\" style=\"clear: both; text-align: center;\"><a style=\"margin-left: 1em; margin-right: 1em;\" href=\"http:\/\/2.bp.blogspot.com\/-wVnFRU6VkFY\/VjjpOo5QSUI\/AAAAAAAAej8\/TsC0kN0jhc8\/s1600\/IMG_8733.PNG\"><img decoding=\"async\" loading=\"lazy\" src=\"https:\/\/elcalaixetdelaiaia.es\/wp-content\/uploads\/2015\/11\/IMG_8733.png\" width=\"640\" height=\"480\" border=\"0\" \/><\/a><\/div>\n<div><\/div>\n<div style=\"text-align: center;\">pelamos y chascamos una patata grande, la chascamos en lugar de cortarla para que tambi\u00e9n ayude a trabar el caldito soltando el almid\u00f3n<\/div>\n<div style=\"text-align: center;\"><\/div>\n<div class=\"separator\" style=\"clear: both; text-align: center;\"><a style=\"margin-left: 1em; margin-right: 1em;\" href=\"http:\/\/4.bp.blogspot.com\/-XRnUS_GpsyI\/VjjpO4grCpI\/AAAAAAAAej4\/BRQLPPHJ714\/s1600\/IMG_8734.PNG\"><img decoding=\"async\" loading=\"lazy\" src=\"https:\/\/elcalaixetdelaiaia.es\/wp-content\/uploads\/2015\/11\/IMG_8734.png\" width=\"640\" height=\"480\" border=\"0\" \/><\/a><\/div>\n<div><\/div>\n<div style=\"text-align: center;\">molemos un poco de pimienta negra<\/div>\n<div style=\"text-align: center;\"><\/div>\n<div class=\"separator\" style=\"clear: both; text-align: center;\"><a style=\"margin-left: 1em; margin-right: 1em;\" href=\"http:\/\/2.bp.blogspot.com\/-0j6TpW1zH9M\/VjjpWa0xtQI\/AAAAAAAAekE\/MiXRIZgGPSU\/s1600\/IMG_8735.PNG\"><img decoding=\"async\" loading=\"lazy\" src=\"https:\/\/elcalaixetdelaiaia.es\/wp-content\/uploads\/2015\/11\/IMG_8735.png\" width=\"640\" height=\"480\" border=\"0\" \/><\/a><\/div>\n<div><\/div>\n<div style=\"text-align: center;\">y salamos o deshacemos una pastilla de Avecr\u00e9m , seg\u00fan los gustos de cada cual<\/div>\n<div style=\"text-align: center;\"><\/div>\n<div class=\"separator\" style=\"clear: both; text-align: center;\"><a style=\"margin-left: 1em; margin-right: 1em;\" href=\"http:\/\/4.bp.blogspot.com\/-az6Q_cQFmnA\/VjjpnZ9j5aI\/AAAAAAAAek4\/2e_Je2zm9rQ\/s1600\/IMG_8736.PNG\"><img decoding=\"async\" loading=\"lazy\" src=\"https:\/\/elcalaixetdelaiaia.es\/wp-content\/uploads\/2015\/11\/IMG_8736.png\" width=\"640\" height=\"480\" border=\"0\" \/><\/a><\/div>\n<div><\/div>\n<div style=\"text-align: center;\">a\u00f1adimos una puntita de piment\u00f3n removemos y r\u00e1pido que no se nos queme el piment\u00f3n porque de lo contrario amargar\u00e1, ponemos las lentejas \u00a0removemos y<\/div>\n<div style=\"text-align: center;\"><\/div>\n<div class=\"separator\" style=\"clear: both; text-align: center;\"><a style=\"margin-left: 1em; margin-right: 1em;\" href=\"http:\/\/4.bp.blogspot.com\/-paGrlEhVC8o\/VjjpkcxwANI\/AAAAAAAAekM\/WysH7McVzA8\/s1600\/IMG_8737.PNG\"><img decoding=\"async\" loading=\"lazy\" src=\"https:\/\/elcalaixetdelaiaia.es\/wp-content\/uploads\/2015\/11\/IMG_8737.png\" width=\"640\" height=\"480\" border=\"0\" \/><\/a><\/div>\n<div style=\"text-align: center;\"><\/div>\n<div style=\"text-align: center;\">cubrimos con agua caliente<\/div>\n<div style=\"text-align: center;\"><\/div>\n<div class=\"separator\" style=\"clear: both; text-align: center;\"><a style=\"margin-left: 1em; margin-right: 1em;\" href=\"http:\/\/4.bp.blogspot.com\/-ewSJBYolu7E\/Vjjpmz36HrI\/AAAAAAAAeko\/DntZGYbwanw\/s1600\/IMG_8738.PNG\"><img decoding=\"async\" loading=\"lazy\" src=\"https:\/\/elcalaixetdelaiaia.es\/wp-content\/uploads\/2015\/11\/IMG_8738.png\" width=\"640\" height=\"480\" border=\"0\" \/><\/a><\/div>\n<div><\/div>\n<div style=\"text-align: center;\">taparemos la olla y contaremos 8\/10 minutos a fuego bajo a partir de que salga la v\u00e1lvula<\/div>\n<div style=\"text-align: center;\"><\/div>\n<div class=\"separator\" style=\"clear: both; text-align: center;\"><a style=\"margin-left: 1em; margin-right: 1em;\" href=\"http:\/\/2.bp.blogspot.com\/-sEhhCOnxNhA\/VjjpniyRaMI\/AAAAAAAAekY\/2rlx05RAX3U\/s1600\/IMG_8750.PNG\"><img decoding=\"async\" loading=\"lazy\" src=\"https:\/\/elcalaixetdelaiaia.es\/wp-content\/uploads\/2015\/11\/IMG_8750.png\" width=\"640\" height=\"480\" border=\"0\" \/><\/a><\/div>\n<div style=\"text-align: center;\"><\/div>\n<div style=\"text-align: center;\">pasado \u00e9ste tiempo, enfriamos la olla debidamente tomando todas las precauciones necesarias y abrimos la tapa, si os han quedado caldosas, dejar hervir unos minutos con la tapa quitada<\/div>\n<div><\/div>\n<div class=\"separator\" style=\"clear: both; text-align: center;\"><a style=\"margin-left: 1em; margin-right: 1em;\" href=\"http:\/\/2.bp.blogspot.com\/-YOpSpY7mCh8\/VjjppBSPrNI\/AAAAAAAAekw\/joHjsBy880A\/s1600\/IMG_8751.PNG\"><img decoding=\"async\" loading=\"lazy\" src=\"https:\/\/elcalaixetdelaiaia.es\/wp-content\/uploads\/2015\/11\/IMG_8751.png\" width=\"640\" height=\"480\" border=\"0\" \/><\/a><\/div>\n<div><\/div>\n<div style=\"text-align: center;\">y listas para degustar unas lentejas buen\u00edsimas que a nosotros nos han encantado<\/div>\n<div style=\"text-align: center;\"><\/div>\n<div class=\"separator\" style=\"clear: both; text-align: center;\"><a style=\"margin-left: 1em; margin-right: 1em;\" href=\"http:\/\/4.bp.blogspot.com\/-0euf1_lPYsU\/Vjjpp0Ze9II\/AAAAAAAAek0\/XQexXOlVhpo\/s1600\/IMG_8752.PNG\"><img decoding=\"async\" loading=\"lazy\" src=\"https:\/\/elcalaixetdelaiaia.es\/wp-content\/uploads\/2015\/11\/IMG_8752.png\" width=\"640\" height=\"480\" border=\"0\" \/><\/a><\/div>\n<div><\/div>\n<div style=\"text-align: center;\">en casa no ten\u00edamos espera, pero os aconsejo dejarlas reposar un poquito<\/div>\n<div style=\"text-align: center;\"><\/div>\n<div class=\"separator\" style=\"clear: both; text-align: center;\"><a style=\"margin-left: 1em; margin-right: 1em;\" href=\"http:\/\/1.bp.blogspot.com\/-Nv8BssjmlxE\/VjjpqaCKVdI\/AAAAAAAAek8\/_IiC-CUh3j4\/s1600\/IMG_8753.PNG\"><img decoding=\"async\" loading=\"lazy\" src=\"https:\/\/elcalaixetdelaiaia.es\/wp-content\/uploads\/2015\/11\/IMG_8753-1.png\" width=\"640\" height=\"480\" border=\"0\" \/><\/a><\/div>\n<div style=\"text-align: center;\">\u00aba la taula i&#8230; BON PROFIT!!!<\/div>\n<div style=\"text-align: center;\">\n<p>\u00bfQue te parece \u00e9sta receta?<\/p>\n<div>Espero tus comentarios que para mi son MUY importantes y recuerda que tambi\u00e9n estoy en Facebook <a href=\"https:\/\/www.facebook.com\/El-calaixet-de-la-iaia-533062140099386\/\">https:\/\/www.facebook.com\/El-calaixet-de-la-iaia-533062140099386\/<\/a><\/div>\n<div>Si quieres recibir mis actualizaciones por mail, al final de \u00e9sta p\u00e1gina a la izquierda tienes como hacer para introducir tu correo electr\u00f3nico y no perderte las actualizaciones de mis recetas \u00a1Gracias!<\/div>\n<\/div>\n<ol class=\"steps\" style=\"background-color: white; border: 0px; clear: left; color: #333333; font-family: museo_sans300, Helvetica, sans-serif; font-size: small; font-stretch: inherit; line-height: 13px; list-style: none; margin: 0px; padding: 0px; vertical-align: baseline;\">\n<li class=\"stepwrap\" style=\"border: 0px; clear: left; font-family: inherit; font-size: inherit; font-stretch: inherit; font-style: inherit; font-variant: inherit; font-weight: inherit; line-height: inherit; margin: 0px; padding: 0px; vertical-align: baseline;\"><\/li>\n<\/ol>\n<\/div>\n","protected":false},"excerpt":{"rendered":"<p>\u00abRefrany; Qui menja llentilles no les mastega totes\u00bb Quien come lentejas, no las mastica todas. &nbsp; Hoy comemos lentejas caviar con jam\u00f3n y verduras. No se si conoc\u00e9is las lentejas caviar o beluga. Si no es as\u00ed, os recomiendo que las prob\u00e9is, son unas lentejas especiales, muy muy tiernas. La &hellip; <\/p>\n","protected":false},"author":2,"featured_media":7312,"comment_status":"open","ping_status":"open","sticky":false,"template":"","format":"standard","meta":[],"categories":[34,1],"tags":[],"_links":{"self":[{"href":"https:\/\/elcalaixetdelaiaia.es\/index.php?rest_route=\/wp\/v2\/posts\/533"}],"collection":[{"href":"https:\/\/elcalaixetdelaiaia.es\/index.php?rest_route=\/wp\/v2\/posts"}],"about":[{"href":"https:\/\/elcalaixetdelaiaia.es\/index.php?rest_route=\/wp\/v2\/types\/post"}],"author":[{"embeddable":true,"href":"https:\/\/elcalaixetdelaiaia.es\/index.php?rest_route=\/wp\/v2\/users\/2"}],"replies":[{"embeddable":true,"href":"https:\/\/elcalaixetdelaiaia.es\/index.php?rest_route=%2Fwp%2Fv2%2Fcomments&post=533"}],"version-history":[{"count":7,"href":"https:\/\/elcalaixetdelaiaia.es\/index.php?rest_route=\/wp\/v2\/posts\/533\/revisions"}],"predecessor-version":[{"id":28266,"href":"https:\/\/elcalaixetdelaiaia.es\/index.php?rest_route=\/wp\/v2\/posts\/533\/revisions\/28266"}],"wp:featuredmedia":[{"embeddable":true,"href":"https:\/\/elcalaixetdelaiaia.es\/index.php?rest_route=\/wp\/v2\/media\/7312"}],"wp:attachment":[{"href":"https:\/\/elcalaixetdelaiaia.es\/index.php?rest_route=%2Fwp%2Fv2%2Fmedia&parent=533"}],"wp:term":[{"taxonomy":"category","embeddable":true,"href":"https:\/\/elcalaixetdelaiaia.es\/index.php?rest_route=%2Fwp%2Fv2%2Fcategories&post=533"},{"taxonomy":"post_tag","embeddable":true,"href":"https:\/\/elcalaixetdelaiaia.es\/index.php?rest_route=%2Fwp%2Fv2%2Ftags&post=533"}],"curies":[{"name":"wp","href":"https:\/\/api.w.org\/{rel}","templated":true}]}}