{"id":530,"date":"2015-11-05T07:00:00","date_gmt":"2015-11-05T07:00:00","guid":{"rendered":"http:\/\/elcalaixetdelaiaia.es\/tallarines-tipo-carbonara-con-nata-y"},"modified":"2019-10-22T09:24:20","modified_gmt":"2019-10-22T09:24:20","slug":"tallarines-tipo-carbonara-con-nata-y","status":"publish","type":"post","link":"https:\/\/elcalaixetdelaiaia.es\/?p=530","title":{"rendered":"Tallarines tipo carbonara con nata y beicon paso a paso foto a foto"},"content":{"rendered":"<p>\u00abRefrany;<br \/>\nA primers de novembre, el teu foc ja pots encendre\u00bb<\/p>\n<div>A primeros de noviembre, tu fuego ya puedes encender.<\/p>\n<div>\nTallarines con beicon, nata y huevo.<\/div>\n<div><\/div>\n<div>\n<div class=\"separator\" style=\"clear: both; text-align: center;\"><a style=\"margin-left: 1em; margin-right: 1em;\" href=\"http:\/\/2.bp.blogspot.com\/-UIxmkN4qJe4\/Ursj9ZpB0TI\/AAAAAAAADsE\/iPZOJQFW5qM\/s1600\/SAM_3419.JPG\"><img decoding=\"async\" loading=\"lazy\" src=\"https:\/\/elcalaixetdelaiaia.es\/wp-content\/uploads\/2015\/11\/SAM_3419.jpg\" width=\"640\" height=\"480\" border=\"0\" \/><\/a><\/div>\n<\/div>\n<div>\n<div><\/div>\n<div style=\"text-align: center;\">L\u00f3gicamente, nadie como los italianos para cocinar la pasta.<\/div>\n<div style=\"text-align: center;\">Si nos salimos de la pasta con salsa bolognesa \u00f3 de at\u00fan, la variante con salsa carbonara es la mas conocida, pero curiosamente los italianos la hacen SIN nata y SIN crema, por tanto lo que solemos llamar carbonara, ciertamente NO lo es.<\/div>\n<div><\/div>\n<\/div>\n<div class=\"separator\" style=\"clear: both; text-align: center;\"><a style=\"margin-left: 1em; margin-right: 1em;\" href=\"http:\/\/4.bp.blogspot.com\/-HmHgEMPd0QI\/Uq42Gb-hYHI\/AAAAAAAADhU\/iYZA9k6kOVY\/s1600\/SAM_3416.JPG\"><img decoding=\"async\" loading=\"lazy\" src=\"https:\/\/elcalaixetdelaiaia.es\/wp-content\/uploads\/2015\/11\/SAM_3416.jpg\" width=\"610\" height=\"640\" border=\"0\" \/><\/a><\/div>\n<div><\/div>\n<div>Existen diversas teor\u00edas acerca del origen del nombre de este plato, para algunos la palabra carbonara proviene de carbone, que en italiano es la denominaci\u00f3n de carb\u00f3n (Carbonari), y se cree que el nombre del plato tiene su origen en el plato t\u00edpico de los elaboradores de carb\u00f3n vegetal en los Apeninos. Otros mencionan que la denominaci\u00f3n carb\u00f3n se hace debido al empleo de la pimienta negra en la elaboraci\u00f3n de la salsa que puede recordar al carb\u00f3n. Otros dicen que fue creado por las tropas de Garibaldi durante la guerra de la unificaci\u00f3n de Italia en la d\u00e9cada de 1850 (el Risorgimento), cuando los soldados preparaban sus espaguetis sobre un fuego de carb\u00f3n. Algunas teor\u00edas dicen que el primero en darle el nombre fue el escritor culinario napolitano Ippolito Cavalcanti que en el a\u00f1o 1839 publica la receta por primera vez en su libro titulado: Cucina teorico-pratica.<\/div>\n<div><\/div>\n<div class=\"separator\" style=\"clear: both; text-align: center;\"><a style=\"margin-left: 1em; margin-right: 1em;\" href=\"http:\/\/2.bp.blogspot.com\/-8sugMjPn1sE\/Uq42JnGGp8I\/AAAAAAAADhw\/nYRpKqtb16A\/s1600\/SAM_3420.JPG\"><img decoding=\"async\" loading=\"lazy\" src=\"https:\/\/elcalaixetdelaiaia.es\/wp-content\/uploads\/2015\/11\/SAM_3420.jpg\" width=\"640\" height=\"446\" border=\"0\" \/><\/a><\/div>\n<div><\/div>\n<div>En las primeras recetas no a\u00f1ad\u00edan el beicon, \u00e9ste al parecer se introdujo en el plato en Roma alrededor del a\u00f1o 1944 por las tropas aliadas tras la Segunda Guerra mundial.<\/div>\n<div><\/div>\n<div>\n<div class=\"separator\" style=\"clear: both; text-align: center;\"><a style=\"margin-left: 1em; margin-right: 1em;\" href=\"http:\/\/1.bp.blogspot.com\/-G-LjkHsDinA\/Ursj9jK7v1I\/AAAAAAAADsI\/9y0IOA83_Y0\/s1600\/SAM_3415.JPG\"><img decoding=\"async\" loading=\"lazy\" src=\"https:\/\/elcalaixetdelaiaia.es\/wp-content\/uploads\/2015\/11\/SAM_3415.jpg\" width=\"640\" height=\"480\" border=\"0\" \/><\/a><\/div>\n<\/div>\n<div><\/div>\n<div>Yo los preparo con nata, por tanto&#8230;no son los aut\u00e9nticos carbona y por \u00e9so \u00a0los denomino \u00abtipo carbonara\u00bb y no carbonara&#8230;..Para dos necesitaremos;<\/p>\n<\/div>\n<div><\/div>\n<div class=\"separator\" style=\"clear: both; text-align: center;\"><a style=\"margin-left: 1em; margin-right: 1em;\" href=\"http:\/\/4.bp.blogspot.com\/-TnqSrV2N-Cc\/Uq41zqL2_qI\/AAAAAAAADe8\/PrNJAIYMTsk\/s1600\/SAM_3391.JPG\"><img decoding=\"async\" loading=\"lazy\" src=\"https:\/\/elcalaixetdelaiaia.es\/wp-content\/uploads\/2015\/11\/SAM_3391.jpg\" width=\"492\" height=\"640\" border=\"0\" \/><\/a><\/div>\n<div>\n<ol>\n<li>200 gramos de pasta (hoy tallarines)<\/li>\n<li>150 gramos de panceta o beicon<\/li>\n<li>Dos huevos<\/li>\n<li>dos de cebollas (depende del tama\u00f1o)<\/li>\n<li>200 ml de nata l\u00edquida para cocinar (un brik)<\/li>\n<li>50 gramos de queso Grana Padano (en Lidl, muy bien de precio)<\/li>\n<li>Aceite de oliva<\/li>\n<li>Sal o una pastilla de Avecr\u00e9m pollo<\/li>\n<li>Pimienta negra.<\/li>\n<\/ol>\n<\/div>\n<div class=\"separator\" style=\"clear: both; text-align: center;\"><a style=\"margin-left: 1em; margin-right: 1em;\" href=\"http:\/\/1.bp.blogspot.com\/-q_TSRkb0mro\/Uq41zBbSbOI\/AAAAAAAADe4\/_R2fNeq_yJ4\/s1600\/SAM_3393.JPG\"><img decoding=\"async\" loading=\"lazy\" src=\"https:\/\/elcalaixetdelaiaia.es\/wp-content\/uploads\/2015\/11\/SAM_3393.jpg\" width=\"640\" height=\"480\" border=\"0\" \/><\/a><\/div>\n<div>\n<div><\/div>\n<div style=\"text-align: center;\">En vista de que lo que mas tarda en hacerse en la cebolla porque la hemos de pochar lentamente, empezaremos pel\u00e1ndola, rall\u00e1ndola y poni\u00e9ndola al fuego con unas cucharadas de aceite de oliva,<\/div>\n<div><\/div>\n<\/div>\n<div class=\"separator\" style=\"clear: both; text-align: center;\"><a style=\"margin-left: 1em; margin-right: 1em;\" href=\"http:\/\/3.bp.blogspot.com\/-Y6sX8WNW2pA\/Uq41zwubjPI\/AAAAAAAADfA\/QXqsMoNmyig\/s1600\/SAM_3394.JPG\"><img decoding=\"async\" loading=\"lazy\" src=\"https:\/\/elcalaixetdelaiaia.es\/wp-content\/uploads\/2015\/11\/SAM_3394.jpg\" width=\"640\" height=\"480\" border=\"0\" \/><\/a><\/div>\n<div>\n<div style=\"text-align: center;\"><\/div>\n<\/div>\n<div>\n<div style=\"text-align: center;\">se tapa y se deja hacer poco a poco.<\/div>\n<div><\/div>\n<\/div>\n<div class=\"separator\" style=\"clear: both; text-align: center;\"><a style=\"margin-left: 1em; margin-right: 1em;\" href=\"http:\/\/4.bp.blogspot.com\/-4jxNCPrWAUc\/Uq412pSSCTI\/AAAAAAAADfY\/YOLk266GklI\/s1600\/SAM_3395.JPG\"><img decoding=\"async\" loading=\"lazy\" src=\"https:\/\/elcalaixetdelaiaia.es\/wp-content\/uploads\/2015\/11\/SAM_3395.jpg\" width=\"640\" height=\"480\" border=\"0\" \/><\/a><\/div>\n<div>\n<div style=\"text-align: center;\"><\/div>\n<div style=\"text-align: center;\">En otra sart\u00e9n ponemos a fre\u00edr los dados de beicon hasta que est\u00e9n dorados a nuestro gusto, en mi caso muy cujientes. No pondremos aceite, ya que el beicon ir\u00e1 soltando su propia grasa.<\/div>\n<div><\/div>\n<\/div>\n<div class=\"separator\" style=\"clear: both; text-align: center;\"><a style=\"margin-left: 1em; margin-right: 1em;\" href=\"http:\/\/3.bp.blogspot.com\/-AAk3f4tKVqY\/Uq412dRU22I\/AAAAAAAADfQ\/r8KDxx_qW4U\/s1600\/SAM_3396.JPG\"><img decoding=\"async\" loading=\"lazy\" src=\"https:\/\/elcalaixetdelaiaia.es\/wp-content\/uploads\/2015\/11\/SAM_3396.jpg\" width=\"480\" height=\"640\" border=\"0\" \/><\/a><\/div>\n<div>\n<div style=\"text-align: center;\"><\/div>\n<div style=\"text-align: center;\">Preparamos la pasta<\/div>\n<div><\/div>\n<\/div>\n<div class=\"separator\" style=\"clear: both; text-align: center;\"><a style=\"margin-left: 1em; margin-right: 1em;\" href=\"http:\/\/2.bp.blogspot.com\/-7KeBqgBlmBo\/Uq415IhLUMI\/AAAAAAAADfk\/mxT9uF96nOI\/s1600\/SAM_3399.JPG\"><img decoding=\"async\" loading=\"lazy\" src=\"https:\/\/elcalaixetdelaiaia.es\/wp-content\/uploads\/2015\/11\/SAM_3399.jpg\" width=\"640\" height=\"480\" border=\"0\" \/><\/a><\/div>\n<div>\n<div style=\"text-align: center;\"><\/div>\n<div style=\"text-align: center;\">Pondremos a hervir en un recipiente amplio, dos litros de agua,cuando empiece a hervir, pondremos sal o una pastilla de caldo Avecr\u00e9m (esto a vuestro gusto, en casa, desde siempre para hervir la pasta y las verduras, se ha puesto Avecr\u00e9m en lugar de sal y un famos\u00edsimo endocrino, que llevaba a mi madre, me asegur\u00f3 que era un acierto)\u00a0 y la grasa que ha soltado el beicon.<\/div>\n<div><\/div>\n<\/div>\n<div class=\"separator\" style=\"clear: both; text-align: center;\"><a style=\"margin-left: 1em; margin-right: 1em;\" href=\"http:\/\/4.bp.blogspot.com\/-1qqq4NnSY4c\/Uq417WD6-fI\/AAAAAAAADf0\/uSY6fz4Nnb4\/s1600\/SAM_3400.JPG\"><img decoding=\"async\" loading=\"lazy\" src=\"https:\/\/elcalaixetdelaiaia.es\/wp-content\/uploads\/2015\/11\/SAM_3400.jpg\" width=\"640\" height=\"480\" border=\"0\" \/><\/a><\/div>\n<div class=\"separator\" style=\"clear: both; text-align: center;\"><\/div>\n<div class=\"separator\" style=\"clear: both; text-align: center;\">a continuaci\u00f3n incorporamos los tallarines aproximadamente 7 minutos,<\/div>\n<div><\/div>\n<div class=\"separator\" style=\"clear: both; text-align: center;\"><a style=\"margin-left: 1em; margin-right: 1em;\" href=\"http:\/\/2.bp.blogspot.com\/-6VWZtcJ8odY\/Uq417UOLAhI\/AAAAAAAADf4\/2l9k7ZtjiOU\/s1600\/SAM_3404.JPG\"><img decoding=\"async\" loading=\"lazy\" src=\"https:\/\/elcalaixetdelaiaia.es\/wp-content\/uploads\/2015\/11\/SAM_3404.jpg\" width=\"640\" height=\"472\" border=\"0\" \/><\/a><\/div>\n<div class=\"separator\" style=\"clear: both; text-align: center;\"><\/div>\n<div class=\"separator\" style=\"clear: both; text-align: center;\">pero hay que comprobar que dice el fabricante para hacerlos al dente.<\/div>\n<div><\/div>\n<div class=\"separator\" style=\"clear: both; text-align: center;\"><a style=\"margin-left: 1em; margin-right: 1em;\" href=\"http:\/\/2.bp.blogspot.com\/-c0bfut8NCQ4\/Uq418zwiYmI\/AAAAAAAADgE\/rIo3vi3NmSU\/s1600\/SAM_3405.JPG\"><img decoding=\"async\" loading=\"lazy\" src=\"https:\/\/elcalaixetdelaiaia.es\/wp-content\/uploads\/2015\/11\/SAM_3405.jpg\" width=\"640\" height=\"480\" border=\"0\" \/><\/a><\/div>\n<div>\n<div style=\"text-align: center;\"><\/div>\n<div style=\"text-align: center;\">Cuando la cebolla est\u00e9 pochada<\/div>\n<div><\/div>\n<\/div>\n<div class=\"separator\" style=\"clear: both; text-align: center;\"><a style=\"margin-left: 1em; margin-right: 1em;\" href=\"http:\/\/2.bp.blogspot.com\/-50DwBEidSco\/Uq419iGXoRI\/AAAAAAAADgI\/75gDISVvRdg\/s1600\/SAM_3406.JPG\"><img decoding=\"async\" loading=\"lazy\" src=\"https:\/\/elcalaixetdelaiaia.es\/wp-content\/uploads\/2015\/11\/SAM_3406.jpg\" width=\"640\" height=\"480\" border=\"0\" \/><\/a><\/div>\n<div>\n<div style=\"text-align: center;\"><\/div>\n<\/div>\n<div>\n<div style=\"text-align: center;\">\u00a0a\u00f1adiremos , un brcik de nata<\/div>\n<div><\/div>\n<\/div>\n<div class=\"separator\" style=\"clear: both; text-align: center;\"><a style=\"margin-left: 1em; margin-right: 1em;\" href=\"http:\/\/2.bp.blogspot.com\/-AJNBHqwnts0\/Uq42BPBbERI\/AAAAAAAADgk\/IXLHchvwnBI\/s1600\/SAM_3407.JPG\"><img decoding=\"async\" loading=\"lazy\" src=\"https:\/\/elcalaixetdelaiaia.es\/wp-content\/uploads\/2015\/11\/SAM_3407.jpg\" width=\"640\" height=\"480\" border=\"0\" \/><\/a><\/div>\n<div class=\"separator\" style=\"clear: both; text-align: center;\"><\/div>\n<div>\n<div style=\"text-align: center;\">el beicon frito<\/div>\n<div><\/div>\n<\/div>\n<div class=\"separator\" style=\"clear: both; text-align: center;\"><a style=\"margin-left: 1em; margin-right: 1em;\" href=\"http:\/\/4.bp.blogspot.com\/-25NCvhzPYRI\/Uq41_Zl-uVI\/AAAAAAAADgU\/czTsSL87NSQ\/s1600\/SAM_3408.JPG\"><img decoding=\"async\" loading=\"lazy\" src=\"https:\/\/elcalaixetdelaiaia.es\/wp-content\/uploads\/2015\/11\/SAM_3408.jpg\" width=\"640\" height=\"480\" border=\"0\" \/><\/a><\/div>\n<div>\n<div style=\"text-align: center;\"><\/div>\n<\/div>\n<div>\n<div style=\"text-align: center;\">\u00a0y pimienta negra reci\u00e9n molida damos una vuelta y apagamos el fuego.<\/div>\n<div><\/div>\n<\/div>\n<div class=\"separator\" style=\"clear: both; text-align: center;\"><a style=\"margin-left: 1em; margin-right: 1em;\" href=\"http:\/\/2.bp.blogspot.com\/-QAxT1dSVp_Q\/Uq42BgU01wI\/AAAAAAAADgs\/WaJ6d--FRD4\/s1600\/SAM_3410.JPG\"><img decoding=\"async\" loading=\"lazy\" src=\"https:\/\/elcalaixetdelaiaia.es\/wp-content\/uploads\/2015\/11\/SAM_3410.jpg\" width=\"640\" height=\"480\" border=\"0\" \/><\/a><\/div>\n<div class=\"separator\" style=\"clear: both; text-align: center;\"><\/div>\n<div class=\"separator\" style=\"clear: both; text-align: center;\">Mientras dejamos reposar,<\/div>\n<div><\/div>\n<div>\n<div style=\"text-align: center;\"><a style=\"margin-left: 1em; margin-right: 1em;\" href=\"http:\/\/3.bp.blogspot.com\/-ErsAE5aebqk\/Uq41_yMAdTI\/AAAAAAAADgY\/0biBFs3D4O0\/s1600\/SAM_3409.JPG\"><img decoding=\"async\" loading=\"lazy\" src=\"https:\/\/elcalaixetdelaiaia.es\/wp-content\/uploads\/2015\/11\/SAM_3409.jpg\" width=\"640\" height=\"476\" border=\"0\" \/><\/a><\/div>\n<\/div>\n<div>\n<div style=\"text-align: center;\"><\/div>\n<div style=\"text-align: center;\">rallamos el Grana Padano en trozos grandes, que se note el queso.Parmigiano Reggiano y Grana Padano son muy similares, la tecnolog\u00eda de producci\u00f3n es casi id\u00e9ntica, pero el Grana Padano tiene un precio muy asequible y para la cocina es perfecto, fuerte y con una textura granulada y con un ligero sabor a nuez, en casa gusta mucho<\/div>\n<div><\/div>\n<\/div>\n<div class=\"separator\" style=\"clear: both; text-align: center;\"><a style=\"margin-left: 1em; margin-right: 1em;\" href=\"http:\/\/3.bp.blogspot.com\/-W-GZtwevIlo\/Uq412muuCOI\/AAAAAAAADfU\/QRsGk34sDbQ\/s1600\/SAM_3397.JPG\"><img decoding=\"async\" loading=\"lazy\" src=\"https:\/\/elcalaixetdelaiaia.es\/wp-content\/uploads\/2015\/11\/SAM_3397.jpg\" width=\"640\" height=\"480\" border=\"0\" \/><\/a><\/div>\n<div>\n<div style=\"text-align: center;\"><\/div>\n<div style=\"text-align: center;\">Quitamos la clara a dos huevos,(reservamos en un taper en el frigo,<\/div>\n<div><\/div>\n<\/div>\n<div class=\"separator\" style=\"clear: both; text-align: center;\"><a style=\"margin-left: 1em; margin-right: 1em;\" href=\"http:\/\/4.bp.blogspot.com\/-RHFkWKXRg0E\/Uq415VsrXFI\/AAAAAAAADfo\/ES3J5Ny62xY\/s1600\/SAM_3402.JPG\"><img decoding=\"async\" loading=\"lazy\" src=\"https:\/\/elcalaixetdelaiaia.es\/wp-content\/uploads\/2015\/11\/SAM_3402.jpg\" width=\"640\" height=\"480\" border=\"0\" \/><\/a><\/div>\n<div>\n<div style=\"text-align: center;\"><\/div>\n<\/div>\n<div>\n<div style=\"text-align: center;\">seguro que las usamos enseguida para otra cosa)<\/div>\n<div><\/div>\n<\/div>\n<div class=\"separator\" style=\"clear: both; text-align: center;\"><a style=\"margin-left: 1em; margin-right: 1em;\" href=\"http:\/\/2.bp.blogspot.com\/-2vIBlWAGnvQ\/Uq42CZ5KrYI\/AAAAAAAADgw\/SooKGUZJJuU\/s1600\/SAM_3412.JPG\"><img decoding=\"async\" loading=\"lazy\" src=\"https:\/\/elcalaixetdelaiaia.es\/wp-content\/uploads\/2015\/11\/SAM_3412.jpg\" width=\"640\" height=\"480\" border=\"0\" \/><\/a><\/div>\n<div>\n<div style=\"text-align: center;\"><\/div>\n<\/div>\n<div>\n<div style=\"text-align: center;\">\u00a0ponemos en un bol, escurrimos los tallarines para quitar el agua de la cocci\u00f3n pero no enfriemos bajo el agua, los necesitamos MUY calientes.<\/div>\n<div><\/div>\n<\/div>\n<div class=\"separator\" style=\"clear: both; text-align: center;\"><a style=\"margin-left: 1em; margin-right: 1em;\" href=\"http:\/\/4.bp.blogspot.com\/-S03nPdLsq_A\/Uq42Exy849I\/AAAAAAAADhM\/OwTRIcEy0UY\/s1600\/SAM_3413.JPG\"><img decoding=\"async\" loading=\"lazy\" src=\"https:\/\/elcalaixetdelaiaia.es\/wp-content\/uploads\/2015\/11\/SAM_3413.jpg\" width=\"640\" height=\"480\" border=\"0\" \/><\/a><\/div>\n<div>\n<div style=\"text-align: center;\"><\/div>\n<div style=\"text-align: center;\">y a\u00f1adimos de inmediato al bol, removemos bien para que el calor de los tallarines cuajen el huevo,<\/div>\n<div><\/div>\n<\/div>\n<div class=\"separator\" style=\"clear: both; text-align: center;\"><a style=\"margin-left: 1em; margin-right: 1em;\" href=\"http:\/\/3.bp.blogspot.com\/-E3SOlJa9748\/Uq42D6vrAmI\/AAAAAAAADg8\/L1TJv7q9igg\/s1600\/SAM_3414.JPG\"><img decoding=\"async\" loading=\"lazy\" src=\"https:\/\/elcalaixetdelaiaia.es\/wp-content\/uploads\/2015\/11\/SAM_3414.jpg\" width=\"640\" height=\"480\" border=\"0\" \/><\/a><\/div>\n<div>\n<div style=\"text-align: center;\"><\/div>\n<\/div>\n<div>\n<div style=\"text-align: center;\">incorporamos la cebolla nata y beicon y servimos INMEDIATAMENTE.<\/div>\n<div><\/div>\n<\/div>\n<div class=\"separator\" style=\"clear: both; text-align: center;\"><a style=\"margin-left: 1em; margin-right: 1em;\" href=\"http:\/\/4.bp.blogspot.com\/-SsvuVCqrmA8\/Uq42IlPdURI\/AAAAAAAADhk\/O5BHvfj-Vns\/s1600\/SAM_3417.JPG\"><img decoding=\"async\" loading=\"lazy\" src=\"https:\/\/elcalaixetdelaiaia.es\/wp-content\/uploads\/2015\/11\/SAM_3417.jpg\" width=\"640\" height=\"480\" border=\"0\" \/><\/a><\/div>\n<div class=\"separator\" style=\"clear: both; text-align: center;\"><\/div>\n<div class=\"separator\" style=\"clear: both; text-align: center;\">\u00aba la taula i&#8230;.<\/div>\n<div><\/div>\n<div class=\"separator\" style=\"clear: both; text-align: center;\"><a style=\"margin-left: 1em; margin-right: 1em;\" href=\"http:\/\/3.bp.blogspot.com\/-G6MOzM2xjbI\/Ursj9PMb3oI\/AAAAAAAADsA\/qGyz3PtECko\/s1600\/SAM_3418.JPG\"><img decoding=\"async\" loading=\"lazy\" src=\"https:\/\/elcalaixetdelaiaia.es\/wp-content\/uploads\/2015\/11\/SAM_3418.jpg\" width=\"640\" height=\"480\" border=\"0\" \/><\/a><\/div>\n<div class=\"separator\" style=\"clear: both; text-align: center;\">BON PROFIT\u00bb<\/div>\n<div>Si te gusta mi receta, puedes compartirla para que llegue a m\u00e1s gente.<br \/>\nEspero tus comentarios y recuerda que tambi\u00e9n estoy en Facebook\u00a0<a href=\"https:\/\/www.facebook.com\/El-calaixet-de-la-iaia-533062140099386\/\">https:\/\/www.facebook.com\/El-calaixet-de-la-iaia-533062140099386\/<\/a><\/div>\n<\/div>\n","protected":false},"excerpt":{"rendered":"<p>\u00abRefrany; A primers de novembre, el teu foc ja pots encendre\u00bb A primeros de noviembre, tu fuego ya puedes encender. Tallarines con beicon, nata y huevo. L\u00f3gicamente, nadie como los italianos para cocinar la pasta. Si nos salimos de la pasta con salsa bolognesa \u00f3 de at\u00fan, la variante con &hellip; <\/p>\n","protected":false},"author":2,"featured_media":7309,"comment_status":"open","ping_status":"open","sticky":false,"template":"","format":"standard","meta":[],"categories":[14,1],"tags":[],"_links":{"self":[{"href":"https:\/\/elcalaixetdelaiaia.es\/index.php?rest_route=\/wp\/v2\/posts\/530"}],"collection":[{"href":"https:\/\/elcalaixetdelaiaia.es\/index.php?rest_route=\/wp\/v2\/posts"}],"about":[{"href":"https:\/\/elcalaixetdelaiaia.es\/index.php?rest_route=\/wp\/v2\/types\/post"}],"author":[{"embeddable":true,"href":"https:\/\/elcalaixetdelaiaia.es\/index.php?rest_route=\/wp\/v2\/users\/2"}],"replies":[{"embeddable":true,"href":"https:\/\/elcalaixetdelaiaia.es\/index.php?rest_route=%2Fwp%2Fv2%2Fcomments&post=530"}],"version-history":[{"count":3,"href":"https:\/\/elcalaixetdelaiaia.es\/index.php?rest_route=\/wp\/v2\/posts\/530\/revisions"}],"predecessor-version":[{"id":19607,"href":"https:\/\/elcalaixetdelaiaia.es\/index.php?rest_route=\/wp\/v2\/posts\/530\/revisions\/19607"}],"wp:featuredmedia":[{"embeddable":true,"href":"https:\/\/elcalaixetdelaiaia.es\/index.php?rest_route=\/wp\/v2\/media\/7309"}],"wp:attachment":[{"href":"https:\/\/elcalaixetdelaiaia.es\/index.php?rest_route=%2Fwp%2Fv2%2Fmedia&parent=530"}],"wp:term":[{"taxonomy":"category","embeddable":true,"href":"https:\/\/elcalaixetdelaiaia.es\/index.php?rest_route=%2Fwp%2Fv2%2Fcategories&post=530"},{"taxonomy":"post_tag","embeddable":true,"href":"https:\/\/elcalaixetdelaiaia.es\/index.php?rest_route=%2Fwp%2Fv2%2Ftags&post=530"}],"curies":[{"name":"wp","href":"https:\/\/api.w.org\/{rel}","templated":true}]}}