{"id":523,"date":"2015-11-07T22:06:00","date_gmt":"2015-11-07T22:06:00","guid":{"rendered":"http:\/\/elcalaixetdelaiaia.es\/corazones-hojaldrados-con-fresas"},"modified":"2024-02-12T15:00:09","modified_gmt":"2024-02-12T15:00:09","slug":"corazones-hojaldrados-con-fresas","status":"publish","type":"post","link":"https:\/\/elcalaixetdelaiaia.es\/?p=523","title":{"rendered":"Corazones hojaldrados con fresas, chocolate, queso y mermelada paso a paso"},"content":{"rendered":"<p>\u00abRefrany; L&#8217;alegria allarga la vida\u00bb\u00a0 La alegr\u00eda alarga la vida<\/p>\n<div>\n<p>La vida est\u00e1 llena de momentos amargos, pero siempre llega luego un momento dulce, muy dulce que ayuda a olvidar los malos momentos.<\/p>\n<p>Y si los acompa\u00f1amos de algo estupendo que llevarnos a la boca pues&#8230; \u00a1genial!<\/p>\n<div class=\"separator\" style=\"clear: both; text-align: center;\"><a style=\"margin-left: 1em; margin-right: 1em;\" href=\"http:\/\/1.bp.blogspot.com\/-HImjxyk9zIE\/Vj53s10geXI\/AAAAAAAAetU\/YGPPXVBhQNQ\/s1600\/IMG_0002.PNG\"><img decoding=\"async\" loading=\"lazy\" src=\"https:\/\/elcalaixetdelaiaia.es\/wp-content\/uploads\/2015\/11\/IMG_0002-1.png\" width=\"640\" height=\"480\" border=\"0\" \/><\/a><\/div>\n<p>Se trata de unos hojaldres a los que he querido dar un toque distinto.<\/p>\n<p>Necesitaremos;<\/p>\n<div class=\"separator\" style=\"clear: both; text-align: center;\"><a style=\"margin-left: 1em; margin-right: 1em;\" href=\"http:\/\/1.bp.blogspot.com\/-BpqUh4L4Fl8\/Vj57aeOCdGI\/AAAAAAAAewo\/o8cW4wLIgb0\/s1600\/IMG_9944%255B1%255D.PNG\"><img decoding=\"async\" loading=\"lazy\" src=\"https:\/\/elcalaixetdelaiaia.es\/wp-content\/uploads\/2015\/11\/IMG_99445B15D-1.png\" width=\"640\" height=\"480\" border=\"0\" \/><\/a><\/div>\n<ol>\n<li>5 fresones<\/li>\n<li>Dos planchas de hojaldre<\/li>\n<li>12 cucharadas de mermelada de fresa<\/li>\n<li>6 cucharadas de nocilla<\/li>\n<li>6 cucharadas de queso philadelphia<\/li>\n<li>Un huevo XL<\/li>\n<li>Az\u00facar moreno<\/li>\n<\/ol>\n<div class=\"separator\" style=\"clear: both; text-align: center;\"><a style=\"margin-left: 1em; margin-right: 1em;\" href=\"http:\/\/4.bp.blogspot.com\/-ppw_MQZXeZk\/Vj5351et-zI\/AAAAAAAAet4\/UhpK_yTbQaM\/s1600\/IMG_9977.PNG\"><img decoding=\"async\" loading=\"lazy\" src=\"https:\/\/elcalaixetdelaiaia.es\/wp-content\/uploads\/2015\/11\/IMG_9977-1.png\" width=\"640\" height=\"480\" border=\"0\" \/><\/a><\/div>\n<div style=\"text-align: center;\">\n<p>Limpiaremos los fresones. Los lavaremos muy bien para eliminar la tierra , pero sin quitar el ped\u00fanculo con el fin de que no se llenen de agua. Los pondremos a remojo con unas gotitas de vinagre con el fin de eliminar los productos qu\u00edmicos que puedan haberle a\u00f1adido en el cultivo y volveremos a enjuagar y quitaremos el ped\u00fanculo cortando una v que nos dar\u00e1 forma de coraz\u00f3n, laminamos y reservamos<\/p>\n<\/div>\n<div class=\"separator\" style=\"clear: both; text-align: center;\"><a style=\"margin-left: 1em; margin-right: 1em;\" href=\"http:\/\/3.bp.blogspot.com\/-uOnjuWci3tA\/Vj54AXnIa0I\/AAAAAAAAets\/hvXXnC2eMtg\/s1600\/IMG_9978.PNG\"><img decoding=\"async\" loading=\"lazy\" src=\"https:\/\/elcalaixetdelaiaia.es\/wp-content\/uploads\/2015\/11\/IMG_9978-1.png\" width=\"640\" height=\"480\" border=\"0\" \/><\/a><\/div>\n<div style=\"text-align: center;\">Con un cortapastas grande iremos haciendo nuestro corazones<\/div>\n<div class=\"separator\" style=\"clear: both; text-align: center;\"><a style=\"margin-left: 1em; margin-right: 1em;\" href=\"http:\/\/1.bp.blogspot.com\/-2SMpTdL7EIE\/Vj54MiUvYNI\/AAAAAAAAeuA\/RcuMCe_yP5U\/s1600\/IMG_9980.PNG\"><img decoding=\"async\" loading=\"lazy\" src=\"https:\/\/elcalaixetdelaiaia.es\/wp-content\/uploads\/2015\/11\/IMG_9980-1.png\" width=\"640\" height=\"480\" border=\"0\" \/><\/a><\/div>\n<div style=\"text-align: center;\">Nos saldr\u00e1n once en cada plancha<\/div>\n<div class=\"separator\" style=\"clear: both; text-align: center;\"><a style=\"margin-left: 1em; margin-right: 1em;\" href=\"http:\/\/1.bp.blogspot.com\/-R9OldtOt9A0\/Vj54DBsIThI\/AAAAAAAAet0\/u6Uy2-JfpOQ\/s1600\/IMG_9979.PNG\"><img decoding=\"async\" loading=\"lazy\" src=\"https:\/\/elcalaixetdelaiaia.es\/wp-content\/uploads\/2015\/11\/IMG_9979-1.png\" width=\"640\" height=\"480\" border=\"0\" \/><\/a><\/div>\n<div style=\"text-align: center;\">retiraremos la masa sobrante con cuidado<\/div>\n<div style=\"text-align: center;\"><a style=\"margin-left: 1em; margin-right: 1em;\" href=\"http:\/\/2.bp.blogspot.com\/-3c5ikEMiM-U\/Vj54Tf4IS5I\/AAAAAAAAeuQ\/C47Cy-R3UnI\/s1600\/IMG_9982.PNG\"><img decoding=\"async\" loading=\"lazy\" src=\"https:\/\/elcalaixetdelaiaia.es\/wp-content\/uploads\/2015\/11\/IMG_9982-1.png\" width=\"640\" height=\"480\" border=\"0\" \/><\/a><\/div>\n<div style=\"text-align: center;\">haremos una bola con la misma y aplanaremos con el rodillo de amasar, y a\u00fan sacaremos dos corazones mas<\/div>\n<div class=\"separator\" style=\"clear: both; text-align: center;\"><a style=\"margin-left: 1em; margin-right: 1em;\" href=\"http:\/\/3.bp.blogspot.com\/-Rc6XwNELXZY\/Vj54QtxENTI\/AAAAAAAAeuI\/169NHnwqSlE\/s1600\/IMG_9981.PNG\"><img decoding=\"async\" loading=\"lazy\" src=\"https:\/\/elcalaixetdelaiaia.es\/wp-content\/uploads\/2015\/11\/IMG_9981-1.png\" width=\"640\" height=\"480\" border=\"0\" \/><\/a><\/div>\n<div style=\"text-align: center;\">En el centro de la mitad de cada masa, practicaremos unos cortes con forma tambi\u00e9n de coraz\u00f3n, del tama\u00f1o aproximado de cada rodaja de fres\u00f3n, \u00e9sta ser\u00e1 nuestra tapa para cada pastel<\/div>\n<div class=\"separator\" style=\"clear: both; text-align: center;\"><a style=\"margin-left: 1em; margin-right: 1em;\" href=\"http:\/\/2.bp.blogspot.com\/-2c2pJck34NY\/Vj54elllqsI\/AAAAAAAAeuY\/apNMcjpYw1c\/s1600\/IMG_9983.PNG\"><img decoding=\"async\" loading=\"lazy\" src=\"https:\/\/elcalaixetdelaiaia.es\/wp-content\/uploads\/2015\/11\/IMG_9983-1.png\" width=\"640\" height=\"480\" border=\"0\" \/><\/a><\/div>\n<div style=\"text-align: center;\">en la mitad del resto de masa, pondremos una cucharada de nocilla en el centro de la misma, con cuidado de evitar la zona de los bordes pues al hornear se nos saldr\u00eda. En casa a ninguno nos gusta el sabor de la avellana, as\u00ed que uso Nocilla de almendra, que est\u00e1 riqu\u00ediiisima<\/div>\n<div class=\"separator\" style=\"clear: both; text-align: center;\"><a style=\"margin-left: 1em; margin-right: 1em;\" href=\"http:\/\/4.bp.blogspot.com\/-rDk7yp43kFg\/Vj54ij_t-9I\/AAAAAAAAeug\/aK8_koHuA_0\/s1600\/IMG_9984.PNG\"><img decoding=\"async\" loading=\"lazy\" src=\"https:\/\/elcalaixetdelaiaia.es\/wp-content\/uploads\/2015\/11\/IMG_9984-1.png\" width=\"640\" height=\"480\" border=\"0\" \/><\/a><\/div>\n<div style=\"text-align: center;\">sobre la Nocilla almendra pondremos una cucharada de mermelada de fresa<\/div>\n<div class=\"separator\" style=\"clear: both; text-align: center;\"><a style=\"margin-left: 1em; margin-right: 1em;\" href=\"http:\/\/2.bp.blogspot.com\/-aPrD16OnTlc\/Vj54mILGtSI\/AAAAAAAAeuo\/om4bsm6V6Nc\/s1600\/IMG_9985.PNG\"><img decoding=\"async\" loading=\"lazy\" src=\"https:\/\/elcalaixetdelaiaia.es\/wp-content\/uploads\/2015\/11\/IMG_9985-1.png\" width=\"640\" height=\"480\" border=\"0\" \/><\/a><\/div>\n<div style=\"text-align: center;\">en la otra mitad de bases pondremos en el centro de cada una una cucharada de queso Philadelphia<\/div>\n<div class=\"separator\" style=\"clear: both; text-align: center;\"><a style=\"margin-left: 1em; margin-right: 1em;\" href=\"http:\/\/1.bp.blogspot.com\/-1kL1IxRw7Uk\/Vj54xvrUiMI\/AAAAAAAAeuw\/8vKKCznYrt0\/s1600\/IMG_9986.PNG\"><img decoding=\"async\" loading=\"lazy\" src=\"https:\/\/elcalaixetdelaiaia.es\/wp-content\/uploads\/2015\/11\/IMG_9986-1.png\" width=\"640\" height=\"480\" border=\"0\" \/><\/a><\/div>\n<div style=\"text-align: center;\">y sobe el queso, una cucharada de mermelada de fresa<\/div>\n<div style=\"text-align: center;\"><a style=\"margin-left: 1em; margin-right: 1em;\" href=\"http:\/\/2.bp.blogspot.com\/-0qwfOupqCko\/Vj545F9mTXI\/AAAAAAAAevA\/pOgnIsf01bg\/s1600\/IMG_9988.PNG\"><img decoding=\"async\" loading=\"lazy\" src=\"https:\/\/elcalaixetdelaiaia.es\/wp-content\/uploads\/2015\/11\/IMG_9988-1.png\" width=\"640\" height=\"480\" border=\"0\" \/><\/a><\/div>\n<div style=\"text-align: center;\">alrededor de cada tapa pincelaremos con agua para facilitar el pegado de la masa<\/div>\n<div style=\"text-align: center;\"><img decoding=\"async\" loading=\"lazy\" src=\"https:\/\/elcalaixetdelaiaia.es\/wp-content\/uploads\/2015\/11\/IMG_9987-1.png\" width=\"640\" height=\"480\" border=\"0\" \/><\/div>\n<div style=\"text-align: center;\">y taparemos las bases una a una<\/div>\n<div style=\"text-align: center;\"><a style=\"margin-left: 1em; margin-right: 1em;\" href=\"http:\/\/1.bp.blogspot.com\/-qt0fRUz1qVw\/Vj55CiZSZmI\/AAAAAAAAevI\/wXzr4UFe4kA\/s1600\/IMG_9989.PNG\"><img decoding=\"async\" loading=\"lazy\" src=\"https:\/\/elcalaixetdelaiaia.es\/wp-content\/uploads\/2015\/11\/IMG_9989.png\" width=\"640\" height=\"480\" border=\"0\" \/><\/a><\/div>\n<div style=\"text-align: center;\">sellaremos las masas con un tenedor<\/div>\n<div class=\"separator\" style=\"clear: both; text-align: center;\"><a style=\"margin-left: 1em; margin-right: 1em;\" href=\"http:\/\/3.bp.blogspot.com\/-5dLyUhMAAZ4\/Vj55JfaOQAI\/AAAAAAAAevQ\/mpINDfJZEdI\/s1600\/IMG_9990.PNG\"><img decoding=\"async\" loading=\"lazy\" src=\"https:\/\/elcalaixetdelaiaia.es\/wp-content\/uploads\/2015\/11\/IMG_9990.png\" width=\"640\" height=\"480\" border=\"0\" \/><\/a><\/div>\n<div style=\"text-align: center;\">pincelaremos toda la superficie con huevo<\/div>\n<div class=\"separator\" style=\"clear: both; text-align: center;\"><a style=\"margin-left: 1em; margin-right: 1em;\" href=\"http:\/\/1.bp.blogspot.com\/-dvMlEqZgmgA\/Vj55Q1b1hPI\/AAAAAAAAevY\/zYVP9spnwpQ\/s1600\/IMG_9991.PNG\"><img decoding=\"async\" loading=\"lazy\" src=\"https:\/\/elcalaixetdelaiaia.es\/wp-content\/uploads\/2015\/11\/IMG_9991.png\" width=\"640\" height=\"480\" border=\"0\" \/><\/a><\/div>\n<div style=\"text-align: center;\">colocaremos en el centro una l\u00e1mina de fresa y espolvoreamos con az\u00facar moreno<\/div>\n<div class=\"separator\" style=\"clear: both; text-align: center;\"><a style=\"margin-left: 1em; margin-right: 1em;\" href=\"http:\/\/2.bp.blogspot.com\/-mDL_TpGFE0o\/Vj55aOppn0I\/AAAAAAAAevg\/kSyQKbisLfs\/s1600\/IMG_9992.PNG\"><img decoding=\"async\" loading=\"lazy\" src=\"https:\/\/elcalaixetdelaiaia.es\/wp-content\/uploads\/2015\/11\/IMG_9992.png\" width=\"640\" height=\"480\" border=\"0\" \/><\/a><\/div>\n<div style=\"text-align: center;\">colocamos sobre papel sulfurizado sobre la rejilla del horno y hornearemos durante 12 minutos a 190\u00ba o hasta que est\u00e9n dorados<\/div>\n<div class=\"separator\" style=\"clear: both; text-align: center;\"><a style=\"margin-left: 1em; margin-right: 1em;\" href=\"http:\/\/4.bp.blogspot.com\/-uKCcWKPR57g\/Vj55jOS70oI\/AAAAAAAAevo\/FKOD_DzrBIc\/s1600\/IMG_9993.PNG\"><img decoding=\"async\" loading=\"lazy\" src=\"https:\/\/elcalaixetdelaiaia.es\/wp-content\/uploads\/2015\/11\/IMG_9993.png\" width=\"640\" height=\"480\" border=\"0\" \/><\/a><\/div>\n<div style=\"text-align: center;\">\u00e9stos tiempos son en mi horno, cada cual sabe como funciona el suyo y necesita tiempos distintos<\/div>\n<div class=\"separator\" style=\"clear: both; text-align: center;\"><a style=\"margin-left: 1em; margin-right: 1em;\" href=\"http:\/\/3.bp.blogspot.com\/-9tmy3BikSiw\/Vj55phxDgnI\/AAAAAAAAevw\/IM5tQRGcfAE\/s1600\/IMG_9994.PNG\"><img decoding=\"async\" loading=\"lazy\" src=\"https:\/\/elcalaixetdelaiaia.es\/wp-content\/uploads\/2015\/11\/IMG_9994.png\" width=\"640\" height=\"480\" border=\"0\" \/><\/a><\/div>\n<div style=\"text-align: center;\">mientras hacemos la segunda hornada<\/div>\n<div class=\"separator\" style=\"clear: both; text-align: center;\"><a style=\"margin-left: 1em; margin-right: 1em;\" href=\"http:\/\/3.bp.blogspot.com\/-K2De401HZS4\/Vj55w1BoanI\/AAAAAAAAev4\/30xl6Vc1xI0\/s1600\/IMG_9995.PNG\"><img decoding=\"async\" loading=\"lazy\" src=\"https:\/\/elcalaixetdelaiaia.es\/wp-content\/uploads\/2015\/11\/IMG_9995.png\" width=\"640\" height=\"480\" border=\"0\" \/><\/a><\/div>\n<div style=\"text-align: center;\">los dejaremos enfriar sobre la rejilla<\/div>\n<div class=\"separator\" style=\"clear: both; text-align: center;\"><a style=\"margin-left: 1em; margin-right: 1em;\" href=\"http:\/\/4.bp.blogspot.com\/-8OEXS2YUn7E\/Vj552vUnfoI\/AAAAAAAAewA\/wjYCMkrjDEw\/s1600\/IMG_9996.PNG\"><img decoding=\"async\" loading=\"lazy\" src=\"https:\/\/elcalaixetdelaiaia.es\/wp-content\/uploads\/2015\/11\/IMG_9996.png\" width=\"640\" height=\"480\" border=\"0\" \/><\/a><\/div>\n<div style=\"text-align: center;\">con el hojaldre que me ha sobrado, he hecho unos mini corazones con fresa encima<\/div>\n<div class=\"separator\" style=\"clear: both; text-align: center;\"><a style=\"margin-left: 1em; margin-right: 1em;\" href=\"http:\/\/3.bp.blogspot.com\/-dT5I-Bx93uc\/Vj56ApUJY2I\/AAAAAAAAewI\/Xx0710F5J5Y\/s1600\/IMG_9997.PNG\"><img decoding=\"async\" loading=\"lazy\" src=\"https:\/\/elcalaixetdelaiaia.es\/wp-content\/uploads\/2015\/11\/IMG_9997.png\" width=\"640\" height=\"480\" border=\"0\" \/><\/a><\/div>\n<div style=\"text-align: center;\">y aqu\u00ed est\u00e1n un coraz\u00f3n de mermelada y nocilla y otro de mermelada y Philadelphia<\/div>\n<div class=\"separator\" style=\"clear: both; text-align: center;\"><a style=\"margin-left: 1em; margin-right: 1em;\" href=\"http:\/\/1.bp.blogspot.com\/-_im1xyYSksg\/Vj56ICP46LI\/AAAAAAAAewQ\/zh8AkbomKZc\/s1600\/IMG_9998.PNG\"><img decoding=\"async\" loading=\"lazy\" src=\"https:\/\/elcalaixetdelaiaia.es\/wp-content\/uploads\/2015\/11\/IMG_9998.png\" width=\"640\" height=\"480\" border=\"0\" \/><\/a><\/div>\n<div style=\"text-align: center;\">Menuda pinta mas rica<\/div>\n<div class=\"separator\" style=\"clear: both; text-align: center;\"><a style=\"margin-left: 1em; margin-right: 1em;\" href=\"http:\/\/4.bp.blogspot.com\/-J7TxWVsUgwA\/Vj56J60NuwI\/AAAAAAAAewY\/EGBCmooP2TU\/s1600\/IMG_9999.PNG\"><img decoding=\"async\" loading=\"lazy\" src=\"https:\/\/elcalaixetdelaiaia.es\/wp-content\/uploads\/2015\/11\/IMG_9999.png\" width=\"640\" height=\"480\" border=\"0\" \/><\/a><\/div>\n<div style=\"text-align: center;\">\u00abA la taula i&#8230; BON PROFIT!!!<\/div>\n<div style=\"text-align: center;\">\n<div>Si te gusta \u00e9sta entrada, puedes compartirla. Gracias por hacerlo.Espero tus comentarios que para mi son MUY importantes y recuerda que tambi\u00e9n estoy en Facebook <a href=\"https:\/\/www.facebook.com\/El-calaixet-de-la-iaia-533062140099386\/\">https:\/\/www.facebook.com\/El-calaixet-de-la-iaia-533062140099386\/<\/a><\/div>\n<div>\n<div>Si quieres recibir mis actualizaciones por mail, al final de \u00e9sta p\u00e1gina a la izquierda tienes como hacer para introducir tu correo electr\u00f3nico y no perderte las actualizaciones de mis recetas \u00a1Gracias!<\/div>\n<\/div>\n<\/div>\n<\/div>\n","protected":false},"excerpt":{"rendered":"<p>\u00abRefrany; L&#8217;alegria allarga la vida\u00bb\u00a0 La alegr\u00eda alarga la vida La vida est\u00e1 llena de momentos amargos, pero siempre llega luego un momento dulce, muy dulce que ayuda a olvidar los malos momentos. Y si los acompa\u00f1amos de algo estupendo que llevarnos a la boca pues&#8230; \u00a1genial! Se trata de &hellip; <\/p>\n","protected":false},"author":2,"featured_media":7037,"comment_status":"open","ping_status":"open","sticky":false,"template":"","format":"standard","meta":[],"categories":[6,1],"tags":[],"_links":{"self":[{"href":"https:\/\/elcalaixetdelaiaia.es\/index.php?rest_route=\/wp\/v2\/posts\/523"}],"collection":[{"href":"https:\/\/elcalaixetdelaiaia.es\/index.php?rest_route=\/wp\/v2\/posts"}],"about":[{"href":"https:\/\/elcalaixetdelaiaia.es\/index.php?rest_route=\/wp\/v2\/types\/post"}],"author":[{"embeddable":true,"href":"https:\/\/elcalaixetdelaiaia.es\/index.php?rest_route=\/wp\/v2\/users\/2"}],"replies":[{"embeddable":true,"href":"https:\/\/elcalaixetdelaiaia.es\/index.php?rest_route=%2Fwp%2Fv2%2Fcomments&post=523"}],"version-history":[{"count":5,"href":"https:\/\/elcalaixetdelaiaia.es\/index.php?rest_route=\/wp\/v2\/posts\/523\/revisions"}],"predecessor-version":[{"id":26996,"href":"https:\/\/elcalaixetdelaiaia.es\/index.php?rest_route=\/wp\/v2\/posts\/523\/revisions\/26996"}],"wp:featuredmedia":[{"embeddable":true,"href":"https:\/\/elcalaixetdelaiaia.es\/index.php?rest_route=\/wp\/v2\/media\/7037"}],"wp:attachment":[{"href":"https:\/\/elcalaixetdelaiaia.es\/index.php?rest_route=%2Fwp%2Fv2%2Fmedia&parent=523"}],"wp:term":[{"taxonomy":"category","embeddable":true,"href":"https:\/\/elcalaixetdelaiaia.es\/index.php?rest_route=%2Fwp%2Fv2%2Fcategories&post=523"},{"taxonomy":"post_tag","embeddable":true,"href":"https:\/\/elcalaixetdelaiaia.es\/index.php?rest_route=%2Fwp%2Fv2%2Ftags&post=523"}],"curies":[{"name":"wp","href":"https:\/\/api.w.org\/{rel}","templated":true}]}}