{"id":513,"date":"2015-11-20T19:52:00","date_gmt":"2015-11-20T19:52:00","guid":{"rendered":"http:\/\/elcalaixetdelaiaia.es\/perdiz-con-alubias-moradas-y-rebollones"},"modified":"2019-01-19T18:55:41","modified_gmt":"2019-01-19T18:55:41","slug":"perdiz-con-alubias-moradas-y-rebollones","status":"publish","type":"post","link":"https:\/\/elcalaixetdelaiaia.es\/?p=513","title":{"rendered":"Perdiz  Valle con alubias moradas y rebollones paso a paso foto a foto"},"content":{"rendered":"<p>\u00abRefrany;<br \/>\nVal m\u00e9s un pardal a la m\u00e0 que una perdiu en l&#8217;aire\u00bb.<\/p>\n<div>Vale mas un p\u00e1jaro en la mano que una perdiz en el aire.<br \/>\n\u00abPerd\u00edu amb fessols morats i revollons\u00bb\u00c9sta entrada era para el reto de Noviembre de Cocineros del Mundo, pero para no saturar demasiado, al final se me qued\u00f3 sin subir. Como apetecen mucho los platos de cuchara, la subo hoy.<\/p>\n<p>Hay muchas clases de alubias, pero la moradas me encantan, aunque mi marido dice que no son tan finas como las dem\u00e1s, no hace ascos cuando las sirvo&#8230;.m\u00e1s bien se chupa los dedos, como me ha ocurrido con el guiso de hoy.<br \/>\nOtro de los platos inventados para usar las muchas setas que me trae y que en su honor, titulo con el apellido de \u00abValle\u00bb<\/p>\n<div class=\"separator\" style=\"clear: both; text-align: center;\"><a style=\"margin-left: 1em; margin-right: 1em;\" href=\"http:\/\/2.bp.blogspot.com\/-TSdNYRX01pI\/VHONNaMyAwI\/AAAAAAAAPQk\/29BXxWMoAjg\/s1600\/fes22.jpg\"><img decoding=\"async\" loading=\"lazy\" src=\"https:\/\/elcalaixetdelaiaia.es\/wp-content\/uploads\/2015\/11\/fes22.jpg\" width=\"640\" height=\"384\" border=\"0\" \/><\/a><\/div>\n<div style=\"text-align: center;\">\nTen\u00eda en el congelador una perdiz de caza, y he aprovechado para hacer un guiso muy tradicional.<br \/>\nPero si no pod\u00e9is conseguir perdiz o no os gusta, \u00e9ste plato lo he cocinado tambi\u00e9n con pollo picant\u00f3n y queda delicioso.<\/div>\n<div style=\"text-align: center;\">Para dos comensales necesitaremos;<\/div>\n<div style=\"text-align: center;\"><\/div>\n<div class=\"separator\" style=\"clear: both; text-align: center;\"><a style=\"margin-left: 1em; margin-right: 1em;\" href=\"http:\/\/3.bp.blogspot.com\/-Aqx5nmbYDxQ\/VHONFd1HLUI\/AAAAAAAAPPs\/71fltAg0w3Y\/s1600\/fes1.jpg\"><img decoding=\"async\" loading=\"lazy\" src=\"https:\/\/elcalaixetdelaiaia.es\/wp-content\/uploads\/2015\/11\/fes1.jpg\" width=\"640\" height=\"402\" border=\"0\" \/><\/a><\/div>\n<div style=\"text-align: center;\"><\/div>\n<ol>\n<li style=\"text-align: left;\">200 g. de alubias moradas<\/li>\n<li style=\"text-align: left;\">Perdiz. En \u00e9ste caso es de caza, m\u00e1s sabrosas \u00a0pero menos tiernas que las de granja, que se pueden encontrar en cualquier carnicer\u00eda o supermercado.<\/li>\n<li style=\"text-align: left;\">Una cebolla<\/li>\n<li style=\"text-align: left;\">Una zanahoria<\/li>\n<li style=\"text-align: left;\">Un par de dientes de ajo<\/li>\n<li style=\"text-align: left;\">Dos \u00f1oras<\/li>\n<li style=\"text-align: left;\">Un tomate maduro<\/li>\n<li style=\"text-align: left;\">Un vaso de vino blanco<\/li>\n<li style=\"text-align: left;\">Rebollones, y en \u00e9ste caso en conserva casera, recolectados por mi chico<\/li>\n<li style=\"text-align: left;\">Romero<\/li>\n<li style=\"text-align: left;\">Tomillo<\/li>\n<li style=\"text-align: left;\">Piment\u00f3n de la Vera<\/li>\n<li style=\"text-align: left;\">Aceite de oliva<\/li>\n<li style=\"text-align: left;\">Sal<\/li>\n<li style=\"text-align: left;\">Pimienta<\/li>\n<\/ol>\n<p>&nbsp;<\/p>\n<div>\n<div class=\"separator\" style=\"clear: both; text-align: center;\"><a style=\"margin-left: 1em; margin-right: 1em;\" href=\"http:\/\/3.bp.blogspot.com\/-FKCkm9sQIGs\/VHOM7pke9AI\/AAAAAAAAPOk\/poiag80AAxk\/s1600\/fes.jpg\"><img decoding=\"async\" loading=\"lazy\" src=\"https:\/\/elcalaixetdelaiaia.es\/wp-content\/uploads\/2015\/11\/fes.jpg\" width=\"640\" height=\"384\" border=\"0\" \/><\/a><\/div>\n<div style=\"text-align: center;\"><\/div>\n<\/div>\n<div>\n<div style=\"text-align: center;\">Comenzaremos poniendo las alubias a remojo 12 horas antes, en sgua ni caliente, ni fr\u00eda. Pasado este tiempo, las pondremos a hervir, aprovechando el agua del remojo<\/div>\n<div style=\"text-align: center;\"><\/div>\n<div class=\"separator\" style=\"clear: both; text-align: center;\"><a style=\"margin-left: 1em; margin-right: 1em;\" href=\"http:\/\/1.bp.blogspot.com\/-w5jencOiqek\/VHOM9k_55wI\/AAAAAAAAPO0\/znhAHS3Fx_c\/s1600\/fes002.jpg\"><img decoding=\"async\" loading=\"lazy\" src=\"https:\/\/elcalaixetdelaiaia.es\/wp-content\/uploads\/2015\/11\/fes002.jpg\" width=\"640\" height=\"384\" border=\"0\" \/><\/a><\/div>\n<div style=\"text-align: center;\"><\/div>\n<div style=\"text-align: center;\">trocearemos la mitad de las verduras con las \u00f1oras y las meteremos en una bolsa de algod\u00f3n de cocci\u00f3n, reservaremos el resto de verduras<\/div>\n<div style=\"text-align: center;\"><\/div>\n<div class=\"separator\" style=\"clear: both; text-align: center;\"><a style=\"margin-left: 1em; margin-right: 1em;\" href=\"http:\/\/4.bp.blogspot.com\/-XIzJz6UvvPU\/VHONBsYCUsI\/AAAAAAAAPPU\/JYnLJqTM9_4\/s1600\/fes02.jpg\"><img decoding=\"async\" loading=\"lazy\" src=\"https:\/\/elcalaixetdelaiaia.es\/wp-content\/uploads\/2015\/11\/fes02.jpg\" width=\"640\" height=\"384\" border=\"0\" \/><\/a><\/div>\n<div style=\"text-align: center;\"><\/div>\n<div style=\"text-align: center;\">Introduciremos la bolsa<\/div>\n<\/div>\n<div style=\"text-align: center;\"><\/div>\n<div class=\"separator\" style=\"clear: both; text-align: center;\"><a style=\"margin-left: 1em; margin-right: 1em;\" href=\"http:\/\/2.bp.blogspot.com\/-X4e617LLnmg\/VHONDKOd1FI\/AAAAAAAAPPk\/hMMfN08aV6Q\/s1600\/fes04.jpg\"><img decoding=\"async\" loading=\"lazy\" src=\"https:\/\/elcalaixetdelaiaia.es\/wp-content\/uploads\/2015\/11\/fes04.jpg\" width=\"640\" height=\"384\" border=\"0\" \/><\/a><\/div>\n<div style=\"text-align: center;\"><\/div>\n<div style=\"text-align: center;\">un chorrito de aceite de oliva<\/div>\n<div style=\"text-align: center;\"><\/div>\n<div class=\"separator\" style=\"clear: both; text-align: center;\"><a style=\"margin-left: 1em; margin-right: 1em;\" href=\"http:\/\/4.bp.blogspot.com\/-QeJxQ60Hl18\/VHOM_28PT2I\/AAAAAAAAPPI\/tOUgpf2V7lI\/s1600\/fes004.jpg\"><img decoding=\"async\" loading=\"lazy\" src=\"https:\/\/elcalaixetdelaiaia.es\/wp-content\/uploads\/2015\/11\/fes004.jpg\" width=\"640\" height=\"384\" border=\"0\" \/><\/a><\/div>\n<div style=\"text-align: center;\"><\/div>\n<div style=\"text-align: center;\">y sal, y lo dejaremos hervir<\/div>\n<div style=\"text-align: center;\"><\/div>\n<div class=\"separator\" style=\"clear: both; text-align: center;\"><a style=\"margin-left: 1em; margin-right: 1em;\" href=\"http:\/\/2.bp.blogspot.com\/-8C4BXwABl0Y\/VHOM7pZJJcI\/AAAAAAAAPOc\/SZ7VyrQi2BY\/s1600\/fes00004.jpg\"><img decoding=\"async\" loading=\"lazy\" src=\"https:\/\/elcalaixetdelaiaia.es\/wp-content\/uploads\/2015\/11\/fes00004.jpg\" width=\"640\" height=\"384\" border=\"0\" \/><\/a><\/div>\n<div style=\"text-align: center;\"><\/div>\n<div style=\"text-align: center;\">cuando de los primeros hervores,desespumamos para quitar las impurezas<\/div>\n<div style=\"text-align: center;\"><\/div>\n<div class=\"separator\" style=\"clear: both; text-align: center;\"><a style=\"margin-left: 1em; margin-right: 1em;\" href=\"http:\/\/2.bp.blogspot.com\/-n5kjmcTOQJk\/VHOM7l-0VtI\/AAAAAAAAPOg\/98ReHjmvRdQ\/s1600\/fes0004.jpg\"><img decoding=\"async\" loading=\"lazy\" src=\"https:\/\/elcalaixetdelaiaia.es\/wp-content\/uploads\/2015\/11\/fes0004.jpg\" width=\"640\" height=\"384\" border=\"0\" \/><\/a><\/div>\n<div style=\"text-align: center;\"><\/div>\n<div style=\"text-align: center;\">y dejaremos cocer aproximadamente durante hora y media o dos horas a fuego lento<\/div>\n<div style=\"text-align: center;\"><\/div>\n<div class=\"separator\" style=\"clear: both; text-align: center;\"><a style=\"margin-left: 1em; margin-right: 1em; text-align: center;\" href=\"http:\/\/2.bp.blogspot.com\/-T3puuNkf8ck\/VHONSTcKHeI\/AAAAAAAAPRM\/naC3RIKjGnc\/s1600\/fes3.jpg\"><img decoding=\"async\" loading=\"lazy\" src=\"https:\/\/elcalaixetdelaiaia.es\/wp-content\/uploads\/2015\/11\/fes3.jpg\" width=\"640\" height=\"384\" border=\"0\" \/><\/a><\/div>\n<div style=\"text-align: center;\"><\/div>\n<div style=\"text-align: center;\">recordando \u00abasustar\u00bb de vez en cuando con agua fr\u00eda, un total de tres veces. Esto se hace para bajar el hervor y evitar que la alubia pierda la piel, y con el fin de evitar que el almid\u00f3n de la alubia se cristalice y las endurezca. Solo hay que poner la cantidad de agua justa para parar el hervor cada vez.<\/div>\n<div style=\"text-align: center;\"><\/div>\n<div class=\"separator\" style=\"clear: both; text-align: center;\"><a style=\"margin-left: 1em; margin-right: 1em;\" href=\"http:\/\/1.bp.blogspot.com\/-2VaaJ7VogLo\/VHONTyfUviI\/AAAAAAAAPRU\/EjTDBe8YS1U\/s1600\/fes4.jpg\"><img decoding=\"async\" loading=\"lazy\" src=\"https:\/\/elcalaixetdelaiaia.es\/wp-content\/uploads\/2015\/11\/fes4.jpg\" width=\"640\" height=\"384\" border=\"0\" \/><\/a><\/div>\n<div style=\"text-align: center;\"><\/div>\n<div style=\"text-align: center;\">Mientras tanto salpimentamos las perdices por ambos lados<\/div>\n<div style=\"text-align: center;\"><\/div>\n<div class=\"separator\" style=\"clear: both; text-align: center;\"><a style=\"margin-left: 1em; margin-right: 1em;\" href=\"http:\/\/1.bp.blogspot.com\/-oQQLi1x90rk\/VHONVDBWjoI\/AAAAAAAAPRc\/3fig_szbw9U\/s1600\/fes5.jpg\"><img decoding=\"async\" loading=\"lazy\" src=\"https:\/\/elcalaixetdelaiaia.es\/wp-content\/uploads\/2015\/11\/fes5.jpg\" width=\"640\" height=\"384\" border=\"0\" \/><\/a><\/div>\n<div style=\"text-align: center;\"><\/div>\n<div style=\"text-align: center;\">y ponemos a sofreir en aceite de oliva caliente<\/div>\n<div style=\"text-align: center;\"><\/div>\n<div class=\"separator\" style=\"clear: both; text-align: center;\"><a style=\"margin-left: 1em; margin-right: 1em;\" href=\"http:\/\/4.bp.blogspot.com\/-BuP8ss2OmLY\/VHONVJ7ovPI\/AAAAAAAAPRg\/VV5h75B_Aic\/s1600\/fes6.jpg\"><img decoding=\"async\" loading=\"lazy\" src=\"https:\/\/elcalaixetdelaiaia.es\/wp-content\/uploads\/2015\/11\/fes6.jpg\" width=\"640\" height=\"384\" border=\"0\" \/><\/a><\/div>\n<div style=\"text-align: center;\"><\/div>\n<div style=\"text-align: center;\">a\u00f1adimos la mitad de la verdura que hab\u00edamos reservado<\/div>\n<div style=\"text-align: center;\"><\/div>\n<div class=\"separator\" style=\"clear: both; text-align: center;\"><a style=\"margin-left: 1em; margin-right: 1em;\" href=\"http:\/\/2.bp.blogspot.com\/-gZkg3vhTMwk\/VHOM_kHmWAI\/AAAAAAAAPO8\/KXm7KztjIm0\/s1600\/fes011.jpg\"><img decoding=\"async\" loading=\"lazy\" src=\"https:\/\/elcalaixetdelaiaia.es\/wp-content\/uploads\/2015\/11\/fes011.jpg\" width=\"640\" height=\"384\" border=\"0\" \/><\/a><\/div>\n<div style=\"text-align: center;\"><\/div>\n<div style=\"text-align: center;\">y cuando est\u00e9 el sofrito listo, a\u00f1adimos la hoja de laurel enjuagada<\/div>\n<div style=\"text-align: center;\"><\/div>\n<div class=\"separator\" style=\"clear: both; text-align: center;\"><a style=\"margin-left: 1em; margin-right: 1em;\" href=\"http:\/\/3.bp.blogspot.com\/-lKcepyAd5fY\/VHONJXDY4NI\/AAAAAAAAPQU\/vyqqLg-rdz0\/s1600\/fes14.jpg\"><img decoding=\"async\" loading=\"lazy\" src=\"https:\/\/elcalaixetdelaiaia.es\/wp-content\/uploads\/2015\/11\/fes14.jpg\" width=\"640\" height=\"384\" border=\"0\" \/><\/a><\/div>\n<div class=\"separator\" style=\"clear: both; text-align: center;\"><\/div>\n<div style=\"text-align: center;\">un poquito de tomillo<\/div>\n<div class=\"separator\" style=\"clear: both; text-align: center;\"><\/div>\n<div style=\"text-align: center;\"><\/div>\n<div class=\"separator\" style=\"clear: both; text-align: center;\"><a style=\"margin-left: 1em; margin-right: 1em;\" href=\"http:\/\/3.bp.blogspot.com\/-b2ZDDbzzEpw\/VHONIS6qFHI\/AAAAAAAAPQI\/AStCwpzzTzo\/s1600\/fes13.jpg\"><img decoding=\"async\" loading=\"lazy\" src=\"https:\/\/elcalaixetdelaiaia.es\/wp-content\/uploads\/2015\/11\/fes13.jpg\" width=\"640\" height=\"384\" border=\"0\" \/><\/a><\/div>\n<div style=\"text-align: center;\"><\/div>\n<div style=\"text-align: center;\">un poquito de romero<\/div>\n<div style=\"text-align: center;\"><\/div>\n<div class=\"separator\" style=\"clear: both; text-align: center;\"><a style=\"margin-left: 1em; margin-right: 1em;\" href=\"http:\/\/4.bp.blogspot.com\/-cP6SLctjxYA\/VHONGV_75XI\/AAAAAAAAPP4\/MwciAArS-Fc\/s1600\/fes11.jpg\"><img decoding=\"async\" loading=\"lazy\" src=\"https:\/\/elcalaixetdelaiaia.es\/wp-content\/uploads\/2015\/11\/fes11.jpg\" width=\"640\" height=\"384\" border=\"0\" \/><\/a><\/div>\n<div style=\"text-align: center;\"><\/div>\n<div style=\"text-align: center;\">y el piment\u00f3n de la vera<\/div>\n<div style=\"text-align: center;\"><\/div>\n<div class=\"separator\" style=\"clear: both; text-align: center;\"><a style=\"margin-left: 1em; margin-right: 1em;\" href=\"http:\/\/4.bp.blogspot.com\/-U0yb47oNCoo\/VHONFyjlGeI\/AAAAAAAAPPw\/j1ebGTg7pNs\/s1600\/fes10.jpg\"><img decoding=\"async\" loading=\"lazy\" src=\"https:\/\/elcalaixetdelaiaia.es\/wp-content\/uploads\/2015\/11\/fes10.jpg\" width=\"640\" height=\"384\" border=\"0\" \/><\/a><\/div>\n<div style=\"text-align: center;\"><\/div>\n<div style=\"text-align: center;\">r\u00e1pidamente pondremos un vasito de vino blanco, que tambi\u00e9n puede ser tinto, caldo de ave o agua y dejaremos cocer<\/div>\n<div style=\"text-align: center;\"><\/div>\n<div class=\"separator\" style=\"clear: both; text-align: center;\"><a style=\"margin-left: 1em; margin-right: 1em;\" href=\"http:\/\/2.bp.blogspot.com\/-IoWB9VQtQ44\/VHONHzaMZsI\/AAAAAAAAPQE\/bXw1J7XwBJg\/s1600\/fes12.jpg\"><img decoding=\"async\" loading=\"lazy\" src=\"https:\/\/elcalaixetdelaiaia.es\/wp-content\/uploads\/2015\/11\/fes12.jpg\" width=\"640\" height=\"384\" border=\"0\" \/><\/a><\/div>\n<div style=\"text-align: center;\"><\/div>\n<div style=\"text-align: center;\">a fuego lento con la olla tapada hasta que veamos que la perdiz est\u00e9 tierna, en mi caso ha sido una hora (si se os queda seco pod\u00e9is a\u00f1adir agua)<\/div>\n<div style=\"text-align: center;\"><\/div>\n<div class=\"separator\" style=\"clear: both; text-align: center;\"><a style=\"margin-left: 1em; margin-right: 1em;\" href=\"http:\/\/2.bp.blogspot.com\/-nwk3vJGkmGo\/VHOM_1qyqKI\/AAAAAAAAPPA\/0URZnSl3jYA\/s1600\/fes019.jpg\"><img decoding=\"async\" loading=\"lazy\" src=\"https:\/\/elcalaixetdelaiaia.es\/wp-content\/uploads\/2015\/11\/fes019.jpg\" width=\"640\" height=\"384\" border=\"0\" \/><\/a><\/div>\n<div style=\"text-align: center;\"><\/div>\n<div style=\"text-align: center;\">cuando las alubias est\u00e9n tiernas, apartamos del fuego sacamos las verduras de la malla de cocci\u00f3n, quitamos la piel a las \u00f1oras y junto a las verduras que han cocido con las perdices y el caldito de ambas cocciones, las trituramos<\/div>\n<div style=\"text-align: center;\"><\/div>\n<div class=\"separator\" style=\"clear: both; text-align: center;\"><a style=\"margin-left: 1em; margin-right: 1em;\" href=\"http:\/\/2.bp.blogspot.com\/-GaFo6kFxLW8\/VHONM-eGz4I\/AAAAAAAAPQg\/3WOghlI0vvQ\/s1600\/fes19.jpg\"><img decoding=\"async\" loading=\"lazy\" src=\"https:\/\/elcalaixetdelaiaia.es\/wp-content\/uploads\/2015\/11\/fes19.jpg\" width=\"640\" height=\"384\" border=\"0\" \/><\/a><\/div>\n<div style=\"text-align: center;\"><\/div>\n<div style=\"text-align: center;\">ponemos en la misma olla las perdices y las alubias e incorporamos las verduras trituradas con el caldo<\/div>\n<div style=\"text-align: center;\"><\/div>\n<div class=\"separator\" style=\"clear: both; text-align: center;\"><a style=\"margin-left: 1em; margin-right: 1em;\" href=\"http:\/\/2.bp.blogspot.com\/-GU_9mk-5i_s\/VHONMZczzrI\/AAAAAAAAPQc\/XVFICITWGDU\/s1600\/fes21.jpg\"><img decoding=\"async\" loading=\"lazy\" src=\"https:\/\/elcalaixetdelaiaia.es\/wp-content\/uploads\/2015\/11\/fes21.jpg\" width=\"640\" height=\"384\" border=\"0\" \/><\/a><\/div>\n<div style=\"text-align: center;\"><\/div>\n<div style=\"text-align: center;\">a\u00f1adimos los rebollones<\/div>\n<div style=\"text-align: center;\"><\/div>\n<div class=\"separator\" style=\"clear: both; text-align: center;\"><a style=\"margin-left: 1em; margin-right: 1em;\" href=\"http:\/\/2.bp.blogspot.com\/-3NZukBxNrOI\/VHONCZu0ETI\/AAAAAAAAPPY\/Xr2BxZplAxM\/s1600\/fes022.jpg\"><img decoding=\"async\" loading=\"lazy\" src=\"https:\/\/elcalaixetdelaiaia.es\/wp-content\/uploads\/2015\/11\/fes022.jpg\" width=\"640\" height=\"384\" border=\"0\" \/><\/a><\/div>\n<div style=\"text-align: center;\"><\/div>\n<div style=\"text-align: center;\">y removemos dando movimientos circulares a la olla con las manos, para evitar que se nos rompan las alubias<\/div>\n<div style=\"text-align: center;\"><\/div>\n<div class=\"separator\" style=\"clear: both; text-align: center;\"><a style=\"margin-left: 1em; margin-right: 1em; text-align: center;\" href=\"http:\/\/2.bp.blogspot.com\/-IoWB9VQtQ44\/VHONHzaMZsI\/AAAAAAAAPQE\/bXw1J7XwBJg\/s1600\/fes12.jpg\"><img decoding=\"async\" loading=\"lazy\" src=\"https:\/\/elcalaixetdelaiaia.es\/wp-content\/uploads\/2015\/11\/fes12.jpg\" width=\"640\" height=\"384\" border=\"0\" \/><\/a><\/div>\n<div style=\"text-align: center;\"><\/div>\n<div style=\"text-align: center;\"><\/div>\n<div style=\"text-align: center;\">Tapamos de nuevo y a fuego m\u00ednimo dejamos unos seis o siete minutos para que se unan todos los sabores<\/div>\n<div style=\"text-align: center;\"><\/div>\n<div class=\"separator\" style=\"clear: both; text-align: center;\"><a style=\"margin-left: 1em; margin-right: 1em;\" href=\"http:\/\/1.bp.blogspot.com\/-evmxLAd3Hpo\/VHONQ79pTTI\/AAAAAAAAPQ4\/hycQrUZt8vw\/s1600\/fes25.jpg\"><img decoding=\"async\" loading=\"lazy\" src=\"https:\/\/elcalaixetdelaiaia.es\/wp-content\/uploads\/2015\/11\/fes25.jpg\" width=\"640\" height=\"393\" border=\"0\" \/><\/a><\/div>\n<div style=\"text-align: center;\"><\/div>\n<div style=\"text-align: center;\">\u00a0listo para emplatar<\/div>\n<div style=\"text-align: center;\"><\/div>\n<div class=\"separator\" style=\"clear: both; text-align: center;\"><a style=\"margin-left: 1em; margin-right: 1em;\" href=\"http:\/\/1.bp.blogspot.com\/-5KuWiqzvLR0\/VHONQsQCAlI\/AAAAAAAAPQ0\/aW6Ku28gvXs\/s1600\/fes23.jpg\"><img decoding=\"async\" loading=\"lazy\" src=\"https:\/\/elcalaixetdelaiaia.es\/wp-content\/uploads\/2015\/11\/fes23.jpg\" width=\"640\" height=\"384\" border=\"0\" \/><\/a><\/div>\n<div style=\"text-align: center;\"><\/div>\n<div style=\"text-align: center;\">y disfrutar de un excelente plato de cuchara<\/div>\n<div style=\"text-align: center;\"><\/div>\n<div class=\"separator\" style=\"clear: both; text-align: center;\"><a style=\"margin-left: 1em; margin-right: 1em;\" href=\"http:\/\/3.bp.blogspot.com\/-RLF6co6IzO0\/VHONRTBaTUI\/AAAAAAAAPRA\/aVgRmerrycY\/s1600\/fes26.jpg\"><img decoding=\"async\" loading=\"lazy\" src=\"https:\/\/elcalaixetdelaiaia.es\/wp-content\/uploads\/2015\/11\/fes26.jpg\" width=\"640\" height=\"395\" border=\"0\" \/><\/a><\/div>\n<div style=\"text-align: center;\"><\/div>\n<div style=\"text-align: center;\">digno del mejor restaurante. \u00abA la taula i&#8230;BON PROFIT\u00bb<\/p>\n<div style=\"text-align: center;\"><\/div>\n<p>Espero vuestro comentarios que para mi son MUY importantes y recordad que tambi\u00e9n estoy en Facebook <a href=\"https:\/\/www.facebook.com\/El-calaixet-de-la-iaia-533062140099386\/\">https:\/\/www.facebook.com\/El-calaixet-de-la-iaia-533062140099386\/<\/a><\/p>\n<\/div>\n<\/div>\n","protected":false},"excerpt":{"rendered":"<p>\u00abRefrany; Val m\u00e9s un pardal a la m\u00e0 que una perdiu en l&#8217;aire\u00bb. Vale mas un p\u00e1jaro en la mano que una perdiz en el aire. \u00abPerd\u00edu amb fessols morats i revollons\u00bb\u00c9sta entrada era para el reto de Noviembre de Cocineros del Mundo, pero para no saturar demasiado, al final &hellip; <\/p>\n","protected":false},"author":2,"featured_media":7030,"comment_status":"open","ping_status":"open","sticky":false,"template":"","format":"standard","meta":[],"categories":[12,34,1],"tags":[],"_links":{"self":[{"href":"https:\/\/elcalaixetdelaiaia.es\/index.php?rest_route=\/wp\/v2\/posts\/513"}],"collection":[{"href":"https:\/\/elcalaixetdelaiaia.es\/index.php?rest_route=\/wp\/v2\/posts"}],"about":[{"href":"https:\/\/elcalaixetdelaiaia.es\/index.php?rest_route=\/wp\/v2\/types\/post"}],"author":[{"embeddable":true,"href":"https:\/\/elcalaixetdelaiaia.es\/index.php?rest_route=\/wp\/v2\/users\/2"}],"replies":[{"embeddable":true,"href":"https:\/\/elcalaixetdelaiaia.es\/index.php?rest_route=%2Fwp%2Fv2%2Fcomments&post=513"}],"version-history":[{"count":3,"href":"https:\/\/elcalaixetdelaiaia.es\/index.php?rest_route=\/wp\/v2\/posts\/513\/revisions"}],"predecessor-version":[{"id":18973,"href":"https:\/\/elcalaixetdelaiaia.es\/index.php?rest_route=\/wp\/v2\/posts\/513\/revisions\/18973"}],"wp:featuredmedia":[{"embeddable":true,"href":"https:\/\/elcalaixetdelaiaia.es\/index.php?rest_route=\/wp\/v2\/media\/7030"}],"wp:attachment":[{"href":"https:\/\/elcalaixetdelaiaia.es\/index.php?rest_route=%2Fwp%2Fv2%2Fmedia&parent=513"}],"wp:term":[{"taxonomy":"category","embeddable":true,"href":"https:\/\/elcalaixetdelaiaia.es\/index.php?rest_route=%2Fwp%2Fv2%2Fcategories&post=513"},{"taxonomy":"post_tag","embeddable":true,"href":"https:\/\/elcalaixetdelaiaia.es\/index.php?rest_route=%2Fwp%2Fv2%2Ftags&post=513"}],"curies":[{"name":"wp","href":"https:\/\/api.w.org\/{rel}","templated":true}]}}