{"id":512,"date":"2015-11-22T13:08:00","date_gmt":"2015-11-22T13:08:00","guid":{"rendered":"http:\/\/elcalaixetdelaiaia.es\/carre-relleno-de-huevos-de-codorniz-y"},"modified":"2023-12-08T08:53:45","modified_gmt":"2023-12-08T08:53:45","slug":"carre-relleno-de-huevos-de-codorniz-y","status":"publish","type":"post","link":"https:\/\/elcalaixetdelaiaia.es\/?p=512","title":{"rendered":"Carr\u00e9 relleno de huevos de codorniz y setas silvestres paso a paso"},"content":{"rendered":"<p>\u00abRefrany;<br \/>\nDe l&#8217;abundacia del cor, parla la boca\u00bb De la abundancia del coraz\u00f3n, habla la boca.<\/p>\n<p>S\u00e9 que muchos de vosotros est\u00e1is pasando dificultades econ\u00f3micas por la falta de trabajo y pens\u00e1is que no podr\u00e9is llevar a vuestra mesa, manjares con los que celebrar las fiestas, pero tenemos alternativas con las que poder conseguir unos deliciosos platos, por muy poco dinero.<\/p>\n<div class=\"separator\" style=\"clear: both; text-align: center;\"><a style=\"margin-left: 1em; margin-right: 1em;\" href=\"https:\/\/2.bp.blogspot.com\/-vy1xcIaqy08\/WiEaymgsUHI\/AAAAAAAAqEE\/Y2Sa7TiDTucdcBf-kiDmceTnGNWQ_IwnQCEwYBhgL\/s1600\/carre.jpg\"><img decoding=\"async\" loading=\"lazy\" src=\"https:\/\/elcalaixetdelaiaia.es\/wp-content\/uploads\/2015\/11\/carre-1.jpg\" width=\"640\" height=\"480\" border=\"0\" data-original-height=\"720\" data-original-width=\"960\" \/><\/a><\/div>\n<p>Es por eso que os traigo esta receta hecha con carr\u00e9 de cerdo y unas setas, que pueden ser silvestres, de bote, deshidratadas, congeladas o frescas que pod\u00e9is encontrar f\u00e1cilmente en verduler\u00edas o supermercados.<\/p>\n<div style=\"text-align: center;\">\n<div style=\"text-align: center;\">\n<p>Los dos costillares me han costado 13\u20ac, en el mercado y me han quedado costillas para hacer un arroz al horno (ya v\u00e9is) y el resto de ingredientes son baratos, si no os llega para jerez (me ha costado 2,89\u20ac), poned vino blanco, as\u00ed que ya me dir\u00e9is si es o no un plato econ\u00f3mico&#8230; contad con tres costillas por persona si son muy comilones, o dos si ten\u00e9is comensales de distintos apetitos. Estoy pensado avisaros, de que ten\u00e9is que tener en cuenta que esta publicaci\u00f3n la hago en 2015, depende cuando la ve\u00e1is, los precios habran subido mucho.<\/p>\n<p>He comprado dos piezas de ocho chuletas cada una y salen 7 raciones sobradas. De todas formas, recordad el VERDADERO sentido de la Navidad, compartid con los vuestros el amor y el cari\u00f1o, ese es el aut\u00e9ntico manjar, disfrutar de la vida con quienes nos quieren y queremos, todo lo dem\u00e1s es secundario.<\/p>\n<\/div>\n<\/div>\n<div style=\"text-align: center;\">\n<div class=\"separator\" style=\"clear: both; text-align: center;\"><a style=\"margin-left: 1em; margin-right: 1em;\" href=\"https:\/\/4.bp.blogspot.com\/-Z_ji4TZwjjk\/WiEayxWhciI\/AAAAAAAAqEI\/eJz3cakEDCEXRwoyg-0CgRTDQcLbgMG-ACEwYBhgL\/s1600\/carre1.PNG\"><img decoding=\"async\" loading=\"lazy\" src=\"https:\/\/elcalaixetdelaiaia.es\/wp-content\/uploads\/2015\/11\/carre1-1.png\" width=\"640\" height=\"480\" border=\"0\" data-original-height=\"480\" data-original-width=\"640\" \/><\/a><\/div>\n<\/div>\n<ol>\n<li>Dos costillares o carr\u00e9 de kilo y cuarto cada uno<\/li>\n<li>Setas variadas<\/li>\n<li>Patatitas<\/li>\n<li>Una zanahoria muy grande<\/li>\n<li>Dos tomates maduros<\/li>\n<li>Una docena de huevos de codorniz<\/li>\n<li>Ajos<\/li>\n<li>Dos cebollas<\/li>\n<li>Hierbas provenzales o variadas<\/li>\n<li>Un bouquet garni<\/li>\n<li>Aceite de oliva<\/li>\n<li>Una copa grande de jerez seco<\/li>\n<li>Sal<\/li>\n<li>Pimienta<\/li>\n<li>Hilo de cocina<\/li>\n<li>Aguja saquera grande<\/li>\n<\/ol>\n<p>Por supuesto, pod\u00e9is usar cerdo ib\u00e9rico, o costillar de cordero, eso, ya depende de vuestro bolsillo. yo os doy la idea barata y vosotros ya decid\u00eds, \u00abquant mes sucre, mes dol\u00e7\u00bb.<\/p>\n<p>Cualquier poupurri de hierbas os servir\u00e1.<\/p>\n<div class=\"separator\" style=\"clear: both; text-align: center;\"><a style=\"margin-left: 1em; margin-right: 1em;\" href=\"https:\/\/1.bp.blogspot.com\/-5qHwBAR0zRI\/WiEa1A7wfVI\/AAAAAAAAqGE\/r6YQOGjzKRAAhQxHhIfnpf0eeg5bV4uBACEwYBhgL\/s1600\/carre2.PNG\"><img decoding=\"async\" loading=\"lazy\" src=\"https:\/\/elcalaixetdelaiaia.es\/wp-content\/uploads\/2015\/11\/carre2-1.png\" width=\"640\" height=\"480\" border=\"0\" data-original-height=\"480\" data-original-width=\"640\" \/><\/a><\/div>\n<div style=\"text-align: center;\">Hoy voy a emplear uno de hierbas provenzales que trajo pensando en mi una persona muuuuy especial, en un reciente viaje a Par\u00eds. Gracias cari\u00f1o.<\/div>\n<div style=\"text-align: center;\">\n<div class=\"separator\" style=\"clear: both; text-align: center;\"><a style=\"margin-left: 1em; margin-right: 1em;\" href=\"https:\/\/2.bp.blogspot.com\/-SHAKM4u8qPs\/WiEa4dzLhAI\/AAAAAAAAqGE\/_PCHfFmwmfwxdeWlLWRWYUkbMQaYtSU6gCEwYBhgL\/s1600\/carre3.PNG\"><img decoding=\"async\" loading=\"lazy\" src=\"https:\/\/elcalaixetdelaiaia.es\/wp-content\/uploads\/2015\/11\/carre3-1.png\" width=\"640\" height=\"480\" border=\"0\" data-original-height=\"480\" data-original-width=\"640\" \/><\/a><\/div>\n<p>Si os es posible, pedir a vuestro carnicer@ que os limpie la carne de la mitad de las costillas ser\u00e1 fant\u00e1stico y adelantar\u00e9is mucho trabajo pero, por si no es as\u00ed, os ense\u00f1o como hacerlo en casa, ya que no es nada complicado. Con una puntilla (peque\u00f1o cuchillo de punta fina) marcaremos por ambas partes de cada costillar, un corte a la altura que queramos dejar las costillas limpias de carne<\/p>\n<\/div>\n<div style=\"text-align: center;\">\n<div class=\"separator\" style=\"clear: both; text-align: center;\"><a style=\"margin-left: 1em; margin-right: 1em;\" href=\"https:\/\/2.bp.blogspot.com\/-giDmAPv-_K4\/WiEa52KazRI\/AAAAAAAAqGE\/Oe70rZQvNrkCWTqV3qzM2LOt393MM-wqACEwYBhgL\/s1600\/carre4.PNG\"><img decoding=\"async\" loading=\"lazy\" src=\"https:\/\/elcalaixetdelaiaia.es\/wp-content\/uploads\/2015\/11\/carre4-1.png\" width=\"640\" height=\"480\" border=\"0\" data-original-height=\"480\" data-original-width=\"640\" \/><\/a><\/div>\n<p>Con cuidado iremos cortando la carne da cada costilla hasta llegar al hueso, y cortaremos tambi\u00e9n la zona m\u00e1s pegada al mismo, tiraremos y veremos como se despega f\u00e1cilmente, separ\u00e1ndose por completo<\/p>\n<\/div>\n<div style=\"text-align: center;\"><\/div>\n<div style=\"text-align: center;\"><a href=\"http:\/\/1.bp.blogspot.com\/-Vuxw3GR8v-I\/VlGGAvAJa1I\/AAAAAAAAfHI\/Y37Kkvcxdro\/s1600\/IMG_0913.PNG\"><img decoding=\"async\" src=\"https:\/\/elcalaixetdelaiaia.es\/wp-content\/uploads\/2015\/11\/IMG_0913-1.png\" border=\"0\" \/><\/a><\/div>\n<p>ahora daremos la vuelta a la pieza, realizaremos un corte vertical, tiraremos hacia los lados y ya tenemos una costilla libre, las primeras, igual cuestan un poquito pero ver\u00e9is como enseguida le cog\u00e9is el truco, es m\u00e1s f\u00e1cil de hacer que de explicar<\/p>\n<div style=\"text-align: center;\"><a href=\"http:\/\/1.bp.blogspot.com\/-AcTDcZ71uhQ\/VlGFn6DbhvI\/AAAAAAAAfGw\/P4Lm_v51SSQ\/s1600\/IMG_0910.PNG\"><img decoding=\"async\" src=\"https:\/\/elcalaixetdelaiaia.es\/wp-content\/uploads\/2015\/11\/IMG_0910-1.png\" border=\"0\" \/><\/a><\/div>\n<div style=\"text-align: center;\">y enseguida tendr\u00e9is las piezas as\u00ed<\/div>\n<div style=\"text-align: center;\"><\/div>\n<div style=\"text-align: center;\"><a href=\"http:\/\/1.bp.blogspot.com\/-vo1LPbu80Qs\/VlGGFZKJvdI\/AAAAAAAAfHQ\/JOQG26i3Cuc\/s1600\/IMG_0914.PNG\"><img decoding=\"async\" src=\"https:\/\/elcalaixetdelaiaia.es\/wp-content\/uploads\/2015\/11\/IMG_0914.png\" border=\"0\" \/><\/a><\/div>\n<p>limpiamos y troceamos las setas dejando algunas enteras para decorar el plato en la presentaci\u00f3n, una de las cebollas y dos dientes de ajo muy picaditos, y la ponemos a pochar en aceite de oliva<\/p>\n<div style=\"text-align: center;\"><a href=\"http:\/\/3.bp.blogspot.com\/-O_rd5TC8soY\/VlGGTAaNKKI\/AAAAAAAAfHY\/w_bqNSgrnvE\/s1600\/IMG_0915.PNG\"><img decoding=\"async\" src=\"https:\/\/elcalaixetdelaiaia.es\/wp-content\/uploads\/2015\/11\/IMG_0915.png\" border=\"0\" \/><\/a><\/div>\n<div style=\"text-align: center;\">salamos e incorporamos las hierbas, removemos y apagamos el fuego. Encendemos el horno a 180\u00ba para que se vaya calentando<\/div>\n<div style=\"text-align: center;\"><\/div>\n<div style=\"text-align: center;\"><a href=\"http:\/\/2.bp.blogspot.com\/-v791maVUH4c\/VlGGYeEZ_ZI\/AAAAAAAAfHg\/IovhtktbaPQ\/s1600\/IMG_0917.PNG\"><img decoding=\"async\" src=\"https:\/\/elcalaixetdelaiaia.es\/wp-content\/uploads\/2015\/11\/IMG_0917.png\" border=\"0\" \/><\/a><\/div>\n<div style=\"text-align: center;\">en medio costillar por la parte interna colocaremos la mezcla que hemos preparado, reservando las que hemos dejado enteras al igual que la mezcla que nos habr\u00e1 sobrado y que utilizaremos al final para hacer la salsa<\/div>\n<div style=\"text-align: center;\"><\/div>\n<div style=\"text-align: center;\"><a href=\"http:\/\/4.bp.blogspot.com\/-txd2HMON4Jk\/VlGGeXRQgMI\/AAAAAAAAfHo\/41nv9QjOky8\/s1600\/IMG_0918.PNG\"><img decoding=\"async\" src=\"https:\/\/elcalaixetdelaiaia.es\/wp-content\/uploads\/2015\/11\/IMG_0918.png\" border=\"0\" \/><\/a><\/div>\n<div style=\"text-align: center;\">colocamos encima una de las partes de la carne que hemos sacado de las costillas (la otra, la podemos usar para cualquier receta, por ejemplo un arrocito, (esta ya tiene destino, ma\u00f1ana \u00abarr\u00f2s al forn\u00bb <a href=\"https:\/\/elcalaixetdelaiaia.es\/?p=984\">https:\/\/elcalaixetdelaiaia.es\/?p=984<\/a>), eliminando todo lo posible la capa gruesa de grasa y dejando la otra cara, la de los huecos donde estaba el hueso boca arriba<\/div>\n<div style=\"text-align: center;\"><\/div>\n<div style=\"text-align: center;\"><a href=\"http:\/\/1.bp.blogspot.com\/-hWwS6mzdQ80\/VlGGoWsquFI\/AAAAAAAAfHw\/8BCO0zT0EKc\/s1600\/IMG_0919.PNG\"><img decoding=\"async\" src=\"https:\/\/elcalaixetdelaiaia.es\/wp-content\/uploads\/2015\/11\/IMG_0919.png\" border=\"0\" \/><\/a><\/div>\n<div style=\"text-align: center;\">y rellenamos los huecos con setas<\/div>\n<div style=\"text-align: center;\"><\/div>\n<div style=\"text-align: center;\"><a href=\"http:\/\/3.bp.blogspot.com\/-Nspr_Oqisew\/VlXDoVvjXDI\/AAAAAAAAfQI\/iIKlhxAjtMM\/s1600\/IMG_1051%255B1%255D.PNG\"><img decoding=\"async\" src=\"https:\/\/elcalaixetdelaiaia.es\/wp-content\/uploads\/2015\/11\/IMG_10515B15D.png\" border=\"0\" \/><\/a><\/div>\n<div style=\"text-align: center;\"><\/div>\n<div style=\"text-align: center;\">y los huevos de codorniz que hemos cocido y pelado<\/div>\n<div style=\"text-align: center;\"><\/div>\n<div style=\"text-align: center;\"><a href=\"http:\/\/4.bp.blogspot.com\/-1FLBezKR2HE\/VlGGrCHUA7I\/AAAAAAAAfH4\/TVBfER5EBSY\/s1600\/IMG_0920.PNG\"><img decoding=\"async\" src=\"https:\/\/elcalaixetdelaiaia.es\/wp-content\/uploads\/2015\/11\/IMG_0920.png\" border=\"0\" \/><\/a><\/div>\n<div style=\"text-align: center;\">tapamos con el otro costillar, procurando entrelazar las costillas<\/div>\n<div style=\"text-align: center;\"><\/div>\n<div style=\"text-align: center;\"><a href=\"http:\/\/1.bp.blogspot.com\/-mVACabsnSNE\/VlGGzF76MII\/AAAAAAAAfIA\/FvmjMhw6lqI\/s1600\/IMG_0921.PNG\"><img decoding=\"async\" src=\"https:\/\/elcalaixetdelaiaia.es\/wp-content\/uploads\/2015\/11\/IMG_0921.png\" border=\"0\" \/><\/a><\/div>\n<div style=\"text-align: center;\">y ahora con una aguja saquera o lanera grande e hilo fuerte de algod\u00f3n de cocina, coseremos las piezas para intentar que el relleno no se salga durante el horneado<\/div>\n<div style=\"text-align: center;\"><\/div>\n<div style=\"text-align: center;\"><a href=\"http:\/\/2.bp.blogspot.com\/-Yofvm31B54Q\/VlGG_3uASSI\/AAAAAAAAfIQ\/jBhChrYO5Yc\/s1600\/IMG_0922.PNG\"><img decoding=\"async\" src=\"https:\/\/elcalaixetdelaiaia.es\/wp-content\/uploads\/2015\/11\/IMG_0922.png\" border=\"0\" \/><\/a><\/div>\n<div style=\"text-align: center;\">y la pieza mantenga el aspecto que queremos, que ser\u00e1 m\u00e1s o menos este<\/div>\n<div style=\"text-align: center;\"><\/div>\n<div style=\"text-align: center;\"><a href=\"http:\/\/4.bp.blogspot.com\/-jkraHL2LvrA\/VlGG_U-A_cI\/AAAAAAAAfIM\/ELp_Hqau50Y\/s1600\/IMG_0923.PNG\"><img decoding=\"async\" src=\"https:\/\/elcalaixetdelaiaia.es\/wp-content\/uploads\/2015\/11\/IMG_0923.png\" border=\"0\" \/><\/a><\/div>\n<div style=\"text-align: center;\">Cortaremos la cebolla en rodajas gruesas para hacer una cama en una bandeja de horno<\/div>\n<div style=\"text-align: center;\"><\/div>\n<div style=\"text-align: center;\"><a href=\"http:\/\/3.bp.blogspot.com\/-RY6Pkm4xR9I\/VlGHIJU9PnI\/AAAAAAAAfIY\/6xYiK_pX8xI\/s1600\/IMG_0924.PNG\"><img decoding=\"async\" src=\"https:\/\/elcalaixetdelaiaia.es\/wp-content\/uploads\/2015\/11\/IMG_0924.png\" border=\"0\" \/><\/a><\/div>\n<div style=\"text-align: center;\">y acostaremos sobre la misma el carr\u00e9, a\u00f1adiendo los dos tomates cortados en cuartos cuatro o cinco dientes de ajo y el bouquet garni, pinchando en las letras azules ver\u00e9is que es el bouquet Garni y como se hace<a href=\"https:\/\/elcalaixetdelaiaia.es\/2015\/10\/bouquet-garni-o-de-hierbas-paso-paso\/\">https:\/\/elcalaixetdelaiaia.es\/2015\/10\/bouquet-garni-o-de-hierbas-paso-paso\/<\/a><\/div>\n<div style=\"text-align: center;\"><\/div>\n<div style=\"text-align: center;\"><a href=\"http:\/\/2.bp.blogspot.com\/-8PaPXeNLcBQ\/VlGHTzcmLLI\/AAAAAAAAfIk\/ld8TtM06Bwg\/s1600\/IMG_0925.PNG\"><img decoding=\"async\" src=\"https:\/\/elcalaixetdelaiaia.es\/wp-content\/uploads\/2015\/11\/IMG_0925.png\" border=\"0\" \/><\/a><\/div>\n<div style=\"text-align: center;\">A\u00f1adiremos una copa generosa de jerez y un chorro de aceite de oliva<\/div>\n<div style=\"text-align: center;\"><\/div>\n<div style=\"text-align: center;\"><a href=\"http:\/\/2.bp.blogspot.com\/-I0sK0yq8dQE\/VlGHU_pX79I\/AAAAAAAAfIo\/2UUtskM1r14\/s1600\/IMG_0926.PNG\"><img decoding=\"async\" src=\"https:\/\/elcalaixetdelaiaia.es\/wp-content\/uploads\/2015\/11\/IMG_0926.png\" border=\"0\" \/><\/a><\/div>\n<div style=\"text-align: center;\">salpimentamos<\/div>\n<div style=\"text-align: center;\"><\/div>\n<div style=\"text-align: center;\"><a href=\"http:\/\/4.bp.blogspot.com\/-v3aBI0H5O4o\/VlGHZdBS2WI\/AAAAAAAAfIw\/xJse48IICeM\/s1600\/IMG_0927.PNG\"><img decoding=\"async\" src=\"https:\/\/elcalaixetdelaiaia.es\/wp-content\/uploads\/2015\/11\/IMG_0927.png\" border=\"0\" \/><\/a><\/div>\n<div style=\"text-align: center;\">y forramos las costillas con papel aluminio con el fin de que no se quemen al hornear el carr\u00e9 y nos estropee el resultado final<\/div>\n<div style=\"text-align: center;\"><\/div>\n<div style=\"text-align: center;\"><a href=\"http:\/\/3.bp.blogspot.com\/-RjILWwBE6oQ\/VlGHquxhXFI\/AAAAAAAAfI4\/VG5z31uBdc8\/s1600\/IMG_0928.PNG\"><img decoding=\"async\" src=\"https:\/\/elcalaixetdelaiaia.es\/wp-content\/uploads\/2015\/11\/IMG_0928.png\" border=\"0\" \/><\/a><\/div>\n<p>y al horno a 180\u00ba, durante dos horas, abriendo cada media para regar la carne con los jugos, si es preciso, podemos a\u00f1adir medio vasito de agua caliente. Estos tiempos son en mi horno, controlad el vuestro, porque cada horno funciona distinto.<\/p>\n<div style=\"text-align: center;\"><a href=\"http:\/\/2.bp.blogspot.com\/-YYji0V_Ivn0\/VlGHtbrA5II\/AAAAAAAAfJE\/nxJSQLNX0gM\/s1600\/IMG_0929.PNG\"><img decoding=\"async\" src=\"https:\/\/elcalaixetdelaiaia.es\/wp-content\/uploads\/2015\/11\/IMG_0929.png\" border=\"0\" \/><\/a><\/div>\n<div style=\"text-align: center;\">Si ten\u00e9is term\u00f3metro de horno, no dud\u00e9is en usarlo, este m\u00edo tiene muuuchos a\u00f1os y no da los grados, pero con uno de grados tendr\u00e9is la carne lista cuando marque el relleno del interior 80\u00ba, que como os dec\u00eda antes, son dos horas de mi horno a 180\u00ba<\/div>\n<div style=\"text-align: center;\"><\/div>\n<div style=\"text-align: center;\"><a href=\"http:\/\/2.bp.blogspot.com\/-EsTGTzGc-fc\/VlGHuiLlpGI\/AAAAAAAAfJI\/47IrR0xLKrU\/s1600\/IMG_0930.PNG\"><img decoding=\"async\" src=\"https:\/\/elcalaixetdelaiaia.es\/wp-content\/uploads\/2015\/11\/IMG_0930.png\" border=\"0\" \/><\/a><\/div>\n<div style=\"text-align: center;\">pelaremos las patatas y las zanahorias torne\u00e1ndolas un poco con el pelapatatas si quer\u00e9is<\/div>\n<div style=\"text-align: center;\"><\/div>\n<div style=\"text-align: center;\"><a href=\"http:\/\/3.bp.blogspot.com\/-vI50YP6GAAA\/VlGH_DVC-8I\/AAAAAAAAfJU\/lMGEcTHQeJ8\/s1600\/IMG_0931.PNG\"><img decoding=\"async\" src=\"https:\/\/elcalaixetdelaiaia.es\/wp-content\/uploads\/2015\/11\/IMG_0931.png\" border=\"0\" \/><\/a><\/div>\n<div style=\"text-align: center;\">y las a\u00f1adiremos cuando a la carne le falte una media hora<\/div>\n<div style=\"text-align: center;\"><\/div>\n<div style=\"text-align: center;\"><a href=\"http:\/\/2.bp.blogspot.com\/-EQ8GZimbwnE\/VlGH__loe7I\/AAAAAAAAfJc\/bqhD8h2NyWo\/s1600\/IMG_0932.PNG\"><img decoding=\"async\" src=\"https:\/\/elcalaixetdelaiaia.es\/wp-content\/uploads\/2015\/11\/IMG_0932.png\" border=\"0\" \/><\/a><\/div>\n<div style=\"text-align: center;\">cuando tengamos la carne lista sacaremos del horno, retiramos el papel aluminio y el term\u00f3metro.\u00a1Ah! important\u00edsimo retirar con cuidado el hilo de la costura, os pod\u00e9is ayudar con unas pinzas, como la carne est\u00e1 muy tierna, no os costar\u00e1 ning\u00fan trabajo. La cebolla y el tomate lo trituraremos con las setas que nos sobraron de hacer el relleno, junto con los restos de desglasar la bandeja del horno. Colaremos y pondremos en una salsera para que cada cual se sirva a su gusto.<\/div>\n<div><\/div>\n<div style=\"text-align: center;\">\n<div class=\"separator\" style=\"clear: both; text-align: center;\"><a style=\"margin-left: 1em; margin-right: 1em;\" href=\"https:\/\/4.bp.blogspot.com\/-4sEqcLQwbRo\/WiEa3p-ikAI\/AAAAAAAAqGE\/5mJ9elmGQV81BnTgCOF8HCHp-wPGyXX2ACEwYBhgL\/s1600\/carre26.JPG\"><img decoding=\"async\" loading=\"lazy\" src=\"https:\/\/elcalaixetdelaiaia.es\/wp-content\/uploads\/2015\/11\/carre26.jpg\" width=\"480\" height=\"640\" border=\"0\" data-original-height=\"640\" data-original-width=\"480\" \/><\/a><\/div>\n<p>Si os lo pod\u00e9is permitir y no quer\u00e9is usar cerdo, pod\u00e9is hacer el carr\u00e9 de ternera, cordero&#8230;<\/p>\n<p><a style=\"margin-left: 1em; margin-right: 1em;\" href=\"https:\/\/3.bp.blogspot.com\/-vy1xcIaqy08\/WiEaymgsUHI\/AAAAAAAAqGE\/bMZ_x5NPiLkjYMgymMA66LAU43tCNkQ1ACEwYBhgL\/s1600\/carre.jpg\"><img decoding=\"async\" loading=\"lazy\" src=\"https:\/\/elcalaixetdelaiaia.es\/wp-content\/uploads\/2015\/11\/carre-2.jpg\" width=\"640\" height=\"480\" border=\"0\" data-original-height=\"720\" data-original-width=\"960\" \/><\/a><\/p>\n<\/div>\n<div style=\"text-align: center;\">Lo colocamos en la fuente de servir justo en el momento de ir a la mesa<\/div>\n<div style=\"text-align: center;\"><\/div>\n<div style=\"text-align: center;\">\n<div class=\"separator\" style=\"clear: both; text-align: center;\"><a style=\"margin-left: 1em; margin-right: 1em;\" href=\"https:\/\/2.bp.blogspot.com\/--FP6ttXIXgk\/WiEa4AVZk0I\/AAAAAAAAqGE\/tJdhAd1TYp4dJUob_NuesIiZ8gvTw876QCEwYBhgL\/s1600\/carre28.PNG\"><img decoding=\"async\" loading=\"lazy\" src=\"https:\/\/elcalaixetdelaiaia.es\/wp-content\/uploads\/2015\/11\/carre28.png\" width=\"640\" height=\"480\" border=\"0\" data-original-height=\"480\" data-original-width=\"640\" \/><\/a><\/div>\n<\/div>\n<div style=\"text-align: center;\"><\/div>\n<div style=\"text-align: center;\">emplataremos y aqu\u00ed ten\u00e9is una raci\u00f3n<\/div>\n<div><\/div>\n<div style=\"text-align: center;\">\n<div class=\"separator\" style=\"clear: both; text-align: center;\"><a style=\"margin-left: 1em; margin-right: 1em;\" href=\"https:\/\/2.bp.blogspot.com\/-FqdXp1m02XY\/WiEa4Je9mnI\/AAAAAAAAqGE\/YUVeDjKkAt0lmDSEy9eMeho7KOvWH08WACEwYBhgL\/s1600\/carre29.PNG\"><img decoding=\"async\" loading=\"lazy\" src=\"https:\/\/elcalaixetdelaiaia.es\/wp-content\/uploads\/2015\/11\/carre29.png\" width=\"640\" height=\"480\" border=\"0\" data-original-height=\"480\" data-original-width=\"640\" \/><\/a><\/div>\n<p>Hace mucho viento, y no he podido hacer las fotos en el exterior como a m\u00ed me gusta, con luz natural, as\u00ed que he tenido que improvisar&#8230;.<\/p>\n<\/div>\n<div style=\"text-align: center;\">\n<div class=\"separator\" style=\"clear: both; text-align: center;\"><a style=\"margin-left: 1em; margin-right: 1em;\" href=\"https:\/\/2.bp.blogspot.com\/-VVSnnEvIZNs\/WiEa5Ck6spI\/AAAAAAAAqGE\/DYkyOh2TT7g-pyYLjGE_4BZCBKR9ljCEQCEwYBhgL\/s1600\/carre30.PNG\"><img decoding=\"async\" loading=\"lazy\" src=\"https:\/\/elcalaixetdelaiaia.es\/wp-content\/uploads\/2015\/11\/carre30.png\" width=\"640\" height=\"480\" border=\"0\" data-original-height=\"480\" data-original-width=\"640\" \/><\/a><\/div>\n<\/div>\n<div style=\"text-align: center;\">\u00a0pero creo que os pod\u00e9is hacer una idea de c\u00f3mo puede quedar este plato tan econ\u00f3mico<\/div>\n<div style=\"text-align: center;\">\n<div class=\"separator\" style=\"clear: both; text-align: center;\"><a style=\"margin-left: 1em; margin-right: 1em;\" href=\"https:\/\/2.bp.blogspot.com\/-6xTDoLQh2As\/WiEa5ifWJ8I\/AAAAAAAAqGE\/HbOfhjkKiM0BesCqhXmxl1h9zz9xXxwOQCEwYBhgL\/s1600\/carre31.PNG\"><img decoding=\"async\" loading=\"lazy\" src=\"https:\/\/elcalaixetdelaiaia.es\/wp-content\/uploads\/2015\/11\/carre31.png\" width=\"640\" height=\"480\" border=\"0\" data-original-height=\"480\" data-original-width=\"640\" \/><\/a><\/div>\n<p>Gracias por seguirme y leerme. \u00abA la taula i&#8230;.BON PROFIT!!!<\/p>\n<\/div>\n<div style=\"text-align: center;\">\n<div style=\"text-align: center;\">Si os gusta mi receta, pod\u00e9is compartirla para que llegue a m\u00e1s gente. Espero vuestros comentarios que para mi, son MUY importantes y recordad que tambi\u00e9n estoy en Facebook <a href=\"https:\/\/www.facebook.com\/El-calaixet-de-la-iaia-533062140099386\/\">https:\/\/www.facebook.com\/El-calaixet-de-la-iaia-533062140099386\/<\/a><\/div>\n<\/div>\n<div style=\"text-align: center;\">\u00a0No olvid\u00e9is sacarle todo el jugo a la vida, en Navidad \u00a1Y SIEMPRE! Sed felices.<\/div>\n<div style=\"text-align: center;\">Con esta receta participo en el Reto de \u00abChristmas Time\u00bb de la comunidad Cocineros del Mundo en G+ en el apartado de Salado<\/div>\n<div style=\"text-align: center;\">Edito emocionada esta entrada para publicar que mis compa\u00f1eros de Cocineros del Mundo me han otorgado el SEGUNDO premio en este especial reto de Navidad, aunque el resto de recetas eran igualmente ganadoras de premio. Felicito a los dem\u00e1s premiados y a todos los participantes por unas recetas impresionantes y riqu\u00edsimas. Y quiero dar las gracias a todos quienes me le\u00e9is porque hac\u00e9is que cada d\u00eda intente superarme y aprender m\u00e1s. GRACIAS.<\/div>\n<div style=\"text-align: center;\"><a href=\"http:\/\/1.bp.blogspot.com\/-K52BLIBiuNk\/VpZV4Ap-tnI\/AAAAAAAAhgA\/VsOXZCt5ZUE\/s1600\/cuinersdelmon1.png\"><img decoding=\"async\" src=\"https:\/\/elcalaixetdelaiaia.es\/wp-content\/uploads\/2015\/11\/cuinersdelmon1.png\" border=\"0\" \/><\/a><\/div>\n<div style=\"text-align: center;\"><\/div>\n<div style=\"text-align: center;\"><\/div>\n<div style=\"text-align: center;\"><img decoding=\"async\" src=\"https:\/\/elcalaixetdelaiaia.es\/wp-content\/uploads\/2015\/11\/cuinersdelmon2.png\" border=\"0\" \/><\/div>\n<div style=\"text-align: center;\"><\/div>\n<div style=\"background-color: white; color: #4b4b4b; font-family: Arial, Tahoma, Helvetica, FreeSans, sans-serif; font-size: 14.85px; line-height: 20.79px; text-align: justify;\"><\/div>\n","protected":false},"excerpt":{"rendered":"<p>\u00abRefrany; De l&#8217;abundacia del cor, parla la boca\u00bb De la abundancia del coraz\u00f3n, habla la boca. S\u00e9 que muchos de vosotros est\u00e1is pasando dificultades econ\u00f3micas por la falta de trabajo y pens\u00e1is que no podr\u00e9is llevar a vuestra mesa, manjares con los que celebrar las fiestas, pero tenemos alternativas con &hellip; <\/p>\n","protected":false},"author":2,"featured_media":7029,"comment_status":"open","ping_status":"open","sticky":false,"template":"","format":"standard","meta":[],"categories":[12,1],"tags":[],"_links":{"self":[{"href":"https:\/\/elcalaixetdelaiaia.es\/index.php?rest_route=\/wp\/v2\/posts\/512"}],"collection":[{"href":"https:\/\/elcalaixetdelaiaia.es\/index.php?rest_route=\/wp\/v2\/posts"}],"about":[{"href":"https:\/\/elcalaixetdelaiaia.es\/index.php?rest_route=\/wp\/v2\/types\/post"}],"author":[{"embeddable":true,"href":"https:\/\/elcalaixetdelaiaia.es\/index.php?rest_route=\/wp\/v2\/users\/2"}],"replies":[{"embeddable":true,"href":"https:\/\/elcalaixetdelaiaia.es\/index.php?rest_route=%2Fwp%2Fv2%2Fcomments&post=512"}],"version-history":[{"count":17,"href":"https:\/\/elcalaixetdelaiaia.es\/index.php?rest_route=\/wp\/v2\/posts\/512\/revisions"}],"predecessor-version":[{"id":26089,"href":"https:\/\/elcalaixetdelaiaia.es\/index.php?rest_route=\/wp\/v2\/posts\/512\/revisions\/26089"}],"wp:featuredmedia":[{"embeddable":true,"href":"https:\/\/elcalaixetdelaiaia.es\/index.php?rest_route=\/wp\/v2\/media\/7029"}],"wp:attachment":[{"href":"https:\/\/elcalaixetdelaiaia.es\/index.php?rest_route=%2Fwp%2Fv2%2Fmedia&parent=512"}],"wp:term":[{"taxonomy":"category","embeddable":true,"href":"https:\/\/elcalaixetdelaiaia.es\/index.php?rest_route=%2Fwp%2Fv2%2Fcategories&post=512"},{"taxonomy":"post_tag","embeddable":true,"href":"https:\/\/elcalaixetdelaiaia.es\/index.php?rest_route=%2Fwp%2Fv2%2Ftags&post=512"}],"curies":[{"name":"wp","href":"https:\/\/api.w.org\/{rel}","templated":true}]}}