{"id":51,"date":"2017-10-29T23:33:00","date_gmt":"2017-10-29T23:33:00","guid":{"rendered":"http:\/\/elcalaixetdelaiaia.es\/castanas-o-nueces-de-la-suerte-paso"},"modified":"2024-10-27T16:58:28","modified_gmt":"2024-10-27T16:58:28","slug":"castanas-o-nueces-de-la-suerte-paso","status":"publish","type":"post","link":"https:\/\/elcalaixetdelaiaia.es\/?p=51","title":{"rendered":"casta\u00f1as o nueces de la suerte paso a paso foto a foto"},"content":{"rendered":"<p>\u00abRefrany; Castanyes, nous i figues, son bones amigues\u00bb Casta\u00f1as, nueces e higos, son buenos amigos.<\/p>\n<p>Hace ya muchos a\u00f1os una de mis profesoras de doblaje, me hizo un obsequio un tanto curioso;<\/p>\n<div style=\"text-align: center;\"><strong>una casta\u00f1a con mi inicial<\/strong><\/div>\n<div style=\"text-align: center;\"><\/div>\n<div style=\"text-align: left;\">Me cont\u00f3 que se trataba de una especie de \u00abamuleto\u00bb, que lo guardase en un caj\u00f3n de mi mesilla de noche y que cuando necesitara una \u00abayuda\u00bb para alg\u00fan tema complicado, la llevara encima, puesto que me dar\u00eda \u00absuerte\u00bb.<br \/>\nLa ten\u00eda que llevar\u00a0 en el bolso o en un bolsillo y sin mayor requisito que acariciarla de vez en cuando. Son el s\u00edmbolo de uno de los \u00e1rboles mas importantes de los Celtas y atraen la suerte a quien se conecta por medio de su fruto al \u00e1rbol de la prosperidad.<br \/>\nY as\u00ed lo hice, es algo inocente e inofensivo y vino de alguien que me apreciaba mucho. La casta\u00f1a me acompa\u00f1\u00f3 en ex\u00e1menes, pruebas m\u00e9dicas, citas importantes, audiciones, actuaciones, entrevistas&#8230; y dem\u00e1s. Luego con el tiempo, me cont\u00f3 c\u00f3mo se preparaban las casta\u00f1as y que tambi\u00e9n se pod\u00edan hacer con nueces.<\/div>\n<div style=\"text-align: left;\">Y as\u00ed fu\u00e9 c\u00f3mo comenc\u00e9 a prepararlas cada a\u00f1o la noche del 31 de Octubre&#8230; una fecha que el destino me deparaba que ser\u00eda MUY importante en mi vida, una de las mas importantes.<\/div>\n<div style=\"text-align: left;\"><\/div>\n<div class=\"separator\" style=\"clear: both; text-align: center;\"><a style=\"margin-left: 1em; margin-right: 1em;\" href=\"https:\/\/2.bp.blogspot.com\/-kAkSDQ1aL2E\/WfZhHRdwnZI\/AAAAAAAApts\/5FwJwInxTXEznUc9MRmDm5l8i5ozk6P7ACEwYBhgL\/s1600\/IMG_9791.jpg\"><img decoding=\"async\" loading=\"lazy\" src=\"https:\/\/elcalaixetdelaiaia.es\/wp-content\/uploads\/2017\/10\/IMG_9791.jpg\" width=\"640\" height=\"454\" border=\"0\" data-original-height=\"322\" data-original-width=\"453\" \/><\/a><\/div>\n<div style=\"text-align: center;\"><\/div>\n<div style=\"text-align: center;\">Durante much\u00edsimos a\u00f1os he recogido las nueces y las casta\u00f1as con mi marido.<\/div>\n<div style=\"text-align: center;\">En el barrio del Arrabal en Albarrac\u00edn, hab\u00edan varios casta\u00f1os (ahora ya no), y cada a\u00f1o \u00edbamos juntos a recogerlas del suelo, y cuando no eran casta\u00f1as, recog\u00edamos las nueces de un nogal de un familiar cerca del pueblo.<\/div>\n<div style=\"text-align: center;\"><\/div>\n<div style=\"text-align: center;\">En nuestras bodas de plata, estuvimos unos d\u00edas en Par\u00eds, y al sentarnos a descansar de la visita al Louvre en\u00a0 Les Champs-\u00c9lys\u00e9es, mi chico se di\u00f3 cuenta de que alrededor de nuestro banco, estaba el suelo lleno de casta\u00f1as, pues un casta\u00f1o era quien nos daba sombra. Como adolescentes, estuvimos recogi\u00e9ndo las casta\u00f1as y metimos todas las que cab\u00edan en la funda de la c\u00e1mara de v\u00eddeo y all\u00ed viajaron las casta\u00f1as de la suerte de \u00e9se a\u00f1o en el avi\u00f3n desde Par\u00eds&#8230;<\/div>\n<div style=\"text-align: center;\">\u00daltimamente ha sido mi nieta mayor qui\u00e9n me ha ayudado a prepararlas.<\/div>\n<div style=\"text-align: center;\">Este a\u00f1o no estoy para casta\u00f1as ni nueces de la suerte, pero ten\u00eda esta entrada pendiente de publicar y la comparto.<\/div>\n<div style=\"text-align: left;\"><\/div>\n<div style=\"text-align: left;\">Necesitamos;<\/div>\n<div style=\"text-align: left;\"><\/div>\n<div class=\"separator\" style=\"clear: both; text-align: center;\"><a style=\"margin-left: 1em; margin-right: 1em;\" href=\"https:\/\/2.bp.blogspot.com\/-bryU3SOghw4\/WfZhH3PIPII\/AAAAAAAApt4\/Jd-1iwGnE38a6-n8Mhnegz1ARMWSyACHACEwYBhgL\/s1600\/IMG_9792.jpg\"><img decoding=\"async\" loading=\"lazy\" src=\"https:\/\/elcalaixetdelaiaia.es\/wp-content\/uploads\/2017\/10\/IMG_9792.jpg\" width=\"548\" height=\"640\" border=\"0\" data-original-height=\"1127\" data-original-width=\"969\" \/><\/a><\/div>\n<div style=\"text-align: left;\">\n<ol>\n<li>\u00a0Una nuez o casta\u00f1a por persona<\/li>\n<li>\u00a0Agua<\/li>\n<li>\u00a0Sal<\/li>\n<li>\u00a0Un rotulador o l\u00e1piz blanco<\/li>\n<li>\u00a0Hojas de laurel<\/li>\n<\/ol>\n<div class=\"separator\" style=\"clear: both; text-align: center;\"><a style=\"margin-left: 1em; margin-right: 1em;\" href=\"https:\/\/2.bp.blogspot.com\/-Yj0htXMRAss\/WfdUXymQuqI\/AAAAAAAApuo\/3nB7wFubey05EVaFMxMHF4yzsElXubw6wCLcBGAs\/s1600\/IMG_9830.jpg\"><img decoding=\"async\" loading=\"lazy\" src=\"https:\/\/elcalaixetdelaiaia.es\/wp-content\/uploads\/2017\/10\/IMG_9830.jpg\" width=\"640\" height=\"480\" border=\"0\" data-original-height=\"1200\" data-original-width=\"1600\" \/><\/a><\/div>\n<div class=\"separator\" style=\"clear: both; text-align: center;\"><\/div>\n<div class=\"separator\" style=\"clear: both;\">\u00a0\u00a0\u00a0\u00a0\u00a0 Si no puedes recogerlas tu mismo como manda la tradici\u00f3n, que es del suelo, junto al casta\u00f1o, o el nogal, para asegurarte que han tocado tierra, puedes comprarlas, pero entonces, has de dejarlas por lo menos unas horas sobre la tierra, aunque sea de una maceta.<\/div>\n<div class=\"separator\" style=\"clear: both; text-align: center;\"><\/div>\n<div class=\"separator\" style=\"clear: both; text-align: center;\"><a style=\"margin-left: 1em; margin-right: 1em;\" href=\"https:\/\/3.bp.blogspot.com\/-snXDqLCxn1I\/WfZhJLmxMMI\/AAAAAAAApuc\/tz-LYptmr48RoLIKMaQpZEMMOTS5owbegCEwYBhgL\/s1600\/IMG_9799.jpg\"><img decoding=\"async\" loading=\"lazy\" src=\"https:\/\/elcalaixetdelaiaia.es\/wp-content\/uploads\/2017\/10\/IMG_9799.jpg\" width=\"640\" height=\"384\" border=\"0\" data-original-height=\"682\" data-original-width=\"1136\" \/><\/a><\/div>\n<div class=\"separator\" style=\"clear: both; text-align: center;\"><\/div>\n<div class=\"separator\" style=\"clear: both; text-align: center;\">Con un l\u00e1piz o rotulador blanco pondremos el nombre o la inicial de la persona destinataria de nuestro regalo<\/div>\n<div class=\"separator\" style=\"clear: both; text-align: center;\"><\/div>\n<div class=\"separator\" style=\"clear: both; text-align: center;\"><a style=\"margin-left: 1em; margin-right: 1em;\" href=\"https:\/\/4.bp.blogspot.com\/-RJRw6qRDIPI\/Wfj88Y3t3wI\/AAAAAAAApvA\/7O73isK4CZMFT_C1nP2ssdB_MNyW4IwuACLcBGAs\/s1600\/castanyes.jpg\"><img decoding=\"async\" loading=\"lazy\" src=\"https:\/\/elcalaixetdelaiaia.es\/wp-content\/uploads\/2017\/10\/castanyes.jpg\" width=\"640\" height=\"480\" border=\"0\" data-original-height=\"1200\" data-original-width=\"1600\" \/><\/a><\/div>\n<div class=\"separator\" style=\"clear: both; text-align: center;\"><\/div>\n<div class=\"separator\" style=\"clear: both; text-align: center;\">\u00a0 cubriremos nuestras nueces o casta\u00f1as, con hojas de laurel<\/div>\n<div class=\"separator\" style=\"clear: both; text-align: center;\"><\/div>\n<div class=\"separator\" style=\"clear: both; text-align: center;\"><a style=\"margin-left: 1em; margin-right: 1em;\" href=\"https:\/\/1.bp.blogspot.com\/-vkddVHX-KY4\/WfZhIQ5Q2TI\/AAAAAAAApuY\/ioLZILIp5AcH815UGvzDOwWS751chOvSgCEwYBhgL\/s1600\/IMG_9796.jpg\"><img decoding=\"async\" loading=\"lazy\" src=\"https:\/\/elcalaixetdelaiaia.es\/wp-content\/uploads\/2017\/10\/IMG_9796.jpg\" width=\"640\" height=\"426\" border=\"0\" data-original-height=\"758\" data-original-width=\"1136\" \/><\/a><\/div>\n<div class=\"separator\" style=\"clear: both; text-align: center;\"><\/div>\n<div style=\"text-align: center;\">\u00a0y dejaremos toda la noche al raso junto a un recipiente con agua y otro con sal<\/div>\n<div style=\"text-align: center;\"><\/div>\n<div class=\"separator\" style=\"clear: both; text-align: center;\"><a style=\"margin-left: 1em; margin-right: 1em;\" href=\"https:\/\/2.bp.blogspot.com\/--12MQMqVtnk\/WfZhJERFZJI\/AAAAAAAApuY\/_JC1zP0tQoUqYBfdbowDw_Wapa7NIFetACEwYBhgL\/s1600\/IMG_9802.jpg\"><img decoding=\"async\" loading=\"lazy\" src=\"https:\/\/elcalaixetdelaiaia.es\/wp-content\/uploads\/2017\/10\/IMG_9802.jpg\" width=\"640\" height=\"438\" border=\"0\" data-original-height=\"492\" data-original-width=\"716\" \/><\/a><\/div>\n<div style=\"text-align: center;\">\n<p>Al d\u00eda siguiente desecharemos las hojas de laurel, el agua y la sal.<\/p>\n<p>Hay mucha gente que detesta y otra que le encanta la fiesta de Halloween, pero la gran mayor\u00eda desconoce que es, de donde viene \u00bfque se celebra? A mi me encanta la historia, es una de mis pasiones, quiz\u00e1s por eso centr\u00e9 mis estudios en ella, y hoy voy a contaros un poco de lo que he aprendido acerca de Halloween:<\/p>\n<p>Ante todo debemos tener en cuenta que el t\u00e9rmino \u00ab<strong><em>Halloween\u00bb<\/em><\/strong> no deja de ser la contracci\u00f3n de la expresi\u00f3n inglesa \u2018All Hallows\u2019 Eve\u2019 cuya traducci\u00f3n literal es \u2018V\u00edspera de Todos los Santos\u2019 (el t\u00e9rmino comenz\u00f3 a usarse en Irlanda no en EEUU).<\/p>\n<p>Lo que hoy en d\u00eda conocemos como Halloween no es m\u00e1s que la evoluci\u00f3n de una serie de tradiciones y celebraciones que se vienen realizando desde la antig\u00fcedad y a la que se le ha ido a\u00f1adiendo nuevos elementos por el camino (evidentemente m\u00e1s modernos y consumistas).<\/p>\n<p>Por un lado, nos encontramos con una antiqu\u00edsima tradici\u00f3n pagana (hay datos que indican que ya se celebraba antes del marcado como nacimiento de Cristo, que era conocida como Samhain (tambi\u00e9n Sama\u00edn, cuya etimolog\u00eda viene a decir <em>\u2018fin del verano\u2019<\/em>) en la que los celtas celebraban el final de la \u00e9poca de las cosechas y el buen tiempo coincidiendo con el inicio del periodo de la oscuridad y el fr\u00edo, siendo considerado como el\u00a0A\u00f1o Nuevo Celta. La mezcolanza entre lo viejo y lo nuevo hac\u00eda que ancestrales mitos y leyendas acerca de esp\u00edritus que aprovechaban esa \u00e9poca de oscuridad para regresar y mezclarse entre los vivos propici\u00f3 que aquella celebraci\u00f3n tomase un car\u00e1cter ocultista, teniendo a la muerte como protagonista de la fiesta y en la que exist\u00eda la firme creencia de que los muertos se infiltraban entre los vivos con la intenci\u00f3n de llevarse algunas almas. La soluci\u00f3n que se les ocurri\u00f3 a los antiguos druidas celtas para enga\u00f1ar a los muertos y no ser llevados al inframundo era disfraz\u00e1ndose de esp\u00edritus y dedic\u00e1ndoles unas ofrendas. Esta tradici\u00f3n se extendi\u00f3 por\u00a0gran parte de Centroeuropa, las islas Brit\u00e1nicas (en especial Gales e Irlanda) y lleg\u00f3 hasta una buena parte del norte de la Pen\u00ednsula Ib\u00e9rica (lo que hoy conocemos como\u00a0Galicia y Asturias para \u00a0posteriormente extenderse por otras regiones con la expansi\u00f3n de los pueblos Celt\u00edberos).<\/p>\n<p>Por otra parte tenemos que en el siglo IV comenz\u00f3 la celebraci\u00f3n de la festividad del D\u00eda de Todos los Santos, que en un principio ca\u00eda en el 13 de mayo, y en la que se conmemoraba a todos aquellos m\u00e1rtires perseguidos durante los primeros siglos del cristianismo (comenz\u00f3 a realizarse tras ser promulgado el \u2018Edicto de Mil\u00e1n\u2019 del a\u00f1o 313 d.C. una vez permitida la libertad de culto en el Imperio Romano). A Espa\u00f1a, como pa\u00eds de influencia romana y evangelizado por el catolicismo, lleg\u00f3 antes de finalizar ese mismo siglo. A partir del siglo VIII la festividad \u00a0fue trasladada al 1 de noviembre por orden del papa Gregorio III con intenci\u00f3n de sustituir a la fiesta pagana del \u2018Samhain\u2019, y aunque en algunos lugares s\u00ed que se sustituy\u00f3 totalmente, muchos fueron donde se realiz\u00f3 una mezcolanza de ambas celebraciones.<\/p>\n<p>En los siguientes siglos en cada territorio se le fueron a\u00f1adiendo nuevos componentes a esta celebraci\u00f3n como la leyenda de Jack-o\u2019-lantern, el famoso \u2018truco o trato\u2019 (que aunque conocemos la versi\u00f3n moderna y americanizada en realidad proviene de la Edad Media) y numerosas tradiciones gastron\u00f3micas (por ejemplo en Espa\u00f1a la casta\u00f1ada \u2013tambi\u00e9n conocida como magosto- y la elaboraci\u00f3n de variados dulces como bu\u00f1uelos, panellets\u2026). Cada lugar ten\u00eda su propia celebraci\u00f3n, pero en todas hab\u00eda un denominador com\u00fan: era una noche dedicada a los muertos, en el que de una manera festiva la gente se reun\u00eda y disfrazaba. Se llamase <em>V\u00edspera de Todos los santos, Tosantos, All Hallows\u2019 Eve <\/em>o<em> Halloween<\/em>, en realidad todas se trataban de la misma fiesta.<\/p>\n<p>Hasta mediados del siglo XIX esta tradici\u00f3n no lleg\u00f3 a los Estados Unidos y lo hizo de la mano de los cientos de miles de irlandeses que hasta all\u00ed inmigraron a ra\u00edz de la conocida como <em>\u2018Gran hambruna irlandesa de 1845\u2019<\/em>, llevando consigo todas sus tradiciones y festividades (entre ellas la de su patr\u00f3n \u2018San Patricio\u2019, el personaje mitol\u00f3gico Mister Sandman o el propio Halloween, que ya se hab\u00eda convertido en\u00a0una mescolanza de la celebraci\u00f3n del Samhain celta con la cat\u00f3lica V\u00edspera de Todos los Santos).<\/p>\n<p>Cabe destacar que al igual que en Europa, una vez llegada a los Estados Unidos, a esta tradici\u00f3n se le fue a\u00f1adiendo nuevos componentes (tal y como hab\u00eda ocurrido anteriormente por aqu\u00ed) entre ellos el cambiar el \u2018nabo\u2019, que era lo que se utilizaba para vaciar e iluminar como una linterna, por la actualmente famosa calabaza, debido a que por aquel entonces en EEUU no hab\u00eda plantaci\u00f3n de nabos. Tambi\u00e9n coincidi\u00f3 que fue por esa misma \u00e9poca cuando en Espa\u00f1a se le incorpor\u00f3 el realizar las representaciones teatrales del Tenorio, que en un principio ten\u00edan lugar la noche del 1 de noviembre, v\u00edspera del D\u00eda de los Fieles Difuntos y que posteriormente se traslad\u00f3 dicha representaci\u00f3n a la noche del 31 de octubre por ser v\u00edspera de un d\u00eda festivo.<\/p>\n<p>As\u00ed pues al parecer en Espa\u00f1a ya celebr\u00e1bamos esta misma fiesta,\u00a0 muchos siglos antes de ponerse de moda en EEUU (eso s\u00ed, no lo llam\u00e1bamos Halloween ni hab\u00eda tanta parafernalia consumista).<\/p>\n<\/div>\n<div class=\"separator\" style=\"clear: both; text-align: center;\"><a style=\"margin-left: 1em; margin-right: 1em;\" href=\"https:\/\/2.bp.blogspot.com\/-rJBnFnylCFE\/WfZhIBTqtbI\/AAAAAAAApuY\/KeyLy5czk3M99TpMpcS6tZ5g4rV-gDGqQCEwYBhgL\/s1600\/IMG_9793.jpg\"><img decoding=\"async\" loading=\"lazy\" src=\"https:\/\/elcalaixetdelaiaia.es\/wp-content\/uploads\/2017\/10\/IMG_9793.jpg\" width=\"640\" height=\"468\" border=\"0\" data-original-height=\"833\" data-original-width=\"1136\" \/><\/a><\/div>\n<div style=\"text-align: center;\"><\/div>\n<div style=\"text-align: center;\">y ya tendremos listos nuestros \u00abamuletos\u00bb para regalar a las personas a quienes pretendemos dar suerte y desear lo mejor.<\/div>\n<div style=\"text-align: center;\"><\/div>\n<div class=\"separator\" style=\"clear: both; text-align: center;\"><a style=\"margin-left: 1em; margin-right: 1em;\" href=\"https:\/\/1.bp.blogspot.com\/-E9oqByvr5io\/WfZhISa9wjI\/AAAAAAAApuY\/XOPxixWBZMQ2e6IaES2ORhKbiR7RzywmgCEwYBhgL\/s1600\/IMG_9795.jpg\"><img decoding=\"async\" loading=\"lazy\" src=\"https:\/\/elcalaixetdelaiaia.es\/wp-content\/uploads\/2017\/10\/IMG_9795.jpg\" width=\"640\" height=\"464\" border=\"0\" data-original-height=\"550\" data-original-width=\"758\" \/><\/a><\/div>\n<div style=\"text-align: center;\"><\/div>\n<div style=\"text-align: center;\">Recordar entregarlas&#8230; muchos, pero muchos son, a quienes yo, por falta de tiempo u ocasi\u00f3n no he podido darlas muchas veces, y ni siquiera son sabedoras de que las hab\u00eda preparado para ellos \ud83d\ude41<\/div>\n<div style=\"text-align: center;\"><\/div>\n<div class=\"separator\" style=\"clear: both; text-align: center;\"><a style=\"margin-left: 1em; margin-right: 1em;\" href=\"https:\/\/2.bp.blogspot.com\/-vVF3mctSP9g\/WfZhI1N7VmI\/AAAAAAAApuY\/jUdpPtNVUX8TB6evZyzC7lLxZky2nfZBQCEwYBhgL\/s1600\/IMG_9798.jpg\"><img decoding=\"async\" loading=\"lazy\" src=\"https:\/\/elcalaixetdelaiaia.es\/wp-content\/uploads\/2017\/10\/IMG_9798.jpg\" width=\"640\" height=\"384\" border=\"0\" data-original-height=\"682\" data-original-width=\"1136\" \/><\/a><\/div>\n<p style=\"text-align: center;\">\u00a0La noche del 31 de Octubre comienza el a\u00f1o nuevo celta y se rememora a nuestros difuntos. Dicen<br \/>\nque el 31 de octubre por la noche la frontera entre lo natural y lo<br \/>\nsobrenatural deja de existir, y el esp\u00edritu de los muertos visita a los<br \/>\nvivos para darles consuelo, pero no hemos de tener ning\u00fan miedo \u00bfcomo van a hacernos da\u00f1o nuestro seres queridos? a ello se debe la antigua costumbre de colocar lamparillas o<br \/>\nvelas blancas peque\u00f1as cerca de la foto de las personas fallecidas para<br \/>\ndarles luz, pero nunca en la habitaci\u00f3n donde dormimos.<\/p>\n<div class=\"separator\" style=\"clear: both; text-align: center;\"><a style=\"margin-left: 1em; margin-right: 1em;\" href=\"https:\/\/2.bp.blogspot.com\/-A5xyTkcO7Hs\/WfZhIS7nR5I\/AAAAAAAApuc\/QRyUyVtOOjUiwzgc-46iKHwXFtnhZWZbgCEwYBhgL\/s1600\/IMG_9794.jpg\"><img decoding=\"async\" loading=\"lazy\" src=\"https:\/\/elcalaixetdelaiaia.es\/wp-content\/uploads\/2017\/10\/IMG_9794.jpg\" width=\"516\" height=\"640\" border=\"0\" data-original-height=\"1136\" data-original-width=\"919\" \/><\/a><\/div>\n<p>Comparto lo que s\u00e9, sin \u00e1nimo de molestar, podemos creer en \u00e9stas cosas&#8230; o no, pero est\u00e1n hechas con todo el cari\u00f1o del mundo.<br \/>\nHe repartido a lo largo de muchos a\u00f1os mis nueces y casta\u00f1as con la mejor intenci\u00f3n, aunque la vida me ha demostrado que la suerte no hay que buscarla, que si ha de venir, lo har\u00e1 sola y en realidad &#8230; \u00bfque es la suerte?<\/p>\n<div class=\"separator\" style=\"clear: both; text-align: center;\"><a style=\"margin-left: 1em; margin-right: 1em;\" href=\"https:\/\/3.bp.blogspot.com\/-3dmAr4rvesU\/WfZhHazE_nI\/AAAAAAAApuc\/7iKsGzGNivEklWGrRb92Ik819w5NhSYnQCEwYBhgL\/s1600\/IMG_9789.jpg\"><img decoding=\"async\" loading=\"lazy\" src=\"https:\/\/elcalaixetdelaiaia.es\/wp-content\/uploads\/2017\/10\/IMG_9789.jpg\" width=\"548\" height=\"640\" border=\"0\" data-original-height=\"1127\" data-original-width=\"969\" \/><\/a><\/div>\n<p>Un abrazo muy grande de Maimen, la iaia del calaixet.<\/p>\n<\/div>\n","protected":false},"excerpt":{"rendered":"<p>\u00abRefrany; Castanyes, nous i figues, son bones amigues\u00bb Casta\u00f1as, nueces e higos, son buenos amigos. Hace ya muchos a\u00f1os una de mis profesoras de doblaje, me hizo un obsequio un tanto curioso; una casta\u00f1a con mi inicial Me cont\u00f3 que se trataba de una especie de \u00abamuleto\u00bb, que lo guardase &hellip; <\/p>\n","protected":false},"author":2,"featured_media":1581,"comment_status":"open","ping_status":"open","sticky":false,"template":"","format":"standard","meta":[],"categories":[23,1,11],"tags":[],"_links":{"self":[{"href":"https:\/\/elcalaixetdelaiaia.es\/index.php?rest_route=\/wp\/v2\/posts\/51"}],"collection":[{"href":"https:\/\/elcalaixetdelaiaia.es\/index.php?rest_route=\/wp\/v2\/posts"}],"about":[{"href":"https:\/\/elcalaixetdelaiaia.es\/index.php?rest_route=\/wp\/v2\/types\/post"}],"author":[{"embeddable":true,"href":"https:\/\/elcalaixetdelaiaia.es\/index.php?rest_route=\/wp\/v2\/users\/2"}],"replies":[{"embeddable":true,"href":"https:\/\/elcalaixetdelaiaia.es\/index.php?rest_route=%2Fwp%2Fv2%2Fcomments&post=51"}],"version-history":[{"count":13,"href":"https:\/\/elcalaixetdelaiaia.es\/index.php?rest_route=\/wp\/v2\/posts\/51\/revisions"}],"predecessor-version":[{"id":28036,"href":"https:\/\/elcalaixetdelaiaia.es\/index.php?rest_route=\/wp\/v2\/posts\/51\/revisions\/28036"}],"wp:featuredmedia":[{"embeddable":true,"href":"https:\/\/elcalaixetdelaiaia.es\/index.php?rest_route=\/wp\/v2\/media\/1581"}],"wp:attachment":[{"href":"https:\/\/elcalaixetdelaiaia.es\/index.php?rest_route=%2Fwp%2Fv2%2Fmedia&parent=51"}],"wp:term":[{"taxonomy":"category","embeddable":true,"href":"https:\/\/elcalaixetdelaiaia.es\/index.php?rest_route=%2Fwp%2Fv2%2Fcategories&post=51"},{"taxonomy":"post_tag","embeddable":true,"href":"https:\/\/elcalaixetdelaiaia.es\/index.php?rest_route=%2Fwp%2Fv2%2Ftags&post=51"}],"curies":[{"name":"wp","href":"https:\/\/api.w.org\/{rel}","templated":true}]}}