{"id":505,"date":"2015-11-26T18:05:00","date_gmt":"2015-11-26T18:05:00","guid":{"rendered":"http:\/\/elcalaixetdelaiaia.es\/bizcocho-de-chocolate-en-sarten-paso"},"modified":"2024-01-10T12:48:02","modified_gmt":"2024-01-10T12:48:02","slug":"bizcocho-de-chocolate-en-sarten-paso","status":"publish","type":"post","link":"https:\/\/elcalaixetdelaiaia.es\/?p=505","title":{"rendered":"Bizcocho de chocolate en sart\u00e9n paso a paso foto a foto"},"content":{"rendered":"<p>\u00abRefrany;Qui t\u00e9 la paella pel m\u00e0nec, porta l&#8217;oli all\u00e1 on vol\u00bb\u00a0 Quien tiene la sart\u00e9n por el mango, lleva el aceite all\u00e1 donde quiere.<\/p>\n<p>\u00bfOs apetece un bizcocho y no ten\u00e9is horno? o&#8230; \u00bfal precio de la luz, mejor no usar el horno?<br \/>\nPues os traigo una fant\u00e1stica soluci\u00f3n que empleo desde el comienzo de mis tiempos de campista, y que me ense\u00f1\u00f3 a preparar una alemana, hace much\u00ediiisimos a\u00f1os en el Cap Negret, Agneta, una ginec\u00f3loga, la esposa de J\u00f6rg \u00a0de quienes tenemos muy buenos recuerdos, de veranos pasados junto a ellos y de los paseos en su canoa,<\/p>\n<div>\n<div class=\"separator\" style=\"clear: both; text-align: center;\"><a style=\"margin-left: 1em; margin-right: 1em;\" href=\"http:\/\/1.bp.blogspot.com\/-UZvsBjZshXg\/Vlc5n1_ZEjI\/AAAAAAAAfYY\/F69VpIUn68c\/s1600\/IMG_1151.JPG\"><img decoding=\"async\" loading=\"lazy\" src=\"https:\/\/elcalaixetdelaiaia.es\/wp-content\/uploads\/2015\/11\/IMG_1151.jpg\" width=\"640\" height=\"480\" border=\"0\" \/><\/a><\/div>\n<p>Se trata de una de las adaptaciones que he hecho de \u00a0aquellos bizcochos, y que traigo para acompa\u00f1ar alg\u00fan ratito \u00bfporque no? de la navidad o de cualquier otro d\u00eda. Es perfecto para hacer con los ni\u00f1os o los j\u00f3venes que estos d\u00edas est\u00e1n en casa. O para cualquier tarde en la que tengamos ganas de tomar un rico bizcocho de chocolate, sin encender el horno, por ejemplo en verano, porque est\u00e1 riqu\u00edsimo en cualquier estaci\u00f3n del a\u00f1o, no solo en Navidad\u00a0 <em>\u263a\ufe0f<\/em>\ud83d\ude0b<\/p>\n<div class=\"separator\" style=\"clear: both; text-align: center;\"><a style=\"margin-left: 1em; margin-right: 1em;\" href=\"http:\/\/1.bp.blogspot.com\/-a13hppnR3uY\/Vlc5qV5s_II\/AAAAAAAAfY8\/3C-WG2xhg7Q\/s1600\/IMG_1152.JPG\"><img decoding=\"async\" loading=\"lazy\" src=\"https:\/\/elcalaixetdelaiaia.es\/wp-content\/uploads\/2015\/11\/IMG_1152.jpg\" width=\"640\" height=\"480\" border=\"0\" \/><\/a><\/div>\n<p>Es un bizcocho hecho en una sart\u00e9n con la \u00fanica particularidad de que hay que cocinarlo muy lentamente, para que se haga bien por dentro, como si fuese una tortilla de patatas.<\/p>\n<p>He de deciros que lo hago mucho en verano, cuando el calor aprieta y no apetece nada nada encender el horno, lo podemos preparar la noche antes y tenemos listo el desayuno o la merienda, y como veis con chocolate sin az\u00facar, para no acumular demasiadas calor\u00edas.<br \/>\nManos a la obra.<\/p>\n<p>Necesitaremos;<\/p>\n<div class=\"separator\" style=\"clear: both; text-align: center;\"><a style=\"margin-left: 1em; margin-right: 1em;\" href=\"http:\/\/2.bp.blogspot.com\/-7N8Eg7IVW9o\/Vlc-iEHsNQI\/AAAAAAAAfZM\/tsSTBAI4sEM\/s1600\/IMG_1155.PNG\"><img decoding=\"async\" loading=\"lazy\" src=\"https:\/\/elcalaixetdelaiaia.es\/wp-content\/uploads\/2015\/11\/IMG_1155.png\" width=\"640\" height=\"480\" border=\"0\" \/><\/a><\/div>\n<ol>\n<li>70g de mantequilla<\/li>\n<li>Dos huevos<\/li>\n<li>125g de harina<\/li>\n<li>100g de chocolate m\u00ednimo 70% cacao<\/li>\n<li>+50g de chocolate para la cobertura<\/li>\n<li>40g de az\u00facar<\/li>\n<li>La ralladura de una vaina de vainilla<\/li>\n<li>Nueces peladas<\/li>\n<li>Media cucharada de bicarbonato<\/li>\n<li>Una pizquita de sal<\/li>\n<\/ol>\n<p>Como veis en la lista de ingredientes he omitido la leche, aunque en la foto si est\u00e1, puessss simplemente es que \u00a1se me ha olvidado ponerlaaaa! ay Dios \u00e9sta cabeza. Pero os he de decir que ha salido muy muy rico, as\u00ed que si no os apetece o no os sienta bien la leche, queda ideal sin ella.<\/p>\n<p>Estos ingredientes son para una sart\u00e9n peque\u00f1a de 20cm y como ver\u00e9is en la foto ha sobrado sart\u00e9n. Si vas a usar una m\u00e1s grande tendr\u00e9is que ir aumentado proporciones.<\/p>\n<div class=\"separator\" style=\"clear: both; text-align: center;\"><a style=\"margin-left: 1em; margin-right: 1em;\" href=\"http:\/\/4.bp.blogspot.com\/-VFeZxe3looU\/Vlc36mF0naI\/AAAAAAAAfV8\/JV1KMXiJ9RA\/s1600\/IMG_1119.PNG\"><img decoding=\"async\" loading=\"lazy\" src=\"https:\/\/elcalaixetdelaiaia.es\/wp-content\/uploads\/2015\/11\/IMG_1119.png\" width=\"640\" height=\"480\" border=\"0\" \/><\/a><\/div>\n<div style=\"text-align: center;\"><\/div>\n<div style=\"text-align: center;\">Ponemos a derretir al ba\u00f1o Mar\u00eda la mantequilla<\/div>\n<div><\/div>\n<div style=\"text-align: center;\">\n<div class=\"separator\" style=\"clear: both; text-align: center;\"><a style=\"margin-left: 1em; margin-right: 1em;\" href=\"http:\/\/4.bp.blogspot.com\/-JnwMzNlTBRM\/Vlc4Aa4YBSI\/AAAAAAAAfWI\/kzkYBfpEE8w\/s1600\/IMG_1120.PNG\"><img decoding=\"async\" loading=\"lazy\" src=\"https:\/\/elcalaixetdelaiaia.es\/wp-content\/uploads\/2015\/11\/IMG_1120.png\" width=\"640\" height=\"480\" border=\"0\" \/><\/a><\/div>\n<div class=\"separator\" style=\"clear: both; text-align: center;\"><\/div>\n<div class=\"separator\" style=\"clear: both; text-align: center;\">junto con los 100g de chocolate, una vez derretido dejamos templar<\/div>\n<div><\/div>\n<div class=\"separator\" style=\"clear: both; text-align: center;\"><a style=\"margin-left: 1em; margin-right: 1em;\" href=\"http:\/\/3.bp.blogspot.com\/-gqTJUJOIrO8\/Vlc4BxGgrKI\/AAAAAAAAfWM\/sU4TGqzt3ZY\/s1600\/IMG_1121.PNG\"><img decoding=\"async\" loading=\"lazy\" src=\"https:\/\/elcalaixetdelaiaia.es\/wp-content\/uploads\/2015\/11\/IMG_1121.png\" width=\"640\" height=\"480\" border=\"0\" \/><\/a><\/div>\n<p>Batimos los huevos con las semillas que habremos sacado de la vaina de vainilla y el az\u00facar<\/p>\n<div class=\"separator\" style=\"clear: both; text-align: center;\"><a style=\"margin-left: 1em; margin-right: 1em;\" href=\"http:\/\/2.bp.blogspot.com\/-z_HdVmTKXG8\/Vlc4QK-ivgI\/AAAAAAAAfWU\/96fJ_OH2KiU\/s1600\/IMG_1122.PNG\"><img decoding=\"async\" loading=\"lazy\" src=\"https:\/\/elcalaixetdelaiaia.es\/wp-content\/uploads\/2015\/11\/IMG_1122.png\" width=\"640\" height=\"480\" border=\"0\" \/><\/a><\/div>\n<\/div>\n<div><\/div>\n<div style=\"text-align: center;\">a\u00f1adiremos el chocolate que ya no est\u00e1 muy caliente y mezclamos<\/div>\n<div><\/div>\n<div style=\"text-align: center;\">\n<div class=\"separator\" style=\"clear: both; text-align: center;\"><a style=\"margin-left: 1em; margin-right: 1em;\" href=\"http:\/\/2.bp.blogspot.com\/-ZtnDUboxZOw\/Vlc4XTRR5mI\/AAAAAAAAfWg\/ibfOYaEo8SQ\/s1600\/IMG_1123.PNG\"><img decoding=\"async\" loading=\"lazy\" src=\"https:\/\/elcalaixetdelaiaia.es\/wp-content\/uploads\/2015\/11\/IMG_1123.png\" width=\"640\" height=\"480\" border=\"0\" \/><\/a><\/div>\n<p>incorporamos el bicarbonato,<\/p>\n<\/div>\n<div style=\"text-align: center;\">\n<div class=\"separator\" style=\"clear: both; text-align: center;\"><a style=\"margin-left: 1em; margin-right: 1em;\" href=\"http:\/\/1.bp.blogspot.com\/-gvqT782vAcU\/Vlc4X7OROOI\/AAAAAAAAfWk\/uYXa5fF3RrM\/s1600\/IMG_1124.PNG\"><img decoding=\"async\" loading=\"lazy\" src=\"https:\/\/elcalaixetdelaiaia.es\/wp-content\/uploads\/2015\/11\/IMG_1124.png\" width=\"640\" height=\"480\" border=\"0\" \/><\/a><\/div>\n<p>la pizquita de sal<\/p>\n<div class=\"separator\" style=\"clear: both; text-align: center;\"><a style=\"margin-left: 1em; margin-right: 1em;\" href=\"http:\/\/4.bp.blogspot.com\/-d1fgevgM9wk\/Vlc4he_DT3I\/AAAAAAAAfWs\/4Bh0UjA13ls\/s1600\/IMG_1125.PNG\"><img decoding=\"async\" loading=\"lazy\" src=\"https:\/\/elcalaixetdelaiaia.es\/wp-content\/uploads\/2015\/11\/IMG_1125.png\" width=\"640\" height=\"480\" border=\"0\" \/><\/a><\/div>\n<div class=\"separator\" style=\"clear: both; text-align: center;\"><\/div>\n<div class=\"separator\" style=\"clear: both; text-align: center;\">\u00a0y tamizaremos la harina, mezclando bien<\/div>\n<div><\/div>\n<div class=\"separator\" style=\"clear: both; text-align: center;\"><a style=\"margin-left: 1em; margin-right: 1em;\" href=\"http:\/\/4.bp.blogspot.com\/-7lAGKS_Vh4E\/Vlc4kJVVFFI\/AAAAAAAAfW0\/AhsybkvmO_k\/s1600\/IMG_1126.PNG\"><img decoding=\"async\" loading=\"lazy\" src=\"https:\/\/elcalaixetdelaiaia.es\/wp-content\/uploads\/2015\/11\/IMG_1126.png\" width=\"640\" height=\"480\" border=\"0\" \/><\/a><\/div>\n<\/div>\n<div><\/div>\n<div style=\"text-align: center;\">Pondremos a calentar la sart\u00e9n con una cucharada de mantequilla a fuego medio<\/div>\n<div><\/div>\n<div style=\"text-align: center;\">\n<div class=\"separator\" style=\"clear: both; text-align: center;\"><a style=\"margin-left: 1em; margin-right: 1em;\" href=\"http:\/\/1.bp.blogspot.com\/-lmxesZB4MkQ\/Vlc4qcb-ibI\/AAAAAAAAfW8\/UXWpKqVc1Yw\/s1600\/IMG_1127.PNG\"><img decoding=\"async\" loading=\"lazy\" src=\"https:\/\/elcalaixetdelaiaia.es\/wp-content\/uploads\/2015\/11\/IMG_1127.png\" width=\"640\" height=\"480\" border=\"0\" \/><\/a><\/div>\n<\/div>\n<div><\/div>\n<div style=\"text-align: center;\">\u00a0cuando est\u00e9 derretida, a\u00f1adiremos la masa,limpiando bien el cuenco con la lengua&#8230; de gatoooo, no con la nuestra, por mucho que la tentaci\u00f3n nos incite a hacerlo jajaja.<\/div>\n<div><\/div>\n<div style=\"text-align: center;\">\n<div class=\"separator\" style=\"clear: both; text-align: center;\"><a style=\"margin-left: 1em; margin-right: 1em;\" href=\"http:\/\/2.bp.blogspot.com\/-7OngkAof5WA\/Vlc4wiah5xI\/AAAAAAAAfXE\/8Xoey-om8lY\/s1600\/IMG_1128.PNG\"><img decoding=\"async\" loading=\"lazy\" src=\"https:\/\/elcalaixetdelaiaia.es\/wp-content\/uploads\/2015\/11\/IMG_1128.png\" width=\"640\" height=\"480\" border=\"0\" \/><\/a><\/div>\n<p>Bajaremos a fuego m\u00ednimo y taparemos. dejando\u00a0as\u00ed durante unos diez minutos para que se vaya haciendo, iremos moviendo la sarten para comprobar que se va cuajando la masa<\/p>\n<\/div>\n<div style=\"text-align: center;\">\n<div class=\"separator\" style=\"clear: both; text-align: center;\"><a style=\"margin-left: 1em; margin-right: 1em;\" href=\"http:\/\/3.bp.blogspot.com\/-Q4NvNaGCN40\/Vlc41VQGbQI\/AAAAAAAAfXM\/P7HPEdZX5pg\/s1600\/IMG_1129.PNG\"><img decoding=\"async\" loading=\"lazy\" src=\"https:\/\/elcalaixetdelaiaia.es\/wp-content\/uploads\/2015\/11\/IMG_1129.png\" width=\"640\" height=\"480\" border=\"0\" \/><\/a><\/div>\n<p>prepararemos un plato o un vuelcatortillas. Mi truqui para que se deslice sin problemas es engrasarlo con mantequilla, (para las tortillas, lo unto con un poco de aceite de girasol)<\/p>\n<p><a style=\"margin-left: 1em; margin-right: 1em;\" href=\"http:\/\/2.bp.blogspot.com\/-g4WHawqHfdQ\/VldExjIKKgI\/AAAAAAAAfZY\/B1RApzlbWdg\/s1600\/IMG_1156%255B1%255D.PNG\"><img decoding=\"async\" loading=\"lazy\" src=\"https:\/\/elcalaixetdelaiaia.es\/wp-content\/uploads\/2015\/11\/IMG_11565B15D.png\" width=\"640\" height=\"480\" border=\"0\" \/><\/a><\/p>\n<\/div>\n<div style=\"text-align: center;\">y daremos la vuelta como si se tratara de una tortilla ( aunque no lo parezca, es el mismo de arriba color verde)<\/div>\n<div><\/div>\n<div style=\"text-align: center;\">\n<div class=\"separator\" style=\"clear: both; text-align: center;\"><a style=\"margin-left: 1em; margin-right: 1em;\" href=\"http:\/\/2.bp.blogspot.com\/-7OngkAof5WA\/Vlc4wiah5xI\/AAAAAAAAfXE\/8Xoey-om8lY\/s1600\/IMG_1128.PNG\"><img decoding=\"async\" loading=\"lazy\" src=\"https:\/\/elcalaixetdelaiaia.es\/wp-content\/uploads\/2015\/11\/IMG_1128.png\" width=\"640\" height=\"480\" border=\"0\" \/><\/a><\/div>\n<\/div>\n<div><\/div>\n<div style=\"text-align: center;\">taparemos y seguiremos a fuego m\u00ednimo unos 10 minutos m\u00e1s<\/div>\n<div><\/div>\n<div style=\"text-align: center;\">\n<div class=\"separator\" style=\"clear: both; text-align: center;\"><a style=\"margin-left: 1em; margin-right: 1em;\" href=\"http:\/\/3.bp.blogspot.com\/-eSrb3axUYwg\/Vlc5AsUFvtI\/AAAAAAAAfXU\/MQctkLyVx0E\/s1600\/IMG_1130.PNG\"><img decoding=\"async\" loading=\"lazy\" src=\"https:\/\/elcalaixetdelaiaia.es\/wp-content\/uploads\/2015\/11\/IMG_1130.png\" width=\"640\" height=\"480\" border=\"0\" \/><\/a><\/div>\n<p>y ya tenemos listo nuestro bizcocho<\/p>\n<div class=\"separator\" style=\"clear: both; text-align: center;\"><a style=\"margin-left: 1em; margin-right: 1em;\" href=\"http:\/\/3.bp.blogspot.com\/-X3LDrspD1Mo\/Vlc5D1Vp8HI\/AAAAAAAAfXk\/Hawk22JvRDk\/s1600\/IMG_1131.PNG\"><img decoding=\"async\" loading=\"lazy\" src=\"https:\/\/elcalaixetdelaiaia.es\/wp-content\/uploads\/2015\/11\/IMG_1131.png\" width=\"640\" height=\"480\" border=\"0\" \/><\/a><\/div>\n<\/div>\n<div><\/div>\n<div style=\"text-align: center;\">derretiremos los otro 50g de chocolate con otro poquito de mantequilla al ba\u00f1o Mar\u00eda y<\/div>\n<div style=\"text-align: center;\">\n<div style=\"font-family: arial, helvetica, sans-serif; text-align: center;\">cubriremos el bizcocho, con esta ganache de chocolate<\/div>\n<div><\/div>\n<div class=\"separator\" style=\"clear: both; font-family: arial, helvetica, sans-serif; text-align: center;\"><a style=\"margin-left: 1em; margin-right: 1em;\" href=\"http:\/\/3.bp.blogspot.com\/-imw_Sq4NrHE\/Vlc5flqFiXI\/AAAAAAAAfYE\/EB0erSi8NfA\/s1600\/IMG_1136.PNG\"><img decoding=\"async\" loading=\"lazy\" src=\"https:\/\/elcalaixetdelaiaia.es\/wp-content\/uploads\/2015\/11\/IMG_1136.png\" width=\"640\" height=\"480\" border=\"0\" \/><\/a><\/div>\n<div><\/div>\n<div style=\"font-family: arial, helvetica, sans-serif; text-align: center;\">\u00a0adornaremos con medias nueces,<\/div>\n<div><\/div>\n<div class=\"separator\" style=\"clear: both; font-family: arial, helvetica, sans-serif; text-align: center;\"><a style=\"margin-left: 1em; margin-right: 1em;\" href=\"http:\/\/1.bp.blogspot.com\/-0rwqSB5i-_U\/Vlc5l-E_n9I\/AAAAAAAAfYM\/FMqGISqRAi0\/s1600\/IMG_1150.JPG\"><img decoding=\"async\" loading=\"lazy\" src=\"https:\/\/elcalaixetdelaiaia.es\/wp-content\/uploads\/2015\/11\/IMG_1150.jpg\" width=\"640\" height=\"480\" border=\"0\" \/><\/a><\/div>\n<div style=\"font-family: arial, helvetica, sans-serif;\"><\/div>\n<div style=\"font-family: arial, helvetica, sans-serif; text-align: center;\">he a\u00f1adido unas perlitas oro y plata para que quede m\u00e1s navide\u00f1o.<\/div>\n<div><\/div>\n<div class=\"separator\" style=\"clear: both; font-family: arial, helvetica, sans-serif; text-align: center;\"><a style=\"margin-left: 1em; margin-right: 1em;\" href=\"http:\/\/1.bp.blogspot.com\/-9EXjaO3qf-k\/Vlc5qQgGJKI\/AAAAAAAAfYs\/lS_G8V8p0tc\/s1600\/IMG_1153.JPG\"><img decoding=\"async\" loading=\"lazy\" src=\"https:\/\/elcalaixetdelaiaia.es\/wp-content\/uploads\/2015\/11\/IMG_1153.jpg\" width=\"640\" height=\"480\" border=\"0\" \/><\/a><\/div>\n<div><\/div>\n<div style=\"text-align: center;\">cortaremos en cuadradillos, quedando una porci\u00f3n ideal para acompa\u00f1ar un licor o un caf\u00e9, delicioso como desayuno, merienda o postre.<\/div>\n<div><\/div>\n<div style=\"text-align: center;\">\n<div class=\"separator\" style=\"clear: both; text-align: center;\"><a style=\"margin-left: 1em; margin-right: 1em;\" href=\"http:\/\/2.bp.blogspot.com\/-vixty6StSyw\/Vlc5sPV9QJI\/AAAAAAAAfY0\/uDTmODkeQ38\/s1600\/IMG_1154.JPG\"><img decoding=\"async\" loading=\"lazy\" src=\"https:\/\/elcalaixetdelaiaia.es\/wp-content\/uploads\/2015\/11\/IMG_1154.jpg\" width=\"480\" height=\"640\" border=\"0\" \/><\/a><\/div>\n<\/div>\n<\/div>\n<div style=\"border: 0px none; font-family: 'Open sans', Arial, Helvetica, sans-serif; font-size: 14px; line-height: 2.2; list-style: none; outline: none; padding: 10px 20px; text-align: justify; word-spacing: 0.1em;\">\n<div style=\"text-align: center;\">\n<div style=\"text-align: center;\">\u00abA la taula i&#8230; BON PROFIT!!!\u00bb<\/div>\n<div style=\"font-size: medium; line-height: normal; text-align: start; word-spacing: 0px;\">Si te gusta \u00e9sta entrada,comp\u00e1rtela, as\u00ed mucha gente podr\u00e1 disfrutar de esta receta.<\/div>\n<div style=\"text-align: center;\"><b style=\"background-color: white; color: #444444; font-family: 'PT Sans Caption'; font-size: 15.4px; line-height: 23.9556px; text-align: start;\">\u00a0<\/b><b style=\"background-color: white; color: #444444; font-family: 'PT Sans Caption'; font-size: 15.4px; line-height: 23.9556px;\"><a style=\"color: #97acae;\" href=\"http:\/\/cocinerosdelmundodegoogle.blogspot.com.es\/\" target=\"_blank\" rel=\"noopener noreferrer\">Con esta receta participo en el Reto de \u00abChristmas Time\u00bb de la comunidad Cocineros del Mundo en G+ en el apartado de Dulce\u00a0<\/a><br \/>\n<\/b><\/div>\n<\/div>\n<\/div>\n<\/div>\n","protected":false},"excerpt":{"rendered":"<p>\u00abRefrany;Qui t\u00e9 la paella pel m\u00e0nec, porta l&#8217;oli all\u00e1 on vol\u00bb\u00a0 Quien tiene la sart\u00e9n por el mango, lleva el aceite all\u00e1 donde quiere. \u00bfOs apetece un bizcocho y no ten\u00e9is horno? o&#8230; \u00bfal precio de la luz, mejor no usar el horno? Pues os traigo una fant\u00e1stica soluci\u00f3n que &hellip; <\/p>\n","protected":false},"author":2,"featured_media":7023,"comment_status":"open","ping_status":"open","sticky":false,"template":"","format":"standard","meta":[],"categories":[6,1],"tags":[],"_links":{"self":[{"href":"https:\/\/elcalaixetdelaiaia.es\/index.php?rest_route=\/wp\/v2\/posts\/505"}],"collection":[{"href":"https:\/\/elcalaixetdelaiaia.es\/index.php?rest_route=\/wp\/v2\/posts"}],"about":[{"href":"https:\/\/elcalaixetdelaiaia.es\/index.php?rest_route=\/wp\/v2\/types\/post"}],"author":[{"embeddable":true,"href":"https:\/\/elcalaixetdelaiaia.es\/index.php?rest_route=\/wp\/v2\/users\/2"}],"replies":[{"embeddable":true,"href":"https:\/\/elcalaixetdelaiaia.es\/index.php?rest_route=%2Fwp%2Fv2%2Fcomments&post=505"}],"version-history":[{"count":11,"href":"https:\/\/elcalaixetdelaiaia.es\/index.php?rest_route=\/wp\/v2\/posts\/505\/revisions"}],"predecessor-version":[{"id":26639,"href":"https:\/\/elcalaixetdelaiaia.es\/index.php?rest_route=\/wp\/v2\/posts\/505\/revisions\/26639"}],"wp:featuredmedia":[{"embeddable":true,"href":"https:\/\/elcalaixetdelaiaia.es\/index.php?rest_route=\/wp\/v2\/media\/7023"}],"wp:attachment":[{"href":"https:\/\/elcalaixetdelaiaia.es\/index.php?rest_route=%2Fwp%2Fv2%2Fmedia&parent=505"}],"wp:term":[{"taxonomy":"category","embeddable":true,"href":"https:\/\/elcalaixetdelaiaia.es\/index.php?rest_route=%2Fwp%2Fv2%2Fcategories&post=505"},{"taxonomy":"post_tag","embeddable":true,"href":"https:\/\/elcalaixetdelaiaia.es\/index.php?rest_route=%2Fwp%2Fv2%2Ftags&post=505"}],"curies":[{"name":"wp","href":"https:\/\/api.w.org\/{rel}","templated":true}]}}