{"id":501,"date":"2015-11-28T20:52:00","date_gmt":"2015-11-28T20:52:00","guid":{"rendered":"http:\/\/elcalaixetdelaiaia.es\/como-hacer-salmon-ahumado-casero-paso"},"modified":"2023-12-20T13:55:32","modified_gmt":"2023-12-20T13:55:32","slug":"como-hacer-salmon-ahumado-casero-paso","status":"publish","type":"post","link":"https:\/\/elcalaixetdelaiaia.es\/?p=501","title":{"rendered":"Como hacer salm\u00f3n marinado\/ahumado paso a paso fot a foto"},"content":{"rendered":"<p>\u00abRefrany;Del salm\u00f3, la c\u00faa\u00bb. Del salm\u00f3n, la cola<\/p>\n<p>Cara a fiestas principalmente, suelo marinar\/ahumar salm\u00f3n fresco porque es una grand\u00edsimo ahorro hacerlo en casa, visto el precio desorbitado que est\u00e1 alcanzando, (en cualquier supermercado a 20\u20ac por kilo), aprovecho que est\u00e1 de oferta comprando entero o medio. Depende claro, de cuando le\u00e1is esta receta, pensar que la publico en el 2015.<\/p>\n<p>Si sois de Valencia o alrededores o recomiendo encarecidamente una parada de pescado del mercado de Ruzafa, son los palcos 36\/42, Elena y\u00a0 Pepe os atender\u00e1n con total profesionalidad y simpat\u00eda, aparte de que sus productos son de lo m\u00e1s frescos y de grand\u00edsima calidad.<\/p>\n<p>Marinar es una cosa y ahumar es otra pero como uso una sal ahumada es por \u00e9so que lo llamo marina\/ahumar, pero \u00e1mbos procesos en realidad son distintos.<\/p>\n<p>Ahumar; \u201cSometer al humo alg\u00fan alimento para su conservaci\u00f3n o para comunicarle cierto sabor\u201d.<br \/>\nMarinar; Dar cierta saz\u00f3n al pescado para conservarlo\u201d. \u201cConservar en crudo ciertos alimentos, especialmente pescado, con adobo de vino, vinagre, hierbas, especias, etc., a fin de que se ablanden y adquieran aroma\u201d.<\/p>\n<p>Visto lo que dice la RAE, llamar mi receta como mejor os parezca;)<br \/>\n\u00c9ste a\u00f1o he pensado hacer fotos para el paso a paso y publicar como lo hago, por si es de vuestro inter\u00e9s as\u00ed que sin m\u00e1s dilaciones, all\u00e1 vamos.<\/p>\n<div style=\"text-align: center;\"><img decoding=\"async\" src=\"https:\/\/elcalaixetdelaiaia.es\/wp-content\/uploads\/2015\/11\/IMG_0820.png\" border=\"0\" \/><\/div>\n<p>Primero que nada, congelaremos el salm\u00f3n durante 5 d\u00edas si es en congeladores de hogar. Cuando vayamos a marinarlo o ahumarlo, lo descongelaremos en el frigo, para prevenir el anisakis, \u00e9ste paso es IMPRESCINDIBLE.<\/p>\n<p>Necesitaremos;<\/p>\n<div style=\"text-align: center;\"><img decoding=\"async\" loading=\"lazy\" src=\"https:\/\/elcalaixetdelaiaia.es\/wp-content\/uploads\/2015\/11\/IMG_0817.png\" width=\"640\" height=\"480\" border=\"0\" \/><\/div>\n<div style=\"text-align: center;\">\n<ol>\n<li style=\"text-align: left;\">Salm\u00f3n en cortadas<\/li>\n<li style=\"text-align: left;\">Sal ahumada<\/li>\n<li style=\"text-align: left;\">Aceite<\/li>\n<li style=\"text-align: left;\">Peso, como briks de tomate, leche etc.<\/li>\n<\/ol>\n<\/div>\n<div style=\"text-align: center;\"><a href=\"http:\/\/4.bp.blogspot.com\/-iMu5wgpjl5A\/VloO7y1s8ZI\/AAAAAAAAffw\/4v3DclNjAeo\/s1600\/IMG_0828.PNG\"><img decoding=\"async\" loading=\"lazy\" src=\"https:\/\/elcalaixetdelaiaia.es\/wp-content\/uploads\/2015\/11\/IMG_0828.png\" width=\"480\" height=\"640\" border=\"0\" \/><\/a><\/div>\n<div style=\"text-align: center;\"><\/div>\n<div style=\"text-align: center;\">En cualquier gran supermercado podr\u00e9is encontrar la sal que es como \u00e9sta, en caso de que no encontr\u00e9is \u00e9ste tipo de sal, lo podr\u00e9is marinar usando mitad de sal, mitad de az\u00facar a partes iguales y un poquito de eneldo fresco, en \u00e9ste caso ser\u00e1 salm\u00f3n marinado pero no ahumado ya que carecer\u00e1 del toque de humo.<\/div>\n<div><\/div>\n<div style=\"text-align: center;\">\n<div style=\"text-align: center;\"><a href=\"http:\/\/2.bp.blogspot.com\/-irBbawG7vW4\/VloODoUf7wI\/AAAAAAAAfe4\/LMDBO55fLFo\/s1600\/IMG_0820.PNG\"><img decoding=\"async\" loading=\"lazy\" src=\"https:\/\/elcalaixetdelaiaia.es\/wp-content\/uploads\/2015\/11\/IMG_0820.png\" width=\"640\" height=\"480\" border=\"0\" \/><\/a><\/div>\n<\/div>\n<div style=\"text-align: center;\">\n<div><\/div>\n<div style=\"text-align: center;\">He comprado medio salm\u00f3n de la cola que me ha salido barat\u00edsimo y he pedido que lo fileteen, normalmente se hace en filetes muy finos pero en casa y a mi marid\u00edn sobretodo, les muy\u00a0 gusta un poquito mas grueso, eso ya a vuestro gusto<\/div>\n<div><\/div>\n<div style=\"text-align: center;\"><a href=\"http:\/\/4.bp.blogspot.com\/-yWgl7T6K1_8\/VloOBVqFu3I\/AAAAAAAAfew\/U4xCUlP_G8c\/s1600\/IMG_0819.PNG\"><img decoding=\"async\" loading=\"lazy\" src=\"https:\/\/elcalaixetdelaiaia.es\/wp-content\/uploads\/2015\/11\/IMG_0819.png\" width=\"640\" height=\"480\" border=\"0\" \/><\/a><\/div>\n<\/div>\n<div><\/div>\n<div style=\"text-align: center;\">en una bandeja pondremos una capa de sal<\/div>\n<div><\/div>\n<div style=\"text-align: center;\"><a href=\"http:\/\/3.bp.blogspot.com\/-gLtsuMfjur0\/VloOW8wvqQI\/AAAAAAAAffM\/6ksKLOOwk0I\/s1600\/IMG_0821.PNG\"><img decoding=\"async\" loading=\"lazy\" src=\"https:\/\/elcalaixetdelaiaia.es\/wp-content\/uploads\/2015\/11\/IMG_0821.png\" width=\"640\" height=\"480\" border=\"0\" \/><\/a><\/div>\n<div><\/div>\n<div style=\"text-align: center;\">colocamos sobre la capa de sal los filetes expandidos<\/div>\n<div><\/div>\n<div style=\"text-align: center;\"><a href=\"http:\/\/2.bp.blogspot.com\/-E5IQ5sn3SyI\/VloOXBNXaDI\/AAAAAAAAffI\/Vj_bGiKCBBQ\/s1600\/IMG_0822.PNG\"><img decoding=\"async\" loading=\"lazy\" src=\"https:\/\/elcalaixetdelaiaia.es\/wp-content\/uploads\/2015\/11\/IMG_0822.png\" width=\"640\" height=\"480\" border=\"0\" \/><\/a><\/div>\n<div><\/div>\n<div style=\"text-align: center;\">y sobre los mismos otra capa de sal ahumada<\/div>\n<div><\/div>\n<div style=\"text-align: center;\"><a href=\"http:\/\/4.bp.blogspot.com\/-xHCFqlEbuMM\/VloOXuDGKNI\/AAAAAAAAffQ\/zxb4gwnv5Sw\/s1600\/IMG_0823.PNG\"><img decoding=\"async\" loading=\"lazy\" src=\"https:\/\/elcalaixetdelaiaia.es\/wp-content\/uploads\/2015\/11\/IMG_0823.png\" width=\"640\" height=\"480\" border=\"0\" \/><\/a><\/div>\n<div><\/div>\n<div style=\"text-align: center;\">Cubriremos por completo con papel film<\/div>\n<div><\/div>\n<div style=\"text-align: center;\"><a href=\"http:\/\/2.bp.blogspot.com\/-h_g12kz1CGs\/VloOqLoiDrI\/AAAAAAAAffc\/MaqZwbV_P4k\/s1600\/IMG_0824.PNG\"><img decoding=\"async\" loading=\"lazy\" src=\"https:\/\/elcalaixetdelaiaia.es\/wp-content\/uploads\/2015\/11\/IMG_0824.png\" width=\"640\" height=\"480\" border=\"0\" \/><\/a><\/div>\n<div><\/div>\n<div style=\"text-align: center;\">y sobre el mismo, briks de leche o tomate para que presionen el salm\u00f3n<\/div>\n<div><\/div>\n<div style=\"text-align: center;\"><a href=\"http:\/\/3.bp.blogspot.com\/-OtqAUX43yJ0\/VloOrsM6DGI\/AAAAAAAAffo\/VLY7Hxd6tYQ\/s1600\/IMG_0825.PNG\"><img decoding=\"async\" loading=\"lazy\" src=\"https:\/\/elcalaixetdelaiaia.es\/wp-content\/uploads\/2015\/11\/IMG_0825.png\" width=\"640\" height=\"480\" border=\"0\" \/><\/a><\/div>\n<div><\/div>\n<div style=\"text-align: center;\">lo colocaremos en el frigo donde permanecer\u00e1 un d\u00eda entero<\/div>\n<div><\/div>\n<div style=\"text-align: center;\"><a href=\"http:\/\/4.bp.blogspot.com\/-0UVmT3q9w70\/VloOqkgxpjI\/AAAAAAAAffk\/PrkPwv53aMA\/s1600\/IMG_0826.PNG\"><img decoding=\"async\" loading=\"lazy\" src=\"https:\/\/elcalaixetdelaiaia.es\/wp-content\/uploads\/2015\/11\/IMG_0826.png\" width=\"640\" height=\"480\" border=\"0\" \/><\/a><\/div>\n<div><\/div>\n<div style=\"text-align: center;\">pasadas las 24 horas extraeremos de la nevera<\/div>\n<div><\/div>\n<div style=\"text-align: center;\"><a href=\"http:\/\/4.bp.blogspot.com\/-a8GQS7g2Wmo\/VloO-3bBeLI\/AAAAAAAAff8\/HupgiPWeGrU\/s1600\/IMG_0827.PNG\"><img decoding=\"async\" loading=\"lazy\" src=\"https:\/\/elcalaixetdelaiaia.es\/wp-content\/uploads\/2015\/11\/IMG_0827.png\" width=\"640\" height=\"480\" border=\"0\" \/><\/a><\/div>\n<div><\/div>\n<div style=\"text-align: center;\">y veremos que ha soltado bastante agua<\/div>\n<div><\/div>\n<div style=\"text-align: center;\"><a href=\"http:\/\/1.bp.blogspot.com\/-bLO58ypOv60\/VloO_3ipocI\/AAAAAAAAfgA\/S2HvY3A9ORk\/s1600\/IMG_0829.PNG\"><img decoding=\"async\" loading=\"lazy\" src=\"https:\/\/elcalaixetdelaiaia.es\/wp-content\/uploads\/2015\/11\/IMG_0829.png\" width=\"640\" height=\"480\" border=\"0\" \/><\/a><\/div>\n<div><\/div>\n<div style=\"text-align: center;\">enjuagaremos muy bien<\/div>\n<div><\/div>\n<div style=\"text-align: center;\"><a href=\"http:\/\/4.bp.blogspot.com\/-lrqtvRTiOo4\/VloPNucBb8I\/AAAAAAAAfgI\/0dhpyjNf_CM\/s1600\/IMG_0830.PNG\"><img decoding=\"async\" loading=\"lazy\" src=\"https:\/\/elcalaixetdelaiaia.es\/wp-content\/uploads\/2015\/11\/IMG_0830.png\" width=\"640\" height=\"480\" border=\"0\" \/><\/a><\/div>\n<div><\/div>\n<div style=\"text-align: center;\">lo secaremos con papel de cocina<\/div>\n<div><\/div>\n<div style=\"text-align: center;\"><a href=\"http:\/\/1.bp.blogspot.com\/-MPrEqqNKSDM\/VloPR2ls0HI\/AAAAAAAAfgU\/wn69V5HyrQI\/s1600\/IMG_0831.PNG\"><img decoding=\"async\" loading=\"lazy\" src=\"https:\/\/elcalaixetdelaiaia.es\/wp-content\/uploads\/2015\/11\/IMG_0831.png\" width=\"640\" height=\"480\" border=\"0\" \/><\/a><\/div>\n<div><\/div>\n<div style=\"text-align: center;\">lo pondremos en un taper cubriendo totalmente con aceite de oliva<\/div>\n<div><\/div>\n<div style=\"text-align: center;\"><a href=\"http:\/\/3.bp.blogspot.com\/-U88mvXe9d44\/VloPSj_MpFI\/AAAAAAAAfgY\/a7vNwZXSzSo\/s1600\/IMG_0832.PNG\"><img decoding=\"async\" loading=\"lazy\" src=\"https:\/\/elcalaixetdelaiaia.es\/wp-content\/uploads\/2015\/11\/IMG_0832.png\" width=\"640\" height=\"480\" border=\"0\" \/><\/a><\/div>\n<div style=\"text-align: center;\">y manteni\u00e9ndolo en el frigo. ya tenemos listo nuestro salm\u00f3n para disfrutar en los platos que se nos ocurran. A nosotros nos gusta bastante crudo, si lo quer\u00e9is m\u00e1s seco, solo habr\u00e9is de doblar el tiempo de nevera, dos d\u00edas en lugar de uno.<\/div>\n<div style=\"text-align: center;\">\u00abA la taula i&#8230; BON PROFIT!!!\u00bb<\/div>\n<div style=\"text-align: center;\">Si te gusta \u00e9sta entrada, podr\u00edas compartirla, as\u00ed mucha gente podr\u00e1 disfrutar de esta receta.<\/div>\n","protected":false},"excerpt":{"rendered":"<p>\u00abRefrany;Del salm\u00f3, la c\u00faa\u00bb. Del salm\u00f3n, la cola Cara a fiestas principalmente, suelo marinar\/ahumar salm\u00f3n fresco porque es una grand\u00edsimo ahorro hacerlo en casa, visto el precio desorbitado que est\u00e1 alcanzando, (en cualquier supermercado a 20\u20ac por kilo), aprovecho que est\u00e1 de oferta comprando entero o medio. Depende claro, de &hellip; <\/p>\n","protected":false},"author":2,"featured_media":6678,"comment_status":"open","ping_status":"open","sticky":false,"template":"","format":"standard","meta":[],"categories":[37,1],"tags":[],"_links":{"self":[{"href":"https:\/\/elcalaixetdelaiaia.es\/index.php?rest_route=\/wp\/v2\/posts\/501"}],"collection":[{"href":"https:\/\/elcalaixetdelaiaia.es\/index.php?rest_route=\/wp\/v2\/posts"}],"about":[{"href":"https:\/\/elcalaixetdelaiaia.es\/index.php?rest_route=\/wp\/v2\/types\/post"}],"author":[{"embeddable":true,"href":"https:\/\/elcalaixetdelaiaia.es\/index.php?rest_route=\/wp\/v2\/users\/2"}],"replies":[{"embeddable":true,"href":"https:\/\/elcalaixetdelaiaia.es\/index.php?rest_route=%2Fwp%2Fv2%2Fcomments&post=501"}],"version-history":[{"count":5,"href":"https:\/\/elcalaixetdelaiaia.es\/index.php?rest_route=\/wp\/v2\/posts\/501\/revisions"}],"predecessor-version":[{"id":26301,"href":"https:\/\/elcalaixetdelaiaia.es\/index.php?rest_route=\/wp\/v2\/posts\/501\/revisions\/26301"}],"wp:featuredmedia":[{"embeddable":true,"href":"https:\/\/elcalaixetdelaiaia.es\/index.php?rest_route=\/wp\/v2\/media\/6678"}],"wp:attachment":[{"href":"https:\/\/elcalaixetdelaiaia.es\/index.php?rest_route=%2Fwp%2Fv2%2Fmedia&parent=501"}],"wp:term":[{"taxonomy":"category","embeddable":true,"href":"https:\/\/elcalaixetdelaiaia.es\/index.php?rest_route=%2Fwp%2Fv2%2Fcategories&post=501"},{"taxonomy":"post_tag","embeddable":true,"href":"https:\/\/elcalaixetdelaiaia.es\/index.php?rest_route=%2Fwp%2Fv2%2Ftags&post=501"}],"curies":[{"name":"wp","href":"https:\/\/api.w.org\/{rel}","templated":true}]}}