{"id":495,"date":"2015-12-04T09:20:00","date_gmt":"2015-12-04T09:20:00","guid":{"rendered":"http:\/\/elcalaixetdelaiaia.es\/ideas-de-centros-de-mesa-naturales"},"modified":"2023-12-03T14:48:54","modified_gmt":"2023-12-03T14:48:54","slug":"ideas-de-centros-de-mesa-naturales","status":"publish","type":"post","link":"https:\/\/elcalaixetdelaiaia.es\/?p=495","title":{"rendered":"Ideas de centros de mesa naturales"},"content":{"rendered":"<p>\u00abRefrany; Si bons ra\u00efms vols menjar, pel desembre la vinya has de podar.\u00bb Si buenas uvas quieres comer, por diciembre la vi\u00f1a has de podar.<\/p>\n<div><\/div>\n<div>Bueno, en \u00e9ste caso no es precisamente vi\u00f1a, pero si ten\u00e9is la suerte de tener \u00e1rboles propios y pod\u00e9is coger unas ramas, os doy alguna idea para hacer unos centros propios de las fechas que se avecinan.<\/div>\n<div><\/div>\n<div class=\"separator\" style=\"clear: both; text-align: center;\"><a style=\"margin-left: 1em; margin-right: 1em;\" href=\"http:\/\/1.bp.blogspot.com\/-7OONdFiqopc\/VmFYnWr-iXI\/AAAAAAAAfq8\/NBHIXQFN9sQ\/s1600\/IMGP5948.jpg\"><img decoding=\"async\" loading=\"lazy\" src=\"https:\/\/elcalaixetdelaiaia.es\/wp-content\/uploads\/2015\/12\/IMGP5948.jpg\" width=\"640\" height=\"480\" border=\"0\" \/><\/a><\/div>\n<div><\/div>\n<div style=\"text-align: center;\">Pero no se os ocurra cortar ramas en el monte \u00bfeh? que est\u00e1 prohibido.<\/div>\n<div style=\"text-align: center;\"><\/div>\n<div class=\"separator\" style=\"clear: both; text-align: center;\"><a style=\"margin-left: 1em; margin-right: 1em;\" href=\"http:\/\/2.bp.blogspot.com\/-BGMWKQB4Dq0\/VmFYwq0slvI\/AAAAAAAAfrM\/eiI_vnJHXZI\/s1600\/IMGP5953.jpg\"><img decoding=\"async\" loading=\"lazy\" src=\"https:\/\/elcalaixetdelaiaia.es\/wp-content\/uploads\/2015\/12\/IMGP5953.jpg\" width=\"640\" height=\"480\" border=\"0\" \/><\/a><\/div>\n<div style=\"text-align: center;\"><\/div>\n<div style=\"text-align: center;\">El las florister\u00edas y mercados podr\u00e9is encontrar todo el material necesario, e incluso en algunos bazares chinos<\/div>\n<div style=\"text-align: center;\"><\/div>\n<div class=\"separator\" style=\"clear: both; text-align: center;\"><a style=\"margin-left: 1em; margin-right: 1em;\" href=\"http:\/\/3.bp.blogspot.com\/-dGuBZkSr-ns\/VmFYwmThZKI\/AAAAAAAAfrI\/v9KtZ0V7QMw\/s1600\/IMGP5957.jpg\"><img decoding=\"async\" loading=\"lazy\" src=\"https:\/\/elcalaixetdelaiaia.es\/wp-content\/uploads\/2015\/12\/IMGP5957.jpg\" width=\"512\" height=\"640\" border=\"0\" \/><\/a><\/div>\n<div>\n<div style=\"text-align: center;\"><\/div>\n<div style=\"text-align: center;\">Necesitaremos unas velas,(las velas de cera, ponerlas solo como decoraci\u00f3n, no les prend\u00e1is fuego porque pueden ser peligrosas, si encend\u00e9is velas que sean de led, hacen el mismo efecto y no se prenden fuego \ud83d\ude09 ) ramas de acebo, de enebro o similar al pino, mu\u00e9rdago, unas flores de tela, adornos navide\u00f1os, lazos, corcho verde para flores que se puede humedecer, unas pi\u00f1as que podemos coger del suelo en el bosque y pintar, un recipiente bonito que haga de maceta y dejar volar nuestra imaginaci\u00f3n y nuestro sentido del gusto. Podemos hacerlo bajito y alargado, mediano o alto, para la entrada de casa.<\/div>\n<div style=\"text-align: center;\"><\/div>\n<div style=\"text-align: center;\">Espero que te hayan ayudado \u00e9stas ideas y te lances a hacer uno, \u00bfquieres mandar tus fotos y las pondr\u00e9 con las m\u00edas?<\/div>\n<div style=\"text-align: center;\">Si os gustan mis ideas, pod\u00e9is compartirlas,\u00a0 para que llegue a m\u00e1s gente.<\/div>\n<div style=\"text-align: center;\">Espero vuestro comentarios que para mi son MUY importantes y recordad que tambi\u00e9n estoy en Facebook <a href=\"https:\/\/www.facebook.com\/El-calaixet-de-la-iaia-533062140099386\/\">https:\/\/www.facebook.com\/El-calaixet-de-la-iaia-533062140099386\/<\/a><\/div>\n<\/div>\n","protected":false},"excerpt":{"rendered":"<p>\u00abRefrany; Si bons ra\u00efms vols menjar, pel desembre la vinya has de podar.\u00bb Si buenas uvas quieres comer, por diciembre la vi\u00f1a has de podar. Bueno, en \u00e9ste caso no es precisamente vi\u00f1a, pero si ten\u00e9is la suerte de tener \u00e1rboles propios y pod\u00e9is coger unas ramas, os doy alguna &hellip; <\/p>\n","protected":false},"author":2,"featured_media":6648,"comment_status":"open","ping_status":"open","sticky":false,"template":"","format":"standard","meta":[],"categories":[1,11],"tags":[],"_links":{"self":[{"href":"https:\/\/elcalaixetdelaiaia.es\/index.php?rest_route=\/wp\/v2\/posts\/495"}],"collection":[{"href":"https:\/\/elcalaixetdelaiaia.es\/index.php?rest_route=\/wp\/v2\/posts"}],"about":[{"href":"https:\/\/elcalaixetdelaiaia.es\/index.php?rest_route=\/wp\/v2\/types\/post"}],"author":[{"embeddable":true,"href":"https:\/\/elcalaixetdelaiaia.es\/index.php?rest_route=\/wp\/v2\/users\/2"}],"replies":[{"embeddable":true,"href":"https:\/\/elcalaixetdelaiaia.es\/index.php?rest_route=%2Fwp%2Fv2%2Fcomments&post=495"}],"version-history":[{"count":5,"href":"https:\/\/elcalaixetdelaiaia.es\/index.php?rest_route=\/wp\/v2\/posts\/495\/revisions"}],"predecessor-version":[{"id":26041,"href":"https:\/\/elcalaixetdelaiaia.es\/index.php?rest_route=\/wp\/v2\/posts\/495\/revisions\/26041"}],"wp:featuredmedia":[{"embeddable":true,"href":"https:\/\/elcalaixetdelaiaia.es\/index.php?rest_route=\/wp\/v2\/media\/6648"}],"wp:attachment":[{"href":"https:\/\/elcalaixetdelaiaia.es\/index.php?rest_route=%2Fwp%2Fv2%2Fmedia&parent=495"}],"wp:term":[{"taxonomy":"category","embeddable":true,"href":"https:\/\/elcalaixetdelaiaia.es\/index.php?rest_route=%2Fwp%2Fv2%2Fcategories&post=495"},{"taxonomy":"post_tag","embeddable":true,"href":"https:\/\/elcalaixetdelaiaia.es\/index.php?rest_route=%2Fwp%2Fv2%2Ftags&post=495"}],"curies":[{"name":"wp","href":"https:\/\/api.w.org\/{rel}","templated":true}]}}