{"id":493,"date":"2015-12-06T16:52:00","date_gmt":"2015-12-06T16:52:00","guid":{"rendered":"http:\/\/elcalaixetdelaiaia.es\/timbal-de-patata-vitelotte-cratarellus"},"modified":"2023-12-20T15:39:13","modified_gmt":"2023-12-20T15:39:13","slug":"timbal-de-patata-vitelotte-cratarellus","status":"publish","type":"post","link":"https:\/\/elcalaixetdelaiaia.es\/?p=493","title":{"rendered":"Timbal de patata vitelotte, cratarellus y salm\u00f3n paso a paso"},"content":{"rendered":"<p>\u00abRefrany;Decembre, mes de olives, castanyes, anous i cre\u00eflles\u00bb. Diciembre, mes de olivas, casta\u00f1as, nueces y patatas.<\/p>\n<p>Un plato de fiesta el que os traigo hoy, realizado con productos muy ricos y un tanto originales, aunque de temporada.<\/p>\n<div>\n<div class=\"separator\" style=\"clear: both; text-align: center;\"><a style=\"margin-left: 1em; margin-right: 1em;\" href=\"http:\/\/3.bp.blogspot.com\/-gsSGwsuiKXE\/VmRVyr4JpSI\/AAAAAAAAfvU\/5UIwM8cFrIs\/s1600\/IMG_1703.JPG\"><img decoding=\"async\" loading=\"lazy\" src=\"https:\/\/elcalaixetdelaiaia.es\/wp-content\/uploads\/2015\/12\/IMG_1703.jpg\" width=\"640\" height=\"480\" border=\"0\" \/><\/a><\/div>\n<div class=\"separator\" style=\"clear: both; text-align: center;\"><\/div>\n<\/div>\n<div>Tengo unos cuernos de la abundancia, reci\u00e9n salidos del bosque, el salm\u00f3n ahumado que hago en casa, y las patatas moradas que compr\u00e9 en el mercado, \u00e9stos son los productos que me han inspirado para crear \u00e9sta receta. Al ser totalmente de mi invenci\u00f3n primero la probamos en casa, como hago siempre que creo un plato (aunque hago fotos del proceso por si acaso) y si el resultado es el esperado, y mi chico me da el aprobado, lo comparto con vosotros. Sin duda, \u00e9ste es fant\u00e1stico y os lo recomiendo.<\/div>\n<div><\/div>\n<div>\n<div style=\"text-align: center;\"><img decoding=\"async\" loading=\"lazy\" src=\"https:\/\/elcalaixetdelaiaia.es\/wp-content\/uploads\/2015\/12\/IMG_16255B15D.png\" width=\"640\" height=\"480\" \/><\/div>\n<p>La patata Vitelotte, N\u00e9gresse, Trufa de China o patata azul, morada o negra, es excelente y tiene un sabor y textura similar a la patata blanca pero con un toque mucho mas suave y que se puede cocinar exactamente igual como la blanca.<\/p>\n<div class=\"separator\" style=\"clear: both; text-align: center;\"><a style=\"margin-left: 1em; margin-right: 1em;\" href=\"http:\/\/1.bp.blogspot.com\/-d69bW5ic3Qg\/VmMX1Iv3j7I\/AAAAAAAAfsQ\/7VX2hMXC-dQ\/s1600\/IMG_1558%255B1%255D.PNG\"><img decoding=\"async\" loading=\"lazy\" src=\"https:\/\/elcalaixetdelaiaia.es\/wp-content\/uploads\/2015\/12\/IMG_15585B15D.png\" width=\"640\" height=\"480\" border=\"0\" \/><\/a><\/div>\n<p>La seta Craterellus cornucopioides, tambi\u00e9n conocida como trompeta negra, cuerno de la abundancia o trompeta de los muertos es otro producto de temporada que compone \u00e9sta receta, aunque tambi\u00e9n la venden deshidratada y resulta excelente.<\/p>\n<div>Y respecto al salm\u00f3n ahumado, utilizaremos el que hemos preparado en casa, <a href=\"https:\/\/elcalaixetdelaiaia.es\/como-hacer-salmon-ahumado-casero-paso\">Como ahumar salm\u00f3n en casa<\/a>\u00a0que nos ha quedado riqu\u00edsimo y barat\u00edsimo.<\/div>\n<div><\/div>\n<div>A la faena, que necesitaremos para dos comensales;<\/div>\n<div><\/div>\n<div>\n<div>\n<div class=\"separator\" style=\"clear: both; text-align: center;\"><a style=\"margin-left: 1em; margin-right: 1em;\" href=\"http:\/\/2.bp.blogspot.com\/-3VIbBeEJYtM\/VmMWb3XzIwI\/AAAAAAAAfrg\/h8IZ0J_F2Zw\/s1600\/IMG_1624%255B1%255D.PNG\"><img decoding=\"async\" loading=\"lazy\" src=\"https:\/\/elcalaixetdelaiaia.es\/wp-content\/uploads\/2015\/12\/IMG_16245B15D.png\" width=\"640\" height=\"480\" border=\"0\" \/><\/a><\/div>\n<\/div>\n<\/div>\n<div>\n<ol>\n<li>400g de patatas vitelotte<\/li>\n<li>Una cucharada de mantequilla o de aceite de oliva<\/li>\n<li>Dos cortadas de salm\u00f3n ahumado<\/li>\n<li>100g de cratarellus o cuerno de la abundancia<\/li>\n<li>Media cebollita<\/li>\n<li>50g de taquitos de jam\u00f3n<\/li>\n<li>Una cucharada de pi\u00f1ones<\/li>\n<li>Sal<\/li>\n<li>Pimienta<\/li>\n<li>Aceite de oliva virgen<\/li>\n<\/ol>\n<\/div>\n<div class=\"separator\" style=\"clear: both; text-align: center;\"><a style=\"margin-left: 1em; margin-right: 1em;\" href=\"http:\/\/1.bp.blogspot.com\/-R8y7vgeXFNk\/VmMW3RCTTxI\/AAAAAAAAfrw\/zrK0peBnZv8\/s1600\/IMG_1628%255B1%255D.PNG\"><img decoding=\"async\" loading=\"lazy\" src=\"https:\/\/elcalaixetdelaiaia.es\/wp-content\/uploads\/2015\/12\/IMG_16285B15D.png\" width=\"640\" height=\"480\" border=\"0\" \/><\/a><\/div>\n<div class=\"separator\" style=\"clear: both; text-align: center;\"><\/div>\n<div style=\"text-align: center;\">Lavamos las patatas y las colocamos en una cazuela con agua y sal. Cuando empiece a hervir, cocemos durante unos 15-20 minutos, comprobaremos que est\u00e1n hechas cuando pinchando con un palillo o palo de brocheta, entre sin dificultades. Dejaremos enfriar.<\/div>\n<\/div>\n<div style=\"text-align: center;\"><\/div>\n<div>\n<div style=\"text-align: center;\"><img decoding=\"async\" src=\"https:\/\/elcalaixetdelaiaia.es\/wp-content\/uploads\/2015\/12\/IMG_16375B15D.png\" border=\"0\" \/><\/div>\n<div><\/div>\n<div style=\"text-align: center;\">cuando est\u00e9n templadas, las pelamos<\/div>\n<div style=\"text-align: center;\"><\/div>\n<div style=\"text-align: center;\"><img decoding=\"async\" src=\"https:\/\/elcalaixetdelaiaia.es\/wp-content\/uploads\/2015\/12\/IMG_15625B15D.png\" border=\"0\" \/><\/div>\n<div class=\"separator\" style=\"clear: both; text-align: center;\"><\/div>\n<div style=\"text-align: center;\">Picamos la cebolla y la ponemos a pochar en aceite de oliva<\/div>\n<div>\n<div style=\"text-align: center;\"><\/div>\n<\/div>\n<div class=\"separator\" style=\"clear: both; text-align: center;\"><a style=\"margin-left: 1em; margin-right: 1em;\" href=\"http:\/\/4.bp.blogspot.com\/-9r1EP_s2UcY\/VmMYQXVTi_I\/AAAAAAAAfsg\/ad8BLuvmCiI\/s1600\/IMG_1565%255B1%255D.PNG\"><img decoding=\"async\" loading=\"lazy\" src=\"https:\/\/elcalaixetdelaiaia.es\/wp-content\/uploads\/2015\/12\/IMG_15655B15D.png\" width=\"640\" height=\"480\" border=\"0\" \/><\/a><\/div>\n<div class=\"separator\" style=\"clear: both; text-align: center;\"><\/div>\n<div style=\"text-align: center;\">Cuando est\u00e9 lista, a\u00f1adiremos los taquitos de jam\u00f3n<\/div>\n<div>\n<div style=\"text-align: center;\"><\/div>\n<\/div>\n<div class=\"separator\" style=\"clear: both; text-align: center;\"><a style=\"margin-left: 1em; margin-right: 1em;\" href=\"http:\/\/4.bp.blogspot.com\/-1lul2VJBYlk\/VmMZ3I_JfEI\/AAAAAAAAfs0\/xUL2NWiVz2I\/s1600\/IMG_1564%255B1%255D.PNG\"><img decoding=\"async\" loading=\"lazy\" src=\"https:\/\/elcalaixetdelaiaia.es\/wp-content\/uploads\/2015\/12\/IMG_15645B15D.png\" width=\"640\" height=\"480\" border=\"0\" \/><\/a><\/div>\n<div class=\"separator\" style=\"clear: both; text-align: center;\"><\/div>\n<div style=\"text-align: center;\">Limpiamos bien a fondo las trompetas de los muertos. Las setas no se ha de remojar en general, solo quitar la tierra con un cepillo y bajo de chorro, pero \u00e9ste tipo de seta necesita una muy buena limpieza con el fin de eliminar bien la tierra. Escurrimos muy bien y troceamos.<\/div>\n<div>\n<div style=\"text-align: center;\"><\/div>\n<\/div>\n<div class=\"separator\" style=\"clear: both; text-align: center;\"><a style=\"margin-left: 1em; margin-right: 1em;\" href=\"http:\/\/2.bp.blogspot.com\/-ikSzu_uOMi4\/VmMYVky64VI\/AAAAAAAAfso\/Hxf943VOlWs\/s1600\/IMG_1517%255B1%255D.JPG\"><img decoding=\"async\" loading=\"lazy\" src=\"https:\/\/elcalaixetdelaiaia.es\/wp-content\/uploads\/2015\/12\/IMG_15175B15D.jpg\" width=\"640\" height=\"480\" border=\"0\" \/><\/a><\/div>\n<p>A\u00f1adiremos al jam\u00f3n antes de que \u00e9ste se tueste, en cuanto se evapore el agua que suelten las setas, rectificamos de sal, teniendo en cuenta que lleva jam\u00f3n, retiramos del fuego y reservamos.<\/p>\n<div>\n<div style=\"text-align: center;\"><\/div>\n<div class=\"separator\" style=\"clear: both; text-align: center;\"><a style=\"margin-left: 1em; margin-right: 1em;\" href=\"http:\/\/2.bp.blogspot.com\/-3xJk1B4EZzw\/VmMXQoHPN7I\/AAAAAAAAfsI\/vY9zndRbqxc\/s1600\/IMG_1639%255B1%255D.PNG\"><img decoding=\"async\" loading=\"lazy\" src=\"https:\/\/elcalaixetdelaiaia.es\/wp-content\/uploads\/2015\/12\/IMG_16395B15D.png\" width=\"640\" height=\"480\" border=\"0\" \/><\/a><\/div>\n<div class=\"separator\" style=\"clear: both; text-align: center;\"><\/div>\n<div class=\"separator\" style=\"clear: both; text-align: center;\">A las patatas, les a\u00f1adimos sal y pimienta y una cucharada de aceite de oliva virgen o de mantequilla, como las patatas est\u00e1n templadas, se derretir\u00e1 si problemas. Ahora pasamos por el pasapures, o con pisamos con \u00a0un tenedor. Reservamos.<\/div>\n<div class=\"separator\" style=\"clear: both; text-align: center;\"><\/div>\n<div class=\"separator\" style=\"clear: both; text-align: center;\"><a style=\"margin-left: 1em; margin-right: 1em;\" href=\"http:\/\/2.bp.blogspot.com\/-SffOveDVanM\/VmRVtsOgjJI\/AAAAAAAAfvE\/btM_rSdrMUA\/s1600\/IMG_1687.PNG\"><img decoding=\"async\" loading=\"lazy\" src=\"https:\/\/elcalaixetdelaiaia.es\/wp-content\/uploads\/2015\/12\/IMG_1687.png\" width=\"640\" height=\"480\" border=\"0\" \/><\/a><\/div>\n<div style=\"text-align: center;\"><\/div>\n<div style=\"text-align: center;\">Tostaremos los pi\u00f1ones con unas gotas de aceite,<\/div>\n<div style=\"text-align: center;\"><\/div>\n<div style=\"text-align: center;\"><a style=\"margin-left: 1em; margin-right: 1em;\" href=\"http:\/\/4.bp.blogspot.com\/-4CWbUa8aHuU\/VmRWAgphFfI\/AAAAAAAAfws\/w9sv6_px4ds\/s1600\/IMG_1690.PNG\"><img decoding=\"async\" loading=\"lazy\" src=\"https:\/\/elcalaixetdelaiaia.es\/wp-content\/uploads\/2015\/12\/IMG_1690.png\" width=\"640\" height=\"480\" border=\"0\" \/><\/a><\/div>\n<div style=\"text-align: center;\"><\/div>\n<div style=\"text-align: center;\">con cuidado que no se quemen, los queremos dorados. Colocamos sobre papel absorvente y reservamos.<\/div>\n<div style=\"text-align: center;\"><\/div>\n<div class=\"separator\" style=\"clear: both; text-align: center;\"><a style=\"margin-left: 1em; margin-right: 1em;\" href=\"http:\/\/4.bp.blogspot.com\/-Y6UW6hBGgTM\/VmRVuaU8zDI\/AAAAAAAAfvI\/TV-jz14B3Jk\/s1600\/IMG_1688.PNG\"><img decoding=\"async\" loading=\"lazy\" src=\"https:\/\/elcalaixetdelaiaia.es\/wp-content\/uploads\/2015\/12\/IMG_1688.png\" width=\"640\" height=\"480\" border=\"0\" \/><\/a><\/div>\n<div style=\"text-align: center;\"><\/div>\n<div style=\"text-align: center;\">Colocaremos el aro de emplatar \u00a0previamente engrasado en el plato de servir y pondremos una capa de pur\u00e9 de patata, una cortada de salm\u00f3n, una capa de setas, otra capa de salm\u00f3n y<\/div>\n<div style=\"text-align: center;\"><\/div>\n<div class=\"separator\" style=\"clear: both; text-align: center;\"><a style=\"margin-left: 1em; margin-right: 1em;\" href=\"http:\/\/4.bp.blogspot.com\/-bi7V-ydvVV8\/VmRVvQMHHPI\/AAAAAAAAfvQ\/GEJFhD1EUPM\/s1600\/IMG_1689.PNG\"><img decoding=\"async\" loading=\"lazy\" src=\"https:\/\/elcalaixetdelaiaia.es\/wp-content\/uploads\/2015\/12\/IMG_1689.png\" width=\"640\" height=\"480\" border=\"0\" \/><\/a><\/div>\n<div style=\"text-align: center;\"><\/div>\n<div class=\"separator\" style=\"clear: both; text-align: center;\">para terminar una \u00faltima capa de patata, lo ideal de \u00e9ste plato es que podemos preparar los ingredientes, guardarlos en taper y montar en plato en el momento de servir,<\/div>\n<div class=\"separator\" style=\"clear: both; text-align: center;\"><\/div>\n<div class=\"separator\" style=\"clear: both; text-align: center;\"><a style=\"margin-left: 1em; margin-right: 1em;\" href=\"http:\/\/1.bp.blogspot.com\/-QOVtl-NSWpM\/VmRVzmamfpI\/AAAAAAAAfvc\/5eSq_ohBKFY\/s1600\/IMG_1704.JPG\"><img decoding=\"async\" loading=\"lazy\" src=\"https:\/\/elcalaixetdelaiaia.es\/wp-content\/uploads\/2015\/12\/IMG_1704.jpg\" width=\"640\" height=\"452\" border=\"0\" \/><\/a><\/div>\n<div style=\"text-align: center;\"><\/div>\n<div style=\"text-align: center;\">Terminaremos de emplatar poniendo unos pi\u00f1ones y coronando con perejil rizado o con unas hojas de zanahoria<\/div>\n<div style=\"text-align: center;\"><\/div>\n<div class=\"separator\" style=\"clear: both; text-align: center;\"><a style=\"margin-left: 1em; margin-right: 1em;\" href=\"http:\/\/1.bp.blogspot.com\/-O6xA8uVvOfQ\/VmRV1v5-WpI\/AAAAAAAAfvk\/6qdk0DtQn_E\/s1600\/IMG_1705.JPG\"><img decoding=\"async\" loading=\"lazy\" src=\"https:\/\/elcalaixetdelaiaia.es\/wp-content\/uploads\/2015\/12\/IMG_1705.jpg\" width=\"640\" height=\"480\" border=\"0\" \/><\/a><\/div>\n<div style=\"text-align: center;\"><\/div>\n<div style=\"text-align: center;\">Servimos<\/div>\n<div style=\"text-align: center;\"><\/div>\n<div class=\"separator\" style=\"clear: both; text-align: center;\"><a style=\"margin-left: 1em; margin-right: 1em;\" href=\"http:\/\/4.bp.blogspot.com\/-rZy3elY4ngM\/VmRV2gHf5WI\/AAAAAAAAfvs\/eG3aMcTg07g\/s1600\/IMG_1706.JPG\"><img decoding=\"async\" loading=\"lazy\" src=\"https:\/\/elcalaixetdelaiaia.es\/wp-content\/uploads\/2015\/12\/IMG_1706.jpg\" width=\"640\" height=\"480\" border=\"0\" \/><\/a><\/div>\n<div style=\"text-align: center;\"><\/div>\n<div style=\"text-align: center;\">y seguro que cuando lo presentemos en la mesa<\/div>\n<div style=\"text-align: center;\"><\/div>\n<div class=\"separator\" style=\"clear: both; text-align: center;\"><a style=\"margin-left: 1em; margin-right: 1em;\" href=\"http:\/\/1.bp.blogspot.com\/-6JlXFcn8vKE\/VmRV4obku1I\/AAAAAAAAfv4\/9tNEVNsjbjI\/s1600\/IMG_1707.JPG\"><img decoding=\"async\" loading=\"lazy\" src=\"https:\/\/elcalaixetdelaiaia.es\/wp-content\/uploads\/2015\/12\/IMG_1707.jpg\" width=\"640\" height=\"480\" border=\"0\" \/><\/a><\/div>\n<div class=\"separator\" style=\"clear: both; text-align: center;\"><\/div>\n<div style=\"text-align: center;\">\u00a0ser\u00e1 un \u00e9xito antes incluso de probarlo<\/div>\n<div style=\"text-align: center;\"><\/div>\n<div class=\"separator\" style=\"clear: both; text-align: center;\"><a style=\"margin-left: 1em; margin-right: 1em;\" href=\"http:\/\/4.bp.blogspot.com\/-n6Zm6Rixz8k\/VmRV8tdLzVI\/AAAAAAAAfwI\/SKCTlLyDUsE\/s1600\/IMG_1710.JPG\"><img decoding=\"async\" loading=\"lazy\" src=\"https:\/\/elcalaixetdelaiaia.es\/wp-content\/uploads\/2015\/12\/IMG_1710.jpg\" width=\"640\" height=\"480\" border=\"0\" \/><\/a><\/div>\n<div style=\"text-align: center;\"><\/div>\n<div style=\"text-align: center;\">\u00e9xito que confirmar\u00e1n en cuanto lo prueben<\/div>\n<div class=\"separator\" style=\"clear: both; text-align: center;\"><\/div>\n<div class=\"separator\" style=\"clear: both; text-align: center;\"><a style=\"margin-left: 1em; margin-right: 1em;\" href=\"http:\/\/4.bp.blogspot.com\/-Xn4sDYVgKhw\/VmRWBH2Al3I\/AAAAAAAAfwg\/10f5yJe-YDo\/s1600\/IMG_1713.JPG\"><img decoding=\"async\" loading=\"lazy\" src=\"https:\/\/elcalaixetdelaiaia.es\/wp-content\/uploads\/2015\/12\/IMG_1713.jpg\" width=\"640\" height=\"480\" border=\"0\" \/><\/a><\/div>\n<div style=\"text-align: center;\"><\/div>\n<div style=\"text-align: center;\">porque la mezcla de sabores es tan especial<\/div>\n<div style=\"text-align: center;\"><\/div>\n<div style=\"text-align: center;\"><img decoding=\"async\" src=\"https:\/\/elcalaixetdelaiaia.es\/wp-content\/uploads\/2015\/12\/IMG_1710.jpg\" border=\"0\" \/><\/div>\n<div style=\"text-align: center;\"><\/div>\n<div style=\"text-align: center;\">como su impactante aspecto<\/div>\n<div class=\"separator\" style=\"clear: both; text-align: center;\"><\/div>\n<div class=\"separator\" style=\"clear: both; text-align: center;\"><a style=\"margin-left: 1em; margin-right: 1em;\" href=\"http:\/\/4.bp.blogspot.com\/-R4tdQjQp370\/VmRYAtyzvzI\/AAAAAAAAfxA\/ZuU_pW5EryM\/s1600\/IMG_1722%255B1%255D.JPG\"><img decoding=\"async\" loading=\"lazy\" src=\"https:\/\/elcalaixetdelaiaia.es\/wp-content\/uploads\/2015\/12\/IMG_17225B15D.jpg\" width=\"640\" height=\"480\" border=\"0\" \/><\/a><\/div>\n<div class=\"separator\" style=\"clear: both; text-align: center;\"><\/div>\n<div class=\"separator\" style=\"clear: both; text-align: center;\">\u00abA la taula i&#8230; bon profit!!!\u00bb<\/div>\n<div style=\"background-color: white; color: #444444; font-family: arial, helvetica, sans-serif; text-align: center;\">Si te gusta \u00e9sta entrada,comp\u00e1rtela, as\u00ed mucha gente podr\u00e1 conocer esta receta.<\/div>\n<div style=\"background-color: white; color: #444444; font-family: arial, helvetica, sans-serif; font-size: 17.6px; line-height: 24.64px; text-align: center;\"><b style=\"font-family: 'PT Sans Caption'; font-size: 15.4px; line-height: 23.9556px; text-align: start;\">\u00a0<\/b><b style=\"font-family: 'PT Sans Caption'; font-size: 15.4px; line-height: 23.9556px;\"><a style=\"color: #97acae;\" href=\"http:\/\/cocinerosdelmundodegoogle.blogspot.com.es\/\" target=\"_blank\" rel=\"noopener noreferrer\">Con esta receta participo en el Reto de \u00abChristmas Time\u00bb de la comunidad Cocineros del Mundo en G+ en el apartado de Salado<\/a>\u00a0 de 2015\/16<br \/>\n<\/b><\/div>\n<div>\n<div>Espero tus comentarios que para mi son MUY importantes y recuerda que tambi\u00e9n estoy en Facebook <a href=\"https:\/\/www.facebook.com\/El-calaixet-de-la-iaia-533062140099386\/\">https:\/\/www.facebook.com\/El-calaixet-de-la-iaia-533062140099386\/<\/a><\/div>\n<div>Si quieres recibir mis actualizaciones por mail, al final de \u00e9sta p\u00e1gina a la izquierda tienes como hacer para introducir tu correo electr\u00f3nico y no perderte las actualizaciones de mis recetas \u00a1Gracias!<\/div>\n<\/div>\n<\/div>\n<\/div>\n","protected":false},"excerpt":{"rendered":"<p>\u00abRefrany;Decembre, mes de olives, castanyes, anous i cre\u00eflles\u00bb. Diciembre, mes de olivas, casta\u00f1as, nueces y patatas. Un plato de fiesta el que os traigo hoy, realizado con productos muy ricos y un tanto originales, aunque de temporada. Tengo unos cuernos de la abundancia, reci\u00e9n salidos del bosque, el salm\u00f3n ahumado &hellip; <\/p>\n","protected":false},"author":2,"featured_media":6646,"comment_status":"open","ping_status":"open","sticky":false,"template":"","format":"standard","meta":[],"categories":[40,37,1],"tags":[],"_links":{"self":[{"href":"https:\/\/elcalaixetdelaiaia.es\/index.php?rest_route=\/wp\/v2\/posts\/493"}],"collection":[{"href":"https:\/\/elcalaixetdelaiaia.es\/index.php?rest_route=\/wp\/v2\/posts"}],"about":[{"href":"https:\/\/elcalaixetdelaiaia.es\/index.php?rest_route=\/wp\/v2\/types\/post"}],"author":[{"embeddable":true,"href":"https:\/\/elcalaixetdelaiaia.es\/index.php?rest_route=\/wp\/v2\/users\/2"}],"replies":[{"embeddable":true,"href":"https:\/\/elcalaixetdelaiaia.es\/index.php?rest_route=%2Fwp%2Fv2%2Fcomments&post=493"}],"version-history":[{"count":7,"href":"https:\/\/elcalaixetdelaiaia.es\/index.php?rest_route=\/wp\/v2\/posts\/493\/revisions"}],"predecessor-version":[{"id":26304,"href":"https:\/\/elcalaixetdelaiaia.es\/index.php?rest_route=\/wp\/v2\/posts\/493\/revisions\/26304"}],"wp:featuredmedia":[{"embeddable":true,"href":"https:\/\/elcalaixetdelaiaia.es\/index.php?rest_route=\/wp\/v2\/media\/6646"}],"wp:attachment":[{"href":"https:\/\/elcalaixetdelaiaia.es\/index.php?rest_route=%2Fwp%2Fv2%2Fmedia&parent=493"}],"wp:term":[{"taxonomy":"category","embeddable":true,"href":"https:\/\/elcalaixetdelaiaia.es\/index.php?rest_route=%2Fwp%2Fv2%2Fcategories&post=493"},{"taxonomy":"post_tag","embeddable":true,"href":"https:\/\/elcalaixetdelaiaia.es\/index.php?rest_route=%2Fwp%2Fv2%2Ftags&post=493"}],"curies":[{"name":"wp","href":"https:\/\/api.w.org\/{rel}","templated":true}]}}