{"id":487,"date":"2015-12-07T23:26:00","date_gmt":"2015-12-07T23:26:00","guid":{"rendered":"http:\/\/elcalaixetdelaiaia.es\/abetos-de-turron-de-chocolate-blanco-y"},"modified":"2023-12-22T17:20:34","modified_gmt":"2023-12-22T17:20:34","slug":"abetos-de-turron-de-chocolate-blanco-y","status":"publish","type":"post","link":"https:\/\/elcalaixetdelaiaia.es\/?p=487","title":{"rendered":"Abetos de turr\u00f3n de chocolate blanco y Oreo paso a paso"},"content":{"rendered":"<p>\u00abRefrany; Pasqua sense ous, com Nadal sense torrons\u00bb. Pascua sin huevos, como Navidad sin turrones.<\/p>\n<div>Me gusta \u00e9sto de hacer mi propio turr\u00f3n, pero&#8230; me gusta comerlo antes de Navidad, luego sinceramente ya no me apetece tanto y es que como dec\u00eda mi iaiao Antoniet, \u00abqui no te la vespra, no te la festa\u00bb cuya traducci\u00f3n es; quien no tiene la v\u00edspera, no tiene la fiesta.<\/div>\n<div><a style=\"margin-left: 1em; margin-right: 1em;\" href=\"http:\/\/2.bp.blogspot.com\/-Bzn-TqhbTco\/VmXpmbYk6JI\/AAAAAAAAf0k\/6fzeo91eEqs\/s1600\/IMG_1815.PNG\"><img decoding=\"async\" loading=\"lazy\" class=\"aligncenter\" src=\"https:\/\/elcalaixetdelaiaia.es\/wp-content\/uploads\/2015\/12\/IMG_1815.png\" width=\"640\" height=\"640\" border=\"0\" \/><\/a><\/div>\n<div>\u00c9sta vez he preparado porciones individuales de turr\u00f3n de chocolate blanco y mini galletas Oreo en forma de abeto usando moldes de cono y forr\u00e1ndolos por dentro con papel de horno o sulfurizado, para favorecer el desmoldado.<\/div>\n<div>\n<p style=\"text-align: center;\">Por descontado que pod\u00e9is hacerlo usando un molde rectangular tipo tableta de turr\u00f3n.<br \/>\nCon estos mini abetos, tendremos el tama\u00f1o perfecto para un bocadito adecuado<\/p>\n<p>Necesitaremos;<\/p>\n<div class=\"separator\" style=\"clear: both; text-align: center;\"><a style=\"margin-left: 1em; margin-right: 1em;\" href=\"http:\/\/2.bp.blogspot.com\/-5ATb6uj4reE\/VmNppioM4oI\/AAAAAAAAfuo\/yzWudMcBeUQ\/s1600\/IMG_1655%255B1%255D.PNG\"><img decoding=\"async\" loading=\"lazy\" src=\"https:\/\/elcalaixetdelaiaia.es\/wp-content\/uploads\/2015\/12\/IMG_16555B15D.png\" width=\"640\" height=\"480\" border=\"0\" \/><\/a><\/div>\n<ol>\n<li>18 galletas Oreo mini<\/li>\n<li>400g de chocolate blanco<\/li>\n<li>40g de mantequilla o manteca de cerdo<\/li>\n<li>Galletas ba\u00f1adas de chocolate<\/li>\n<li>Miel densa<\/li>\n<li>Chocolate puro en polvo sin az\u00facar<\/li>\n<li>Perlitas, estrellitas o adornos al gusto<\/li>\n<\/ol>\n<div class=\"separator\" style=\"clear: both; text-align: center;\"><a style=\"margin-left: 1em; margin-right: 1em;\" href=\"http:\/\/2.bp.blogspot.com\/-ta77l9Ys6v8\/VmNpjJtxl8I\/AAAAAAAAfug\/qhI01lwUzVo\/s1600\/IMG_1656%255B1%255D.PNG\"><img decoding=\"async\" loading=\"lazy\" src=\"https:\/\/elcalaixetdelaiaia.es\/wp-content\/uploads\/2015\/12\/IMG_16565B15D.png\" width=\"640\" height=\"480\" border=\"0\" \/><\/a><\/div>\n<div><\/div>\n<div>\n<div style=\"text-align: center;\">Forramos los conos con papel sulfurizado o de horno<\/div>\n<div><\/div>\n<\/div>\n<div>\n<div class=\"separator\" style=\"clear: both; text-align: center;\"><a style=\"margin-left: 1em; margin-right: 1em;\" href=\"http:\/\/4.bp.blogspot.com\/-CCPU3PdVHKM\/VmNpYl8CNqI\/AAAAAAAAfuY\/W6I2tHlAvPs\/s1600\/IMG_1657%255B1%255D.PNG\"><img decoding=\"async\" loading=\"lazy\" src=\"https:\/\/elcalaixetdelaiaia.es\/wp-content\/uploads\/2015\/12\/IMG_16575B15D.png\" width=\"640\" height=\"480\" border=\"0\" \/><\/a><\/div>\n<div><\/div>\n<div style=\"text-align: center;\">Colocamos los conos vasos o en recipientes de modo que queden de pie<\/div>\n<div style=\"text-align: center;\"><\/div>\n<div class=\"separator\" style=\"clear: both; text-align: center;\"><a style=\"margin-left: 1em; margin-right: 1em;\" href=\"http:\/\/2.bp.blogspot.com\/-fziNSnS9pxw\/VmNpOE5eGTI\/AAAAAAAAfuQ\/rs9_L_fPuro\/s1600\/IMG_1658%255B1%255D.PNG\"><img decoding=\"async\" loading=\"lazy\" src=\"https:\/\/elcalaixetdelaiaia.es\/wp-content\/uploads\/2015\/12\/IMG_16585B15D.png\" width=\"640\" height=\"480\" border=\"0\" \/><\/a><\/div>\n<div><\/div>\n<div style=\"text-align: center;\">Ponemos al ba\u00f1o mar\u00eda para derretir el chocolate troceado y la manteca<\/div>\n<div style=\"text-align: center;\"><\/div>\n<div class=\"separator\" style=\"clear: both; text-align: center;\"><a style=\"margin-left: 1em; margin-right: 1em;\" href=\"http:\/\/3.bp.blogspot.com\/-9qxvswJdncs\/VmNpJOFFmWI\/AAAAAAAAfuI\/c5vgTilRNzA\/s1600\/IMG_1659%255B1%255D.PNG\"><img decoding=\"async\" loading=\"lazy\" src=\"https:\/\/elcalaixetdelaiaia.es\/wp-content\/uploads\/2015\/12\/IMG_16595B15D.png\" width=\"640\" height=\"480\" border=\"0\" \/><\/a><\/div>\n<div><\/div>\n<div style=\"text-align: center;\">Troceamos 8 galletas Oreo<\/div>\n<div style=\"text-align: center;\"><\/div>\n<div class=\"separator\" style=\"clear: both; text-align: center;\"><a style=\"margin-left: 1em; margin-right: 1em;\" href=\"http:\/\/1.bp.blogspot.com\/-brEl52B4Kno\/VmNo5X28gJI\/AAAAAAAAfuA\/Ec9D9zO0rOc\/s1600\/IMG_1660%255B1%255D.PNG\"><img decoding=\"async\" loading=\"lazy\" src=\"https:\/\/elcalaixetdelaiaia.es\/wp-content\/uploads\/2015\/12\/IMG_16605B15D.png\" width=\"640\" height=\"480\" border=\"0\" \/><\/a><\/div>\n<div><\/div>\n<div style=\"text-align: center;\">Vamos removiendo hasta tener el chocolate derretido<\/div>\n<div><\/div>\n<div class=\"separator\" style=\"clear: both; text-align: center;\"><a style=\"margin-left: 1em; margin-right: 1em;\" href=\"http:\/\/1.bp.blogspot.com\/-PfE-IwvZjWc\/VmNo1HJFk2I\/AAAAAAAAft4\/36bMz-VAozU\/s1600\/IMG_1661%255B1%255D.PNG\"><img decoding=\"async\" loading=\"lazy\" src=\"https:\/\/elcalaixetdelaiaia.es\/wp-content\/uploads\/2015\/12\/IMG_16615B15D.png\" width=\"640\" height=\"480\" border=\"0\" \/><\/a><\/div>\n<div><\/div>\n<div style=\"text-align: center;\">Mezclamos con las galletas<\/div>\n<div style=\"text-align: center;\"><\/div>\n<div class=\"separator\" style=\"clear: both; text-align: center;\"><a style=\"margin-left: 1em; margin-right: 1em;\" href=\"http:\/\/3.bp.blogspot.com\/-Bs0Uw04Zc0I\/VmNowVZujdI\/AAAAAAAAftw\/VRE3NmCWTsg\/s1600\/IMG_1662%255B1%255D.PNG\"><img decoding=\"async\" loading=\"lazy\" src=\"https:\/\/elcalaixetdelaiaia.es\/wp-content\/uploads\/2015\/12\/IMG_16625B15D.png\" width=\"640\" height=\"480\" border=\"0\" \/><\/a><\/div>\n<div><\/div>\n<div style=\"text-align: center;\">vamos rellenando los cucuruchos con la mezcla<\/div>\n<div style=\"text-align: center;\"><\/div>\n<div class=\"separator\" style=\"clear: both; text-align: center;\"><a style=\"margin-left: 1em; margin-right: 1em;\" href=\"http:\/\/2.bp.blogspot.com\/-L7_TKNEAkp4\/VmNorfEdO_I\/AAAAAAAAfto\/kVNcMpMp9mk\/s1600\/IMG_1663%255B1%255D.PNG\"><img decoding=\"async\" loading=\"lazy\" src=\"https:\/\/elcalaixetdelaiaia.es\/wp-content\/uploads\/2015\/12\/IMG_16635B15D.png\" width=\"640\" height=\"480\" border=\"0\" \/><\/a><\/div>\n<div><\/div>\n<div style=\"text-align: center;\">colocando al final una galleta entera<\/div>\n<div style=\"text-align: center;\"><\/div>\n<div style=\"text-align: center;\"><img decoding=\"async\" src=\"https:\/\/elcalaixetdelaiaia.es\/wp-content\/uploads\/2015\/12\/IMG_16655B15D.png\" border=\"0\" \/><\/div>\n<div style=\"text-align: center;\">\n<p>en dos o tres horas de frigo estar\u00e1 el turr\u00f3n listo<\/p>\n<div><img decoding=\"async\" class=\"aligncenter\" src=\"https:\/\/elcalaixetdelaiaia.es\/wp-content\/uploads\/2015\/12\/IMG_18585B15D.png\" border=\"0\" \/><\/div>\n<p>Quitaremos los papeles y recortaremos las bases para hacerlas rasas con un cuchillito.<\/p>\n<p><a style=\"margin-left: 1em; margin-right: 1em;\" href=\"http:\/\/1.bp.blogspot.com\/-uI2Rcx1Hs5Y\/VmXov9CVlBI\/AAAAAAAAf0U\/4tvxpcU-3rw\/s1600\/IMG_1859%255B1%255D.PNG\"><img decoding=\"async\" loading=\"lazy\" class=\"aligncenter\" src=\"https:\/\/elcalaixetdelaiaia.es\/wp-content\/uploads\/2015\/12\/IMG_18595B15D.png\" width=\"640\" height=\"480\" border=\"0\" \/><\/a><\/p>\n<p>Llegado el momento de la decoraci\u00f3n, podemos decorar solo la base o el abeto, \u00e9so ya depende del tiempo de que dispongamos, y de nuestro gusto. Voy a poneros algunos ejemplos por si os parece bien alguno. Podemos pegar unas piedrecitas con un poco de miel densa y unas pinzas<\/p>\n<p><a style=\"margin-left: 1em; margin-right: 1em;\" href=\"http:\/\/4.bp.blogspot.com\/-6lyuRgw6ko8\/VmXo1tin8bI\/AAAAAAAAf0c\/RNpVAX42nN4\/s1600\/IMG_1860%255B1%255D.PNG\"><img decoding=\"async\" loading=\"lazy\" class=\"aligncenter\" src=\"https:\/\/elcalaixetdelaiaia.es\/wp-content\/uploads\/2015\/12\/IMG_18605B15D.png\" width=\"640\" height=\"480\" border=\"0\" \/><\/a><\/p>\n<p>o tambi\u00e9n pincelando con miel el abeto y rebozarlo en chocolate puro sin az\u00facar<\/p>\n<p>y aqu\u00ed ya, distintas formas de presentaci\u00f3n, por si alguna es de tu agrado.<\/p>\n<div class=\"separator\" style=\"clear: both; text-align: center;\"><a style=\"margin-left: 1em; margin-right: 1em;\" href=\"http:\/\/3.bp.blogspot.com\/-MYv_8zcoP2A\/VmXp-kz-5UI\/AAAAAAAAf08\/xxmGl1_sD7A\/s1600\/IMG_1821.PNG\"><img decoding=\"async\" loading=\"lazy\" src=\"https:\/\/elcalaixetdelaiaia.es\/wp-content\/uploads\/2015\/12\/IMG_1821.png\" width=\"480\" height=\"640\" border=\"0\" \/><\/a><\/div>\n<p><a style=\"margin-left: 1em; margin-right: 1em;\" href=\"http:\/\/4.bp.blogspot.com\/-Q2EZDAPJ3tU\/VmXqFuCkCLI\/AAAAAAAAf1M\/w0EwomuYGug\/s1600\/IMG_1822.PNG\"><img decoding=\"async\" loading=\"lazy\" class=\"aligncenter\" src=\"https:\/\/elcalaixetdelaiaia.es\/wp-content\/uploads\/2015\/12\/IMG_1822.png\" width=\"640\" height=\"480\" border=\"0\" \/><\/a> <a style=\"margin-left: 1em; margin-right: 1em;\" href=\"http:\/\/1.bp.blogspot.com\/-AY1N3nJFVRc\/VmXqYsh70iI\/AAAAAAAAf1U\/wf9UDsY1Kv8\/s1600\/IMG_1824.PNG\"><img decoding=\"async\" loading=\"lazy\" class=\"aligncenter\" src=\"https:\/\/elcalaixetdelaiaia.es\/wp-content\/uploads\/2015\/12\/IMG_1824.png\" width=\"640\" height=\"480\" border=\"0\" \/><\/a><a style=\"margin-left: 1em; margin-right: 1em;\" href=\"http:\/\/3.bp.blogspot.com\/-l0Z-HmExbnU\/VmXqdQuDNcI\/AAAAAAAAf1g\/yZNK2FAd7q4\/s1600\/IMG_1826.PNG\"><img decoding=\"async\" loading=\"lazy\" class=\"aligncenter\" src=\"https:\/\/elcalaixetdelaiaia.es\/wp-content\/uploads\/2015\/12\/IMG_1826.png\" width=\"640\" height=\"480\" border=\"0\" \/><\/a><\/p>\n<div class=\"separator\" style=\"clear: both; text-align: center;\"><a style=\"margin-left: 1em; margin-right: 1em;\" href=\"http:\/\/2.bp.blogspot.com\/-XhnJcf-VnkQ\/VmXqvd7BJeI\/AAAAAAAAf10\/nl4CP9EXx9I\/s1600\/IMG_1830.PNG\"><img decoding=\"async\" loading=\"lazy\" src=\"https:\/\/elcalaixetdelaiaia.es\/wp-content\/uploads\/2015\/12\/IMG_1830.png\" width=\"640\" height=\"480\" border=\"0\" \/><\/a><\/div>\n<p>\u00abA la taula i&#8230; BON PROFIT!!!!\u00bb<\/p>\n<p>Espero que te haya sido de utilidad \u00e9sta entrada\u00a0\u00a0y si te gusta, comp\u00e1rtela, as\u00ed mucha gente podr\u00e1 disfrutar de ella. Graciaaaaas.<b style=\"font-family: 'PT Sans Caption'; font-size: 15.4px; line-height: 23.9556px;\"><a style=\"color: #97acae;\" href=\"http:\/\/cocinerosdelmundodegoogle.blogspot.com.es\/\" target=\"_blank\" rel=\"noopener noreferrer\">Con esta receta participo en el Reto de \u00abChristmas Time\u00bb de la comunidad Cocineros del Mundo en G+ en el apartado de Dulce<\/a><\/b><\/p>\n<p>&nbsp;<\/p>\n<\/div>\n<\/div>\n<\/div>\n","protected":false},"excerpt":{"rendered":"<p>\u00abRefrany; Pasqua sense ous, com Nadal sense torrons\u00bb. Pascua sin huevos, como Navidad sin turrones. Me gusta \u00e9sto de hacer mi propio turr\u00f3n, pero&#8230; me gusta comerlo antes de Navidad, luego sinceramente ya no me apetece tanto y es que como dec\u00eda mi iaiao Antoniet, \u00abqui no te la vespra, &hellip; <\/p>\n","protected":false},"author":2,"featured_media":6640,"comment_status":"open","ping_status":"open","sticky":false,"template":"","format":"standard","meta":[],"categories":[46,6,1],"tags":[],"_links":{"self":[{"href":"https:\/\/elcalaixetdelaiaia.es\/index.php?rest_route=\/wp\/v2\/posts\/487"}],"collection":[{"href":"https:\/\/elcalaixetdelaiaia.es\/index.php?rest_route=\/wp\/v2\/posts"}],"about":[{"href":"https:\/\/elcalaixetdelaiaia.es\/index.php?rest_route=\/wp\/v2\/types\/post"}],"author":[{"embeddable":true,"href":"https:\/\/elcalaixetdelaiaia.es\/index.php?rest_route=\/wp\/v2\/users\/2"}],"replies":[{"embeddable":true,"href":"https:\/\/elcalaixetdelaiaia.es\/index.php?rest_route=%2Fwp%2Fv2%2Fcomments&post=487"}],"version-history":[{"count":7,"href":"https:\/\/elcalaixetdelaiaia.es\/index.php?rest_route=\/wp\/v2\/posts\/487\/revisions"}],"predecessor-version":[{"id":26318,"href":"https:\/\/elcalaixetdelaiaia.es\/index.php?rest_route=\/wp\/v2\/posts\/487\/revisions\/26318"}],"wp:featuredmedia":[{"embeddable":true,"href":"https:\/\/elcalaixetdelaiaia.es\/index.php?rest_route=\/wp\/v2\/media\/6640"}],"wp:attachment":[{"href":"https:\/\/elcalaixetdelaiaia.es\/index.php?rest_route=%2Fwp%2Fv2%2Fmedia&parent=487"}],"wp:term":[{"taxonomy":"category","embeddable":true,"href":"https:\/\/elcalaixetdelaiaia.es\/index.php?rest_route=%2Fwp%2Fv2%2Fcategories&post=487"},{"taxonomy":"post_tag","embeddable":true,"href":"https:\/\/elcalaixetdelaiaia.es\/index.php?rest_route=%2Fwp%2Fv2%2Ftags&post=487"}],"curies":[{"name":"wp","href":"https:\/\/api.w.org\/{rel}","templated":true}]}}