{"id":482,"date":"2015-12-13T18:07:00","date_gmt":"2015-12-13T18:07:00","guid":{"rendered":"http:\/\/elcalaixetdelaiaia.es\/ostra-de-bizcocho-con-perla-de-queso-y"},"modified":"2023-11-19T09:14:23","modified_gmt":"2023-11-19T09:14:23","slug":"ostra-de-bizcocho-con-perla-de-queso-y","status":"publish","type":"post","link":"https:\/\/elcalaixetdelaiaia.es\/?p=482","title":{"rendered":"Ostra de bizcocho con perla de queso y chocolate blanco paso a paso"},"content":{"rendered":"<p>\u00abRefrany; Els refranys s\u00f3n perles de saviesa, la filosofia del poble, els evangelis populars. Recullen ci\u00e8ncia, hist\u00f2ria, ensenyaments i doctrina\u00bb<br \/>\nLos refranes son perlas de sabidur\u00eda, la filosof\u00eda del pueblo, los evangelios populares. Recogen ciencia, historia, ense\u00f1amiento y doctrina.<\/p>\n<div style=\"text-align: center;\"><\/div>\n<div style=\"text-align: center;\">Ostra de bescuit amb perla pas \u00e0 pas<\/div>\n<div style=\"text-align: center;\"><\/div>\n<div style=\"text-align: center;\">\n<p>Hace unos a\u00f1os, viendo la pel\u00edcula de Sirenita con mi nieta, se me ocurri\u00f3 una idea que puse en pr\u00e1ctica enseguida, con bastante buen resultado, lamentablemente no ten\u00eda a\u00fan en marcha el blog y por entonces no hac\u00eda fotos de mis platos, aunque la repet\u00ed varias veces porque gust\u00f3 much\u00edsimo. Creo que \u00e9sta receta la podr\u00edamos denominar trampantojo \u00bfno?<\/p>\n<div class=\"separator\" style=\"clear: both; text-align: center;\"><a style=\"margin-left: 1em; margin-right: 1em;\" href=\"http:\/\/2.bp.blogspot.com\/-OtwcvVpP6ow\/Vm2us7JTuwI\/AAAAAAAAgKc\/a0SnnwneODM\/s1600\/IMG_2203%2B-%2Bcopia%2Bmodified.jpg\"><img decoding=\"async\" loading=\"lazy\" src=\"https:\/\/elcalaixetdelaiaia.es\/wp-content\/uploads\/2015\/12\/IMG_2203-copiamodified.jpg\" width=\"640\" height=\"480\" border=\"0\" \/><\/a><\/div>\n<\/div>\n<div style=\"text-align: center;\"><\/div>\n<div style=\"text-align: center;\">Al principio usaba moldes ondulados de magdalenas, luego ya prob\u00e9 con conchas de vieiras como molde, aunque las dejaba sin poner masa a un par de cm. del borde, con el fin de que no fuera demasiado grande.<\/div>\n<div style=\"text-align: center;\">\n<div class=\"separator\" style=\"clear: both; text-align: center;\"><a style=\"margin-left: 1em; margin-right: 1em;\" href=\"http:\/\/1.bp.blogspot.com\/-LKBJUssi5ik\/Vm2ur2PF9eI\/AAAAAAAAgKQ\/D7HwWANPrKY\/s1600\/IMG_2194%2Bmodified%2Bmodified.jpg\"><img decoding=\"async\" loading=\"lazy\" class=\"aligncenter\" src=\"https:\/\/elcalaixetdelaiaia.es\/wp-content\/uploads\/2015\/12\/IMG_2194modifiedmodified.jpg\" width=\"640\" height=\"480\" border=\"0\" \/><\/a><\/div>\n<\/div>\n<div style=\"text-align: center;\">\u00a0Al final, encontr\u00e9 unos moldes de silicona que me quedan mas aproximados a una ostra real, y el tama\u00f1o de un bocadito.<\/div>\n<div style=\"text-align: center;\">Supongo que a much@s os sonar\u00e1 lo que os digo, pero cuando la cabeza comienza a discurrir no paramos hasta poder plasmar la idea culinaria que se nos ocurre. A veces me preocupo, porque tengo aut\u00e9nticos bombardeos de ideas y poco tiempo para ejecutarlas, pero mi cabeza no para&#8230;<\/div>\n<div style=\"text-align: center;\"><img decoding=\"async\" src=\"https:\/\/elcalaixetdelaiaia.es\/wp-content\/uploads\/2015\/12\/IMG_2206modified.jpg\" border=\"0\" \/><\/div>\n<div style=\"text-align: center;\">Como hoy d\u00eda he descubierto algunos ingredientes que pueden mejorar la presentaci\u00f3n de aquella receta basada en la perla que encontr\u00f3 Ariel, la he preparado, y os la propongo como postre de alguna cena o comida para \u00e9stas fiestas o como merienda con un caf\u00e9, creo que es un postre ideal para el d\u00eda de reyes y no es nada complicada de preparar&#8230; si os gusta claro&#8230;<\/div>\n<div><\/div>\n<div style=\"text-align: center;\">Necesitaremos;<\/div>\n<div style=\"text-align: center;\"><\/div>\n<div style=\"text-align: center;\"><img decoding=\"async\" src=\"https:\/\/elcalaixetdelaiaia.es\/wp-content\/uploads\/2015\/12\/IMG_3128.jpg\" border=\"0\" \/><\/div>\n<ol>\n<li style=\"text-align: left;\">Dos conchas de vieira por persona<\/li>\n<li style=\"text-align: left;\">o un molde de silicona de conchas<\/li>\n<li style=\"text-align: left;\">50g de az\u00facar glas<\/li>\n<li style=\"text-align: left;\">75g de mantequilla en pomada<\/li>\n<li style=\"text-align: left;\">Dos cucharadas de chocolate sin az\u00facar Valor<\/li>\n<li style=\"text-align: left;\">una pizca de sal<\/li>\n<li style=\"text-align: left;\">150 g de harina<\/li>\n<li style=\"text-align: left;\">Un huevo<\/li>\n<li style=\"text-align: left;\">25g de almendra molida<\/li>\n<li style=\"text-align: left;\">Dos cucharadas de queso crema<\/li>\n<li style=\"text-align: left;\">Una nube por ostra o<\/li>\n<li style=\"text-align: left;\">Una clara para montar a punto de nieve<\/li>\n<li style=\"text-align: left;\">Chocolate blanco para derretir<\/li>\n<li style=\"text-align: left;\">Polvos nacarados comestibles<\/li>\n<li style=\"text-align: left;\">Galletas para simular la arena<\/li>\n<li style=\"text-align: left;\">Una cucharadita de caramelo l\u00edquido.<\/li>\n<li style=\"text-align: left;\">Con \u00e9stos ingredientes he tenido para dos ostras de tama\u00f1o vieira y cuatro de tama\u00f1o ostra, ya que las he preparado en los dos moldes a ver cu\u00e1l prefer\u00eds.<\/li>\n<\/ol>\n<div style=\"text-align: center;\">Est\u00e1 claro que las conchas son de vieiras, no de ostras jajaja, pero es que en casa ostras comemos pocas, vamos&#8230; poqu\u00ediisimas, y \u00e9stas conchas las guardo y las uso para rellenar y hacer vieirias de merluza etc. aunque en \u00e9sta receta son mi molde, si ten\u00e9is moldes de ostra supongo que os podr\u00e1 quedar \u00a1fant\u00e1stico!<\/div>\n<div style=\"text-align: center;\"><\/div>\n<div style=\"text-align: center;\"><a href=\"http:\/\/1.bp.blogspot.com\/-hvDLqRjAGbc\/Vm0_Q2X2SzI\/AAAAAAAAgGY\/Bsit4-B_4bQ\/s1600\/IMG_3130.JPG\"><img decoding=\"async\" src=\"https:\/\/elcalaixetdelaiaia.es\/wp-content\/uploads\/2015\/12\/IMG_3130.jpg\" border=\"0\" \/><\/a><\/div>\n<div style=\"text-align: center;\"><\/div>\n<div style=\"text-align: center;\">Batiremos el huevo, y a\u00f1adiremos la mantequilla en pomada y el az\u00facar glas<\/div>\n<div style=\"text-align: center;\"><\/div>\n<div style=\"text-align: center;\"><a href=\"http:\/\/4.bp.blogspot.com\/-gbdDS-5ld0o\/Vm0_Ur2ppNI\/AAAAAAAAgGo\/9jkrTgo1nQU\/s1600\/IMG_3133.JPG\"><img decoding=\"async\" src=\"https:\/\/elcalaixetdelaiaia.es\/wp-content\/uploads\/2015\/12\/IMG_3133.jpg\" border=\"0\" \/><\/a><\/div>\n<div style=\"text-align: center;\"><\/div>\n<div style=\"text-align: center;\">incorporamos la harina,<\/div>\n<div style=\"text-align: center;\"><\/div>\n<div style=\"text-align: center;\"><a href=\"http:\/\/1.bp.blogspot.com\/-8GvIhHsEHqo\/Vm0_WzCc0bI\/AAAAAAAAgGw\/zVXLdRZu04E\/s1600\/IMG_3136.JPG\"><img decoding=\"async\" src=\"https:\/\/elcalaixetdelaiaia.es\/wp-content\/uploads\/2015\/12\/IMG_3136.jpg\" border=\"0\" \/><\/a><\/div>\n<div style=\"text-align: center;\"><\/div>\n<div style=\"text-align: center;\">la almendra, la pizca de sal<\/div>\n<div style=\"text-align: center;\"><\/div>\n<div style=\"text-align: center;\"><img decoding=\"async\" src=\"https:\/\/elcalaixetdelaiaia.es\/wp-content\/uploads\/2015\/12\/IMG_3131.jpg\" border=\"0\" \/><\/div>\n<div style=\"text-align: center;\"><\/div>\n<div style=\"text-align: center;\">por \u00faltimo los 50g de az\u00facar glas y mezclaremos bien<\/div>\n<div style=\"text-align: center;\"><\/div>\n<div style=\"text-align: center;\"><a href=\"http:\/\/3.bp.blogspot.com\/-TCVSxqcJ9-k\/Vm0_Y2NLyII\/AAAAAAAAgG4\/AnAvVH9LBUY\/s1600\/IMG_3137.JPG\"><img decoding=\"async\" src=\"https:\/\/elcalaixetdelaiaia.es\/wp-content\/uploads\/2015\/12\/IMG_3137.jpg\" border=\"0\" \/><\/a><\/div>\n<div style=\"text-align: center;\"><\/div>\n<div style=\"text-align: center;\">apartaremos un poco de masa con la que rellenaremos un molde de magdalena o similar, porque luego, con el resultado de este mini bizcocho y los ingredientes que a\u00f1adiremos, haremos las perlas para las ostras<\/div>\n<div style=\"text-align: center;\"><\/div>\n<div style=\"text-align: center;\"><a href=\"http:\/\/3.bp.blogspot.com\/-8_gtYekCtGo\/Vm0_ZUZkHyI\/AAAAAAAAgG8\/3DKiS_EZU9U\/s1600\/IMG_3138.JPG\"><img decoding=\"async\" src=\"https:\/\/elcalaixetdelaiaia.es\/wp-content\/uploads\/2015\/12\/IMG_3138.jpg\" border=\"0\" \/><\/a><\/div>\n<div style=\"text-align: center;\"><\/div>\n<div style=\"text-align: center;\">a la masa del cuenco, le a\u00f1adiremos el chocolate Valor sin az\u00facar, pero mezclando superficialmente porque lo que pretendemos es manchar la masa y que quede como aguas, similar a la concha de la ostra<\/div>\n<div style=\"text-align: center;\"><\/div>\n<div style=\"text-align: center;\"><a href=\"http:\/\/4.bp.blogspot.com\/-TU9a1LLxtWQ\/Vm0_apb_YsI\/AAAAAAAAgHI\/tJoIcpOZGu0\/s1600\/IMG_3140.JPG\"><img decoding=\"async\" src=\"https:\/\/elcalaixetdelaiaia.es\/wp-content\/uploads\/2015\/12\/IMG_3140.jpg\" border=\"0\" \/><\/a><\/div>\n<div style=\"text-align: center;\"><\/div>\n<div style=\"text-align: center;\">engrasaremos las conchas con un poco de mantequilla y las rellenaremos con cuidado sin llegar al borde para que queden un poco m\u00e1s estrechas y presionaremos para que adquiera la forma de las mismas<\/div>\n<div style=\"text-align: center;\"><\/div>\n<div style=\"text-align: center;\"><a href=\"http:\/\/4.bp.blogspot.com\/-7KY_NnEUUJI\/Vm0_ejO57WI\/AAAAAAAAgHY\/8PayhhTReaM\/s1600\/IMG_3144.JPG\"><img decoding=\"async\" src=\"https:\/\/elcalaixetdelaiaia.es\/wp-content\/uploads\/2015\/12\/IMG_3144.jpg\" border=\"0\" \/><\/a><\/div>\n<div style=\"text-align: center;\"><\/div>\n<div style=\"text-align: center;\">rellenaremos el molde de silicona, pero no totalmente, hay que dejar un hueco en forma de barquita<\/div>\n<div style=\"text-align: center;\"><\/div>\n<div style=\"text-align: center;\"><a href=\"http:\/\/2.bp.blogspot.com\/-CqWEqMeSaA4\/Vm0_cZ02ceI\/AAAAAAAAgHQ\/_UxkzNDm6nA\/s1600\/IMG_3142.JPG\"><img decoding=\"async\" src=\"https:\/\/elcalaixetdelaiaia.es\/wp-content\/uploads\/2015\/12\/IMG_3142.jpg\" border=\"0\" \/><\/a><\/div>\n<div style=\"text-align: center;\"><\/div>\n<div style=\"text-align: center;\">y al horno (junto al molde de silicona verde, que contiene la masa blanca) precalentado a 180\u00ba durante 20 minutos en el m\u00edo, recordad que cada horno es distinto y no necesita los mismos tiempos,<\/div>\n<div style=\"text-align: center;\"><\/div>\n<div style=\"text-align: center;\"><a href=\"http:\/\/2.bp.blogspot.com\/-KB7r90QeWLc\/Vm0_iD7jMvI\/AAAAAAAAgHg\/xXjeDAlkSgE\/s1600\/IMG_3146.JPG\"><img decoding=\"async\" src=\"https:\/\/elcalaixetdelaiaia.es\/wp-content\/uploads\/2015\/12\/IMG_3146.jpg\" border=\"0\" \/><\/a><\/div>\n<div style=\"text-align: center;\"><\/div>\n<div style=\"text-align: center;\">dejaremos enfriar COMPLETAMENTE<\/div>\n<div style=\"text-align: center;\"><\/div>\n<div style=\"text-align: center;\"><a href=\"http:\/\/1.bp.blogspot.com\/-UKkMs4SU2HY\/Vm0_jhg-T9I\/AAAAAAAAgHo\/N5pt3O0yXlk\/s1600\/IMG_3147.JPG\"><img decoding=\"async\" src=\"https:\/\/elcalaixetdelaiaia.es\/wp-content\/uploads\/2015\/12\/IMG_3147.jpg\" border=\"0\" \/><\/a><\/div>\n<div style=\"text-align: center;\"><\/div>\n<div style=\"text-align: center;\">y desmoldaremos con mucho cuidado para que no se nos rompan<\/div>\n<div style=\"text-align: center;\"><\/div>\n<div style=\"text-align: center;\"><a href=\"http:\/\/4.bp.blogspot.com\/-an2fwLE5ZVc\/Vm0_m1AxzDI\/AAAAAAAAgHw\/2RZ3FLFYZUo\/s1600\/IMG_3160.JPG\"><img decoding=\"async\" src=\"https:\/\/elcalaixetdelaiaia.es\/wp-content\/uploads\/2015\/12\/IMG_3160.jpg\" border=\"0\" \/><\/a><\/div>\n<div style=\"text-align: center;\"><\/div>\n<div style=\"text-align: center;\">desmigaremos el al bizcocho blanco, del molde de silicona verde, y le a\u00f1adiremos una cucharada de queso de untar y una cucharadita de az\u00facar glas . Mezclaremos bien<\/div>\n<div style=\"text-align: center;\"><\/div>\n<div style=\"text-align: center;\"><a href=\"http:\/\/4.bp.blogspot.com\/-Atr4YeG4HNc\/Vm0_rOMMa8I\/AAAAAAAAgIA\/Bmt5Pk7WOF0\/s1600\/IMG_3164.JPG\"><img decoding=\"async\" src=\"https:\/\/elcalaixetdelaiaia.es\/wp-content\/uploads\/2015\/12\/IMG_3164.jpg\" border=\"0\" \/><\/a><\/div>\n<div style=\"text-align: center;\"><\/div>\n<div style=\"text-align: center;\">pondremos a derretir el chocolate al ba\u00f1o Mar\u00eda<\/div>\n<div style=\"text-align: center;\"><\/div>\n<div style=\"text-align: center;\"><a href=\"http:\/\/4.bp.blogspot.com\/-5UMK-wQqy04\/Vm0_pr6-v_I\/AAAAAAAAgH4\/URqZNez3jvM\/s1600\/IMG_3161.JPG\"><img decoding=\"async\" src=\"https:\/\/elcalaixetdelaiaia.es\/wp-content\/uploads\/2015\/12\/IMG_3161.jpg\" border=\"0\" \/><\/a><\/div>\n<div style=\"text-align: center;\"><\/div>\n<div style=\"text-align: center;\">y formaremos las perlas en tama\u00f1o grande y en tama\u00f1o peque\u00f1ito. Si os sobra masa, pod\u00e9is hacer las bases para unos pop cakes.<\/div>\n<div style=\"text-align: center;\"><\/div>\n<div style=\"text-align: center;\"><a href=\"http:\/\/4.bp.blogspot.com\/-HutN9Et-dWc\/Vm0_tRiuCiI\/AAAAAAAAgII\/2gfyOljdy1I\/s1600\/IMG_3165.JPG\"><img decoding=\"async\" src=\"https:\/\/elcalaixetdelaiaia.es\/wp-content\/uploads\/2015\/12\/IMG_3165.jpg\" border=\"0\" \/><\/a><\/div>\n<div style=\"text-align: center;\"><\/div>\n<div style=\"text-align: center;\">Mojaremos la punta de unos palos de brocheta en el chocolate, y pincharemos en las perlas, dejaremos enfriar en la nevera pinchados por ejemplo en un corcho, hasta que cojan consistencia, entonces,<\/div>\n<div style=\"text-align: center;\"><\/div>\n<div style=\"text-align: center;\"><a href=\"http:\/\/3.bp.blogspot.com\/-KOXuS767c-U\/Vmyr3KXQkUI\/AAAAAAAAgFA\/jY-C1YrKzik\/s1600\/IMG_1660.PNG\"><img decoding=\"async\" src=\"https:\/\/elcalaixetdelaiaia.es\/wp-content\/uploads\/2015\/12\/IMG_1660.png\" border=\"0\" \/><\/a><\/div>\n<div style=\"text-align: center;\"><\/div>\n<div style=\"text-align: center;\">calentaremos de nuevo el chocolate , y ba\u00f1aremos cada perla, dejando enfriar.<\/div>\n<div style=\"text-align: center;\"><\/div>\n<div style=\"text-align: center;\"><a href=\"http:\/\/2.bp.blogspot.com\/-LuU-IYi-mKc\/Vm0_wxXwuxI\/AAAAAAAAgIc\/4gj6IuHQLbU\/s1600\/IMG_3189.JPG\"><img decoding=\"async\" src=\"https:\/\/elcalaixetdelaiaia.es\/wp-content\/uploads\/2015\/12\/IMG_3189.jpg\" border=\"0\" \/><\/a><\/div>\n<div style=\"text-align: center;\"><\/div>\n<div style=\"text-align: center;\">Luego pintaremos con polvos nacarados comestibles.<\/div>\n<div style=\"text-align: center;\"><\/div>\n<div style=\"text-align: center;\"><a href=\"http:\/\/4.bp.blogspot.com\/-Os8k9O9qyvw\/Vm0_wC7txJI\/AAAAAAAAgIQ\/QjeqJZ4PakI\/s1600\/IMG_3167.JPG\"><img decoding=\"async\" src=\"https:\/\/elcalaixetdelaiaia.es\/wp-content\/uploads\/2015\/12\/IMG_3167.jpg\" border=\"0\" \/><\/a><\/div>\n<div style=\"text-align: center;\"><\/div>\n<div style=\"text-align: center;\">rallaremos unas galletas que simular\u00e1n ser arena de playa<\/div>\n<div style=\"text-align: center;\"><\/div>\n<div style=\"text-align: center;\"><a href=\"http:\/\/2.bp.blogspot.com\/-2_OPt69WiFI\/VmyshTwoS2I\/AAAAAAAAgFM\/cv85CD65JGU\/s1600\/clarespuntdeneufirm.jpg\"><img decoding=\"async\" src=\"https:\/\/elcalaixetdelaiaia.es\/wp-content\/uploads\/2015\/12\/clarespuntdeneufirm.jpg\" border=\"0\" \/><\/a><\/div>\n<div style=\"text-align: center;\"><\/div>\n<div style=\"text-align: center;\">Para simular la carne de la ostra podemos usar una nube calentada en el micro o mejor a\u00fan unas claras montadas, \u00e9so ya a vuestro gusto. Hoy he puesto claras porque no he podido encontrar nubes blancas y las rosa no me convenc\u00edan. Montaremos las claras a punto de nieve con una pizquita de sal, para simular la carne de la ostras y<\/div>\n<div style=\"text-align: center;\">colocaremos sobre uno de nuestros bizcochos que ya estar\u00e1 sobre la arena<\/div>\n<div style=\"text-align: center;\"><\/div>\n<div style=\"text-align: center;\"><a href=\"http:\/\/1.bp.blogspot.com\/-Ksck3tYPHOk\/Vm0_y07M2vI\/AAAAAAAAgIo\/TNUFCiAjp5s\/s1600\/IMG_3190.JPG\"><img decoding=\"async\" src=\"https:\/\/elcalaixetdelaiaia.es\/wp-content\/uploads\/2015\/12\/IMG_3190.jpg\" border=\"0\" \/><\/a><\/div>\n<div style=\"text-align: center;\"><\/div>\n<div style=\"text-align: center;\">retiraremos el palo y colocaremos el agujero de nuestra perla sobre la clara a punto de nieve para ocultarlo y usaremos un poco de caramelo l\u00edquido sobre la espuma de nieve, para formar unas manchas que simulen la carne de ostra<\/div>\n<div style=\"text-align: center;\"><\/div>\n<div style=\"text-align: center;\"><a href=\"http:\/\/1.bp.blogspot.com\/-skTPKSkBTcs\/Vm0_0mFpMzI\/AAAAAAAAgI4\/gb4Ork2G9NY\/s1600\/IMG_3193.JPG\"><img decoding=\"async\" src=\"https:\/\/elcalaixetdelaiaia.es\/wp-content\/uploads\/2015\/12\/IMG_3193.jpg\" border=\"0\" \/><\/a><\/div>\n<div style=\"text-align: center;\"><\/div>\n<div style=\"text-align: center;\">y aqu\u00ed tenemos nuestra ostra con perla \ud83d\ude09<\/div>\n<div style=\"text-align: center;\"><\/div>\n<div style=\"text-align: center;\"><a href=\"http:\/\/3.bp.blogspot.com\/-CBJBJl-sM4E\/Vm0_wu4LhOI\/AAAAAAAAgIU\/FoQv7o8KOcU\/s1600\/IMG_3186.JPG\"><img decoding=\"async\" src=\"https:\/\/elcalaixetdelaiaia.es\/wp-content\/uploads\/2015\/12\/IMG_3186.jpg\" border=\"0\" \/><\/a><\/div>\n<div style=\"text-align: center;\"><\/div>\n<div style=\"text-align: center;\">a que parece de verdad?<\/div>\n<div style=\"text-align: center;\"><\/div>\n<div style=\"text-align: center;\"><a href=\"http:\/\/1.bp.blogspot.com\/-oP8NJC5urNc\/Vm0_HcFWotI\/AAAAAAAAgFc\/VU4P5zevH6o\/s1600\/IMG_2188.JPG\"><img decoding=\"async\" src=\"https:\/\/elcalaixetdelaiaia.es\/wp-content\/uploads\/2015\/12\/IMG_2188.jpg\" border=\"0\" \/><\/a><\/div>\n<div style=\"text-align: center;\"><\/div>\n<div style=\"text-align: center;\">me vais a disculpar<\/div>\n<div style=\"text-align: center;\"><\/div>\n<div style=\"text-align: center;\"><a href=\"http:\/\/3.bp.blogspot.com\/-syFZnx2GzC8\/Vm0_HTlECjI\/AAAAAAAAgFg\/yrR6_yUv8-k\/s1600\/IMG_2191.JPG\"><img decoding=\"async\" src=\"https:\/\/elcalaixetdelaiaia.es\/wp-content\/uploads\/2015\/12\/IMG_2191.jpg\" border=\"0\" \/><\/a><\/div>\n<div style=\"text-align: center;\"><\/div>\n<div style=\"text-align: center;\">perooooo entre tantas fotos, no sab\u00eda cuales elegir<\/div>\n<div style=\"text-align: center;\"><\/div>\n<div style=\"text-align: center;\"><a href=\"http:\/\/1.bp.blogspot.com\/-skTPKSkBTcs\/Vm0_0mFpMzI\/AAAAAAAAgIw\/mp0Hw2u61jU\/s1600\/IMG_3193.JPG\"><img decoding=\"async\" src=\"https:\/\/elcalaixetdelaiaia.es\/wp-content\/uploads\/2015\/12\/IMG_3193-1.jpg\" border=\"0\" \/><\/a><\/div>\n<div style=\"text-align: center;\"><\/div>\n<div style=\"text-align: center;\">y \u00e9so que os aseguro<\/div>\n<div style=\"text-align: center;\"><\/div>\n<div style=\"text-align: center;\"><a href=\"http:\/\/2.bp.blogspot.com\/-xG7SEHVuZlg\/Vm2urfYpixI\/AAAAAAAAgKM\/XdblhFOnnmQ\/s1600\/IMG_2195%2B-%2Bcopia%2Bmodified.jpg\"><img decoding=\"async\" src=\"https:\/\/elcalaixetdelaiaia.es\/wp-content\/uploads\/2015\/12\/IMG_2195-copiamodified.jpg\" border=\"0\" \/><\/a><\/div>\n<div style=\"text-align: center;\"><\/div>\n<div style=\"text-align: center;\">que a\u00fa me han quedado en el m\u00f3vil, un mont\u00f3n por subir \ud83d\ude09<\/div>\n<div style=\"text-align: center;\"><\/div>\n<div style=\"text-align: center;\"><a href=\"http:\/\/3.bp.blogspot.com\/-6_Ofw9eRJIU\/Vm0_0k3z78I\/AAAAAAAAgI0\/AKZxGSCWv2g\/s1600\/IMG_3212.JPG\"><img decoding=\"async\" src=\"https:\/\/elcalaixetdelaiaia.es\/wp-content\/uploads\/2015\/12\/IMG_3212.jpg\" border=\"0\" \/><\/a><\/div>\n<div style=\"text-align: center;\"><\/div>\n<div style=\"text-align: center;\">Con esta receta participo en el Reto de \u00abCHRISTMAS TIME\u00bb de la <a href=\"http:\/\/cocinerosdelmundodegoogle.blogspot.com.es\/\">Comunidad de Cocineros del Mundo en G +<\/a>, en el apartado de dulce.<\/div>\n<div style=\"text-align: center;\"><\/div>\n<div style=\"text-align: center;\">Si te gusta \u00e9sta entrada,por favor, comp\u00e1rtela, as\u00ed mucha gente podr\u00e1 conocer esta receta y mi blog. Gracias por hacerlo.Si quieres comentar, tus comentarios para mi son MUY importantes y recuerda que tambi\u00e9n estoy en Facebook <a href=\"https:\/\/www.facebook.com\/El-calaixet-de-la-iaia-533062140099386\/\">https:\/\/www.facebook.com\/El-calaixet-de-la-iaia-533062140099386\/<\/a><\/div>\n","protected":false},"excerpt":{"rendered":"<p>\u00abRefrany; Els refranys s\u00f3n perles de saviesa, la filosofia del poble, els evangelis populars. Recullen ci\u00e8ncia, hist\u00f2ria, ensenyaments i doctrina\u00bb Los refranes son perlas de sabidur\u00eda, la filosof\u00eda del pueblo, los evangelios populares. Recogen ciencia, historia, ense\u00f1amiento y doctrina. Ostra de bescuit amb perla pas \u00e0 pas Hace unos a\u00f1os, &hellip; <\/p>\n","protected":false},"author":2,"featured_media":6635,"comment_status":"open","ping_status":"open","sticky":false,"template":"","format":"standard","meta":[],"categories":[6,1],"tags":[],"_links":{"self":[{"href":"https:\/\/elcalaixetdelaiaia.es\/index.php?rest_route=\/wp\/v2\/posts\/482"}],"collection":[{"href":"https:\/\/elcalaixetdelaiaia.es\/index.php?rest_route=\/wp\/v2\/posts"}],"about":[{"href":"https:\/\/elcalaixetdelaiaia.es\/index.php?rest_route=\/wp\/v2\/types\/post"}],"author":[{"embeddable":true,"href":"https:\/\/elcalaixetdelaiaia.es\/index.php?rest_route=\/wp\/v2\/users\/2"}],"replies":[{"embeddable":true,"href":"https:\/\/elcalaixetdelaiaia.es\/index.php?rest_route=%2Fwp%2Fv2%2Fcomments&post=482"}],"version-history":[{"count":15,"href":"https:\/\/elcalaixetdelaiaia.es\/index.php?rest_route=\/wp\/v2\/posts\/482\/revisions"}],"predecessor-version":[{"id":25861,"href":"https:\/\/elcalaixetdelaiaia.es\/index.php?rest_route=\/wp\/v2\/posts\/482\/revisions\/25861"}],"wp:featuredmedia":[{"embeddable":true,"href":"https:\/\/elcalaixetdelaiaia.es\/index.php?rest_route=\/wp\/v2\/media\/6635"}],"wp:attachment":[{"href":"https:\/\/elcalaixetdelaiaia.es\/index.php?rest_route=%2Fwp%2Fv2%2Fmedia&parent=482"}],"wp:term":[{"taxonomy":"category","embeddable":true,"href":"https:\/\/elcalaixetdelaiaia.es\/index.php?rest_route=%2Fwp%2Fv2%2Fcategories&post=482"},{"taxonomy":"post_tag","embeddable":true,"href":"https:\/\/elcalaixetdelaiaia.es\/index.php?rest_route=%2Fwp%2Fv2%2Ftags&post=482"}],"curies":[{"name":"wp","href":"https:\/\/api.w.org\/{rel}","templated":true}]}}