{"id":480,"date":"2015-12-16T11:30:00","date_gmt":"2015-12-16T11:30:00","guid":{"rendered":"http:\/\/elcalaixetdelaiaia.es\/piernas-de-cordero-rellenas-de-niscalos_16"},"modified":"2023-12-20T16:38:22","modified_gmt":"2023-12-20T16:38:22","slug":"piernas-de-cordero-rellenas-de-niscalos_16","status":"publish","type":"post","link":"https:\/\/elcalaixetdelaiaia.es\/?p=480","title":{"rendered":"Piernas de cordero rellenas de n\u00edscalos y jam\u00f3n al cava paso a paso"},"content":{"rendered":"<p>\u00abNadala; La nit de Nadal es nit d&#8217;alegr\u00eda, el fill de Mar\u00eda ha nascut al portal\u00bb<br \/>\nLa Nochebuena es noche de alegr\u00eda, el hijo de Mar\u00eda ha nacido en el portal.<\/p>\n<p>Un cl\u00e1sico en casi todas las mesas en Navidad es el cordero, hoy traigo mi receta tradicional para Nochebuena, que nosotros los valencianos llamamos la Nit de Nadal, pues para Nochebuena por ejemplo, \u00e9sta es una cena realmente exquisita.<br \/>\nLamentablemente&#8230;no hay fotos finales de presentaci\u00f3n del plato, sencillamente salieron borrosas e inservibles y a punto he estado de no presentar \u00e9sta receta, pero es una pena no hacerlo,ya que la prepar\u00e9 para subir el post.<\/p>\n<div class=\"separator\" style=\"clear: both; text-align: center;\"><a style=\"margin-left: 1em; margin-right: 1em;\" href=\"http:\/\/4.bp.blogspot.com\/-Y81ldqcd_ZI\/Vm8nQmbZ96I\/AAAAAAAAgQ0\/ya79B6H211Q\/s1600\/corderfirm.jpg\"><img decoding=\"async\" loading=\"lazy\" src=\"https:\/\/elcalaixetdelaiaia.es\/wp-content\/uploads\/2015\/12\/corderfirm.jpg\" width=\"640\" height=\"462\" border=\"0\" \/><\/a><\/div>\n<p>As\u00ed que sin fotos finales del corte ni la raci\u00f3n, (ya que \u00e9sta es la \u00fanica que se ha salvado un poco) a\u00fan sabiendo lo importante que es la presentaci\u00f3n y que siempre comemos con los ojos, aqu\u00ed est\u00e1 la receta.<br \/>\nQuiero aprovechar para desde mi blog felicitaros a tod@s y desearos que pas\u00e9is la Navidad m\u00e1s bella y feliz que nadie pueda imaginar, rodeados de todos los vuestros, y que no os falte nunca el amor ni un motivo para sonreir.<\/p>\n<p>Me viene a la mente la Nochebuena de hace dos a\u00f1os&#8230;y sigo pensando igual \u00a0que entonces \u00a0\u00a0mis sillas vacias&#8230;.<a href=\"https:\/\/elcalaixetdelaiaia.es\/mis-sillas-vacias-en-navidad\">leer aqu\u00ed \u00abmis sillas vac\u00edas\u00bb<\/a><\/p>\n<p>Sin m\u00e1s palabras.<\/p>\n<p>Para 12 comensales necesitaremos;<\/p>\n<div class=\"separator\" style=\"clear: both; text-align: center;\"><\/div>\n<div class=\"separator\" style=\"clear: both; text-align: center;\"><a style=\"margin-left: 1em; margin-right: 1em;\" href=\"http:\/\/4.bp.blogspot.com\/-FMqr426h1HE\/Vm9V4Otg9DI\/AAAAAAAAgRA\/gPqmenZ4yBg\/s1600\/20141224_093455.jpg\"><img decoding=\"async\" loading=\"lazy\" src=\"https:\/\/elcalaixetdelaiaia.es\/wp-content\/uploads\/2015\/12\/20141224_093455.jpg\" width=\"640\" height=\"384\" border=\"0\" \/><\/a><\/div>\n<ol>\n<li>Dos piernas de cordero grandes deshuesadas<\/li>\n<li>200g de ternera y magro picado<\/li>\n<li>150g de taquitos de jam\u00f3n serrano<\/li>\n<li>250g de rebollones<\/li>\n<li>Una cucharada sopera de pi\u00f1ones<\/li>\n<li>Un manojo de cebolletas<\/li>\n<li>Un huevo<\/li>\n<li>Cuatro zanahorias<\/li>\n<li>Cuatro tomates<\/li>\n<li>Seis\u00a0clavos de olor<\/li>\n<li>Dos bouquets Garni<\/li>\n<li>50 g de mantequilla<\/li>\n<li>Dos cabeza de ajos<\/li>\n<li>Una cucharadita de piment\u00f3n de la Vera<\/li>\n<li>Sal<\/li>\n<li>Pimienta molida<\/li>\n<li>Hilo de bramante y aguja saquera para coser la carne<\/li>\n<li>Aceite de oliva virgen<\/li>\n<li>Dos botella de cava brut<\/li>\n<\/ol>\n<div>\n<p>Lo primero pedir al carnicero que nos deshuese completamente \u00a0las piernas, las del cordero claro&#8230;&#8230;.jajajajaja<\/p>\n<div class=\"separator\" style=\"clear: both; text-align: center;\"><a style=\"margin-left: 1em; margin-right: 1em;\" href=\"http:\/\/4.bp.blogspot.com\/-ell3lwZFLuM\/Vm8nHi9e2_I\/AAAAAAAAgOQ\/Co1oeUximIg\/s1600\/20141224_101309.jpg\"><img decoding=\"async\" loading=\"lazy\" src=\"https:\/\/elcalaixetdelaiaia.es\/wp-content\/uploads\/2015\/12\/20141224_101309.jpg\" width=\"640\" height=\"384\" border=\"0\" \/><\/a><\/div>\n<div class=\"separator\" style=\"clear: both; text-align: center;\"><\/div>\n<div class=\"separator\" style=\"clear: both; text-align: center;\">En un bol mezclaremos la carne picada, el jam\u00f3n, los pi\u00f1ones, las setas salteadas, el huevo, y los ajitos picados, salpimentamos y amasamos<\/div>\n<div class=\"separator\" style=\"clear: both; text-align: center;\"><a style=\"margin-left: 1em; margin-right: 1em;\" href=\"http:\/\/4.bp.blogspot.com\/-jmgj7lB0tZs\/Vm8nIM4SHmI\/AAAAAAAAgOU\/oKOKHKsxmMg\/s1600\/20141224_101457.jpg\"><img decoding=\"async\" loading=\"lazy\" src=\"https:\/\/elcalaixetdelaiaia.es\/wp-content\/uploads\/2015\/12\/20141224_101457.jpg\" width=\"640\" height=\"384\" border=\"0\" \/><\/a><\/div>\n<div class=\"separator\" style=\"clear: both; text-align: center;\"><\/div>\n<div class=\"separator\" style=\"clear: both; text-align: center;\">Con la mitad de la mezcla rellenaremos el hueco que el hueso ha dejado en cada pierna<\/div>\n<div class=\"separator\" style=\"clear: both; text-align: center;\"><a style=\"margin-left: 1em; margin-right: 1em;\" href=\"http:\/\/2.bp.blogspot.com\/-keId4BJTDuQ\/Vm8nIxkD6BI\/AAAAAAAAgOk\/VF_7rIxmQ_A\/s1600\/20141224_102147.jpg\"><img decoding=\"async\" loading=\"lazy\" src=\"https:\/\/elcalaixetdelaiaia.es\/wp-content\/uploads\/2015\/12\/20141224_102147.jpg\" width=\"640\" height=\"384\" border=\"0\" \/><\/a><\/div>\n<div class=\"separator\" style=\"clear: both; text-align: center;\"><\/div>\n<div class=\"separator\" style=\"clear: both; text-align: center;\"><\/div>\n<div class=\"separator\" style=\"clear: both; text-align: center;\">Con aguja e hilo bramante, coseremos la abertura para que no se salga el relleno<\/div>\n<div class=\"separator\" style=\"clear: both; text-align: center;\"><a style=\"margin-left: 1em; margin-right: 1em;\" href=\"http:\/\/4.bp.blogspot.com\/--Xu0PPNYeys\/Vm8nJznjfvI\/AAAAAAAAgO4\/HEKLTssY8rs\/s1600\/20141224_104108.jpg\"><img decoding=\"async\" loading=\"lazy\" src=\"https:\/\/elcalaixetdelaiaia.es\/wp-content\/uploads\/2015\/12\/20141224_104108.jpg\" width=\"640\" height=\"384\" border=\"0\" \/><\/a><\/div>\n<div class=\"separator\" style=\"clear: both; text-align: center;\"><\/div>\n<div class=\"separator\" style=\"clear: both; text-align: center;\">y al mismo tiempo daremos forma a las piezas<\/div>\n<div class=\"separator\" style=\"clear: both; text-align: center;\"><a style=\"margin-left: 1em; margin-right: 1em;\" href=\"http:\/\/2.bp.blogspot.com\/-sv5jHHVCBAw\/Vm8nKlP8vZI\/AAAAAAAAgPM\/0ewkVnRogSk\/s1600\/20141224_104422.jpg\"><img decoding=\"async\" loading=\"lazy\" src=\"https:\/\/elcalaixetdelaiaia.es\/wp-content\/uploads\/2015\/12\/20141224_104422.jpg\" width=\"640\" height=\"384\" border=\"0\" \/><\/a><\/div>\n<div class=\"separator\" style=\"clear: both; text-align: center;\"><\/div>\n<div class=\"separator\" style=\"clear: both; text-align: center;\">colocaremos las piernas en dos recipientes con tapa herm\u00e9tica, salpimentamos y a\u00f1adimos las cebolletas<\/div>\n<div class=\"separator\" style=\"clear: both; text-align: center;\"><a style=\"margin-left: 1em; margin-right: 1em;\" href=\"http:\/\/3.bp.blogspot.com\/-fm1wd2F7OG4\/Vm8nLOdFv6I\/AAAAAAAAgPQ\/ocugdnIjsFc\/s1600\/20141224_104457.jpg\"><img decoding=\"async\" loading=\"lazy\" src=\"https:\/\/elcalaixetdelaiaia.es\/wp-content\/uploads\/2015\/12\/20141224_104457.jpg\" width=\"640\" height=\"384\" border=\"0\" \/><\/a><\/div>\n<div class=\"separator\" style=\"clear: both; text-align: center;\"><\/div>\n<div class=\"separator\" style=\"clear: both; text-align: center;\">a\u00f1adimos piment\u00f3n de la Vera<\/div>\n<div class=\"separator\" style=\"clear: both; text-align: center;\"><a style=\"margin-left: 1em; margin-right: 1em;\" href=\"http:\/\/4.bp.blogspot.com\/-tf_OBKAtTdQ\/Vm8nLT3Kj9I\/AAAAAAAAgPY\/5TzVPxgPE10\/s1600\/20141224_104515.jpg\"><img decoding=\"async\" loading=\"lazy\" src=\"https:\/\/elcalaixetdelaiaia.es\/wp-content\/uploads\/2015\/12\/20141224_104515.jpg\" width=\"640\" height=\"384\" border=\"0\" \/><\/a><\/div>\n<div class=\"separator\" style=\"clear: both; text-align: center;\"><\/div>\n<div class=\"separator\" style=\"clear: both; text-align: center;\">unos granos de pimienta<\/div>\n<div class=\"separator\" style=\"clear: both; text-align: center;\"><a style=\"margin-left: 1em; margin-right: 1em;\" href=\"http:\/\/2.bp.blogspot.com\/-pK-uLCLDuQY\/Vm8nMOE61wI\/AAAAAAAAgPk\/90046JCpOa0\/s1600\/20141224_104603.jpg\"><img decoding=\"async\" loading=\"lazy\" src=\"https:\/\/elcalaixetdelaiaia.es\/wp-content\/uploads\/2015\/12\/20141224_104603.jpg\" width=\"640\" height=\"384\" border=\"0\" \/><\/a><\/div>\n<div class=\"separator\" style=\"clear: both; text-align: center;\"><\/div>\n<div class=\"separator\" style=\"clear: both; text-align: center;\">Prepararemos con cebolla y clavos una cebolla piqu\u00e9<\/div>\n<div class=\"separator\" style=\"clear: both; text-align: center;\"><a style=\"margin-left: 1em; margin-right: 1em;\" href=\"http:\/\/2.bp.blogspot.com\/-0lhD4PA9nTI\/Vm8nMQUBP7I\/AAAAAAAAgPs\/eohCakE4NsE\/s1600\/20141224_105441.jpg\"><img decoding=\"async\" loading=\"lazy\" src=\"https:\/\/elcalaixetdelaiaia.es\/wp-content\/uploads\/2015\/12\/20141224_105441.jpg\" width=\"640\" height=\"384\" border=\"0\" \/><\/a><\/div>\n<div class=\"separator\" style=\"clear: both; text-align: center;\"><\/div>\n<div class=\"separator\" style=\"clear: both; text-align: center;\">pelamos y troceamos los tomates y las zanahorias, los a\u00f1adimos a la carne y regamos con una botella entera de cava brut en cada recipiente, y si est\u00e1 fresquito aprovechando que se acerca Navidad podemos brindar con el cordero \u00bfporque no?<\/div>\n<div class=\"separator\" style=\"clear: both; text-align: center;\"><a style=\"margin-left: 1em; margin-right: 1em;\" href=\"http:\/\/3.bp.blogspot.com\/-THLquRKPQUI\/Vm8nNFaQk_I\/AAAAAAAAgP4\/q2QfchOrr6k\/s1600\/20141224_105803.jpg\"><img decoding=\"async\" loading=\"lazy\" src=\"https:\/\/elcalaixetdelaiaia.es\/wp-content\/uploads\/2015\/12\/20141224_105803.jpg\" width=\"640\" height=\"384\" border=\"0\" \/><\/a><\/div>\n<div class=\"separator\" style=\"clear: both; text-align: center;\"><\/div>\n<div class=\"separator\" style=\"clear: both; text-align: center;\">a\u00f1adimos el aceite de oliva<\/div>\n<div class=\"separator\" style=\"clear: both; text-align: center;\"><a style=\"margin-left: 1em; margin-right: 1em;\" href=\"http:\/\/3.bp.blogspot.com\/-tq_S7jHQiA0\/Vm8nNgwnNRI\/AAAAAAAAgQA\/xWkWL05-NJA\/s1600\/20141224_105926.jpg\"><img decoding=\"async\" loading=\"lazy\" src=\"https:\/\/elcalaixetdelaiaia.es\/wp-content\/uploads\/2015\/12\/20141224_105926.jpg\" width=\"640\" height=\"384\" border=\"0\" \/><\/a><\/div>\n<div class=\"separator\" style=\"clear: both; text-align: center;\"><\/div>\n<div class=\"separator\" style=\"clear: both; text-align: center;\">Tapamos, \u00a0y al frigo durante 12 horas. Como habremos puesto la suficiente cantidad de brut como para cubrir toda la pieza (siempre y cuando no hayamos brindado m\u00e1s que con una copita claro), no necesitaremos darle vueltas.<\/div>\n<div class=\"separator\" style=\"clear: both; text-align: center;\"><a style=\"margin-left: 1em; margin-right: 1em;\" href=\"http:\/\/3.bp.blogspot.com\/-6lYPTdiqnKE\/Vm8nObeGDZI\/AAAAAAAAgQQ\/yWKtzCcfiIY\/s1600\/20141224_172402.jpg\"><img decoding=\"async\" loading=\"lazy\" src=\"https:\/\/elcalaixetdelaiaia.es\/wp-content\/uploads\/2015\/12\/20141224_172402.jpg\" width=\"640\" height=\"428\" border=\"0\" \/><\/a><\/div>\n<div class=\"separator\" style=\"clear: both; text-align: center;\"><\/div>\n<div class=\"separator\" style=\"clear: both; text-align: center;\">tras el marinado, pasaremos las dos piernas con su correspondiente acompa\u00f1amiento l\u00edquido y s\u00f3lido a la bandeja de horno y a\u00f1adiremos dos bouquets Garni. Introduciremos en el horno precalentado a 160\u00ba<\/div>\n<div class=\"separator\" style=\"clear: both; text-align: center;\"><a style=\"margin-left: 1em; margin-right: 1em;\" href=\"http:\/\/2.bp.blogspot.com\/-JP_2QiByLno\/Vm8nOg8EjCI\/AAAAAAAAgQo\/gjIYyymT9M4\/s1600\/20141224_200950%2Bmodified.jpg\"><img decoding=\"async\" loading=\"lazy\" src=\"https:\/\/elcalaixetdelaiaia.es\/wp-content\/uploads\/2015\/12\/20141224_200950modified.jpg\" width=\"640\" height=\"384\" border=\"0\" \/><\/a><\/div>\n<div class=\"separator\" style=\"clear: both; text-align: center;\"><\/div>\n<div class=\"separator\" style=\"clear: both; text-align: center;\">y los tendremos durante dos horas, dando la vuelta con mucho cuidado, cada media m\u00e1s o menos.<\/div>\n<div class=\"separator\" style=\"clear: both; text-align: center;\"><a style=\"margin-left: 1em; margin-right: 1em;\" href=\"http:\/\/1.bp.blogspot.com\/-djqWy5nylEk\/Vm8nPLBtbyI\/AAAAAAAAgQc\/MzCceZ9nPfY\/s1600\/20141224_201441%2Bmodified.jpg\"><img decoding=\"async\" loading=\"lazy\" src=\"https:\/\/elcalaixetdelaiaia.es\/wp-content\/uploads\/2015\/12\/20141224_201441modified.jpg\" width=\"640\" height=\"384\" border=\"0\" \/><\/a><\/div>\n<div class=\"separator\" style=\"clear: both; text-align: center;\"><\/div>\n<div><\/div>\n<div class=\"separator\" style=\"clear: both; text-align: center;\">Y no ve\u00e1is c\u00f3mo huele toda la casa, cada vez que abro el horno&#8230;.mmm<\/div>\n<div class=\"separator\" style=\"clear: both; text-align: center;\"><a style=\"margin-left: 1em; margin-right: 1em;\" href=\"http:\/\/2.bp.blogspot.com\/-gqvBfsojhTc\/Vm8nPd9LK1I\/AAAAAAAAgQk\/MihmxKZVcOQ\/s1600\/20141224_201744.jpg\"><img decoding=\"async\" loading=\"lazy\" src=\"https:\/\/elcalaixetdelaiaia.es\/wp-content\/uploads\/2015\/12\/20141224_201744.jpg\" width=\"640\" height=\"384\" border=\"0\" \/><\/a><\/div>\n<div class=\"separator\" style=\"clear: both; text-align: center;\"><\/div>\n<div class=\"separator\" style=\"clear: both; text-align: center;\">Sacaremos unas pocas verduras y algo de jugo y trituraremos para hacer una salsa, aunque dejando jugo y verduras con la carne, porque no a todos les gusta triturada. La serviremos en salsera y muy caliente<\/div>\n<div class=\"separator\" style=\"clear: both; text-align: center;\"><a style=\"margin-left: 1em; margin-right: 1em;\" href=\"http:\/\/1.bp.blogspot.com\/-GCj0t2gdY1g\/Vm8nPxEWDUI\/AAAAAAAAgQw\/shq-p18e70Q\/s1600\/20141224_205935%2Bmodified.jpg\"><img decoding=\"async\" loading=\"lazy\" src=\"https:\/\/elcalaixetdelaiaia.es\/wp-content\/uploads\/2015\/12\/20141224_205935modified.jpg\" width=\"640\" height=\"384\" border=\"0\" \/><\/a><\/div>\n<div class=\"separator\" style=\"clear: both; text-align: center;\"><\/div>\n<div class=\"separator\" style=\"clear: both; text-align: center;\">Con la ayuda de unas pinzas de cocina y las tijeras retiraremos con esmero el hilo de la costura antes de proceder a poner las piezas en sus bandejas, pero con mucho cuidado porque la carne se deshace de tierna que queda.<\/div>\n<div class=\"separator\" style=\"clear: both; text-align: center;\"><a style=\"margin-left: 1em; margin-right: 1em;\" href=\"http:\/\/4.bp.blogspot.com\/-Y81ldqcd_ZI\/Vm8nQmbZ96I\/AAAAAAAAgQ0\/ya79B6H211Q\/s1600\/corderfirm.jpg\"><img decoding=\"async\" loading=\"lazy\" src=\"https:\/\/elcalaixetdelaiaia.es\/wp-content\/uploads\/2015\/12\/corderfirm.jpg\" width=\"640\" height=\"462\" border=\"0\" \/><\/a><\/div>\n<div class=\"separator\" style=\"clear: both; text-align: center;\"><\/div>\n<p>Y lamentablemente no tengo mas foto que \u00e9sta, no puedo ense\u00f1aros el corte ni la raci\u00f3n&#8230;.as\u00ed que no ten\u00e9is m\u00e1s remedio que confiar en mi y cocinar \u00e9ste plato para que ve\u00e1is que no os enga\u00f1o cuando os digo que es que es absolutamente delicioso, un aut\u00e9ntico manjar. \u00a0 \u00abA la taula i&#8230; BON PROFIT!!!<\/p>\n<p>Con esta receta participo en el Reto de \u00abCHRISTMAS TIME\u00bb de la\u00a0<a href=\"http:\/\/cocinerosdelmundodegoogle.blogspot.com.es\/\">Comunidad de Cocineros del Mundo en G +<\/a>, en el apartado de salado.<br \/>\nSi te gusta \u00e9sta receta, punt\u00faala con g+1, as\u00ed mucha gente podr\u00e1 disfrutar de ella. Graciaaaaas&#8230;.<\/p>\n<\/div>\n","protected":false},"excerpt":{"rendered":"<p>\u00abNadala; La nit de Nadal es nit d&#8217;alegr\u00eda, el fill de Mar\u00eda ha nascut al portal\u00bb La Nochebuena es noche de alegr\u00eda, el hijo de Mar\u00eda ha nacido en el portal. Un cl\u00e1sico en casi todas las mesas en Navidad es el cordero, hoy traigo mi receta tradicional para Nochebuena, &hellip; <\/p>\n","protected":false},"author":2,"featured_media":6634,"comment_status":"open","ping_status":"open","sticky":false,"template":"","format":"standard","meta":[],"categories":[12,1],"tags":[],"_links":{"self":[{"href":"https:\/\/elcalaixetdelaiaia.es\/index.php?rest_route=\/wp\/v2\/posts\/480"}],"collection":[{"href":"https:\/\/elcalaixetdelaiaia.es\/index.php?rest_route=\/wp\/v2\/posts"}],"about":[{"href":"https:\/\/elcalaixetdelaiaia.es\/index.php?rest_route=\/wp\/v2\/types\/post"}],"author":[{"embeddable":true,"href":"https:\/\/elcalaixetdelaiaia.es\/index.php?rest_route=\/wp\/v2\/users\/2"}],"replies":[{"embeddable":true,"href":"https:\/\/elcalaixetdelaiaia.es\/index.php?rest_route=%2Fwp%2Fv2%2Fcomments&post=480"}],"version-history":[{"count":4,"href":"https:\/\/elcalaixetdelaiaia.es\/index.php?rest_route=\/wp\/v2\/posts\/480\/revisions"}],"predecessor-version":[{"id":26306,"href":"https:\/\/elcalaixetdelaiaia.es\/index.php?rest_route=\/wp\/v2\/posts\/480\/revisions\/26306"}],"wp:featuredmedia":[{"embeddable":true,"href":"https:\/\/elcalaixetdelaiaia.es\/index.php?rest_route=\/wp\/v2\/media\/6634"}],"wp:attachment":[{"href":"https:\/\/elcalaixetdelaiaia.es\/index.php?rest_route=%2Fwp%2Fv2%2Fmedia&parent=480"}],"wp:term":[{"taxonomy":"category","embeddable":true,"href":"https:\/\/elcalaixetdelaiaia.es\/index.php?rest_route=%2Fwp%2Fv2%2Fcategories&post=480"},{"taxonomy":"post_tag","embeddable":true,"href":"https:\/\/elcalaixetdelaiaia.es\/index.php?rest_route=%2Fwp%2Fv2%2Ftags&post=480"}],"curies":[{"name":"wp","href":"https:\/\/api.w.org\/{rel}","templated":true}]}}