{"id":476,"date":"2015-12-17T15:56:00","date_gmt":"2015-12-17T15:56:00","guid":{"rendered":"http:\/\/elcalaixetdelaiaia.es\/arroz-meloso-con-rebollones-y-rabo-de"},"modified":"2025-09-04T17:17:11","modified_gmt":"2025-09-04T17:17:11","slug":"arroz-meloso-con-rebollones-y-rabo-de","status":"publish","type":"post","link":"https:\/\/elcalaixetdelaiaia.es\/?p=476","title":{"rendered":"Arroz meloso Valle con rebollones y rabo de toro paso a paso foto a foto"},"content":{"rendered":"<p>\u00abRefrany; Amic dels bons temps, muda amb el vent. En la desgr\u00e0cia i en la pena, els bons amics es coneixen\u00bb\u00a0 Amigo de \u00a0los buenos tiempos, muda con el viento. En la desgracia y en la pena, a los buenos amigos se conoce.<\/p>\n<div>\n<div style=\"text-align: center;\"><img decoding=\"async\" class=\"aligncenter\" src=\"https:\/\/elcalaixetdelaiaia.es\/wp-content\/uploads\/2015\/12\/IMG_23735B15D-1.png\" border=\"0\" \/><\/div>\n<\/div>\n<div><\/div>\n<div>\n<p>Martes de la Pur\u00edsima por la noche, \u00abcari\u00f1o, no se que hacer de cena, \u00bfque te apetece?\u00bb y en \u00e9se momento que te entra un watshap&#8230; \u00abos subimos unos rebollones que acabamos de coger en el pueblo\u00bb&#8230; cuando t\u00fa hace tiempo que no puedes subir al tuyo a cogerlos y te dan la posibilidad de comer unos rebollones con \u00e9ste olor a monte&#8230;.buffff menudo subid\u00f3oooon. Si es que tenemos un lujazo de amigos.<\/p>\n<p>Mi madre dec\u00eda que los buenos amigos, basta los dedos de una mano para contarlos, pero mi marido y yo gracias a Dios, hemos podido comprobar (con todo lo malo que nos est\u00e1 ocurriendo \u00faltimamente) que nos faltan dedos de las manos y pies de los dos juntos, para contar a todooooos los que tenemos a nuestro lado en \u00e9stos amargos momentos, y los \u00abamigos\u00bb que se han ido, (que tambi\u00e9n los hay) es porque no eran amigos, y les queda MUY grande \u00e9sa palabra.<\/p>\n<p>Nosotros no deseamos mal nadie, muy al contrario, ya sabemos que es muy dific\u00edl tener empat\u00eda y ponerse en nuestros zapatos, la palabra c\u00e1ncer asusta a muchos, y otros no saben c\u00f3mo comportarse, prefiriendo desaparecer&#8230; no nos da rabia&#8230; pero si mucha tristeza, as\u00ed que \u00abbon vent i barca nova\u00bb, tenemos mucha gente que nos quiere, y nos lo demuestra d\u00eda a d\u00eda \u00a1que afortunados somos!<\/p>\n<\/div>\n<div>Gracias queridos Marga y El\u00edas \u00a1a vuestra salud!<\/div>\n<div><\/div>\n<div><\/div>\n<div>\n<div style=\"text-align: center;\"><a href=\"http:\/\/4.bp.blogspot.com\/-pS7KJFSBsT8\/VmmfFuVMuXI\/AAAAAAAAf-0\/QBHWH2V-T44\/s1600\/IMG_7459%255B1%255D.PNG\"><img decoding=\"async\" class=\"aligncenter\" src=\"https:\/\/elcalaixetdelaiaia.es\/wp-content\/uploads\/2015\/12\/IMG_74595B15D-1.png\" border=\"0\" \/><\/a><\/div>\n<div style=\"text-align: center;\">Enseguida me puse a prepararlos para la cena y \u00e9sa misma noche cayeron unos cuantos a la plancha, solo con sal y aceite de oliva como le gustan a mi chico para disfrutar del aut\u00e9ntico sabor de la seta, sin ajos secos, tiernos ni nada que oculte el delicado sabor del reboll\u00f3n.<\/div>\n<div style=\"text-align: center;\">Como a mediod\u00eda hab\u00eda cocinado rabo de toro y a mi padre le hice algo mas suave, porque amaneci\u00f3 pachucho del est\u00f3mago, ten\u00eda su raci\u00f3n en el frigo y pens\u00e9 en hacer un arrocito meloso para comer al d\u00eda siguiente.<\/div>\n<p>As\u00ed que improvis\u00e9 \u00e9ste arroz del que pudo disfrutar incluso mi peque, que vino a comer y con el que reba\u00f1amos hasta el \u00faltimo grano.<br \/>\nNecesitaremos para tres;<\/p>\n<div style=\"text-align: center;\"><a href=\"http:\/\/2.bp.blogspot.com\/-zZY71JIec0k\/Vmma1RZzvbI\/AAAAAAAAf-g\/UhNmxJdQKK0\/s1600\/IMG_2051.PNG\"><img decoding=\"async\" src=\"https:\/\/elcalaixetdelaiaia.es\/wp-content\/uploads\/2015\/12\/IMG_2051-1.png\" border=\"0\" \/><\/a><\/div>\n<ol>\n<li>la carne del guisado de rabo (cuatro o cinco trozos grandes)<\/li>\n<li>800ml de caldo de la cocci\u00f3n de la carne<\/li>\n<li>1\/4 de un pimiento verde<\/li>\n<li>1\/4 de un pimiento rojo<\/li>\n<li>Un pu\u00f1ado de rebollones<\/li>\n<li>Un tomate maduro<\/li>\n<li>Una cebolleta<\/li>\n<li>Dos dientes de ajo<\/li>\n<li>300 g de arroz redondo<\/li>\n<li>Aceite de oliva<\/li>\n<li>Sal<\/li>\n<\/ol>\n<p>Para ver el paso a paso detallado de mi receta de rabo de toro en olla r\u00e1pida, pod\u00e9is pinchar aqu\u00ed\u00a0<a href=\"https:\/\/elcalaixetdelaiaia.es\/?p=447\">https:\/\/elcalaixetdelaiaia.es\/?p=447<\/a><\/p>\n<div style=\"text-align: center;\"><a href=\"http:\/\/4.bp.blogspot.com\/-rsYHBS-9UpY\/VmhQ--dPd8I\/AAAAAAAAf6o\/Zmd25RXRVVE\/s1600\/IMG_2001.PNG\"><img decoding=\"async\" src=\"https:\/\/elcalaixetdelaiaia.es\/wp-content\/uploads\/2015\/12\/IMG_2001-1.png\" border=\"0\" \/><\/a><\/div>\n<div><\/div>\n<div style=\"text-align: center;\">Justo ayer hice rabo de toro y me sobr\u00f3, como lo guard\u00e9 con en el caldo, solo aparto la carne del hueso que se despega con una suave presi\u00f3n del tenedor y dejo los trozos preparados, otro d\u00eda os subo la receta del rabo de toro, es un plato delicioso que deja la carne con una melosidad sorprendente.<\/div>\n<div><\/div>\n<\/div>\n<div>\n<div style=\"text-align: center;\"><a href=\"http:\/\/3.bp.blogspot.com\/-iF29S6qzBWU\/Vmmak8jcRCI\/AAAAAAAAf-E\/yltp12yKhGs\/s1600\/IMG_2034.PNG\"><img decoding=\"async\" src=\"https:\/\/elcalaixetdelaiaia.es\/wp-content\/uploads\/2015\/12\/IMG_2034-1.png\" border=\"0\" \/><\/a><\/div>\n<div><\/div>\n<div style=\"text-align: center;\">Pelamos y picamos la cebolla y la ponemos a pochar en aceite de oliva<\/div>\n<div><\/div>\n<div style=\"text-align: center;\"><a href=\"http:\/\/2.bp.blogspot.com\/-4pxlOln0lJ8\/Vmmcwqt0i1I\/AAAAAAAAf-o\/-0pB55BMjlQ\/s1600\/IMG_2132%255B1%255D.PNG\"><img decoding=\"async\" src=\"https:\/\/elcalaixetdelaiaia.es\/wp-content\/uploads\/2015\/12\/IMG_21325B15D-1.png\" border=\"0\" \/><\/a><\/div>\n<div style=\"text-align: center;\"><\/div>\n<div style=\"text-align: center;\">Pelamos y troceamos el tomate, pimientos y los ajitos, y los a\u00f1adimos a la cebolla ya pochada<\/div>\n<div style=\"text-align: center;\"><\/div>\n<div style=\"text-align: center;\"><a href=\"http:\/\/2.bp.blogspot.com\/-FYr54lZl7bI\/VmmasXXaZSI\/AAAAAAAAf-Q\/S164xV6IS9o\/s1600\/IMG_2037.PNG\"><img decoding=\"async\" src=\"https:\/\/elcalaixetdelaiaia.es\/wp-content\/uploads\/2015\/12\/IMG_2037-1.png\" border=\"0\" \/><\/a><\/div>\n<div style=\"text-align: center;\"><\/div>\n<div style=\"text-align: center;\">salteamos y cuando se evapore el agua del tomate, a\u00f1adimos los rebollones limpios y troceados, removemos y dejamos hacer las setas muy poco porque luego se acabar\u00e1n de hacer junto con el arroz<\/div>\n<div style=\"text-align: center;\"><\/div>\n<div style=\"text-align: center;\"><a href=\"http:\/\/2.bp.blogspot.com\/-VoGY8qH9IZc\/VnLRHPm9pKI\/AAAAAAAAgVk\/cNCo6FVpKZs\/s1600\/IMG_2352%255B1%255D.PNG\"><img decoding=\"async\" src=\"https:\/\/elcalaixetdelaiaia.es\/wp-content\/uploads\/2015\/12\/IMG_23525B15D-1.png\" border=\"0\" \/><\/a><\/div>\n<div style=\"text-align: center;\"><\/div>\n<div style=\"text-align: center;\">a\u00f1adimos 100g de arroz por comensal y removemos<\/div>\n<div style=\"text-align: center;\"><\/div>\n<div style=\"text-align: center;\"><a href=\"http:\/\/2.bp.blogspot.com\/-Z9YNCzhREf0\/VnLT5OhrrxI\/AAAAAAAAgVs\/YRMX33FzjPE\/s1600\/IMG_2367%255B1%255D.PNG\"><img decoding=\"async\" src=\"https:\/\/elcalaixetdelaiaia.es\/wp-content\/uploads\/2015\/12\/IMG_23675B15D-1.png\" border=\"0\" \/><\/a><\/div>\n<div style=\"text-align: center;\"><\/div>\n<div style=\"text-align: center;\">incorporamos las mollas de la carne de rabo de toro<\/div>\n<div style=\"text-align: center;\"><\/div>\n<div style=\"text-align: center;\"><a href=\"http:\/\/1.bp.blogspot.com\/-0BhStuzcXPk\/VnLT-nwWNOI\/AAAAAAAAgV0\/e5lKAoQtIXg\/s1600\/IMG_2368%255B1%255D.PNG\"><img decoding=\"async\" src=\"https:\/\/elcalaixetdelaiaia.es\/wp-content\/uploads\/2015\/12\/IMG_23685B15D-1.png\" border=\"0\" \/><\/a><\/div>\n<\/div>\n<div>\n<div><\/div>\n<div style=\"text-align: center;\">y el caldo de la cocci\u00f3n del rabo de toro o un caldo de carne pero que est\u00e9 a<\/div>\n<\/div>\n<div>\n<div style=\"text-align: center;\">punto de ebullici\u00f3n, rectificamos de sal si es necesario, y dejamos a fuego medio durante 18 minutos, removiendo con suavidad de vez en cuando<\/div>\n<div><\/div>\n<div style=\"text-align: center;\"><a href=\"http:\/\/3.bp.blogspot.com\/-QVcztgxTmbA\/VnLUJkxizCI\/AAAAAAAAgWE\/fwVYPVUDzRA\/s1600\/IMG_2372%255B1%255D.PNG\"><img decoding=\"async\" src=\"https:\/\/elcalaixetdelaiaia.es\/wp-content\/uploads\/2015\/12\/IMG_23725B15D-1.png\" border=\"0\" \/><\/a><\/div>\n<div><\/div>\n<div style=\"text-align: center;\">emplatamos y servimos de inmediato reci\u00e9n hecho<\/div>\n<div><\/div>\n<div style=\"text-align: center;\"><a href=\"http:\/\/3.bp.blogspot.com\/-BsHr8kN3qeE\/VnLUUScdI5I\/AAAAAAAAgWM\/Ub8Uu2k3Zdo\/s1600\/IMG_2371%255B1%255D.PNG\"><img decoding=\"async\" src=\"https:\/\/elcalaixetdelaiaia.es\/wp-content\/uploads\/2015\/12\/IMG_23715B15D-1.png\" border=\"0\" \/><\/a><\/div>\n<div style=\"text-align: center;\"><\/div>\n<div style=\"text-align: center;\">Es MUY IMPORTANTE que el arroz est\u00e9 en su punto exacto. El grano ha de estar entero, pero cocido y acompa\u00f1ado de un meloso caldo, cuanto apenas, no se trata de un arroz caldoso, que mucha gente tiende a confundirlo y para nada es igual. Os recomiendo dejarlo reposar dos minutos antes de comerlo. Yo no lo dej\u00e9 porque mientras, hice las fotos&#8230;..<\/div>\n<div style=\"text-align: center;\"><\/div>\n<div style=\"text-align: center;\"><a href=\"http:\/\/3.bp.blogspot.com\/-q8IP6qmrxXs\/VnLUaaEKibI\/AAAAAAAAgWU\/IC9CU7whuT8\/s1600\/IMG_2370%255B1%255D.PNG\"><img decoding=\"async\" src=\"https:\/\/elcalaixetdelaiaia.es\/wp-content\/uploads\/2015\/12\/IMG_23705B15D-1.png\" border=\"0\" \/><\/a><\/div>\n<div style=\"text-align: center;\"><\/div>\n<div style=\"text-align: center;\">El acompa\u00f1amiento de los n\u00edscalos y la carne de rabo de toro es perfecto para \u00e9ste arroz<\/div>\n<div style=\"text-align: center;\"><\/div>\n<div style=\"text-align: center;\"><a href=\"http:\/\/3.bp.blogspot.com\/-IMztdVm9BsQ\/VnLUeooICyI\/AAAAAAAAgWc\/GTWCpzi76zw\/s1600\/IMG_2369%255B1%255D.PNG\"><img decoding=\"async\" src=\"https:\/\/elcalaixetdelaiaia.es\/wp-content\/uploads\/2015\/12\/IMG_23695B15D.png\" border=\"0\" \/><\/a><\/div>\n<div style=\"text-align: center;\"><\/div>\n<div style=\"text-align: center;\">Casi no necesit\u00e9 ni fregar los platos&#8230; queee rico por Dios. \u00abA la taula i&#8230; BON PROFIT!!!\u00bb<\/div>\n<\/div>\n<div>\n<div style=\"text-align: center;\"><a style=\"font-style: italic; font-weight: bold; line-height: 25.2px; text-decoration: none;\" href=\"http:\/\/cocinerosdelmundodegoogle.blogspot.com.es\/\">Con esta receta participo en el reto de \u00abChristmas Time\u00bb de la Comunidad de Cocineros del Mundo de G+<\/a><a style=\"color: #bf9000; font-style: italic; font-weight: bold; line-height: 25.2px; text-decoration: none;\" href=\"http:\/\/cocinerosdelmundodegoogle.blogspot.com.es\/\">\u00a0<\/a>en el apartado de Salado.<br \/>\nEspero vuestro comentarios que para mi son MUY importantes y recordad que tambi\u00e9n estoy en Facebook <a href=\"https:\/\/www.facebook.com\/El-calaixet-de-la-iaia-533062140099386\/\">https:\/\/www.facebook.com\/El-calaixet-de-la-iaia-533062140099386\/<\/a><\/div>\n<\/div>\n","protected":false},"excerpt":{"rendered":"<p>\u00abRefrany; Amic dels bons temps, muda amb el vent. En la desgr\u00e0cia i en la pena, els bons amics es coneixen\u00bb\u00a0 Amigo de \u00a0los buenos tiempos, muda con el viento. En la desgracia y en la pena, a los buenos amigos se conoce. Martes de la Pur\u00edsima por la noche, &hellip; <\/p>\n","protected":false},"author":2,"featured_media":6446,"comment_status":"open","ping_status":"open","sticky":false,"template":"","format":"standard","meta":[],"categories":[36,1],"tags":[],"_links":{"self":[{"href":"https:\/\/elcalaixetdelaiaia.es\/index.php?rest_route=\/wp\/v2\/posts\/476"}],"collection":[{"href":"https:\/\/elcalaixetdelaiaia.es\/index.php?rest_route=\/wp\/v2\/posts"}],"about":[{"href":"https:\/\/elcalaixetdelaiaia.es\/index.php?rest_route=\/wp\/v2\/types\/post"}],"author":[{"embeddable":true,"href":"https:\/\/elcalaixetdelaiaia.es\/index.php?rest_route=\/wp\/v2\/users\/2"}],"replies":[{"embeddable":true,"href":"https:\/\/elcalaixetdelaiaia.es\/index.php?rest_route=%2Fwp%2Fv2%2Fcomments&post=476"}],"version-history":[{"count":10,"href":"https:\/\/elcalaixetdelaiaia.es\/index.php?rest_route=\/wp\/v2\/posts\/476\/revisions"}],"predecessor-version":[{"id":28532,"href":"https:\/\/elcalaixetdelaiaia.es\/index.php?rest_route=\/wp\/v2\/posts\/476\/revisions\/28532"}],"wp:featuredmedia":[{"embeddable":true,"href":"https:\/\/elcalaixetdelaiaia.es\/index.php?rest_route=\/wp\/v2\/media\/6446"}],"wp:attachment":[{"href":"https:\/\/elcalaixetdelaiaia.es\/index.php?rest_route=%2Fwp%2Fv2%2Fmedia&parent=476"}],"wp:term":[{"taxonomy":"category","embeddable":true,"href":"https:\/\/elcalaixetdelaiaia.es\/index.php?rest_route=%2Fwp%2Fv2%2Fcategories&post=476"},{"taxonomy":"post_tag","embeddable":true,"href":"https:\/\/elcalaixetdelaiaia.es\/index.php?rest_route=%2Fwp%2Fv2%2Ftags&post=476"}],"curies":[{"name":"wp","href":"https:\/\/api.w.org\/{rel}","templated":true}]}}