{"id":47,"date":"2019-01-23T18:08:58","date_gmt":"2019-01-23T18:08:58","guid":{"rendered":"http:\/\/elcalaixetdelaiaia.es\/?p=47"},"modified":"2020-04-19T14:01:50","modified_gmt":"2020-04-19T14:01:50","slug":"pan-blanco-en-panificadora-paso-paso","status":"publish","type":"post","link":"https:\/\/elcalaixetdelaiaia.es\/?p=47","title":{"rendered":"Pan blanco en panificadora paso a paso foto a foto"},"content":{"rendered":"<p>\u00abRefrany;\u00a0 A qui cou el pa,i fa la pasta, de tot li pasa\u00bb\u00a0 A quien cuece el pan, y hace la masa, de todo le pasa.<\/p>\n<p>Pues como bien dice el refr\u00e1n (los refranes no suelen mentir) de todo me pasa cuando hago pan, unas veces sale bueno, otras malo y otras regular, pero como todo lo que se hace en plan casero. Quien no hace nada&#8230;no le sale nunca malo \u00bfno?<\/p>\n<p>Me compr\u00e9 la panificadora de Lidl, ya que la \u00faltima vez que la pusieron de promoci\u00f3n y tras estar mi papi haciendo cola un mont\u00f3n de rato para consegu\u00edrmela, no la abrimos, ni la sacamos de la caja, hasta llegar al pueblo, y le faltaban los rodillos amasadores&#8230;cuando bajamos a Valencia, nos devolvieron el dinero, porque obviamente, no quedaban ya panificadoras, as\u00ed que esta vez de nuevo, mi chico se empe\u00f1\u00f3 en comprarla la, y comprob\u00f3 en la misma tienda, que no le faltaba nada. La estoy usando sin problemas, porque no le falta ning\u00fan accesorio.<\/p>\n<p>He hecho muchas veces pan en casa, pero amasando, dejando levar y cociendo en el horno, y mi papi se empe\u00f1\u00f3 en que deber\u00eda tener una panificadora para quitarme trabajo, porque muchas personas le hab\u00edan hablado muy bien de ellas.<\/p>\n<p>Hoy he hecho el pan b\u00e1sico y he preparado el paso a paso, por si ten\u00e9is panificadora y os apetece probar \u00e9sta receta de pan, que es creo, la m\u00e1s tradicional de las que se pueden hacer en \u00e9ste tipo de m\u00e1quinas y que nos ha encantado como queda. Creo que una receta ideal para comenzar a usar la m\u00e1quina y que desde luego, se queda fija en casa, ya que no gusta el pan con semillas, cebolla, ni nada similar, he hecho muchas pruebas y solo quieren el pan blanco.<\/p>\n<p>Necesitaremos;<\/p>\n<div class=\"separator\" style=\"clear: both; text-align: center;\"><a style=\"margin-left: 1em; margin-right: 1em;\" href=\"https:\/\/4.bp.blogspot.com\/-4vOraQZysoc\/WcS1iEYYE2I\/AAAAAAAAplM\/cl1V2j9Wo8sETrljGoZuSa_vbwvMJAi7gCEwYBhgL\/s1600\/IMG_3194.PNG\"><img decoding=\"async\" loading=\"lazy\" src=\"https:\/\/elcalaixetdelaiaia.es\/wp-content\/uploads\/2017\/10\/IMG_3194.png\" width=\"640\" height=\"480\" border=\"0\" data-original-height=\"1200\" data-original-width=\"1600\" \/><\/a><\/div>\n<ol>\n<li>270 ml. de agua sin sabor a cloro<\/li>\n<li>20g de aceite de oliva suave<\/li>\n<li>Una cucharadita de caf\u00e9 de sal<\/li>\n<li>Una cuharadita postre de az\u00facar<\/li>\n<li>500 gramos de harina de fuerza<\/li>\n<li>9,2 gr. de levadura r\u00e0pida especial de panadero o 20g de levadura fresca<\/li>\n<\/ol>\n<p style=\"text-align: center;\">Import\u00e1ntisimo, no us\u00e9is para hacer pan levadura qu\u00edmica de tipo Royal de la que usamos para hacer reposter\u00eda. No es ese tipo de de levadura el que necesitamos, si no Levadura de panadero. Podemos usarla fresca o seca, en el pan de hoy he utilizado la levadura seca y r\u00e1pida de la casa Vahin\u00e9. La levadura de panadero es un organismo vivo capaz de fermentar la masa, y para ello necesita: agua, tiempo y calor. Si vamos ausar levadura fresca, la deharemos primero con una poquita de agua tibia, jam\u00e1s caliente<\/p>\n<div class=\"separator\" style=\"clear: both; text-align: center;\"><a style=\"margin-left: 1em; margin-right: 1em;\" href=\"https:\/\/3.bp.blogspot.com\/-2WpO7ceI8ks\/WcS1qpfr5sI\/AAAAAAAAplM\/ELIIDpjxnz0QpShFYs9E8tDXeQvh7usHQCEwYBhgL\/s1600\/IMG_3198.PNG\"><img decoding=\"async\" loading=\"lazy\" src=\"https:\/\/elcalaixetdelaiaia.es\/wp-content\/uploads\/2017\/10\/IMG_3198.png\" width=\"480\" height=\"640\" border=\"0\" data-original-height=\"1600\" data-original-width=\"1200\" \/><\/a><\/div>\n<p style=\"text-align: center;\">Tras leerme varias veces las instrucciones (me cuesta un montooooon iniciarme con los paratejos nuevos) me puse manos a la obra con un pan sencillo, con la idea de que no sandr\u00eda demasiado bien y que por tanto, no lo publicar\u00eda y cual ha sido mi sorpresa, al ver que sale un pan buen\u00edsimo.<\/p>\n<p style=\"text-align: center;\">As\u00ed que voy con la explicaci\u00f3n del paso a paso, por si ten\u00e9is la maquinita y os anim\u00e1is a hacer vuestro propio pan, que sinceramente merece la pena.<\/p>\n<p style=\"text-align: center;\">No hay que amasar, ni esperar, ni hornear&#8230;.se meten todos los ingredientes, se elije el programa y unas 3 horas despu\u00e9s, la panificadora nos avisa de que el pan est\u00e1 listo.<\/p>\n<p style=\"text-align: center;\">Introducimos en la cubeta de la panificadora los ingredientes, primero el agua con la sal, luego la harina y\u00a0 por \u00faltimo la levadura de panadero en polvo o la fresca, ya desle\u00edda en el agua.<\/p>\n<div class=\"separator\" style=\"clear: both; text-align: center;\"><a style=\"margin-left: 1em; margin-right: 1em;\" href=\"https:\/\/3.bp.blogspot.com\/-LhJcltLpsvE\/WcS2_faIU7I\/AAAAAAAAplY\/iTWVIFA4p5Ih9oQ_bkBEBkyVWA5BfRUcACEwYBhgL\/s1600\/IMG_3199.PNG\"><img decoding=\"async\" loading=\"lazy\" src=\"https:\/\/elcalaixetdelaiaia.es\/wp-content\/uploads\/2017\/10\/IMG_3199.png\" width=\"480\" height=\"640\" border=\"0\" data-original-height=\"1600\" data-original-width=\"1200\" \/><\/a><\/div>\n<p style=\"text-align: center;\">Se me ha ocurrido comenzar con el programa n\u00ba2, que dice que es el pan esponjoso, y que tarda aproximadamente unas tres horas.<\/p>\n<p style=\"text-align: center;\"><a style=\"margin-left: 1em; margin-right: 1em;\" href=\"https:\/\/4.bp.blogspot.com\/-YDPZn0ZFbCY\/WcS1xBx6VII\/AAAAAAAAplM\/XnHQwABJF_YFbYMpDVtpRpHMaERDTMZegCEwYBhgL\/s1600\/IMG_3206.PNG\"><img decoding=\"async\" loading=\"lazy\" class=\"aligncenter\" src=\"https:\/\/elcalaixetdelaiaia.es\/wp-content\/uploads\/2017\/10\/IMG_3206.png\" width=\"640\" height=\"480\" border=\"0\" data-original-height=\"1200\" data-original-width=\"1600\" \/><\/a><\/p>\n<div class=\"separator\" style=\"clear: both; text-align: center;\">Damos a inicio y en poco mas de 3 horas nos sonar\u00e1 el timbre de finalizaci\u00f3n.<\/div>\n<div><\/div>\n<div class=\"separator\" style=\"clear: both; text-align: center;\"><a style=\"margin-left: 1em; margin-right: 1em;\" href=\"https:\/\/2.bp.blogspot.com\/-6ii-Ksb1nCg\/WcS13581OwI\/AAAAAAAAplM\/d2NtxrOONuUkOWIB1_4YuRm6qqQ58f6KgCEwYBhgL\/s1600\/IMG_3207.PNG\"><img decoding=\"async\" loading=\"lazy\" src=\"https:\/\/elcalaixetdelaiaia.es\/wp-content\/uploads\/2017\/10\/IMG_3207.png\" width=\"640\" height=\"480\" border=\"0\" data-original-height=\"1200\" data-original-width=\"1600\" \/><\/a><\/div>\n<p style=\"text-align: center;\">Seg\u00fan nos aconsejan, podemos retirar los rodillos de amasado, si lo hacemos, tendr\u00e1 que ser cuando termina el \u00faltimo amasado, aunque yo no lo veo importante,<\/p>\n<div class=\"separator\" style=\"clear: both; text-align: center;\"><a style=\"margin-left: 1em; margin-right: 1em;\" href=\"https:\/\/2.bp.blogspot.com\/-8XJP2n8_bJE\/WcS1-aPsLGI\/AAAAAAAAplM\/UGr35382hqYUk4ypx6e5f55t3vZ_UTiawCEwYBhgL\/s1600\/IMG_3209.PNG\"><img decoding=\"async\" loading=\"lazy\" src=\"https:\/\/elcalaixetdelaiaia.es\/wp-content\/uploads\/2017\/10\/IMG_3209.png\" width=\"480\" height=\"640\" border=\"0\" data-original-height=\"1600\" data-original-width=\"1200\" \/><\/a><\/div>\n<div style=\"text-align: center;\"><\/div>\n<div style=\"text-align: center;\">os lo explico por si lo quer\u00e9is hacer, pero lo \u00fanico que cambia es que como ver\u00e9is mas abajo, en caso de no quitarlos, al terminar de cocer nuestro pan, tendr\u00e1 en la parte posterior del mismo, una marca, pero no afecta para nada al sabor final y se puede sacar del cestillo sin el m\u00ednimo problema<\/div>\n<div style=\"text-align: center;\"><\/div>\n<div style=\"text-align: center;\"><img decoding=\"async\" loading=\"lazy\" class=\"alignnone size-large wp-image-18833\" src=\"https:\/\/elcalaixetdelaiaia.es\/wp-content\/uploads\/2019\/01\/IMG_3211a-768x1024.jpg\" alt=\"\" width=\"750\" height=\"1000\" srcset=\"https:\/\/elcalaixetdelaiaia.es\/wp-content\/uploads\/2019\/01\/IMG_3211a-768x1024.jpg 768w, https:\/\/elcalaixetdelaiaia.es\/wp-content\/uploads\/2019\/01\/IMG_3211a-225x300.jpg 225w\" sizes=\"(max-width: 750px) 100vw, 750px\" \/><\/div>\n<div style=\"text-align: center;\"><\/div>\n<div style=\"text-align: center;\">pasadas unas tres horas desde que echamos los ingredientes y tras esparcer un maravilloso aroma a pan reci\u00e9n hecho, por toda la casa y parte del vecindario jajajaja, tendremos nuestro pan listo, y de ello, nos avisar\u00e1 la m\u00e1quina con un pitido<\/div>\n<div style=\"text-align: center;\"><\/div>\n<div style=\"text-align: center;\"><img decoding=\"async\" loading=\"lazy\" class=\"alignnone size-large wp-image-18834\" src=\"https:\/\/elcalaixetdelaiaia.es\/wp-content\/uploads\/2019\/01\/IMG_3212a-1024x768.jpg\" alt=\"\" width=\"750\" height=\"563\" srcset=\"https:\/\/elcalaixetdelaiaia.es\/wp-content\/uploads\/2019\/01\/IMG_3212a-1024x768.jpg 1024w, https:\/\/elcalaixetdelaiaia.es\/wp-content\/uploads\/2019\/01\/IMG_3212a-300x225.jpg 300w, https:\/\/elcalaixetdelaiaia.es\/wp-content\/uploads\/2019\/01\/IMG_3212a-768x576.jpg 768w\" sizes=\"(max-width: 750px) 100vw, 750px\" \/><\/div>\n<div style=\"text-align: center;\">\n<p>Sacamos la cesta tirando del asa, la ponemos boca abajo, damos un golpe por la parte posterior de la misma, y desmoldamos el pan.<\/p>\n<\/div>\n<div style=\"text-align: center;\"><img decoding=\"async\" loading=\"lazy\" class=\"alignnone size-large wp-image-18835\" src=\"https:\/\/elcalaixetdelaiaia.es\/wp-content\/uploads\/2019\/01\/IMG_3213a-1024x768.jpg\" alt=\"\" width=\"750\" height=\"563\" srcset=\"https:\/\/elcalaixetdelaiaia.es\/wp-content\/uploads\/2019\/01\/IMG_3213a-1024x768.jpg 1024w, https:\/\/elcalaixetdelaiaia.es\/wp-content\/uploads\/2019\/01\/IMG_3213a-300x225.jpg 300w, https:\/\/elcalaixetdelaiaia.es\/wp-content\/uploads\/2019\/01\/IMG_3213a-768x576.jpg 768w\" sizes=\"(max-width: 750px) 100vw, 750px\" \/><\/div>\n<div style=\"text-align: center;\"><\/div>\n<div style=\"text-align: center;\">que tiene esta magn\u00edfica pinta. A ver c\u00f3mo ha salido por dentro que es lo que mas interesa&#8230;&#8230;.<\/div>\n<div style=\"text-align: center;\"><\/div>\n<div style=\"text-align: center;\"><img decoding=\"async\" loading=\"lazy\" class=\"alignnone size-large wp-image-18837\" src=\"https:\/\/elcalaixetdelaiaia.es\/wp-content\/uploads\/2019\/01\/IMG_3222-1024x689.png\" alt=\"\" width=\"750\" height=\"505\" srcset=\"https:\/\/elcalaixetdelaiaia.es\/wp-content\/uploads\/2019\/01\/IMG_3222-1024x689.png 1024w, https:\/\/elcalaixetdelaiaia.es\/wp-content\/uploads\/2019\/01\/IMG_3222-300x202.png 300w, https:\/\/elcalaixetdelaiaia.es\/wp-content\/uploads\/2019\/01\/IMG_3222-768x517.png 768w\" sizes=\"(max-width: 750px) 100vw, 750px\" \/><\/div>\n<div style=\"text-align: center;\"><\/div>\n<div style=\"text-align: center;\">pero tendremos que esperar un poco, ya que lo dejaremos enfriar sobre una rejilla, no lo dej\u00e9is en la panificadora a que se enfr\u00ede porque cambia mucho el resultado final y la corteza no est\u00e1 igual<\/div>\n<div style=\"text-align: center;\"><\/div>\n<div style=\"text-align: center;\"><img decoding=\"async\" loading=\"lazy\" class=\"alignnone size-large wp-image-18836\" src=\"https:\/\/elcalaixetdelaiaia.es\/wp-content\/uploads\/2019\/01\/IMG_3218-3a-1024x768.jpg\" alt=\"\" width=\"750\" height=\"563\" srcset=\"https:\/\/elcalaixetdelaiaia.es\/wp-content\/uploads\/2019\/01\/IMG_3218-3a-1024x768.jpg 1024w, https:\/\/elcalaixetdelaiaia.es\/wp-content\/uploads\/2019\/01\/IMG_3218-3a-300x225.jpg 300w, https:\/\/elcalaixetdelaiaia.es\/wp-content\/uploads\/2019\/01\/IMG_3218-3a-768x576.jpg 768w\" sizes=\"(max-width: 750px) 100vw, 750px\" \/><\/div>\n<div style=\"text-align: center;\"><\/div>\n<div style=\"text-align: center;\">No puedo esperar a que se enfr\u00ede del todo y con un cuchillo de sierra, corto la primer rebanada, para ver que tal&#8230;&#8230;<\/div>\n<div style=\"text-align: center;\"><\/div>\n<div style=\"text-align: center;\"><img decoding=\"async\" loading=\"lazy\" class=\"alignnone size-large wp-image-18838\" src=\"https:\/\/elcalaixetdelaiaia.es\/wp-content\/uploads\/2019\/01\/IMG_3223-1024x768.png\" alt=\"\" width=\"750\" height=\"563\" srcset=\"https:\/\/elcalaixetdelaiaia.es\/wp-content\/uploads\/2019\/01\/IMG_3223-1024x768.png 1024w, https:\/\/elcalaixetdelaiaia.es\/wp-content\/uploads\/2019\/01\/IMG_3223-300x225.png 300w, https:\/\/elcalaixetdelaiaia.es\/wp-content\/uploads\/2019\/01\/IMG_3223-768x576.png 768w\" sizes=\"(max-width: 750px) 100vw, 750px\" \/><\/div>\n<div style=\"text-align: center;\"><\/div>\n<div style=\"text-align: center;\">&#8230;y el resultado es estupendo. Un pan de miga muy tierna pero consistente,<\/div>\n<div style=\"text-align: center;\"><\/div>\n<div style=\"text-align: center;\"><img decoding=\"async\" loading=\"lazy\" class=\"alignnone size-large wp-image-18840\" src=\"https:\/\/elcalaixetdelaiaia.es\/wp-content\/uploads\/2019\/01\/IMG_3225-2a-768x1024.jpg\" alt=\"\" width=\"750\" height=\"1000\" srcset=\"https:\/\/elcalaixetdelaiaia.es\/wp-content\/uploads\/2019\/01\/IMG_3225-2a-768x1024.jpg 768w, https:\/\/elcalaixetdelaiaia.es\/wp-content\/uploads\/2019\/01\/IMG_3225-2a-225x300.jpg 225w\" sizes=\"(max-width: 750px) 100vw, 750px\" \/><\/div>\n<div style=\"text-align: center;\"><\/div>\n<div style=\"text-align: center;\">con una corteza crujiente y riqu\u00edsima. En caso de que sobre, podr\u00edamos congelarlo en rebanadas envueltas en pl\u00e1stico e ir sacando a medida que vayamos necesitando, pero en casa no ha sobrado.<\/div>\n<div style=\"text-align: center;\"><\/div>\n<div style=\"text-align: center;\"><img decoding=\"async\" loading=\"lazy\" class=\"alignnone size-large wp-image-18841\" src=\"https:\/\/elcalaixetdelaiaia.es\/wp-content\/uploads\/2019\/01\/IMG_3227-1024x768.png\" alt=\"\" width=\"750\" height=\"563\" srcset=\"https:\/\/elcalaixetdelaiaia.es\/wp-content\/uploads\/2019\/01\/IMG_3227-1024x768.png 1024w, https:\/\/elcalaixetdelaiaia.es\/wp-content\/uploads\/2019\/01\/IMG_3227-300x225.png 300w, https:\/\/elcalaixetdelaiaia.es\/wp-content\/uploads\/2019\/01\/IMG_3227-768x576.png 768w\" sizes=\"(max-width: 750px) 100vw, 750px\" \/><\/div>\n<div style=\"text-align: center;\"><\/div>\n<div style=\"text-align: center;\">lo comimos al d\u00eda siguiente en tostadas para el desayuno<\/div>\n<div style=\"text-align: center;\"><\/div>\n<div style=\"text-align: center;\"><img decoding=\"async\" loading=\"lazy\" class=\"alignnone size-large wp-image-18843\" src=\"https:\/\/elcalaixetdelaiaia.es\/wp-content\/uploads\/2019\/01\/IMG_3228a-1024x768.jpg\" alt=\"\" width=\"750\" height=\"563\" srcset=\"https:\/\/elcalaixetdelaiaia.es\/wp-content\/uploads\/2019\/01\/IMG_3228a-1024x768.jpg 1024w, https:\/\/elcalaixetdelaiaia.es\/wp-content\/uploads\/2019\/01\/IMG_3228a-300x225.jpg 300w, https:\/\/elcalaixetdelaiaia.es\/wp-content\/uploads\/2019\/01\/IMG_3228a-768x576.jpg 768w\" sizes=\"(max-width: 750px) 100vw, 750px\" \/><\/div>\n<div style=\"text-align: center;\"><\/div>\n<div style=\"text-align: center;\">y \u00e9sta es la se\u00f1al que deja el rodillo si no lo quitamos, vosotros decid\u00eds que hacer<\/div>\n<div style=\"text-align: center;\"><\/div>\n<div style=\"text-align: center;\"><img decoding=\"async\" loading=\"lazy\" class=\"alignnone size-large wp-image-18842\" src=\"https:\/\/elcalaixetdelaiaia.es\/wp-content\/uploads\/2019\/01\/IMG_3343-1024x768.png\" alt=\"\" width=\"750\" height=\"563\" srcset=\"https:\/\/elcalaixetdelaiaia.es\/wp-content\/uploads\/2019\/01\/IMG_3343-1024x768.png 1024w, https:\/\/elcalaixetdelaiaia.es\/wp-content\/uploads\/2019\/01\/IMG_3343-300x225.png 300w, https:\/\/elcalaixetdelaiaia.es\/wp-content\/uploads\/2019\/01\/IMG_3343-768x576.png 768w\" sizes=\"(max-width: 750px) 100vw, 750px\" \/><\/div>\n<div style=\"text-align: center;\"><\/div>\n<div style=\"text-align: center;\">Lo dejaremos envuelto en un trapo limpio y alejado de las corrientes de aire, para que no se reseque, si lo vamos a comer en el d\u00eda<\/div>\n<div style=\"text-align: center;\"><\/div>\n<div style=\"text-align: center;\"><img decoding=\"async\" loading=\"lazy\" class=\"alignnone size-large wp-image-18839\" src=\"https:\/\/elcalaixetdelaiaia.es\/wp-content\/uploads\/2019\/01\/IMG_3224-2-1024x768.png\" alt=\"\" width=\"750\" height=\"563\" srcset=\"https:\/\/elcalaixetdelaiaia.es\/wp-content\/uploads\/2019\/01\/IMG_3224-2-1024x768.png 1024w, https:\/\/elcalaixetdelaiaia.es\/wp-content\/uploads\/2019\/01\/IMG_3224-2-300x225.png 300w, https:\/\/elcalaixetdelaiaia.es\/wp-content\/uploads\/2019\/01\/IMG_3224-2-768x576.png 768w\" sizes=\"(max-width: 750px) 100vw, 750px\" \/><\/div>\n<div style=\"text-align: center;\"><\/div>\n<div style=\"text-align: center;\">Nosotros aun tibio, lo probamos en un bocata que nos resulta delicioso \u00abA la taula i&#8230;.BON PROFIT!!!\u00bb<\/div>\n<div style=\"text-align: center;\">Si te gusta \u00e9sta entrada, puedes compartirla. Gracias por hacerlo.Espero tus comentarios que para mi son MUY importantes y recuerda que tambi\u00e9n estoy en Facebook <a href=\"https:\/\/www.facebook.com\/El-calaixet-de-la-iaia-533062140099386\/\">https:\/\/www.facebook.com\/El-calaixet-de-la-iaia-533062140099386\/<\/a><\/div>\n<div>\n<div style=\"text-align: center;\">Si quieres recibir mis actualizaciones por mail, al final de \u00e9sta p\u00e1gina a la izquierda tienes como hacer para introducir tu correo electr\u00f3nico y no perderte las actualizaciones de mis recetas \u00a1Gracias!<\/div>\n<\/div>\n","protected":false},"excerpt":{"rendered":"<p>\u00abRefrany;\u00a0 A qui cou el pa,i fa la pasta, de tot li pasa\u00bb\u00a0 A quien cuece el pan, y hace la masa, de todo le pasa. Pues como bien dice el refr\u00e1n (los refranes no suelen mentir) de todo me pasa cuando hago pan, unas veces sale bueno, otras malo &hellip; <\/p>\n","protected":false},"author":2,"featured_media":18839,"comment_status":"open","ping_status":"open","sticky":false,"template":"","format":"standard","meta":[],"categories":[131,1],"tags":[],"_links":{"self":[{"href":"https:\/\/elcalaixetdelaiaia.es\/index.php?rest_route=\/wp\/v2\/posts\/47"}],"collection":[{"href":"https:\/\/elcalaixetdelaiaia.es\/index.php?rest_route=\/wp\/v2\/posts"}],"about":[{"href":"https:\/\/elcalaixetdelaiaia.es\/index.php?rest_route=\/wp\/v2\/types\/post"}],"author":[{"embeddable":true,"href":"https:\/\/elcalaixetdelaiaia.es\/index.php?rest_route=\/wp\/v2\/users\/2"}],"replies":[{"embeddable":true,"href":"https:\/\/elcalaixetdelaiaia.es\/index.php?rest_route=%2Fwp%2Fv2%2Fcomments&post=47"}],"version-history":[{"count":9,"href":"https:\/\/elcalaixetdelaiaia.es\/index.php?rest_route=\/wp\/v2\/posts\/47\/revisions"}],"predecessor-version":[{"id":21133,"href":"https:\/\/elcalaixetdelaiaia.es\/index.php?rest_route=\/wp\/v2\/posts\/47\/revisions\/21133"}],"wp:featuredmedia":[{"embeddable":true,"href":"https:\/\/elcalaixetdelaiaia.es\/index.php?rest_route=\/wp\/v2\/media\/18839"}],"wp:attachment":[{"href":"https:\/\/elcalaixetdelaiaia.es\/index.php?rest_route=%2Fwp%2Fv2%2Fmedia&parent=47"}],"wp:term":[{"taxonomy":"category","embeddable":true,"href":"https:\/\/elcalaixetdelaiaia.es\/index.php?rest_route=%2Fwp%2Fv2%2Fcategories&post=47"},{"taxonomy":"post_tag","embeddable":true,"href":"https:\/\/elcalaixetdelaiaia.es\/index.php?rest_route=%2Fwp%2Fv2%2Ftags&post=47"}],"curies":[{"name":"wp","href":"https:\/\/api.w.org\/{rel}","templated":true}]}}