{"id":461,"date":"2016-01-06T23:00:00","date_gmt":"2016-01-06T23:00:00","guid":{"rendered":"http:\/\/elcalaixetdelaiaia.es\/propositos-de-nuevo-ano"},"modified":"2018-01-05T15:44:36","modified_gmt":"2018-01-05T15:44:36","slug":"propositos-de-nuevo-ano","status":"publish","type":"post","link":"https:\/\/elcalaixetdelaiaia.es\/?p=461","title":{"rendered":"Prop\u00f3sitos de nuevo a\u00f1o"},"content":{"rendered":"<p>\u00abRefrany;<\/p>\n<div>\u00a0Any nou vida nova\u00bb.<\/div>\n<div>\n<p>A\u00f1o nuevo, vida nueva.La gente suele hacer proyectos, prop\u00f3sitos de vida nueva cuando comienza el a\u00f1o. Dejar de fumar, quitarse unos kilos, hacer m\u00e1s ejercicio&#8230;.como me gustar\u00eda tener una varita m\u00e1gica, que bien me vendr\u00eda esa varita m\u00e1gica, para devolver a los que se llevaron, a los que ya no est\u00e1n, para acabar con las guerras, el hambre, la miseria, las enfermedades, la maldad&#8230;..<\/p>\n<\/div>\n<div>\n<p>Hoy tras las fiestas navide\u00f1as, terminado el d\u00eda de Reyes y que por fin comienza la rutina del nuevo y reci\u00e9n estrenado 2016 me siento un poco a reflexionar sobre la vida, mi vida.<\/p>\n<div><\/div>\n<div class=\"separator\" style=\"clear: both; text-align: center;\"><a style=\"margin-left: 1em; margin-right: 1em;\" href=\"http:\/\/1.bp.blogspot.com\/-emUjCSOMgxE\/Vo2X5UQcX_I\/AAAAAAAAhLI\/Wj2EZ9rD6Q4\/s1600\/81611589e5e203ca8fcf9bae52e11989.jpg\"><img decoding=\"async\" loading=\"lazy\" src=\"https:\/\/elcalaixetdelaiaia.es\/wp-content\/uploads\/2016\/01\/81611589e5e203ca8fcf9bae52e11989.jpg\" width=\"400\" height=\"400\" border=\"0\" \/><\/a><\/div>\n<div>Me siento como aquel ni\u00f1o que gan\u00f3 un paquete de dulces: los primeros los comi\u00f3 con agrado, pero, cuando percibi\u00f3 que quedaban pocos, comenz\u00f3 a saborearlos profundamente.<\/div>\n<div><\/div>\n<div>Me he dado cuenta de que ya no tengo tiempo para reuniones interminables, donde se discuten estatutos, normas, procedimientos, reglamentos internos, y tonter\u00edas de deudas de comportamiento, sabiendo que no se va a lograr nada, y con personas que no saben el significado de la palabra empat\u00eda.<\/div>\n<\/div>\n<div><\/div>\n<div>\n<div>\n<div>\n<div class=\"separator\" style=\"clear: both; text-align: center;\"><a style=\"margin-left: 1em; margin-right: 1em;\" href=\"http:\/\/4.bp.blogspot.com\/-r6pe52xnvek\/Vo2fc35hzHI\/AAAAAAAAhLY\/iPVwJxGtaoU\/s1600\/var.jpg\"><img decoding=\"async\" loading=\"lazy\" src=\"https:\/\/elcalaixetdelaiaia.es\/wp-content\/uploads\/2016\/01\/var.jpg\" width=\"266\" height=\"400\" border=\"0\" \/><\/a><\/div>\n<div><\/div>\n<\/div>\n<div>Ya no tengo tiempo para soportar a personas absurdas que, a pesar de su edad cronol\u00f3gica, en alg\u00fan caso a\u00fan joven y en otros muy parecida a la m\u00eda, que no han crecido y que ya no quieren crecer.<\/div>\n<div>Ya no tengo tiempo para lidiar con mediocridades, ego\u00edsmos, falsedades e hipocres\u00edas.<\/div>\n<div>No quiero estar en reuniones familiares o no, donde desfilan egos inflados.<\/div>\n<div>No tolero a manipuladores y oportunistas, ya no, ya me he cansado, agotado.<\/div>\n<div>Me molestan los envidiosos, que tratan de desacreditar a los m\u00e1s capaces, para apropiarse de sus lugares, talentos y logros.<\/div>\n<div>Las personas no discuten contenidos, apenas los t\u00edtulos.Mi tiempo es escaso como para discutir t\u00edtulos.<\/div>\n<div><\/div>\n<div>Quiero la esencia, mi alma tiene prisa\u2026<\/div>\n<div>Sin muchos dulces en el paquete\u2026<\/div>\n<div>Quiero vivir al lado de gente humana, muy humana.Que sepa re\u00edr, de sus errores.<\/div>\n<div>Que no se envanezca, con sus triunfos. Que reconozca sus errores.<\/div>\n<div><\/div>\n<div>Que no se considere electa, antes de hora.<\/div>\n<div>Que no huya, de sus responsabilidades.<\/div>\n<div>Que defienda, la dignidad humana.<\/div>\n<div>Y que desee tan s\u00f3lo andar del lado de la verdad y la honradez.<\/div>\n<div>Lo esencial es lo que hace que la vida valga la pena.<\/div>\n<div>Quiero rodearme de gente, que sepa tocar el coraz\u00f3n de las personas\u2026\u00a0Gente a quien los golpes duros de la vida, le ha ense\u00f1ado a crecer con toques suaves en el alma y no a lastimar a los dem\u00e1s insistentemente y como condici\u00f3n primordial.<\/div>\n<div>S\u00ed\u2026 tengo prisa\u2026 por vivir con la intensidad que s\u00f3lo la madurez puede dar.Pretendo no desperdiciar parte alguna de los dulces que me quedan\u2026<br \/>\nEstoy seguro que ser\u00e1n m\u00e1s exquisitos que los que hasta ahora he comido.<\/div>\n<div>Mi meta es llegar al final satisfecho y en paz con mis seres queridos, pero los de verdad, y con mi conciencia limpia y tranquila como est\u00e1.<\/div>\n<div><\/div>\n<div class=\"separator\" style=\"clear: both; text-align: center;\"><a style=\"margin-left: 1em; margin-right: 1em;\" href=\"http:\/\/3.bp.blogspot.com\/-7TpEuxnuH30\/Vo2X5QJrdEI\/AAAAAAAAhLA\/wJNDdzi0uZM\/s1600\/La-varita-magica_web_es-596x596.jpg\"><img decoding=\"async\" loading=\"lazy\" src=\"https:\/\/elcalaixetdelaiaia.es\/wp-content\/uploads\/2016\/01\/La-varita-magica_web_es-596x596.jpg\" width=\"400\" height=\"400\" border=\"0\" \/><\/a><\/div>\n<div>Tenemos dos vidas y la segunda comienza cuando te das cuenta que s\u00f3lo tienes una, ahora me ha llegado ya \u00e9se momento.Mario de Andrade<br \/>\nPoeta, novelista, ensayista y music\u00f3logo brasile\u00f1o, con qui\u00e9n estoy plenamente de acuerdo y de quien recojo \u00e9stas palabras para compartirlas con quien me quiera leer.<\/div>\n<\/div>\n<\/div>\n","protected":false},"excerpt":{"rendered":"<p>\u00abRefrany; \u00a0Any nou vida nova\u00bb. A\u00f1o nuevo, vida nueva.La gente suele hacer proyectos, prop\u00f3sitos de vida nueva cuando comienza el a\u00f1o. Dejar de fumar, quitarse unos kilos, hacer m\u00e1s ejercicio&#8230;.como me gustar\u00eda tener una varita m\u00e1gica, que bien me vendr\u00eda esa varita m\u00e1gica, para devolver a los que se llevaron, &hellip; <\/p>\n","protected":false},"author":2,"featured_media":6431,"comment_status":"open","ping_status":"open","sticky":false,"template":"","format":"standard","meta":[],"categories":[46,1],"tags":[],"_links":{"self":[{"href":"https:\/\/elcalaixetdelaiaia.es\/index.php?rest_route=\/wp\/v2\/posts\/461"}],"collection":[{"href":"https:\/\/elcalaixetdelaiaia.es\/index.php?rest_route=\/wp\/v2\/posts"}],"about":[{"href":"https:\/\/elcalaixetdelaiaia.es\/index.php?rest_route=\/wp\/v2\/types\/post"}],"author":[{"embeddable":true,"href":"https:\/\/elcalaixetdelaiaia.es\/index.php?rest_route=\/wp\/v2\/users\/2"}],"replies":[{"embeddable":true,"href":"https:\/\/elcalaixetdelaiaia.es\/index.php?rest_route=%2Fwp%2Fv2%2Fcomments&post=461"}],"version-history":[{"count":4,"href":"https:\/\/elcalaixetdelaiaia.es\/index.php?rest_route=\/wp\/v2\/posts\/461\/revisions"}],"predecessor-version":[{"id":15284,"href":"https:\/\/elcalaixetdelaiaia.es\/index.php?rest_route=\/wp\/v2\/posts\/461\/revisions\/15284"}],"wp:featuredmedia":[{"embeddable":true,"href":"https:\/\/elcalaixetdelaiaia.es\/index.php?rest_route=\/wp\/v2\/media\/6431"}],"wp:attachment":[{"href":"https:\/\/elcalaixetdelaiaia.es\/index.php?rest_route=%2Fwp%2Fv2%2Fmedia&parent=461"}],"wp:term":[{"taxonomy":"category","embeddable":true,"href":"https:\/\/elcalaixetdelaiaia.es\/index.php?rest_route=%2Fwp%2Fv2%2Fcategories&post=461"},{"taxonomy":"post_tag","embeddable":true,"href":"https:\/\/elcalaixetdelaiaia.es\/index.php?rest_route=%2Fwp%2Fv2%2Ftags&post=461"}],"curies":[{"name":"wp","href":"https:\/\/api.w.org\/{rel}","templated":true}]}}