{"id":447,"date":"2016-01-18T17:51:00","date_gmt":"2016-01-18T17:51:00","guid":{"rendered":"http:\/\/elcalaixetdelaiaia.es\/rabo-de-toro-en-olla-rapida-paso-paso"},"modified":"2025-09-04T17:19:32","modified_gmt":"2025-09-04T17:19:32","slug":"rabo-de-toro-en-olla-rapida-paso-paso","status":"publish","type":"post","link":"https:\/\/elcalaixetdelaiaia.es\/?p=447","title":{"rendered":"Rabo de toro en olla r\u00e1pida paso a paso"},"content":{"rendered":"<p>\u00abRefrany; Per any nou,el d\u00eda allarga un pas de bou\u00bb. Por a\u00f1o nuevo, el d\u00eda alarga un paso de toro.<\/p>\n<p>Una deliciosa receta, que en la olla r\u00e1pida podemos tener lista en 40 minutos. \u00bfos anim\u00e1is a probarla?<br \/>\npodemos comerla como plato principal, o como base de otros. Os recomiendo las croquetas con rabo \u00a0y foie o una sopa de rabo o mejor a\u00fan un arroz meloso con rabo y n\u00edscalos que es una deliciosura.<br \/>\nEl otro d\u00eda hice uno, aqu\u00ed podr\u00e9is ver el paso a paso;\u00a0<a href=\"https:\/\/elcalaixetdelaiaia.es\/?p=476\">https:\/\/elcalaixetdelaiaia.es\/?p=476<\/a><\/p>\n<div style=\"text-align: center;\"><img decoding=\"async\" src=\"https:\/\/elcalaixetdelaiaia.es\/wp-content\/uploads\/2016\/01\/IMG_1998.png\" border=\"0\" \/><\/div>\n<p>En las carnicer\u00edas normalmente encontrar\u00e9is rabo de buey de vaca o ternera, ya que el rabo de toro es mas dif\u00edcil de encontrar,pero aunque el sabor es muy parecido si pod\u00e9is comer el de toro, os lo recomiendo, aunque \u00e9so es mi opini\u00f3n personal.<\/p>\n<p>Para dos personas necesitaremos;<\/p>\n<div style=\"text-align: center;\"><img decoding=\"async\" loading=\"lazy\" src=\"https:\/\/elcalaixetdelaiaia.es\/wp-content\/uploads\/2016\/01\/IMG_1985.png\" width=\"640\" height=\"480\" border=\"0\" \/><\/div>\n<ol>\n<li>Un rabo de toro o buey o vaca o ternera<\/li>\n<li>Una cebolla mediana<\/li>\n<li>Un puerro<\/li>\n<li>Dos zanahorias<\/li>\n<li>Cinco champi\u00f1ones<\/li>\n<li>Un tomate maduro grande<\/li>\n<li>Dos hojas de laurel<\/li>\n<li>Dos clavos de olor<\/li>\n<li>Pimienta en grano<\/li>\n<li>Aceite de oliva<\/li>\n<li>Un vaso de vino tinto<\/li>\n<li>Harina<\/li>\n<li>Dos vasos de caldo de carne<\/li>\n<li>Sal<\/li>\n<li>Pimienta<\/li>\n<\/ol>\n<div style=\"text-align: center;\"><\/div>\n<div style=\"text-align: center;\">\n<div class=\"separator\" style=\"clear: both; text-align: center;\"><a style=\"margin-left: 1em; margin-right: 1em;\" href=\"http:\/\/3.bp.blogspot.com\/-YSvOOjz3fYA\/VmmjtqwTM1I\/AAAAAAAAf_U\/crElgeMGUo0\/s1600\/IMG_1986.PNG\"><img decoding=\"async\" loading=\"lazy\" src=\"https:\/\/elcalaixetdelaiaia.es\/wp-content\/uploads\/2016\/01\/IMG_1986.png\" width=\"640\" height=\"480\" border=\"0\" \/><\/a><\/div>\n<\/div>\n<div><\/div>\n<div style=\"text-align: center;\">Comenzaremos salpimentando los trozos de rabo<\/div>\n<div><\/div>\n<div style=\"text-align: center;\"><a style=\"margin-left: 1em; margin-right: 1em;\" href=\"http:\/\/3.bp.blogspot.com\/-dq7JpxgcSnk\/VmmjgGrlRuI\/AAAAAAAAf_I\/Npb-lRSx9BM\/s1600\/IMG_1988.PNG\"><img decoding=\"async\" loading=\"lazy\" src=\"https:\/\/elcalaixetdelaiaia.es\/wp-content\/uploads\/2016\/01\/IMG_1988.png\" width=\"640\" height=\"470\" border=\"0\" \/><\/a><\/div>\n<div><\/div>\n<div style=\"text-align: center;\">Enharinamos y freimos en aceite de oliva en la misma olla que vamos a cocerlos<\/div>\n<div style=\"text-align: center;\"><a style=\"margin-left: 1em; margin-right: 1em;\" href=\"http:\/\/4.bp.blogspot.com\/-3EdAKyJFWiQ\/VmmjzQR4slI\/AAAAAAAAf_g\/-u0so7DHs2k\/s1600\/IMG_1989.PNG\"><img decoding=\"async\" loading=\"lazy\" src=\"https:\/\/elcalaixetdelaiaia.es\/wp-content\/uploads\/2016\/01\/IMG_1989.png\" width=\"640\" height=\"480\" border=\"0\" \/><\/a><\/div>\n<div><\/div>\n<div style=\"text-align: center;\">cuando est\u00e9n dorados retiramos de la olla, reservamos y en el mismo aceite freimos todas las verduras, cortadas en trozos no muy grandes<\/div>\n<div style=\"text-align: center;\"><a style=\"margin-left: 1em; margin-right: 1em;\" href=\"http:\/\/2.bp.blogspot.com\/-HQPGkR4f5rw\/Vmmj_cWzQPI\/AAAAAAAAf_s\/66xXXAfePIw\/s1600\/IMG_1990.PNG\"><img decoding=\"async\" loading=\"lazy\" src=\"https:\/\/elcalaixetdelaiaia.es\/wp-content\/uploads\/2016\/01\/IMG_1990.png\" width=\"640\" height=\"480\" border=\"0\" \/><\/a><\/div>\n<div><\/div>\n<div style=\"text-align: center;\">Cuando est\u00e9n las verduras pochadas, a\u00f1adimos de nuevo el rabo y regamos con el vino tinto<\/div>\n<div style=\"text-align: center;\"><a style=\"margin-left: 1em; margin-right: 1em;\" href=\"http:\/\/1.bp.blogspot.com\/-8EluIQrWbIU\/VmmkBiC626I\/AAAAAAAAf_0\/ltch4tfU7RI\/s1600\/IMG_1991.PNG\"><img decoding=\"async\" loading=\"lazy\" src=\"https:\/\/elcalaixetdelaiaia.es\/wp-content\/uploads\/2016\/01\/IMG_1991.png\" width=\"640\" height=\"480\" border=\"0\" \/><\/a><\/div>\n<div><\/div>\n<div style=\"text-align: center;\">y el caldo de carne<\/div>\n<div><\/div>\n<div style=\"text-align: center;\">\n<div class=\"separator\" style=\"clear: both; text-align: center;\"><a style=\"margin-left: 1em; margin-right: 1em;\" href=\"http:\/\/2.bp.blogspot.com\/-u_UvsZvUEe0\/Vmmj_oWHexI\/AAAAAAAAf_w\/DkWWWFKQRcQ\/s1600\/IMG_1992.PNG\"><img decoding=\"async\" loading=\"lazy\" src=\"https:\/\/elcalaixetdelaiaia.es\/wp-content\/uploads\/2016\/01\/IMG_1992.png\" width=\"640\" height=\"478\" border=\"0\" \/><\/a><\/div>\n<\/div>\n<div><\/div>\n<div style=\"text-align: center;\">dejamos evaporar el alcohol e incorporamos las hojas de laurel dos clavos de olor y \u00a0granos de pimienta, rectificaremos de sal cerramos la olla bajaremos al m\u00ednimo cuando salga en vapor y contamos una hora, \u00a0a partir de \u00e9ste momento<\/div>\n<div style=\"text-align: center;\"><\/div>\n<div style=\"text-align: center;\">\n<p><a style=\"margin-left: 1em; margin-right: 1em;\" href=\"http:\/\/1.bp.blogspot.com\/-4tuAiczPJZI\/VmmkU_kz_eI\/AAAAAAAAgAA\/k34YDTTQZ50\/s1600\/IMG_1993.PNG\"><img decoding=\"async\" loading=\"lazy\" src=\"https:\/\/elcalaixetdelaiaia.es\/wp-content\/uploads\/2016\/01\/IMG_1993.png\" width=\"640\" height=\"480\" border=\"0\" \/><\/a>Pasados los cuales, enfriaremos convenientemente la olla y abriremos con toda precauci\u00f3n, sacaremos la verduras, trituraremos y colaremos para obtener la salsa<\/p>\n<\/div>\n<div style=\"text-align: center;\"><\/div>\n<div class=\"separator\" style=\"clear: both; text-align: center;\"><a style=\"margin-left: 1em; margin-right: 1em;\" href=\"http:\/\/1.bp.blogspot.com\/-5IHbsP9vmJs\/VmmkblmHDII\/AAAAAAAAgAI\/sEUQPr7_bXU\/s1600\/IMG_1995.PNG\"><img decoding=\"async\" loading=\"lazy\" src=\"https:\/\/elcalaixetdelaiaia.es\/wp-content\/uploads\/2016\/01\/IMG_1995.png\" width=\"640\" height=\"480\" border=\"0\" \/><\/a><\/div>\n<div style=\"text-align: center;\"><\/div>\n<div style=\"text-align: center;\">Podemos servirlo sobre la salsa<\/div>\n<div style=\"text-align: center;\"><\/div>\n<div class=\"separator\" style=\"clear: both; text-align: center;\"><a style=\"margin-left: 1em; margin-right: 1em;\" href=\"http:\/\/3.bp.blogspot.com\/-YhWHHaxkLo8\/VmmkdTT6ZPI\/AAAAAAAAgAM\/KJyq-bxr8Q8\/s1600\/IMG_1996.PNG\"><img decoding=\"async\" loading=\"lazy\" src=\"https:\/\/elcalaixetdelaiaia.es\/wp-content\/uploads\/2016\/01\/IMG_1996.png\" width=\"640\" height=\"480\" border=\"0\" \/><\/a><\/div>\n<div class=\"separator\" style=\"clear: both; text-align: center;\"><\/div>\n<div class=\"separator\" style=\"clear: both; text-align: center;\">que tiene un sabor riqu\u00edsimo<\/div>\n<div style=\"text-align: center;\"><\/div>\n<div class=\"separator\" style=\"clear: both; text-align: center;\"><a style=\"margin-left: 1em; margin-right: 1em;\" href=\"http:\/\/4.bp.blogspot.com\/-CxZoPNY9uKk\/Vmmkru6Wn1I\/AAAAAAAAgAY\/52kdZYBvH4Y\/s1600\/IMG_1997.PNG\"><img decoding=\"async\" loading=\"lazy\" src=\"https:\/\/elcalaixetdelaiaia.es\/wp-content\/uploads\/2016\/01\/IMG_1997.png\" width=\"640\" height=\"480\" border=\"0\" \/><\/a><\/div>\n<div style=\"text-align: center;\"><\/div>\n<div style=\"text-align: center;\">o con sus jugos y la salsa aparte en salsera<\/div>\n<div style=\"text-align: center;\"><\/div>\n<div class=\"separator\" style=\"clear: both; text-align: center;\"><a style=\"margin-left: 1em; margin-right: 1em;\" href=\"http:\/\/3.bp.blogspot.com\/-1_wRXXetPUQ\/VmmkzmkQvzI\/AAAAAAAAgAg\/igX8VoIS92M\/s1600\/IMG_1998.PNG\"><img decoding=\"async\" loading=\"lazy\" src=\"https:\/\/elcalaixetdelaiaia.es\/wp-content\/uploads\/2016\/01\/IMG_1998.png\" width=\"640\" height=\"480\" border=\"0\" \/><\/a><\/div>\n<div style=\"text-align: center;\"><\/div>\n<div style=\"text-align: center;\">para que cada cual, se sirva a su gusto<\/div>\n<div style=\"text-align: center;\"><\/div>\n<div class=\"separator\" style=\"clear: both; text-align: center;\"><a style=\"margin-left: 1em; margin-right: 1em;\" href=\"http:\/\/2.bp.blogspot.com\/-j-xBFTTGb1k\/Vmmk3evYS8I\/AAAAAAAAgAo\/zBh4DzxGDo0\/s1600\/IMG_1999.PNG\"><img decoding=\"async\" loading=\"lazy\" src=\"https:\/\/elcalaixetdelaiaia.es\/wp-content\/uploads\/2016\/01\/IMG_1999.png\" width=\"640\" height=\"480\" border=\"0\" \/><\/a><\/div>\n<div style=\"text-align: center;\"><\/div>\n<div style=\"text-align: center;\">De una forma u otra, preparad el pan porque \u00e9sto est\u00e1&#8230;\u00a1de toma pan y moja!<\/div>\n<div style=\"text-align: center;\">\u00abA la taula i&#8230; BON PROFIT!!!\u00bb<\/div>\n<div>Ya sabes que espero tus comentarios que para mi, son muy importantes y que tambi\u00e9n puedes encontrarme en Facebook pinchando aqu\u00ed <a href=\"https:\/\/www.facebook.com\/El-calaixet-de-la-iaia-533062140099386\/\">https:\/\/www.facebook.com\/El-calaixet-de-la-iaia-533062140099386\/<\/a><\/div>\n","protected":false},"excerpt":{"rendered":"<p>\u00abRefrany; Per any nou,el d\u00eda allarga un pas de bou\u00bb. Por a\u00f1o nuevo, el d\u00eda alarga un paso de toro. Una deliciosa receta, que en la olla r\u00e1pida podemos tener lista en 40 minutos. \u00bfos anim\u00e1is a probarla? podemos comerla como plato principal, o como base de otros. Os recomiendo &hellip; <\/p>\n","protected":false},"author":2,"featured_media":6109,"comment_status":"open","ping_status":"open","sticky":false,"template":"","format":"standard","meta":[],"categories":[12,1],"tags":[],"_links":{"self":[{"href":"https:\/\/elcalaixetdelaiaia.es\/index.php?rest_route=\/wp\/v2\/posts\/447"}],"collection":[{"href":"https:\/\/elcalaixetdelaiaia.es\/index.php?rest_route=\/wp\/v2\/posts"}],"about":[{"href":"https:\/\/elcalaixetdelaiaia.es\/index.php?rest_route=\/wp\/v2\/types\/post"}],"author":[{"embeddable":true,"href":"https:\/\/elcalaixetdelaiaia.es\/index.php?rest_route=\/wp\/v2\/users\/2"}],"replies":[{"embeddable":true,"href":"https:\/\/elcalaixetdelaiaia.es\/index.php?rest_route=%2Fwp%2Fv2%2Fcomments&post=447"}],"version-history":[{"count":6,"href":"https:\/\/elcalaixetdelaiaia.es\/index.php?rest_route=\/wp\/v2\/posts\/447\/revisions"}],"predecessor-version":[{"id":28535,"href":"https:\/\/elcalaixetdelaiaia.es\/index.php?rest_route=\/wp\/v2\/posts\/447\/revisions\/28535"}],"wp:featuredmedia":[{"embeddable":true,"href":"https:\/\/elcalaixetdelaiaia.es\/index.php?rest_route=\/wp\/v2\/media\/6109"}],"wp:attachment":[{"href":"https:\/\/elcalaixetdelaiaia.es\/index.php?rest_route=%2Fwp%2Fv2%2Fmedia&parent=447"}],"wp:term":[{"taxonomy":"category","embeddable":true,"href":"https:\/\/elcalaixetdelaiaia.es\/index.php?rest_route=%2Fwp%2Fv2%2Fcategories&post=447"},{"taxonomy":"post_tag","embeddable":true,"href":"https:\/\/elcalaixetdelaiaia.es\/index.php?rest_route=%2Fwp%2Fv2%2Ftags&post=447"}],"curies":[{"name":"wp","href":"https:\/\/api.w.org\/{rel}","templated":true}]}}