{"id":440,"date":"2016-01-23T09:18:00","date_gmt":"2016-01-23T09:18:00","guid":{"rendered":"http:\/\/elcalaixetdelaiaia.es\/tatin-de-caramelo-salado-tomates-cherry"},"modified":"2023-02-28T16:25:27","modified_gmt":"2023-02-28T16:25:27","slug":"tatin-de-caramelo-salado-tomates-cherry","status":"publish","type":"post","link":"https:\/\/elcalaixetdelaiaia.es\/?p=440","title":{"rendered":"Tarta Tat\u00edn de caramelo salado, tomates cherry y sardinas en aceite paso a paso"},"content":{"rendered":"<p>\u00abRefrany;<br \/>\nA l&#8217;endem\u00e1 de San Vicent, l&#8217;hivern perd una dent\u00bb. \u00a0 Al d\u00eda siguiente de San Vicente, el invierno pierde un diente.<\/p>\n<p>Hoy voy a preparar una tarta tat\u00edn pero salada.<br \/>\nLa idea, la saqu\u00e9 de una revista y desde entonces he ido variando los ingredientes. Unas veces, a\u00f1ado sardinas, otras mejillones en escabeche, otras bacalao en aceite, otras\u00a0 longanizas fritas&#8230; dejar volar vuestra imaginaci\u00f3n.<\/p>\n<div class=\"separator\" style=\"clear: both; text-align: center;\"><a style=\"margin-left: 1em; margin-right: 1em;\" href=\"http:\/\/3.bp.blogspot.com\/-2tHBNt9J538\/VqKpJ1opYaI\/AAAAAAAAhu8\/PuQaCQjYgcE\/s1600\/IMG_3813%255B1%255D.PNG\"><img decoding=\"async\" loading=\"lazy\" src=\"https:\/\/elcalaixetdelaiaia.es\/wp-content\/uploads\/2016\/01\/IMG_38135B15D.png\" width=\"640\" height=\"480\" border=\"0\" \/><\/a><\/div>\n<p>He comprado de oferta unos tomates cereza de la clase kumato y en la despensa hay una lata de sardinas, as\u00ed que con poca cosa mas, ya tengo la cena resuelta.<\/p>\n<p>Necesitaremos;<\/p>\n<div class=\"separator\" style=\"clear: both; text-align: center;\"><a style=\"margin-left: 1em; margin-right: 1em;\" href=\"http:\/\/2.bp.blogspot.com\/-JX0JCplG7dI\/VqKsKJBz9zI\/AAAAAAAAhws\/De1ziqLLPIc\/s1600\/IMG_3799%255B1%255D.PNG\"><img decoding=\"async\" loading=\"lazy\" src=\"https:\/\/elcalaixetdelaiaia.es\/wp-content\/uploads\/2016\/01\/IMG_37995B15D.png\" width=\"640\" height=\"480\" border=\"0\" \/><\/a><\/div>\n<ol>\n<li>Una lata de sardinas en aceite<\/li>\n<li>300g de tomates cherry<\/li>\n<li>Una cucharada sopera de vinagre de m\u00f3dena<\/li>\n<li>Una cucharada sopera de az\u00facar<\/li>\n<li>Una cucharada sopera de agua<\/li>\n<li>Una cucharada sopera de sal<\/li>\n<li>Unas hojitas desalvia<\/li>\n<li>Pimienta reci\u00e9n molida<\/li>\n<li>Una plancha de hojaldre fresco<\/li>\n<\/ol>\n<div style=\"text-align: center;\">Lo ideal ser\u00e1 hacer \u00e9sta tarta tat\u00edn salada en un molde o sart\u00e9n que sirva para el fuego y para el horno, ya que vamos a preparar un caramelo salado y es mas f\u00e1cil para desmoldar.<\/div>\n<div style=\"text-align: center;\"><\/div>\n<div class=\"separator\" style=\"clear: both; text-align: center;\"><a style=\"margin-left: 1em; margin-right: 1em;\" href=\"http:\/\/3.bp.blogspot.com\/-rkuTJmrVo5k\/VqKsD5d7BMI\/AAAAAAAAhwk\/VnBG5Xs9w3Q\/s1600\/IMG_3800%255B1%255D.PNG\"><img decoding=\"async\" loading=\"lazy\" src=\"https:\/\/elcalaixetdelaiaia.es\/wp-content\/uploads\/2016\/01\/IMG_38005B15D.png\" width=\"640\" height=\"480\" border=\"0\" \/><\/a><\/div>\n<div style=\"text-align: center;\"><\/div>\n<div style=\"text-align: center;\">Ponemos a calentar el molde o sart\u00e9n a\u00f1adimos el az\u00facar la sal y la cucharada de agua y dejamos a fuego medio, que se haga un caramelo. A nosotros nos gusta con solo un ligero toque de caramelo, pero pod\u00e9is poner el doble de az\u00facar y sal, e incluso el triple, si os gusta muy caramelizado<\/div>\n<div style=\"text-align: center;\"><\/div>\n<div class=\"separator\" style=\"clear: both; text-align: center;\"><a style=\"margin-left: 1em; margin-right: 1em;\" href=\"http:\/\/2.bp.blogspot.com\/-9Q2ld2eHjl8\/VqKr4bwppBI\/AAAAAAAAhwc\/y9tNIXqqXOg\/s1600\/IMG_3801%255B1%255D.PNG\"><img decoding=\"async\" loading=\"lazy\" src=\"https:\/\/elcalaixetdelaiaia.es\/wp-content\/uploads\/2016\/01\/IMG_38015B15D.png\" width=\"640\" height=\"480\" border=\"0\" \/><\/a><\/div>\n<div style=\"text-align: center;\"><\/div>\n<div style=\"text-align: center;\">Mientras, enjuagamos los tomates y los cortamos por la mitad<\/div>\n<div style=\"text-align: center;\"><\/div>\n<div class=\"separator\" style=\"clear: both; text-align: center;\"><a style=\"margin-left: 1em; margin-right: 1em;\" href=\"http:\/\/1.bp.blogspot.com\/-MMXQEYBbLjg\/VqKrjlz6hlI\/AAAAAAAAhwU\/gKKWEdH7UwE\/s1600\/IMG_3802%255B1%255D.PNG\"><img decoding=\"async\" loading=\"lazy\" src=\"https:\/\/elcalaixetdelaiaia.es\/wp-content\/uploads\/2016\/01\/IMG_38025B15D.png\" width=\"640\" height=\"480\" border=\"0\" \/><\/a><\/div>\n<div style=\"text-align: center;\"><\/div>\n<div style=\"text-align: center;\">quitamos las escamas, las espinas y las tripas de las sardinas<\/div>\n<div style=\"text-align: center;\"><\/div>\n<div class=\"separator\" style=\"clear: both; text-align: center;\"><a style=\"margin-left: 1em; margin-right: 1em;\" href=\"http:\/\/2.bp.blogspot.com\/-NJKrLDSNJKg\/VqKrS5g1RTI\/AAAAAAAAhwM\/ooDcWg5-Vwk\/s1600\/IMG_3803%255B1%255D.PNG\"><img decoding=\"async\" loading=\"lazy\" src=\"https:\/\/elcalaixetdelaiaia.es\/wp-content\/uploads\/2016\/01\/IMG_38035B15D.png\" width=\"640\" height=\"480\" border=\"0\" \/><\/a><\/div>\n<div style=\"text-align: center;\"><\/div>\n<div style=\"text-align: center;\">picaremos unas ramitas de salvia<\/div>\n<div style=\"text-align: center;\"><\/div>\n<div class=\"separator\" style=\"clear: both; text-align: center;\"><a style=\"margin-left: 1em; margin-right: 1em;\" href=\"http:\/\/2.bp.blogspot.com\/-PWird8KGbSQ\/VqKrLr6lxMI\/AAAAAAAAhwE\/1qc16f7Vsjk\/s1600\/IMG_3804%255B1%255D.PNG\"><img decoding=\"async\" loading=\"lazy\" src=\"https:\/\/elcalaixetdelaiaia.es\/wp-content\/uploads\/2016\/01\/IMG_38045B15D.png\" width=\"640\" height=\"480\" border=\"0\" \/><\/a><\/div>\n<div style=\"text-align: center;\"><\/div>\n<div style=\"text-align: center;\">ya tendremos el caramelo hecho<\/div>\n<div style=\"text-align: center;\"><\/div>\n<div class=\"separator\" style=\"clear: both; text-align: center;\"><a style=\"margin-left: 1em; margin-right: 1em;\" href=\"http:\/\/3.bp.blogspot.com\/-HNJXFm2p-Dk\/VqKrAFCX5UI\/AAAAAAAAhv8\/t7WtE4xo7_A\/s1600\/IMG_3805%255B1%255D.PNG\"><img decoding=\"async\" loading=\"lazy\" src=\"https:\/\/elcalaixetdelaiaia.es\/wp-content\/uploads\/2016\/01\/IMG_38055B15D.png\" width=\"640\" height=\"480\" border=\"0\" \/><\/a><\/div>\n<div style=\"text-align: center;\"><\/div>\n<div style=\"text-align: center;\">y a\u00f1adiremos el vinagre de m\u00f3dena, removemos<\/div>\n<div style=\"text-align: center;\"><\/div>\n<div class=\"separator\" style=\"clear: both; text-align: center;\"><a style=\"margin-left: 1em; margin-right: 1em;\" href=\"http:\/\/3.bp.blogspot.com\/-xecBycqruSE\/VqKq2jtwxlI\/AAAAAAAAhv0\/6tdiajX3OnI\/s1600\/IMG_3806%255B1%255D.PNG\"><img decoding=\"async\" loading=\"lazy\" src=\"https:\/\/elcalaixetdelaiaia.es\/wp-content\/uploads\/2016\/01\/IMG_38065B15D.png\" width=\"640\" height=\"480\" border=\"0\" \/><\/a><\/div>\n<div style=\"text-align: center;\"><\/div>\n<div style=\"text-align: center;\">y a\u00f1adiremos los tomates a vuestro gusto, puede ser boca arriba, que os quedar\u00e1n luego redonditos o boca abajo que quedar\u00e1n mas hechos, a\u00f1adiremos las sardinas<\/div>\n<div style=\"text-align: center;\"><\/div>\n<div class=\"separator\" style=\"clear: both; text-align: center;\"><a style=\"margin-left: 1em; margin-right: 1em;\" href=\"http:\/\/3.bp.blogspot.com\/-vkI8QsTidRI\/VqKqv7JcHGI\/AAAAAAAAhvs\/lMR3RHZpoGU\/s1600\/IMG_3807%255B1%255D.PNG\"><img decoding=\"async\" loading=\"lazy\" src=\"https:\/\/elcalaixetdelaiaia.es\/wp-content\/uploads\/2016\/01\/IMG_38075B15D.png\" width=\"640\" height=\"480\" border=\"0\" \/><\/a><\/div>\n<div style=\"text-align: center;\"><\/div>\n<div style=\"text-align: center;\">la salvia picada<\/div>\n<div style=\"text-align: center;\"><\/div>\n<div class=\"separator\" style=\"clear: both; text-align: center;\"><a style=\"margin-left: 1em; margin-right: 1em;\" href=\"http:\/\/4.bp.blogspot.com\/-MCvL25SbcWw\/VqKqf7kwBrI\/AAAAAAAAhvk\/cCseIa_H93Y\/s1600\/IMG_3808%255B1%255D.PNG\"><img decoding=\"async\" loading=\"lazy\" src=\"https:\/\/elcalaixetdelaiaia.es\/wp-content\/uploads\/2016\/01\/IMG_38085B15D.png\" width=\"640\" height=\"480\" border=\"0\" \/><\/a><\/div>\n<div style=\"text-align: center;\"><\/div>\n<div style=\"text-align: center;\">molemos pimienta y retiramos del fuego<\/div>\n<div style=\"text-align: center;\"><\/div>\n<div class=\"separator\" style=\"clear: both; text-align: center;\"><a style=\"margin-left: 1em; margin-right: 1em;\" href=\"http:\/\/2.bp.blogspot.com\/-RmdI1CsYU_w\/VqKqOBumj4I\/AAAAAAAAhvc\/mbZjI3mP_GI\/s1600\/IMG_3809%255B1%255D.PNG\"><img decoding=\"async\" loading=\"lazy\" src=\"https:\/\/elcalaixetdelaiaia.es\/wp-content\/uploads\/2016\/01\/IMG_38095B15D.png\" width=\"640\" height=\"480\" border=\"0\" \/><\/a><\/div>\n<div style=\"text-align: center;\"><\/div>\n<div style=\"text-align: center;\">si nuestra placa no es redonda como nuestro molde, le daremos forma circular<\/div>\n<div style=\"text-align: center;\"><\/div>\n<div class=\"separator\" style=\"clear: both; text-align: center;\"><a style=\"margin-left: 1em; margin-right: 1em;\" href=\"http:\/\/3.bp.blogspot.com\/-AMyMb9TtoGQ\/VqKqFGz08AI\/AAAAAAAAhvU\/OZjZKDn8KtU\/s1600\/IMG_3810%255B1%255D.PNG\"><img decoding=\"async\" loading=\"lazy\" src=\"https:\/\/elcalaixetdelaiaia.es\/wp-content\/uploads\/2016\/01\/IMG_38105B15D.png\" width=\"640\" height=\"480\" border=\"0\" \/><\/a><\/div>\n<div style=\"text-align: center;\"><\/div>\n<div style=\"text-align: center;\">y la colocaremos sobre los tomatitos remetiendo los bordes hacia abajo.<\/div>\n<div style=\"text-align: center;\"><\/div>\n<div class=\"separator\" style=\"clear: both; text-align: center;\"><a style=\"margin-left: 1em; margin-right: 1em;\" href=\"http:\/\/3.bp.blogspot.com\/-TLrwfuNk9R8\/VqK1H3XrP0I\/AAAAAAAAhxA\/fCBySwZ9ybk\/s1600\/forn.PNG\"><img decoding=\"async\" loading=\"lazy\" src=\"https:\/\/elcalaixetdelaiaia.es\/wp-content\/uploads\/2016\/01\/forn.png\" width=\"640\" height=\"486\" border=\"0\" \/><\/a><\/div>\n<div style=\"text-align: center;\"><\/div>\n<div style=\"text-align: center;\">y al horno precalentado a 180\u00ba a media altura durante unos 25 min. en mi horno o hasta que lo ve\u00e1is dorado en el vuestro, ya que cada horno necesita unos tiempos y os doy \u00e9stos estimativamente<\/div>\n<div style=\"text-align: center;\"><\/div>\n<div class=\"separator\" style=\"clear: both; text-align: center;\"><a style=\"margin-left: 1em; margin-right: 1em;\" href=\"http:\/\/3.bp.blogspot.com\/-TggzzuLyvmE\/VqKptnXAVNI\/AAAAAAAAhvM\/5EQA1Z4WR4Q\/s1600\/IMG_3811%255B1%255D.PNG\"><img decoding=\"async\" loading=\"lazy\" src=\"https:\/\/elcalaixetdelaiaia.es\/wp-content\/uploads\/2016\/01\/IMG_38115B15D.png\" width=\"640\" height=\"480\" border=\"0\" \/><\/a><\/div>\n<div style=\"text-align: center;\"><\/div>\n<div style=\"text-align: center;\">lo sacaremos cuando tenga m\u00e1s o menos \u00e9ste aspecto<\/div>\n<div style=\"text-align: center;\"><\/div>\n<div class=\"separator\" style=\"clear: both; text-align: center;\"><a style=\"margin-left: 1em; margin-right: 1em;\" href=\"http:\/\/3.bp.blogspot.com\/-3SFpCisMzlM\/VqKpkHGahTI\/AAAAAAAAhvE\/KeGRs9sziAA\/s1600\/IMG_3812%255B1%255D.PNG\"><img decoding=\"async\" loading=\"lazy\" src=\"https:\/\/elcalaixetdelaiaia.es\/wp-content\/uploads\/2016\/01\/IMG_38125B15D.png\" width=\"640\" height=\"480\" border=\"0\" \/><\/a><\/div>\n<div style=\"text-align: center;\"><\/div>\n<div style=\"text-align: center;\">voltearemos sobre el plato de servir antes de que se enfr\u00ede el caramelo<\/div>\n<div style=\"text-align: center;\"><\/div>\n<div class=\"separator\" style=\"clear: both; text-align: center;\"><a style=\"margin-left: 1em; margin-right: 1em;\" href=\"http:\/\/1.bp.blogspot.com\/-T6LyZLNQzZU\/VqKo0mJ9bAI\/AAAAAAAAhu0\/SjYSMfP3Nvs\/s1600\/IMG_3814%255B1%255D.PNG\"><img decoding=\"async\" loading=\"lazy\" src=\"https:\/\/elcalaixetdelaiaia.es\/wp-content\/uploads\/2016\/01\/IMG_38145B15D.png\" width=\"640\" height=\"480\" border=\"0\" \/><\/a><\/div>\n<div style=\"text-align: center;\"><\/div>\n<div style=\"text-align: center;\">y ya tenemos lista nuestra tarta tat\u00edn salada<\/div>\n<div style=\"text-align: center;\"><\/div>\n<div class=\"separator\" style=\"clear: both; text-align: center;\"><a style=\"margin-left: 1em; margin-right: 1em;\" href=\"http:\/\/2.bp.blogspot.com\/-h3je9JlCLVI\/VqKotLJfrcI\/AAAAAAAAhus\/tMcy3vwLpyg\/s1600\/IMG_3815%255B1%255D.PNG\"><img decoding=\"async\" loading=\"lazy\" src=\"https:\/\/elcalaixetdelaiaia.es\/wp-content\/uploads\/2016\/01\/IMG_38155B15D.png\" width=\"640\" height=\"480\" border=\"0\" \/><\/a><\/div>\n<div style=\"text-align: center;\"><\/div>\n<div style=\"text-align: center;\">a nosotros nos gusta reci\u00e9n hecha, pero fr\u00eda tambi\u00e9n est\u00e1 muy buena. \u00abA la taula i&#8230; bon profit!!!\u00bb<\/div>\n<div style=\"text-align: center;\">Si te gusta \u00e9sta entrada puedes compartir y as\u00ed podr\u00e1 verla mas gente. Gracias.<\/div>\n<div>Recuerda que estoy en faceboock <a href=\"https:\/\/www.facebook.com\/El-calaixet-de-la-iaia-533062140099386\">https:\/\/www.facebook.com\/El-calaixet-de-la-iaia-533062140099386<\/a><\/div>\n<div>Espero tus comentarios si quieres, intentar\u00e9 responder en cuanto me sea posible \ud83d\ude09<\/div>\n","protected":false},"excerpt":{"rendered":"<p>\u00abRefrany; A l&#8217;endem\u00e1 de San Vicent, l&#8217;hivern perd una dent\u00bb. \u00a0 Al d\u00eda siguiente de San Vicente, el invierno pierde un diente. Hoy voy a preparar una tarta tat\u00edn pero salada. La idea, la saqu\u00e9 de una revista y desde entonces he ido variando los ingredientes. Unas veces, a\u00f1ado sardinas, &hellip; <\/p>\n","protected":false},"author":2,"featured_media":6106,"comment_status":"open","ping_status":"open","sticky":false,"template":"","format":"standard","meta":[],"categories":[1],"tags":[],"_links":{"self":[{"href":"https:\/\/elcalaixetdelaiaia.es\/index.php?rest_route=\/wp\/v2\/posts\/440"}],"collection":[{"href":"https:\/\/elcalaixetdelaiaia.es\/index.php?rest_route=\/wp\/v2\/posts"}],"about":[{"href":"https:\/\/elcalaixetdelaiaia.es\/index.php?rest_route=\/wp\/v2\/types\/post"}],"author":[{"embeddable":true,"href":"https:\/\/elcalaixetdelaiaia.es\/index.php?rest_route=\/wp\/v2\/users\/2"}],"replies":[{"embeddable":true,"href":"https:\/\/elcalaixetdelaiaia.es\/index.php?rest_route=%2Fwp%2Fv2%2Fcomments&post=440"}],"version-history":[{"count":6,"href":"https:\/\/elcalaixetdelaiaia.es\/index.php?rest_route=\/wp\/v2\/posts\/440\/revisions"}],"predecessor-version":[{"id":24651,"href":"https:\/\/elcalaixetdelaiaia.es\/index.php?rest_route=\/wp\/v2\/posts\/440\/revisions\/24651"}],"wp:featuredmedia":[{"embeddable":true,"href":"https:\/\/elcalaixetdelaiaia.es\/index.php?rest_route=\/wp\/v2\/media\/6106"}],"wp:attachment":[{"href":"https:\/\/elcalaixetdelaiaia.es\/index.php?rest_route=%2Fwp%2Fv2%2Fmedia&parent=440"}],"wp:term":[{"taxonomy":"category","embeddable":true,"href":"https:\/\/elcalaixetdelaiaia.es\/index.php?rest_route=%2Fwp%2Fv2%2Fcategories&post=440"},{"taxonomy":"post_tag","embeddable":true,"href":"https:\/\/elcalaixetdelaiaia.es\/index.php?rest_route=%2Fwp%2Fv2%2Ftags&post=440"}],"curies":[{"name":"wp","href":"https:\/\/api.w.org\/{rel}","templated":true}]}}