{"id":44,"date":"2018-05-18T14:17:31","date_gmt":"2018-05-18T14:17:31","guid":{"rendered":"http:\/\/elcalaixetdelaiaia.es\/?p=44"},"modified":"2025-08-01T09:57:46","modified_gmt":"2025-08-01T09:57:46","slug":"bizcocho-de-horchata-glaseado-en","status":"publish","type":"post","link":"https:\/\/elcalaixetdelaiaia.es\/?p=44","title":{"rendered":"Bizcocho de horchata glaseado en panificadora paso a paso foto a foto"},"content":{"rendered":"<p>\u00abRefrany;No hi\u00e1 res millor compartit, que un bon bescuit\u00bb No hay nada mejor compartido, que un buen bizcocho.<\/p>\n<p>Pues \u00a1ale! hoy comparto con todos vosotros (aunque solo cibern\u00e9ticamente) un bizcocho maravilloso y riqu\u00edsimooooooo de horchata, y con una glasa, tambi\u00e9n de horchata (que ya sab\u00e9is lo que me tira mi tierra) preparado en la panificadora, que mas f\u00e1cil ya imposible, as\u00ed que si ten\u00e9is \u00e9sta maquinita, (a la que err\u00f3neamenteo no ve\u00eda provecho y que mi marido, afortunadamante me regal\u00f3) os pongo el paso a paso y tambi\u00e9n para hacerlo de manera tradicional.<\/p>\n<p>Estuve intentando\u00a0 hacerme con el manejo y al principio se me resist\u00eda, porque me cuesta esto de las maquinitas, los botoncitos y las instrucciones.\u00a0 Mi problema (bueno&#8230; uno de ellos, jajaja) es que me gusta experimentar, cambiar, a\u00f1adir, quitar y poner ingredientes y cantidades, aunque siempre anoto todo lo que hago y lo fotograf\u00edo&#8230;peerooooo soy un casoooooo, cuando no pierdo las notas, pierdo las fotos ayyy Dios que cabeza tengo.<\/p>\n<p>Ya he hecho unos panes buen\u00edsimos y unas mermeladas divinas, pero no encuentro las notas,\u00a0 as\u00ed que aunque tengo las fotos pues&#8230; no puedo publicar, porque todas las cantidades, los botoncitos donde apretar y los tiempos&#8230;est\u00e1n anotados en la libretita que he perdido \ud83d\ude41<\/p>\n<p><img decoding=\"async\" loading=\"lazy\" class=\"size-large wp-image-17187 aligncenter\" src=\"https:\/\/elcalaixetdelaiaia.es\/wp-content\/uploads\/2018\/05\/IMG_4970-1024x768.png\" alt=\"\" width=\"750\" height=\"563\" srcset=\"https:\/\/elcalaixetdelaiaia.es\/wp-content\/uploads\/2018\/05\/IMG_4970-1024x768.png 1024w, https:\/\/elcalaixetdelaiaia.es\/wp-content\/uploads\/2018\/05\/IMG_4970-300x225.png 300w, https:\/\/elcalaixetdelaiaia.es\/wp-content\/uploads\/2018\/05\/IMG_4970-768x576.png 768w\" sizes=\"(max-width: 750px) 100vw, 750px\" \/><\/p>\n<p>Con esta receta me pas\u00f3 al rev\u00e9s. Ten\u00eda las notas pero no las fotos y como estoy de reposo total y absoluto porque se me ha juntado la astenia, con el brote de fibro, una tendinitis en el aquiles y un esguince, puesss intentando pasar el tiempo en el ordenador, (para no volverme mas loquita de lo que ya estoy), he abierto una carpeta que no sab\u00eda lo que hab\u00eda dentro y \u00a1SORPRESAAAAAA! las fotos de esta \u00abdeliciosura\u00bb de bizcocho estaban all\u00ed, as\u00ed que all\u00e1 voy con una receta hecha hace ya tres a\u00f1os y que me marido le encant\u00f3 \ud83d\ude41 pero que ya no pude repetir para \u00e9l&#8230;<\/p>\n<p>Voy a ello \u00a1y ya est\u00e1is manos a la obra!, si es que no est\u00e1is a dieta clarooooooo.<\/p>\n<p>Necesitaremos;<\/p>\n<p><img decoding=\"async\" loading=\"lazy\" class=\"alignnone size-large wp-image-17168\" src=\"https:\/\/elcalaixetdelaiaia.es\/wp-content\/uploads\/2018\/05\/IMG_4837-1024x768.jpg\" alt=\"\" width=\"750\" height=\"563\" srcset=\"https:\/\/elcalaixetdelaiaia.es\/wp-content\/uploads\/2018\/05\/IMG_4837-1024x768.jpg 1024w, https:\/\/elcalaixetdelaiaia.es\/wp-content\/uploads\/2018\/05\/IMG_4837-300x225.jpg 300w, https:\/\/elcalaixetdelaiaia.es\/wp-content\/uploads\/2018\/05\/IMG_4837-768x576.jpg 768w\" sizes=\"(max-width: 750px) 100vw, 750px\" \/><\/p>\n<ol>\n<li>3 huevos camperos<\/li>\n<li>150 ml de aceite de oliva<\/li>\n<li>250 ml de horchata<\/li>\n<li>100 gr de az\u00facar moreno<\/li>\n<li>400 gr de harina<\/li>\n<li>Un sobrecito de levadura en polvo<\/li>\n<\/ol>\n<p>Para el glaseado;<\/p>\n<ol>\n<li>\u00a0100g de az\u00facar glas<\/li>\n<li>50ml de horchata tibia<\/li>\n<\/ol>\n<p><img decoding=\"async\" loading=\"lazy\" class=\"alignnone size-large wp-image-17170\" src=\"https:\/\/elcalaixetdelaiaia.es\/wp-content\/uploads\/2018\/05\/IMG_4876-1024x768.png\" alt=\"\" width=\"750\" height=\"563\" srcset=\"https:\/\/elcalaixetdelaiaia.es\/wp-content\/uploads\/2018\/05\/IMG_4876-1024x768.png 1024w, https:\/\/elcalaixetdelaiaia.es\/wp-content\/uploads\/2018\/05\/IMG_4876-300x225.png 300w, https:\/\/elcalaixetdelaiaia.es\/wp-content\/uploads\/2018\/05\/IMG_4876-768x576.png 768w\" sizes=\"(max-width: 750px) 100vw, 750px\" \/><\/p>\n<p>Comenzaremos quitando las aspas de la cubeta, ya que hoy no hay que amasar, solo la vamos a utilizar para hornear.<\/p>\n<p><img decoding=\"async\" loading=\"lazy\" class=\"alignnone size-large wp-image-17171\" src=\"https:\/\/elcalaixetdelaiaia.es\/wp-content\/uploads\/2018\/05\/IMG_4877-1024x768.png\" alt=\"\" width=\"750\" height=\"563\" srcset=\"https:\/\/elcalaixetdelaiaia.es\/wp-content\/uploads\/2018\/05\/IMG_4877-1024x768.png 1024w, https:\/\/elcalaixetdelaiaia.es\/wp-content\/uploads\/2018\/05\/IMG_4877-300x225.png 300w, https:\/\/elcalaixetdelaiaia.es\/wp-content\/uploads\/2018\/05\/IMG_4877-768x576.png 768w\" sizes=\"(max-width: 750px) 100vw, 750px\" \/><\/p>\n<p>los siguientes pasos os sirven igual para hacer de forma tradicional como para la panificadora. En un bol ponemos los huevos<\/p>\n<p><img decoding=\"async\" loading=\"lazy\" class=\"alignnone size-large wp-image-17172\" src=\"https:\/\/elcalaixetdelaiaia.es\/wp-content\/uploads\/2018\/05\/IMG_4878-1024x768.png\" alt=\"\" width=\"750\" height=\"563\" srcset=\"https:\/\/elcalaixetdelaiaia.es\/wp-content\/uploads\/2018\/05\/IMG_4878-1024x768.png 1024w, https:\/\/elcalaixetdelaiaia.es\/wp-content\/uploads\/2018\/05\/IMG_4878-300x225.png 300w, https:\/\/elcalaixetdelaiaia.es\/wp-content\/uploads\/2018\/05\/IMG_4878-768x576.png 768w\" sizes=\"(max-width: 750px) 100vw, 750px\" \/><\/p>\n<p style=\"text-align: center;\">a\u00f1adimos el az\u00facar, y batimos hasta que se mezclen bien<\/p>\n<p><img decoding=\"async\" loading=\"lazy\" class=\"alignnone size-large wp-image-17173\" src=\"https:\/\/elcalaixetdelaiaia.es\/wp-content\/uploads\/2018\/05\/IMG_4879-1024x773.png\" alt=\"\" width=\"750\" height=\"566\" srcset=\"https:\/\/elcalaixetdelaiaia.es\/wp-content\/uploads\/2018\/05\/IMG_4879-1024x773.png 1024w, https:\/\/elcalaixetdelaiaia.es\/wp-content\/uploads\/2018\/05\/IMG_4879-300x226.png 300w, https:\/\/elcalaixetdelaiaia.es\/wp-content\/uploads\/2018\/05\/IMG_4879-768x580.png 768w\" sizes=\"(max-width: 750px) 100vw, 750px\" \/><\/p>\n<p>a\u00f1adimos 250ml de horchata, si es fresca mejor, y si es casera, mejor a\u00fan. Pinchando en el enlace podr\u00e9is ver el paso paso para hacer vuestra propia horchata de chufas en casa <a href=\"https:\/\/elcalaixetdelaiaia.es\/?p=231\">https:\/\/elcalaixetdelaiaia.es\/?p=231<\/a><\/p>\n<p><img decoding=\"async\" loading=\"lazy\" class=\"alignnone size-large wp-image-17174\" src=\"https:\/\/elcalaixetdelaiaia.es\/wp-content\/uploads\/2018\/05\/IMG_4880-1024x768.png\" alt=\"\" width=\"750\" height=\"563\" srcset=\"https:\/\/elcalaixetdelaiaia.es\/wp-content\/uploads\/2018\/05\/IMG_4880-1024x768.png 1024w, https:\/\/elcalaixetdelaiaia.es\/wp-content\/uploads\/2018\/05\/IMG_4880-300x225.png 300w, https:\/\/elcalaixetdelaiaia.es\/wp-content\/uploads\/2018\/05\/IMG_4880-768x576.png 768w\" sizes=\"(max-width: 750px) 100vw, 750px\" \/><\/p>\n<p>a\u00f1adimos tambi\u00e9n el aceite de oliva que sea suave y seguimos batiendo<\/p>\n<p><img decoding=\"async\" loading=\"lazy\" class=\"alignnone size-large wp-image-17175\" src=\"https:\/\/elcalaixetdelaiaia.es\/wp-content\/uploads\/2018\/05\/IMG_4881-1024x768.png\" alt=\"\" width=\"750\" height=\"563\" srcset=\"https:\/\/elcalaixetdelaiaia.es\/wp-content\/uploads\/2018\/05\/IMG_4881-1024x768.png 1024w, https:\/\/elcalaixetdelaiaia.es\/wp-content\/uploads\/2018\/05\/IMG_4881-300x225.png 300w, https:\/\/elcalaixetdelaiaia.es\/wp-content\/uploads\/2018\/05\/IMG_4881-768x576.png 768w\" sizes=\"(max-width: 750px) 100vw, 750px\" \/><\/p>\n<p style=\"text-align: center;\">cerneremos la levadura<\/p>\n<p><img decoding=\"async\" loading=\"lazy\" class=\"alignnone size-large wp-image-17176\" src=\"https:\/\/elcalaixetdelaiaia.es\/wp-content\/uploads\/2018\/05\/IMG_4882-1024x702.png\" alt=\"\" width=\"750\" height=\"514\" srcset=\"https:\/\/elcalaixetdelaiaia.es\/wp-content\/uploads\/2018\/05\/IMG_4882-1024x702.png 1024w, https:\/\/elcalaixetdelaiaia.es\/wp-content\/uploads\/2018\/05\/IMG_4882-300x206.png 300w, https:\/\/elcalaixetdelaiaia.es\/wp-content\/uploads\/2018\/05\/IMG_4882-768x526.png 768w\" sizes=\"(max-width: 750px) 100vw, 750px\" \/><\/p>\n<p style=\"text-align: center;\">junto a la harina y la mezclaremos con la masa que ten\u00edamos reservada<\/p>\n<p><img decoding=\"async\" loading=\"lazy\" class=\"alignnone size-large wp-image-17177\" src=\"https:\/\/elcalaixetdelaiaia.es\/wp-content\/uploads\/2018\/05\/IMG_4883-1024x768.png\" alt=\"\" width=\"750\" height=\"563\" srcset=\"https:\/\/elcalaixetdelaiaia.es\/wp-content\/uploads\/2018\/05\/IMG_4883-1024x768.png 1024w, https:\/\/elcalaixetdelaiaia.es\/wp-content\/uploads\/2018\/05\/IMG_4883-300x225.png 300w, https:\/\/elcalaixetdelaiaia.es\/wp-content\/uploads\/2018\/05\/IMG_4883-768x576.png 768w\" sizes=\"(max-width: 750px) 100vw, 750px\" \/><\/p>\n<p>una vez bien batida y sin grumos, la volcaremos en la cubeta para hacerla en panificadora<\/p>\n<p><img decoding=\"async\" loading=\"lazy\" class=\"alignnone size-large wp-image-17178\" src=\"https:\/\/elcalaixetdelaiaia.es\/wp-content\/uploads\/2018\/05\/IMG_4884-1024x768.png\" alt=\"\" width=\"750\" height=\"563\" srcset=\"https:\/\/elcalaixetdelaiaia.es\/wp-content\/uploads\/2018\/05\/IMG_4884-1024x768.png 1024w, https:\/\/elcalaixetdelaiaia.es\/wp-content\/uploads\/2018\/05\/IMG_4884-300x225.png 300w, https:\/\/elcalaixetdelaiaia.es\/wp-content\/uploads\/2018\/05\/IMG_4884-768x576.png 768w\" sizes=\"(max-width: 750px) 100vw, 750px\" \/><\/p>\n<p>o en un molde que pueda ir al horno, previamente pincelado con mantequilla, si la vamos a hornear de forma tradicional y la pondremos en el horno precalentado\u00a0a 170\u00ba \u00a0y dejamos hornear aproximadamente 35 minutos (cada horno es un mundo y estos tiempos son orientativos) o hasta verla dorar y comprobar con un palillo en el centro si sale limpio.<\/p>\n<p><img decoding=\"async\" loading=\"lazy\" class=\"alignnone size-large wp-image-17179\" src=\"https:\/\/elcalaixetdelaiaia.es\/wp-content\/uploads\/2018\/05\/IMG_4885-1024x768.png\" alt=\"\" width=\"750\" height=\"563\" srcset=\"https:\/\/elcalaixetdelaiaia.es\/wp-content\/uploads\/2018\/05\/IMG_4885-1024x768.png 1024w, https:\/\/elcalaixetdelaiaia.es\/wp-content\/uploads\/2018\/05\/IMG_4885-300x225.png 300w, https:\/\/elcalaixetdelaiaia.es\/wp-content\/uploads\/2018\/05\/IMG_4885-768x576.png 768w\" sizes=\"(max-width: 750px) 100vw, 750px\" \/><\/p>\n<p>En la panificadora tapamos y programamos el men\u00fa 12<\/p>\n<p><img decoding=\"async\" loading=\"lazy\" class=\"alignnone size-large wp-image-17180\" src=\"https:\/\/elcalaixetdelaiaia.es\/wp-content\/uploads\/2018\/05\/IMG_4886-1024x768.png\" alt=\"\" width=\"750\" height=\"563\" srcset=\"https:\/\/elcalaixetdelaiaia.es\/wp-content\/uploads\/2018\/05\/IMG_4886-1024x768.png 1024w, https:\/\/elcalaixetdelaiaia.es\/wp-content\/uploads\/2018\/05\/IMG_4886-300x225.png 300w, https:\/\/elcalaixetdelaiaia.es\/wp-content\/uploads\/2018\/05\/IMG_4886-768x576.png 768w\" sizes=\"(max-width: 750px) 100vw, 750px\" \/><\/p>\n<p style=\"text-align: center;\">hornear, tueste medio.<\/p>\n<p><img decoding=\"async\" loading=\"lazy\" class=\"alignnone size-large wp-image-17181\" src=\"https:\/\/elcalaixetdelaiaia.es\/wp-content\/uploads\/2018\/05\/IMG_4887-1024x768.png\" alt=\"\" width=\"750\" height=\"563\" srcset=\"https:\/\/elcalaixetdelaiaia.es\/wp-content\/uploads\/2018\/05\/IMG_4887-1024x768.png 1024w, https:\/\/elcalaixetdelaiaia.es\/wp-content\/uploads\/2018\/05\/IMG_4887-300x225.png 300w, https:\/\/elcalaixetdelaiaia.es\/wp-content\/uploads\/2018\/05\/IMG_4887-768x576.png 768w\" sizes=\"(max-width: 750px) 100vw, 750px\" \/><\/p>\n<p style=\"text-align: center;\">En cuanto suene la se\u00f1al ac\u00fastica avisando que ya ha asado el tiempo necesario seg\u00fan el programa elegido,\u00a0sacamos la cubeta con el bizcocho dentro y dejamos que se enfr\u00ede un poco antes de \u00a0desmoldar.<\/p>\n<p style=\"text-align: center;\"><img decoding=\"async\" loading=\"lazy\" class=\"alignnone size-large wp-image-17182\" src=\"https:\/\/elcalaixetdelaiaia.es\/wp-content\/uploads\/2018\/05\/IMG_4888-1024x768.png\" alt=\"\" width=\"750\" height=\"563\" srcset=\"https:\/\/elcalaixetdelaiaia.es\/wp-content\/uploads\/2018\/05\/IMG_4888-1024x768.png 1024w, https:\/\/elcalaixetdelaiaia.es\/wp-content\/uploads\/2018\/05\/IMG_4888-300x225.png 300w, https:\/\/elcalaixetdelaiaia.es\/wp-content\/uploads\/2018\/05\/IMG_4888-768x576.png 768w\" sizes=\"(max-width: 750px) 100vw, 750px\" \/><\/p>\n<p style=\"text-align: center;\">Dejamos el bizcocho en una rejilla hasta que se enfr\u00ede completamente.Lo mismo haremos si lo hemos horneado en el horno tradicional<\/p>\n<p>Procederemos a preparar un glaseado de horchata para dar el toque final a \u00e9sta \u00abdeliciosura\u00bb palabro inventada por mi nieta mayor, cuando era muy chiquitina, para decir que algo est\u00e1 riqu\u00ediiiiisimo \ud83d\ude09<\/p>\n<p><img decoding=\"async\" loading=\"lazy\" class=\"alignnone size-large wp-image-17183\" src=\"https:\/\/elcalaixetdelaiaia.es\/wp-content\/uploads\/2018\/05\/IMG_4934-1024x768.png\" alt=\"\" width=\"750\" height=\"563\" srcset=\"https:\/\/elcalaixetdelaiaia.es\/wp-content\/uploads\/2018\/05\/IMG_4934-1024x768.png 1024w, https:\/\/elcalaixetdelaiaia.es\/wp-content\/uploads\/2018\/05\/IMG_4934-300x225.png 300w, https:\/\/elcalaixetdelaiaia.es\/wp-content\/uploads\/2018\/05\/IMG_4934-768x576.png 768w\" sizes=\"(max-width: 750px) 100vw, 750px\" \/><\/p>\n<p>para preparar el glaseado, calentaremos un poco los 50ml de horchata, hasta que est\u00e9 tibia, sacamos del fuego, y a\u00f1adimos poco a poco sobre los 100g de az\u00facar glas y batimos bien hasta que el az\u00facar se disuelva y quede una glasa sin grumos.<\/p>\n<p><img decoding=\"async\" loading=\"lazy\" class=\"alignnone size-large wp-image-17184\" src=\"https:\/\/elcalaixetdelaiaia.es\/wp-content\/uploads\/2018\/05\/IMG_4935-1024x768.png\" alt=\"\" width=\"750\" height=\"563\" srcset=\"https:\/\/elcalaixetdelaiaia.es\/wp-content\/uploads\/2018\/05\/IMG_4935-1024x768.png 1024w, https:\/\/elcalaixetdelaiaia.es\/wp-content\/uploads\/2018\/05\/IMG_4935-300x225.png 300w, https:\/\/elcalaixetdelaiaia.es\/wp-content\/uploads\/2018\/05\/IMG_4935-768x576.png 768w\" sizes=\"(max-width: 750px) 100vw, 750px\" \/><\/p>\n<p>colocaremos el bizcocho con la rejilla sobre una bandeja que recoja la glasa que se escurra por el bizcochpo e iremos regando el mismo con el glaseado de inmediato que lo tengamos listo para que no se endurezca<\/p>\n<p><img decoding=\"async\" loading=\"lazy\" class=\"alignnone size-large wp-image-17185\" src=\"https:\/\/elcalaixetdelaiaia.es\/wp-content\/uploads\/2018\/05\/IMG_4936-1024x720.png\" alt=\"\" width=\"750\" height=\"527\" srcset=\"https:\/\/elcalaixetdelaiaia.es\/wp-content\/uploads\/2018\/05\/IMG_4936-1024x720.png 1024w, https:\/\/elcalaixetdelaiaia.es\/wp-content\/uploads\/2018\/05\/IMG_4936-300x211.png 300w, https:\/\/elcalaixetdelaiaia.es\/wp-content\/uploads\/2018\/05\/IMG_4936-768x540.png 768w\" sizes=\"(max-width: 750px) 100vw, 750px\" \/><\/p>\n<p style=\"text-align: center;\">\u00a0mmmmmm que pintaza y como huele \u00e9stoooooooooo<\/p>\n<p><img decoding=\"async\" loading=\"lazy\" class=\"alignnone size-large wp-image-17186\" src=\"https:\/\/elcalaixetdelaiaia.es\/wp-content\/uploads\/2018\/05\/IMG_4969-1024x755.jpg\" alt=\"\" width=\"750\" height=\"553\" srcset=\"https:\/\/elcalaixetdelaiaia.es\/wp-content\/uploads\/2018\/05\/IMG_4969-1024x755.jpg 1024w, https:\/\/elcalaixetdelaiaia.es\/wp-content\/uploads\/2018\/05\/IMG_4969-300x221.jpg 300w, https:\/\/elcalaixetdelaiaia.es\/wp-content\/uploads\/2018\/05\/IMG_4969-768x566.jpg 768w\" sizes=\"(max-width: 750px) 100vw, 750px\" \/><\/p>\n<p style=\"text-align: center;\">por \u00faltimo lo decorararemos con unas frambuesas y dejaremos que la glasa endurezca un poco antes de cortarlo y disponernos a disfrutar<\/p>\n<p><img decoding=\"async\" loading=\"lazy\" class=\"alignnone size-large wp-image-17188\" src=\"https:\/\/elcalaixetdelaiaia.es\/wp-content\/uploads\/2018\/05\/IMG_4971-1024x768.png\" alt=\"\" width=\"750\" height=\"563\" srcset=\"https:\/\/elcalaixetdelaiaia.es\/wp-content\/uploads\/2018\/05\/IMG_4971-1024x768.png 1024w, https:\/\/elcalaixetdelaiaia.es\/wp-content\/uploads\/2018\/05\/IMG_4971-300x225.png 300w, https:\/\/elcalaixetdelaiaia.es\/wp-content\/uploads\/2018\/05\/IMG_4971-768x576.png 768w\" sizes=\"(max-width: 750px) 100vw, 750px\" \/><\/p>\n<p style=\"text-align: center;\">de \u00e9ste valenciano bizcocho \u00abd&#8217;orxata\u00bb y glaseado de horchata<\/p>\n<p><img decoding=\"async\" loading=\"lazy\" class=\"alignnone size-large wp-image-17189\" src=\"https:\/\/elcalaixetdelaiaia.es\/wp-content\/uploads\/2018\/05\/IMG_4972-1024x768.png\" alt=\"\" width=\"750\" height=\"563\" srcset=\"https:\/\/elcalaixetdelaiaia.es\/wp-content\/uploads\/2018\/05\/IMG_4972-1024x768.png 1024w, https:\/\/elcalaixetdelaiaia.es\/wp-content\/uploads\/2018\/05\/IMG_4972-300x225.png 300w, https:\/\/elcalaixetdelaiaia.es\/wp-content\/uploads\/2018\/05\/IMG_4972-768x576.png 768w\" sizes=\"(max-width: 750px) 100vw, 750px\" \/><\/p>\n<p style=\"text-align: center;\">junto un buen caf\u00e9 o cortado<\/p>\n<p><img decoding=\"async\" loading=\"lazy\" class=\"alignnone size-large wp-image-17190\" src=\"https:\/\/elcalaixetdelaiaia.es\/wp-content\/uploads\/2018\/05\/IMG_4973-768x1024.png\" alt=\"\" width=\"750\" height=\"1000\" srcset=\"https:\/\/elcalaixetdelaiaia.es\/wp-content\/uploads\/2018\/05\/IMG_4973-768x1024.png 768w, https:\/\/elcalaixetdelaiaia.es\/wp-content\/uploads\/2018\/05\/IMG_4973-225x300.png 225w\" sizes=\"(max-width: 750px) 100vw, 750px\" \/><\/p>\n<p style=\"text-align: center;\">o mejor a\u00fan con un delicioso vaso de horchata de chufas MUY MUY fr\u00edo. \u00bfSe nota que me pirra la horchata?<\/p>\n<p><img decoding=\"async\" loading=\"lazy\" class=\"alignnone size-large wp-image-17191\" src=\"https:\/\/elcalaixetdelaiaia.es\/wp-content\/uploads\/2018\/05\/IMG_4978-1024x768.png\" alt=\"\" width=\"750\" height=\"563\" srcset=\"https:\/\/elcalaixetdelaiaia.es\/wp-content\/uploads\/2018\/05\/IMG_4978-1024x768.png 1024w, https:\/\/elcalaixetdelaiaia.es\/wp-content\/uploads\/2018\/05\/IMG_4978-300x225.png 300w, https:\/\/elcalaixetdelaiaia.es\/wp-content\/uploads\/2018\/05\/IMG_4978-768x576.png 768w\" sizes=\"(max-width: 750px) 100vw, 750px\" \/><\/p>\n<p style=\"text-align: center;\">ya ves que pinta, y no te puedes imaginar el sabor. \u00abA la taula i&#8230; BON PROFIT!!!\u00bb<\/p>\n<p>Conf\u00edo que te haya gustado mi receta, si es as\u00ed y la compartes llegar\u00e1 a m\u00e1s gente. Espero si quieres, tu comentario y te recuerdo que tambien estoy en Facebook <a href=\"https:\/\/www.facebook.com\/El-calaixet-de-la-iaia-533062140099386\/\">https:\/\/www.facebook.com\/El-calaixet-de-la-iaia-533062140099386\/ <\/a><\/p>\n<p>&nbsp;<\/p>\n","protected":false},"excerpt":{"rendered":"<p>\u00abRefrany;No hi\u00e1 res millor compartit, que un bon bescuit\u00bb No hay nada mejor compartido, que un buen bizcocho. Pues \u00a1ale! hoy comparto con todos vosotros (aunque solo cibern\u00e9ticamente) un bizcocho maravilloso y riqu\u00edsimooooooo de horchata, y con una glasa, tambi\u00e9n de horchata (que ya sab\u00e9is lo que me tira mi &hellip; <\/p>\n","protected":false},"author":2,"featured_media":17192,"comment_status":"open","ping_status":"open","sticky":false,"template":"","format":"standard","meta":[],"categories":[1],"tags":[],"_links":{"self":[{"href":"https:\/\/elcalaixetdelaiaia.es\/index.php?rest_route=\/wp\/v2\/posts\/44"}],"collection":[{"href":"https:\/\/elcalaixetdelaiaia.es\/index.php?rest_route=\/wp\/v2\/posts"}],"about":[{"href":"https:\/\/elcalaixetdelaiaia.es\/index.php?rest_route=\/wp\/v2\/types\/post"}],"author":[{"embeddable":true,"href":"https:\/\/elcalaixetdelaiaia.es\/index.php?rest_route=\/wp\/v2\/users\/2"}],"replies":[{"embeddable":true,"href":"https:\/\/elcalaixetdelaiaia.es\/index.php?rest_route=%2Fwp%2Fv2%2Fcomments&post=44"}],"version-history":[{"count":19,"href":"https:\/\/elcalaixetdelaiaia.es\/index.php?rest_route=\/wp\/v2\/posts\/44\/revisions"}],"predecessor-version":[{"id":28489,"href":"https:\/\/elcalaixetdelaiaia.es\/index.php?rest_route=\/wp\/v2\/posts\/44\/revisions\/28489"}],"wp:featuredmedia":[{"embeddable":true,"href":"https:\/\/elcalaixetdelaiaia.es\/index.php?rest_route=\/wp\/v2\/media\/17192"}],"wp:attachment":[{"href":"https:\/\/elcalaixetdelaiaia.es\/index.php?rest_route=%2Fwp%2Fv2%2Fmedia&parent=44"}],"wp:term":[{"taxonomy":"category","embeddable":true,"href":"https:\/\/elcalaixetdelaiaia.es\/index.php?rest_route=%2Fwp%2Fv2%2Fcategories&post=44"},{"taxonomy":"post_tag","embeddable":true,"href":"https:\/\/elcalaixetdelaiaia.es\/index.php?rest_route=%2Fwp%2Fv2%2Ftags&post=44"}],"curies":[{"name":"wp","href":"https:\/\/api.w.org\/{rel}","templated":true}]}}