{"id":432,"date":"2016-01-29T18:09:00","date_gmt":"2016-01-29T18:09:00","guid":{"rendered":"http:\/\/elcalaixetdelaiaia.es\/wok-de-pollo-con-verduras-y-salsa-de"},"modified":"2024-02-08T10:22:03","modified_gmt":"2024-02-08T10:22:03","slug":"wok-de-pollo-con-verduras-y-salsa-de","status":"publish","type":"post","link":"https:\/\/elcalaixetdelaiaia.es\/?p=432","title":{"rendered":"wok de pollo con verduras y salsa de soja paso a paso foto a foto"},"content":{"rendered":"<p>\u00abRefrany; Pollastre de gener, cada ploma val un diner\u00bb<br \/>\nPollo de enero cada pluma vale un dinero.<\/p>\n<div style=\"text-align: center;\">\u00a0<a style=\"margin-left: 1em; margin-right: 1em;\" href=\"http:\/\/4.bp.blogspot.com\/-PIZU1mDyJWw\/VqufQLuS-NI\/AAAAAAAAh8M\/OTkMvALnAFM\/s1600\/IMG_4266.PNG\"><img decoding=\"async\" loading=\"lazy\" src=\"https:\/\/elcalaixetdelaiaia.es\/wp-content\/uploads\/2016\/01\/IMG_4266.png\" width=\"640\" height=\"480\" border=\"0\" \/><\/a><\/div>\n<div style=\"text-align: center;\"><\/div>\n<div style=\"text-align: center;\">Hoy un wok de verduras y pechuga de pollo<\/div>\n<div><\/div>\n<div class=\"separator\" style=\"clear: both; text-align: center;\"><a style=\"margin-left: 1em; margin-right: 1em;\" href=\"http:\/\/4.bp.blogspot.com\/-LMFIWTQubIs\/Vqub5vabAPI\/AAAAAAAAh6E\/eNQKXRhZmTU\/s1600\/IMG_4248.PNG\"><img decoding=\"async\" loading=\"lazy\" src=\"https:\/\/elcalaixetdelaiaia.es\/wp-content\/uploads\/2016\/01\/IMG_4248.png\" width=\"640\" height=\"480\" border=\"0\" \/><\/a><\/div>\n<div><\/div>\n<div style=\"text-align: center;\">Pasar por las puestos del Mercat del Cabanyal y ver \u00e9sas maravillosas<br \/>\nparadas de verduras con un colorido que dicen compram\u00e9&#8230;parece que me<br \/>\nhablen\u00a0 y claro \u00bfqui\u00e9n se puede resistir? yo desde luego no.<\/div>\n<div style=\"text-align: center;\"><\/div>\n<div class=\"separator\" style=\"clear: both; text-align: center;\"><a style=\"margin-left: 1em; margin-right: 1em;\" href=\"http:\/\/4.bp.blogspot.com\/-wKRAY2dMrEY\/VqufN_km9KI\/AAAAAAAAh8E\/RsjxwJY03wY\/s1600\/IMG_4267.PNG\"><img decoding=\"async\" loading=\"lazy\" src=\"https:\/\/elcalaixetdelaiaia.es\/wp-content\/uploads\/2016\/01\/IMG_4267.png\" width=\"640\" height=\"474\" border=\"0\" \/><\/a><\/div>\n<p>As\u00ed que he comprado para hacer una paellita de verduras y un wok de verduras con pollo y como he visto que no tengo la receta puesta del wok, he realizado las fotos para subir el paso a paso.<\/p>\n<p>Hoy comemos tres, necesitaremos para tres comensales;<\/p>\n<div class=\"separator\" style=\"clear: both; text-align: center;\"><a style=\"margin-left: 1em; margin-right: 1em;\" href=\"http:\/\/3.bp.blogspot.com\/-NEIi3IoPsYY\/Vqub9UMgRXI\/AAAAAAAAh6M\/LNCDEm35DhA\/s1600\/IMG_4247.PNG\"><img decoding=\"async\" loading=\"lazy\" src=\"https:\/\/elcalaixetdelaiaia.es\/wp-content\/uploads\/2016\/01\/IMG_4247.png\" width=\"640\" height=\"480\" border=\"0\" \/><\/a><\/div>\n<ol>\n<li>Una pechuga de pollo grande deshuesada<\/li>\n<li>\u00a0Medio pimiento rojo<\/li>\n<li>\u00a0Medio pimiento amarillo<\/li>\n<li>Medio pimiento verde<\/li>\n<li>Medio calabac\u00edn<\/li>\n<li>Media berenjena<\/li>\n<li>Una cebolleta grande<\/li>\n<li>Un puerro<\/li>\n<li>Unos champi\u00f1ones portobello<\/li>\n<li>Unas patatas violette<\/li>\n<li>Unos tomatitos cereza<\/li>\n<li>Un diente de ajo<\/li>\n<li>Aceite de oliva<\/li>\n<li>Salsa de soja<\/li>\n<li>Pimienta<\/li>\n<li>Sal<\/li>\n<\/ol>\n<div class=\"separator\" style=\"clear: both; text-align: center;\"><a style=\"margin-left: 1em; margin-right: 1em;\" href=\"http:\/\/1.bp.blogspot.com\/-JouR-CO_ErY\/VqucHuq4pMI\/AAAAAAAAh6U\/5H1A1zKgzvc\/s1600\/IMG_4249.PNG\"><img decoding=\"async\" loading=\"lazy\" src=\"https:\/\/elcalaixetdelaiaia.es\/wp-content\/uploads\/2016\/01\/IMG_4249.png\" width=\"640\" height=\"480\" border=\"0\" \/><\/a><\/div>\n<div><\/div>\n<div style=\"text-align: center;\">\u00a0limpiamos los resto de grasa de la pechuga y troceamos<\/div>\n<div><\/div>\n<div class=\"separator\" style=\"clear: both; text-align: center;\"><a style=\"margin-left: 1em; margin-right: 1em;\" href=\"http:\/\/3.bp.blogspot.com\/-1YV2YbslZMI\/VqucdEr6mRI\/AAAAAAAAh6k\/nasRn7Bn7q8\/s1600\/IMG_4251.PNG\"><img decoding=\"async\" loading=\"lazy\" src=\"https:\/\/elcalaixetdelaiaia.es\/wp-content\/uploads\/2016\/01\/IMG_4251.png\" width=\"640\" height=\"480\" border=\"0\" \/><\/a><\/div>\n<div><\/div>\n<div style=\"text-align: center;\">en un wok o sart\u00e9n de tipo wok ponemos a calentar un poco de aceite de oliva, sellamos la pechuga y reservamos<\/div>\n<div style=\"text-align: center;\">\u00a0<a style=\"margin-left: 1em; margin-right: 1em;\" href=\"http:\/\/4.bp.blogspot.com\/-0Eq4LkoWHWM\/VquccJh7YQI\/AAAAAAAAh6g\/aZ-ch-izk40\/s1600\/IMG_4250.PNG\"><img decoding=\"async\" loading=\"lazy\" src=\"https:\/\/elcalaixetdelaiaia.es\/wp-content\/uploads\/2016\/01\/IMG_4250.png\" width=\"640\" height=\"480\" border=\"0\" \/><\/a><\/div>\n<div><\/div>\n<div style=\"text-align: center;\">Lavamos y troceamos todas las verduras, sin quitar la piel de ninguna de ellas y aprovechando tambi\u00e9n el tallo verde de la cebolleta<\/div>\n<div style=\"text-align: center;\"><\/div>\n<div class=\"separator\" style=\"clear: both; text-align: center;\"><a style=\"margin-left: 1em; margin-right: 1em;\" href=\"http:\/\/1.bp.blogspot.com\/-9LgOs-LNq24\/Vqucse6_hiI\/AAAAAAAAh6s\/WICcYdIZPKY\/s1600\/IMG_4252.PNG\"><img decoding=\"async\" loading=\"lazy\" src=\"https:\/\/elcalaixetdelaiaia.es\/wp-content\/uploads\/2016\/01\/IMG_4252.png\" width=\"640\" height=\"480\" border=\"0\" \/><\/a><\/div>\n<div><\/div>\n<div style=\"text-align: center;\">En el aceite de haber sellado el pollo pondremos a pochar primero la cebolleta y el puerro<\/div>\n<div style=\"text-align: center;\"><\/div>\n<div class=\"separator\" style=\"clear: both; text-align: center;\"><a style=\"margin-left: 1em; margin-right: 1em;\" href=\"http:\/\/4.bp.blogspot.com\/-L9eeiyv-IJs\/Vquc35XeZiI\/AAAAAAAAh60\/FFgKDpXACq8\/s1600\/IMG_4253.PNG\"><img decoding=\"async\" loading=\"lazy\" src=\"https:\/\/elcalaixetdelaiaia.es\/wp-content\/uploads\/2016\/01\/IMG_4253.png\" width=\"640\" height=\"480\" border=\"0\" \/><\/a><\/div>\n<div><\/div>\n<div style=\"text-align: center;\">a\u00f1adiremos los pimientos<\/div>\n<div style=\"text-align: center;\"><\/div>\n<div class=\"separator\" style=\"clear: both; text-align: center;\"><a style=\"margin-left: 1em; margin-right: 1em;\" href=\"http:\/\/1.bp.blogspot.com\/-PKaXcdZXYbQ\/VqudCLkLRhI\/AAAAAAAAh68\/WhJ_4cDrjG8\/s1600\/IMG_4255.PNG\"><img decoding=\"async\" loading=\"lazy\" src=\"https:\/\/elcalaixetdelaiaia.es\/wp-content\/uploads\/2016\/01\/IMG_4255.png\" width=\"640\" height=\"480\" border=\"0\" \/><\/a><\/div>\n<div><\/div>\n<div style=\"text-align: center;\">y a continuaci\u00f3n los champi\u00f1ones, la berenjena,\u00a0 y el calabac\u00edn<\/div>\n<div style=\"text-align: center;\"><\/div>\n<div class=\"separator\" style=\"clear: both; text-align: center;\"><a style=\"margin-left: 1em; margin-right: 1em;\" href=\"http:\/\/2.bp.blogspot.com\/-20maRGST_Dc\/Vquf5RLpmCI\/AAAAAAAAh8k\/pyweGEgt6Xo\/s1600\/IMG_4254.PNG\"><img decoding=\"async\" loading=\"lazy\" src=\"https:\/\/elcalaixetdelaiaia.es\/wp-content\/uploads\/2016\/01\/IMG_4254.png\" width=\"640\" height=\"480\" border=\"0\" \/><\/a><\/div>\n<div><\/div>\n<div style=\"text-align: center;\">seguiremos con las patatas<\/div>\n<div style=\"text-align: center;\"><\/div>\n<div class=\"separator\" style=\"clear: both; text-align: center;\"><a style=\"margin-left: 1em; margin-right: 1em;\" href=\"http:\/\/3.bp.blogspot.com\/-lkzRuZSr3HI\/VqudNrhFKhI\/AAAAAAAAh7E\/gC1Orchmc8Y\/s1600\/IMG_4256.PNG\"><img decoding=\"async\" loading=\"lazy\" src=\"https:\/\/elcalaixetdelaiaia.es\/wp-content\/uploads\/2016\/01\/IMG_4256.png\" width=\"640\" height=\"480\" border=\"0\" \/><\/a><\/div>\n<div><\/div>\n<div style=\"text-align: center;\">los tomatitos cereza lavados y el diente de ajo laminado<\/div>\n<div style=\"text-align: center;\"><\/div>\n<div class=\"separator\" style=\"clear: both; text-align: center;\"><a style=\"margin-left: 1em; margin-right: 1em;\" href=\"http:\/\/4.bp.blogspot.com\/-XEnRNC9RAa4\/VqudY-2arEI\/AAAAAAAAh7M\/CPF-UCm1Dig\/s1600\/IMG_4258.PNG\"><img decoding=\"async\" loading=\"lazy\" src=\"https:\/\/elcalaixetdelaiaia.es\/wp-content\/uploads\/2016\/01\/IMG_4258.png\" width=\"640\" height=\"480\" border=\"0\" \/><\/a><\/div>\n<div><\/div>\n<div style=\"text-align: center;\">y por \u00faltimo\u00a0 la pechuga<\/div>\n<div style=\"text-align: center;\"><\/div>\n<div class=\"separator\" style=\"clear: both; text-align: center;\"><a style=\"margin-left: 1em; margin-right: 1em;\" href=\"http:\/\/1.bp.blogspot.com\/-uP0fl94UeHw\/VqufwFnVVXI\/AAAAAAAAh8c\/vLa9k4bXY7g\/s1600\/IMG_4259.PNG\"><img decoding=\"async\" loading=\"lazy\" src=\"https:\/\/elcalaixetdelaiaia.es\/wp-content\/uploads\/2016\/01\/IMG_4259.png\" width=\"640\" height=\"480\" border=\"0\" \/><\/a><\/div>\n<div><\/div>\n<div style=\"text-align: center;\">tapamos y dejamos unos minutos al fuego medio, para que el pollo acabe de hacerse junto a las verduras y quede jugoso<\/div>\n<div style=\"text-align: center;\"><\/div>\n<div class=\"separator\" style=\"clear: both; text-align: center;\"><a style=\"margin-left: 1em; margin-right: 1em;\" href=\"http:\/\/4.bp.blogspot.com\/-gDHy8q8Crek\/Vqudoje69rI\/AAAAAAAAh7U\/5XDjVMxNr8U\/s1600\/IMG_4260.PNG\"><img decoding=\"async\" loading=\"lazy\" src=\"https:\/\/elcalaixetdelaiaia.es\/wp-content\/uploads\/2016\/01\/IMG_4260.png\" width=\"640\" height=\"480\" border=\"0\" \/><\/a><\/div>\n<div><\/div>\n<div style=\"text-align: center;\">\u00e9ste tipo de verduras suele hacerse \u00abal dente\u00bb, salpimentamos<\/div>\n<div style=\"text-align: center;\"><\/div>\n<div class=\"separator\" style=\"clear: both; text-align: center;\"><a style=\"margin-left: 1em; margin-right: 1em;\" href=\"http:\/\/1.bp.blogspot.com\/-i4rLzWzF9q8\/Vqud2TduDiI\/AAAAAAAAh7c\/QdCsYdQs5jc\/s1600\/IMG_4261.PNG\"><img decoding=\"async\" loading=\"lazy\" src=\"https:\/\/elcalaixetdelaiaia.es\/wp-content\/uploads\/2016\/01\/IMG_4261.png\" width=\"640\" height=\"480\" border=\"0\" \/><\/a><\/div>\n<div><\/div>\n<div style=\"text-align: center;\">\u00a0a\u00f1adimos un poco de salsa de soja y removemos<\/div>\n<div style=\"text-align: center;\"><\/div>\n<div class=\"separator\" style=\"clear: both; text-align: center;\"><a style=\"margin-left: 1em; margin-right: 1em;\" href=\"http:\/\/3.bp.blogspot.com\/-VF6_2aeEIhE\/VqueI3eQIJI\/AAAAAAAAh7k\/ObVGmFcF1Gs\/s1600\/IMG_4262.PNG\"><img decoding=\"async\" loading=\"lazy\" src=\"https:\/\/elcalaixetdelaiaia.es\/wp-content\/uploads\/2016\/01\/IMG_4262.png\" width=\"640\" height=\"480\" border=\"0\" \/><\/a><\/div>\n<div><\/div>\n<div style=\"text-align: center;\">pero a\u00f1adiremos en una jarrita un poco mas de salsa de\u00a0 soja para que los comensales a\u00f1adan, o no a su gusto<\/div>\n<div style=\"text-align: center;\"><\/div>\n<div class=\"separator\" style=\"clear: both; text-align: center;\"><a style=\"margin-left: 1em; margin-right: 1em;\" href=\"http:\/\/4.bp.blogspot.com\/---GVYNerr1U\/VqueWcji0UI\/AAAAAAAAh7s\/zddzCJgO8N4\/s1600\/IMG_4263.PNG\"><img decoding=\"async\" loading=\"lazy\" src=\"https:\/\/elcalaixetdelaiaia.es\/wp-content\/uploads\/2016\/01\/IMG_4263.png\" width=\"640\" height=\"480\" border=\"0\" \/><\/a><\/div>\n<div><\/div>\n<div style=\"text-align: center;\">servimos caliente<\/div>\n<div style=\"text-align: center;\"><\/div>\n<div class=\"separator\" style=\"clear: both; text-align: center;\"><a style=\"margin-left: 1em; margin-right: 1em;\" href=\"http:\/\/2.bp.blogspot.com\/-H5vkMxhXeLI\/VqueokfO3MI\/AAAAAAAAh70\/KIqGfu2Y-HQ\/s1600\/IMG_4264.PNG\"><img decoding=\"async\" loading=\"lazy\" src=\"https:\/\/elcalaixetdelaiaia.es\/wp-content\/uploads\/2016\/01\/IMG_4264.png\" width=\"640\" height=\"480\" border=\"0\" \/><\/a><\/div>\n<div><\/div>\n<div style=\"text-align: center;\">y listo para disfrutar un plato sano y vitam\u00ednico<\/div>\n<div style=\"text-align: center;\"><\/div>\n<div class=\"separator\" style=\"clear: both; text-align: center;\"><a style=\"margin-left: 1em; margin-right: 1em;\" href=\"http:\/\/3.bp.blogspot.com\/-6bAbvwdOnPM\/Vque2J5E2oI\/AAAAAAAAh78\/Zf40qxG7L44\/s1600\/IMG_4265.PNG\"><img decoding=\"async\" loading=\"lazy\" src=\"https:\/\/elcalaixetdelaiaia.es\/wp-content\/uploads\/2016\/01\/IMG_4265.png\" width=\"640\" height=\"480\" border=\"0\" \/><\/a><\/div>\n<div><\/div>\n<div style=\"text-align: center;\">pod\u00e9is usar los champi\u00f1ones blancos, las patatas normales o cambiar y a\u00f1adir las verduras que mas os gusten<\/div>\n<div style=\"text-align: center;\"><\/div>\n<div class=\"separator\" style=\"clear: both; text-align: center;\"><a style=\"margin-left: 1em; margin-right: 1em;\" href=\"http:\/\/4.bp.blogspot.com\/-PIZU1mDyJWw\/VqufQLuS-NI\/AAAAAAAAh8M\/OTkMvALnAFM\/s1600\/IMG_4266.PNG\"><img decoding=\"async\" loading=\"lazy\" src=\"https:\/\/elcalaixetdelaiaia.es\/wp-content\/uploads\/2016\/01\/IMG_4266.png\" width=\"640\" height=\"480\" border=\"0\" \/><\/a><\/div>\n<p>\u00abA la taula i&#8230; BON PROFIT!!!\u00bb<br \/>\nSi \u00e9ste plato es de vuestro gusto y quer\u00e9is compartirlo ser\u00e1 estupendo y m\u00e1s gente podr\u00e1 ver la receta. Gracias por anticipado.<br \/>\nEspero vuestros comentarios que para mi son MUY importantes y recordad que tambi\u00e9n estoy en Facebook <a href=\"https:\/\/www.facebook.com\/El-calaixet-de-la-iaia-533062140099386\/\">https:\/\/www.facebook.com\/El-calaixet-de-la-iaia-533062140099386\/<\/a><\/p>\n","protected":false},"excerpt":{"rendered":"<p>\u00abRefrany; Pollastre de gener, cada ploma val un diner\u00bb Pollo de enero cada pluma vale un dinero. \u00a0 Hoy un wok de verduras y pechuga de pollo Pasar por las puestos del Mercat del Cabanyal y ver \u00e9sas maravillosas paradas de verduras con un colorido que dicen compram\u00e9&#8230;parece que me &hellip; <\/p>\n","protected":false},"author":2,"featured_media":6101,"comment_status":"open","ping_status":"open","sticky":false,"template":"","format":"standard","meta":[],"categories":[12,1,58],"tags":[],"_links":{"self":[{"href":"https:\/\/elcalaixetdelaiaia.es\/index.php?rest_route=\/wp\/v2\/posts\/432"}],"collection":[{"href":"https:\/\/elcalaixetdelaiaia.es\/index.php?rest_route=\/wp\/v2\/posts"}],"about":[{"href":"https:\/\/elcalaixetdelaiaia.es\/index.php?rest_route=\/wp\/v2\/types\/post"}],"author":[{"embeddable":true,"href":"https:\/\/elcalaixetdelaiaia.es\/index.php?rest_route=\/wp\/v2\/users\/2"}],"replies":[{"embeddable":true,"href":"https:\/\/elcalaixetdelaiaia.es\/index.php?rest_route=%2Fwp%2Fv2%2Fcomments&post=432"}],"version-history":[{"count":9,"href":"https:\/\/elcalaixetdelaiaia.es\/index.php?rest_route=\/wp\/v2\/posts\/432\/revisions"}],"predecessor-version":[{"id":26883,"href":"https:\/\/elcalaixetdelaiaia.es\/index.php?rest_route=\/wp\/v2\/posts\/432\/revisions\/26883"}],"wp:featuredmedia":[{"embeddable":true,"href":"https:\/\/elcalaixetdelaiaia.es\/index.php?rest_route=\/wp\/v2\/media\/6101"}],"wp:attachment":[{"href":"https:\/\/elcalaixetdelaiaia.es\/index.php?rest_route=%2Fwp%2Fv2%2Fmedia&parent=432"}],"wp:term":[{"taxonomy":"category","embeddable":true,"href":"https:\/\/elcalaixetdelaiaia.es\/index.php?rest_route=%2Fwp%2Fv2%2Fcategories&post=432"},{"taxonomy":"post_tag","embeddable":true,"href":"https:\/\/elcalaixetdelaiaia.es\/index.php?rest_route=%2Fwp%2Fv2%2Ftags&post=432"}],"curies":[{"name":"wp","href":"https:\/\/api.w.org\/{rel}","templated":true}]}}