{"id":420,"date":"2016-02-05T19:50:00","date_gmt":"2016-02-05T19:50:00","guid":{"rendered":"http:\/\/elcalaixetdelaiaia.es\/como-limpiar-las-fresas-facilmente-paso"},"modified":"2026-02-15T11:09:31","modified_gmt":"2026-02-15T11:09:31","slug":"como-limpiar-las-fresas-facilmente-paso","status":"publish","type":"post","link":"https:\/\/elcalaixetdelaiaia.es\/?p=420","title":{"rendered":"C\u00f3mo limpiar las fresas f\u00e1cilmente paso a paso"},"content":{"rendered":"<p>\u00abRefrany; Pel febrer, un dia al sol i un altre al braser\u00bb En febrero, un d\u00eda al sol y otro al brasero.<\/p>\n<div class=\"separator\" style=\"clear: both; text-align: center;\"><a style=\"margin-left: 1em; margin-right: 1em;\" href=\"https:\/\/3.bp.blogspot.com\/-K8SRSyzU0ZM\/VrR5vmNdKpI\/AAAAAAAAiG0\/3QY_9ssLVKA\/s1600\/SAM_4610.JPG\"><img decoding=\"async\" loading=\"lazy\" class=\"aligncenter\" src=\"https:\/\/elcalaixetdelaiaia.es\/wp-content\/uploads\/2016\/02\/SAM_4610.jpg\" width=\"480\" height=\"640\" border=\"0\" \/><\/a><\/div>\n<div style=\"text-align: center;\">Ay las fresas, que ricas est\u00e1n y cuantos beneficios para nuestra salud.<\/div>\n<div class=\"separator\" style=\"clear: both; text-align: center;\"><a style=\"margin-left: 1em; margin-right: 1em;\" href=\"https:\/\/3.bp.blogspot.com\/-J1SkcL0UR_I\/VrR5utxOPiI\/AAAAAAAAiGo\/QKWG8-LwNVw\/s1600\/SAM_0448.JPG\"><img decoding=\"async\" loading=\"lazy\" class=\"aligncenter\" src=\"https:\/\/elcalaixetdelaiaia.es\/wp-content\/uploads\/2016\/02\/SAM_0448.jpg\" width=\"640\" height=\"480\" border=\"0\" \/><\/a><\/div>\n<div style=\"text-align: center;\">\u00daltimamente podemos disfrutar ya de fresas ya durante todo el a\u00f1o, aunque la temporada de fresas y fresones y cuando mas dulces y ricas est\u00e1n son en los meses de Marzo, Abril y Mayo.<\/div>\n<div class=\"separator\" style=\"clear: both; text-align: center;\"><a style=\"margin-left: 1em; margin-right: 1em;\" href=\"https:\/\/4.bp.blogspot.com\/-_Ll5kqtX8fg\/VrR5ui-UrII\/AAAAAAAAiGg\/4q2n7t0g3hY\/s1600\/IMG_1523.JPG\"><img decoding=\"async\" loading=\"lazy\" src=\"https:\/\/elcalaixetdelaiaia.es\/wp-content\/uploads\/2016\/02\/IMG_1523.jpg\" width=\"640\" height=\"480\" border=\"0\" \/><\/a><\/div>\n<p>Es una fruta originaria de Am\u00e9rica<br \/>\ny nos lleg\u00f3 a Espa\u00f1a en el siglo XIX, con los primeros<br \/>\ncolonos de Virginia (EEUU).<\/p>\n<div class=\"separator\" style=\"clear: both; text-align: center;\"><a style=\"margin-left: 1em; margin-right: 1em;\" href=\"https:\/\/1.bp.blogspot.com\/-Cy-e-Z1U3-Y\/VrR5u-CT-LI\/AAAAAAAAiGk\/n6aAtYFrEC8\/s1600\/IMG_1528.JPG\"><img decoding=\"async\" loading=\"lazy\" src=\"https:\/\/elcalaixetdelaiaia.es\/wp-content\/uploads\/2016\/02\/IMG_1528.jpg\" width=\"640\" height=\"480\" border=\"0\" \/><\/a><\/div>\n<p>Recomendadas para:<\/p>\n<ul>\n<li>el crecimiento \u00f3seo, tejidos<br \/>\ny sistema nervioso en los ni\u00f1os.<\/li>\n<li>Problemas de retenci\u00f3n de<br \/>\nl\u00edquidos (diur\u00e9tico).<\/li>\n<li>Problemas de transito intestinal,<br \/>\nestre\u00f1imiento (poder laxante)<\/li>\n<li>Hipertensi\u00f3n.<\/li>\n<li>Insuficiencia renal.<\/li>\n<li>Acido \u00farico: lo expulsa.<br \/>\nGota.<\/li>\n<li>Sistema nervioso.<\/li>\n<li>Desintoxicante y depurador.<\/li>\n<li>Refuerza el sistema inmunol\u00f3gico,<br \/>\nformaci\u00f3n de anticuerpos.<\/li>\n<li>Celiaqu\u00eda.<\/li>\n<li>Antiinflamatorio.<\/li>\n<li>Anticoagulante.<\/li>\n<li>Piel, vista, dientes, huesos<\/li>\n<li>Favorece la formaci\u00f3n de<br \/>\ngl\u00f3bulos rojos y blancos.<\/li>\n<li>Situaciones de estr\u00e9s.<\/li>\n<\/ul>\n<div class=\"separator\" style=\"clear: both; text-align: center;\"><a style=\"margin-left: 1em; margin-right: 1em;\" href=\"https:\/\/4.bp.blogspot.com\/-EuVOsq6gtlw\/VrR5vI7CSrI\/AAAAAAAAiGs\/QSJTOGRGPJE\/s1600\/SAM_0571.JPG\"><img decoding=\"async\" loading=\"lazy\" src=\"https:\/\/elcalaixetdelaiaia.es\/wp-content\/uploads\/2016\/02\/SAM_0571.jpg\" width=\"480\" height=\"640\" border=\"0\" \/><\/a><\/div>\n<p>Hoy voy a daros un peque\u00f1o truco para limpiarlas con toda facilidad, ya que quitaremos el ped\u00edculo (rabito) y el s\u00e9palo (hojas o c\u00e1liz).<\/p>\n<div class=\"separator\" style=\"clear: both; text-align: center;\"><a style=\"margin-left: 1em; margin-right: 1em;\" href=\"https:\/\/3.bp.blogspot.com\/-okf_1e-M6qo\/VrR5v_23RgI\/AAAAAAAAiG4\/ixoq7JIRJqU\/s1600\/fre.JPG\"><img decoding=\"async\" loading=\"lazy\" src=\"https:\/\/elcalaixetdelaiaia.es\/wp-content\/uploads\/2016\/02\/fre.jpg\" width=\"640\" height=\"480\" border=\"0\" \/><\/a><\/div>\n<div style=\"text-align: center;\">Recordad que al limpiarlas, se han de poner a remojo siempre ENTERAS.<\/div>\n<div class=\"separator\" style=\"clear: both; text-align: center;\"><\/div>\n<div class=\"separator\" style=\"clear: both; text-align: center;\"><a style=\"margin-left: 1em; margin-right: 1em;\" href=\"https:\/\/1.bp.blogspot.com\/-7x8RqWmpVY8\/VrR5vQwG8iI\/AAAAAAAAiGw\/0Wvvc62yMCM\/s1600\/SAM_4602.JPG\"><img decoding=\"async\" loading=\"lazy\" src=\"https:\/\/elcalaixetdelaiaia.es\/wp-content\/uploads\/2016\/02\/SAM_4602.jpg\" width=\"640\" height=\"480\" border=\"0\" \/><\/a><\/div>\n<div style=\"text-align: center;\"><\/div>\n<div style=\"text-align: center;\">\u00a0ya que de lo contrario absorben agua y se estropean. Las pondremos a remojo con unas gotitas de vinagre de manzana con el fin de eliminar los productos qu\u00edmicos que puedan haberle a\u00f1adido en el cultivo. Volveremos a enjuagar.<\/div>\n<div class=\"separator\" style=\"clear: both; text-align: center;\"><a style=\"margin-left: 1em; margin-right: 1em;\" href=\"https:\/\/3.bp.blogspot.com\/-8TaQ-zIsUO0\/VrTHDvxIhEI\/AAAAAAAAiHg\/CnE-vYeFzoQ\/s1600\/IMG_3253.PNG\"><img decoding=\"async\" loading=\"lazy\" src=\"https:\/\/elcalaixetdelaiaia.es\/wp-content\/uploads\/2016\/02\/IMG_3253.png\" width=\"640\" height=\"360\" border=\"0\" \/><\/a><\/div>\n<div class=\"separator\" style=\"clear: both; text-align: center;\">Esta vez vamos a necesitar \u00fanicamente, una pajita, as\u00ed que una vez tengamos los fresones o fresas enjuagados<\/div>\n<div class=\"separator\" style=\"clear: both; text-align: center;\"><a style=\"margin-left: 1em; margin-right: 1em;\" href=\"https:\/\/3.bp.blogspot.com\/-GtnisApoA-0\/VrTGlgOfL_I\/AAAAAAAAiHI\/LVUPsPTRgno\/s1600\/IMG_3247.PNG\"><img decoding=\"async\" loading=\"lazy\" src=\"https:\/\/elcalaixetdelaiaia.es\/wp-content\/uploads\/2016\/02\/IMG_3247.png\" width=\"640\" height=\"360\" border=\"0\" \/><\/a><\/div>\n<div style=\"text-align: center;\">Introduciremos la pajita por la parte central de abajo del fres\u00f3n, empujando suavemente<\/div>\n<div class=\"separator\" style=\"clear: both; text-align: center;\"><a style=\"margin-left: 1em; margin-right: 1em;\" href=\"https:\/\/4.bp.blogspot.com\/-WDA4yc946Nc\/VrTGnH6ZhAI\/AAAAAAAAiHQ\/j3pWAxKVh4Y\/s1600\/IMG_3251.PNG\"><img decoding=\"async\" loading=\"lazy\" src=\"https:\/\/elcalaixetdelaiaia.es\/wp-content\/uploads\/2016\/02\/IMG_3251.png\" width=\"640\" height=\"360\" border=\"0\" \/><\/a><\/div>\n<div style=\"text-align: center;\">hasta que veamos que asoma el otro extremo de la pajita. sacando al tiempo la corola o s\u00e9palo<\/div>\n<div class=\"separator\" style=\"clear: both; text-align: center;\"><a style=\"margin-left: 1em; margin-right: 1em;\" href=\"https:\/\/4.bp.blogspot.com\/-Y7Uli4zteps\/VrTGp4Qgu_I\/AAAAAAAAiHc\/431GDGtObEA\/s1600\/IMG_3256.PNG\"><img decoding=\"async\" loading=\"lazy\" src=\"https:\/\/elcalaixetdelaiaia.es\/wp-content\/uploads\/2016\/02\/IMG_3256.png\" width=\"640\" height=\"364\" border=\"0\" \/><\/a><\/div>\n<div style=\"text-align: center;\">como podemos ver en \u00e9sta foto<\/div>\n<div style=\"text-align: center;\"><\/div>\n<div class=\"separator\" style=\"clear: both; text-align: center;\"><a style=\"margin-left: 1em; margin-right: 1em;\" href=\"https:\/\/3.bp.blogspot.com\/-_2fGSH6lg1A\/VrTGoFwvCII\/AAAAAAAAiHU\/mA6bV2QffNI\/s1600\/IMG_3252.PNG\"><img decoding=\"async\" loading=\"lazy\" src=\"https:\/\/elcalaixetdelaiaia.es\/wp-content\/uploads\/2016\/02\/IMG_3252.png\" width=\"640\" height=\"360\" border=\"0\" \/><\/a><\/div>\n<div style=\"text-align: center;\">y ya tenemos nuestras fresas o fresones listos para hacer cualquier preparaci\u00f3n de reposter\u00eda, o como en \u00e9ste caso, para a\u00f1adiendo el zumo de una naranja y una cucharadita de az\u00facar moreno, comer un rico y san\u00edsimo postre.<\/div>\n<div style=\"text-align: center;\">Si te ha gustado mi truco, pod\u00e9is compartirlo para que llegue a m\u00e1s gente.<br \/>\nEspero vuestro comentarios que para mi son MUY importantes y recordad que tambi\u00e9n estoy en Facebook <a href=\"https:\/\/www.facebook.com\/El-calaixet-de-la-iaia-533062140099386\/\">https:\/\/www.facebook.com\/El-calaixet-de-la-iaia-533062140099386\/<\/a><\/div>\n","protected":false},"excerpt":{"rendered":"<p>\u00abRefrany; Pel febrer, un dia al sol i un altre al braser\u00bb En febrero, un d\u00eda al sol y otro al brasero. Ay las fresas, que ricas est\u00e1n y cuantos beneficios para nuestra salud. \u00daltimamente podemos disfrutar ya de fresas ya durante todo el a\u00f1o, aunque la temporada de fresas &hellip; <\/p>\n","protected":false},"author":2,"featured_media":5918,"comment_status":"open","ping_status":"open","sticky":false,"template":"","format":"standard","meta":[],"categories":[1,54],"tags":[],"_links":{"self":[{"href":"https:\/\/elcalaixetdelaiaia.es\/index.php?rest_route=\/wp\/v2\/posts\/420"}],"collection":[{"href":"https:\/\/elcalaixetdelaiaia.es\/index.php?rest_route=\/wp\/v2\/posts"}],"about":[{"href":"https:\/\/elcalaixetdelaiaia.es\/index.php?rest_route=\/wp\/v2\/types\/post"}],"author":[{"embeddable":true,"href":"https:\/\/elcalaixetdelaiaia.es\/index.php?rest_route=\/wp\/v2\/users\/2"}],"replies":[{"embeddable":true,"href":"https:\/\/elcalaixetdelaiaia.es\/index.php?rest_route=%2Fwp%2Fv2%2Fcomments&post=420"}],"version-history":[{"count":4,"href":"https:\/\/elcalaixetdelaiaia.es\/index.php?rest_route=\/wp\/v2\/posts\/420\/revisions"}],"predecessor-version":[{"id":28934,"href":"https:\/\/elcalaixetdelaiaia.es\/index.php?rest_route=\/wp\/v2\/posts\/420\/revisions\/28934"}],"wp:featuredmedia":[{"embeddable":true,"href":"https:\/\/elcalaixetdelaiaia.es\/index.php?rest_route=\/wp\/v2\/media\/5918"}],"wp:attachment":[{"href":"https:\/\/elcalaixetdelaiaia.es\/index.php?rest_route=%2Fwp%2Fv2%2Fmedia&parent=420"}],"wp:term":[{"taxonomy":"category","embeddable":true,"href":"https:\/\/elcalaixetdelaiaia.es\/index.php?rest_route=%2Fwp%2Fv2%2Fcategories&post=420"},{"taxonomy":"post_tag","embeddable":true,"href":"https:\/\/elcalaixetdelaiaia.es\/index.php?rest_route=%2Fwp%2Fv2%2Ftags&post=420"}],"curies":[{"name":"wp","href":"https:\/\/api.w.org\/{rel}","templated":true}]}}