{"id":419,"date":"2016-02-12T11:51:00","date_gmt":"2016-02-12T11:51:00","guid":{"rendered":"http:\/\/elcalaixetdelaiaia.es\/conejo-la-naranja-y-mandarina-paso-paso"},"modified":"2023-12-29T10:41:01","modified_gmt":"2023-12-29T10:41:01","slug":"conejo-la-naranja-y-mandarina-paso-paso","status":"publish","type":"post","link":"https:\/\/elcalaixetdelaiaia.es\/?p=419","title":{"rendered":"Conejo a la naranja y mandarina paso a paso"},"content":{"rendered":"<p>\u00abRefrany;Al febrer, cull la taronja i poda el taronjer\u00bbEn febrero, recoje la naranja y poda el naranjo.<\/p>\n<p>Edito esta entrada enormemente contenta y sorprendida ya que se me ha concedido el premio del reto de Febrero 2016 organizado por naranjas Lu en la Comunidad de Cocineros del Mundo&#8230;solo puedo decir \u00a1\u00a1\u00a1GRACIAS!!!<\/p>\n<p><img decoding=\"async\" loading=\"lazy\" class=\"size-full wp-image-19749 aligncenter\" src=\"https:\/\/elcalaixetdelaiaia.es\/wp-content\/uploads\/2016\/02\/PremiretotaronjesLuconill.png\" alt=\"\" width=\"195\" height=\"285\" \/><\/p>\n<p>Vamos a la receta.<\/p>\n<p>Conill a la taronja i mandarina.<\/p>\n<p><a href=\"https:\/\/1.bp.blogspot.com\/-r2G6SbcEK4Y\/Vr0T1s_5cUI\/AAAAAAAAiPM\/CnSJTzfArDE\/s1600\/IMG_4876.PNG\"><img decoding=\"async\" class=\"aligncenter\" src=\"https:\/\/elcalaixetdelaiaia.es\/wp-content\/uploads\/2016\/02\/IMG_4876.png\" border=\"0\" \/><\/a><\/p>\n<p>Me chiflan los c\u00edtricos.<\/p>\n<p>No se si es por ser valenciana, por haber pasado much\u00edsimos momentos de mi vida, (sobretodo en la infancia y juventud), entre bancales, por los paseos entre ellos, embriagada por el mejor aroma del mundo&#8230;el del azahar, o porque mi iaio me transmiti\u00f3 algo de \u00e9sta pasi\u00f3n, pero lo cierto es que pelar una naranja o mandarina con las manos y olerlas despu\u00e9s, me encanta. Incluso mi jab\u00f3n y crema de manos, la corporal y mi gel de ba\u00f1o, es con olor a naranja \ud83c\udf4a<br \/>\nEncima tengo la suerte de que en casa son todos apasionados de \u00e9stos frutos, incluso mi nieta peque\u00f1a con s\u00f3lo dos a\u00f1itos, ya reclama siempre su chorrit\u00f3n de lim\u00f3n en todos los arroces y caldos y se come las mandarinas y naranjas que da gusto verla. Aprovecho para hacer hincapi\u00e9 (aunque ya lo he mencionado en otras entradas), que he comprobado los beneficios de la naranja para contrarrestar los efectos de la quimio, as\u00ed que en casa, cada ma\u00f1ana, y muchas tardes, la exprimidora va a toda m\u00e1quina <span class=\"ILfuVd\" lang=\"es\"><span class=\"hgKElc\">\ud83d\ude09<\/span><\/span><\/p>\n<p><a href=\"https:\/\/1.bp.blogspot.com\/-X35MytHvd5w\/Vr0DKbeSknI\/AAAAAAAAiOM\/aScyppIu-sg\/s1600\/IMG_4881.PNG\"><img decoding=\"async\" class=\"aligncenter\" src=\"https:\/\/elcalaixetdelaiaia.es\/wp-content\/uploads\/2016\/02\/IMG_4881.png\" border=\"0\" \/><\/a><\/p>\n<p>No s\u00f3lo los utilizo en platos dulces sino en muchos salados, y hoy por ejemplo he preparado para cenar un conejo a la naranja facil\u00edsimo de preparar y riqu\u00edsimo de saborear.<\/p>\n<p>Para dos comensales necesitaremos;<\/p>\n<p><a href=\"https:\/\/4.bp.blogspot.com\/-oOOOoyIkO1o\/VrzRXnkrfTI\/AAAAAAAAiMM\/SG-yyjSkaFc\/s1600\/IMG_4835.PNG\"><img decoding=\"async\" class=\"aligncenter\" src=\"https:\/\/elcalaixetdelaiaia.es\/wp-content\/uploads\/2016\/02\/IMG_4835.png\" border=\"0\" \/><\/a><\/p>\n<ol>\n<li>Medio conejo troceado<\/li>\n<li>Medio litro de zumo de naranja<\/li>\n<li>120g de az\u00facar moreno<\/li>\n<li>Perejil<\/li>\n<li>Dos mandarinas<\/li>\n<li>75ml de vinagre de m\u00f3dena<\/li>\n<li>Sal<\/li>\n<li>Pimienta<\/li>\n<\/ol>\n<div style=\"text-align: center;\">\n<p><a href=\"https:\/\/2.bp.blogspot.com\/-zhogbQjoNEA\/VrzPZpOPJ5I\/AAAAAAAAiL4\/aalklkCvm3M\/s1600\/IMG_4836.PNG\"><img decoding=\"async\" class=\"aligncenter\" src=\"https:\/\/elcalaixetdelaiaia.es\/wp-content\/uploads\/2016\/02\/IMG_4836.png\" border=\"0\" \/><\/a><\/p>\n<p>Comenzaremos poniendo la cazuela al fuego y a\u00f1adiendo el az\u00facar moreno<\/p>\n<p><a href=\"https:\/\/3.bp.blogspot.com\/-GB95mV1XkY4\/VrzRbTCqdLI\/AAAAAAAAiMM\/U0_m0GzHaco\/s1600\/IMG_4837.PNG\"><img decoding=\"async\" src=\"https:\/\/elcalaixetdelaiaia.es\/wp-content\/uploads\/2016\/02\/IMG_4837.png\" border=\"0\" \/><\/a><\/p>\n<p>Cuando se nos caliente el az\u00facar a\u00f1adiremos el vinagre de m\u00f3dena, removemos y dejamos fuego m\u00ednimo<\/p>\n<\/div>\n<div style=\"text-align: center;\"><a href=\"https:\/\/3.bp.blogspot.com\/-es6PsLACyjY\/VrzYsHF6XWI\/AAAAAAAAiMc\/4HEwvZfa1ho\/s1600\/IMG_4838.PNG\"><img decoding=\"async\" class=\"aligncenter\" src=\"https:\/\/elcalaixetdelaiaia.es\/wp-content\/uploads\/2016\/02\/IMG_4838.png\" border=\"0\" \/><\/a><\/div>\n<div><\/div>\n<div style=\"text-align: center;\">Mientras tanto, preparamos medio litro de zumo de naranja<\/div>\n<div style=\"text-align: center;\">\n<p><a href=\"https:\/\/1.bp.blogspot.com\/-BxCzK-thiFM\/VrzZvm9-o1I\/AAAAAAAAiMk\/03LQOTJAfAw\/s1600\/IMG_4839.PNG\"><img decoding=\"async\" src=\"https:\/\/elcalaixetdelaiaia.es\/wp-content\/uploads\/2016\/02\/IMG_4839.png\" border=\"0\" \/><\/a><\/p>\n<p>Cuando comience a hervir el vinagre con el az\u00facar, a\u00f1adiremos el zumo de naranja y dejaremos a fuego lento unos quince minutos<\/p>\n<p><a href=\"https:\/\/4.bp.blogspot.com\/-pfZ6D1nm0NY\/VrzvgjIboSI\/AAAAAAAAiNQ\/o1pUIj1D2b0\/s1600\/IMG_4840.PNG\"><img decoding=\"async\" src=\"https:\/\/elcalaixetdelaiaia.es\/wp-content\/uploads\/2016\/02\/IMG_4840.png\" border=\"0\" \/><\/a><\/p>\n<p>Salpimentaremos el conejo y lo a\u00f1adimos a la cazuela<\/p>\n<\/div>\n<div style=\"text-align: center;\"><a href=\"https:\/\/2.bp.blogspot.com\/-lqYgmaOvjRg\/Vr2_9Z_0KAI\/AAAAAAAAiPc\/OQK6wLSuwto\/s1600\/IMG_4886.PNG\"><img decoding=\"async\" class=\"aligncenter\" src=\"https:\/\/elcalaixetdelaiaia.es\/wp-content\/uploads\/2016\/02\/IMG_4886.png\" border=\"0\" \/><\/a><\/div>\n<div style=\"text-align: center;\">Taparemos y dejaremos cocer a fuego lento durante unos 35 minutos, hasta que veamos<br \/>\nque se reduce el caldo<a href=\"https:\/\/3.bp.blogspot.com\/-3Yjcol5uToI\/Vr0HxBapiYI\/AAAAAAAAiOw\/T2c-rEBCdis\/s1600\/IMG_4885.PNG\"><img decoding=\"async\" src=\"https:\/\/elcalaixetdelaiaia.es\/wp-content\/uploads\/2016\/02\/IMG_4885.png\" border=\"0\" \/><\/a><\/p>\n<p>Rectificaremos de sal<\/p>\n<\/div>\n<div style=\"text-align: center;\">\n<p><a href=\"https:\/\/3.bp.blogspot.com\/-y9JVNGg8K4g\/VrzuY-oOVaI\/AAAAAAAAiNE\/O85O-Yjcr8I\/s1600\/IMG_4864.PNG\"><img decoding=\"async\" src=\"https:\/\/elcalaixetdelaiaia.es\/wp-content\/uploads\/2016\/02\/IMG_4864.png\" border=\"0\" \/><\/a><\/p>\n<p>Pelamos las mandarinas, dejando los gajos bien limpios y los atravesamos en dos brochetas, una para cada plato, y procederemos a emplatar<\/p>\n<p><a href=\"https:\/\/3.bp.blogspot.com\/-fi0orD8WUIA\/Vrz9ID5U7kI\/AAAAAAAAiNs\/3FgDiZQAmtY\/s1600\/IMG_4877.PNG\"><img decoding=\"async\" src=\"https:\/\/elcalaixetdelaiaia.es\/wp-content\/uploads\/2016\/02\/IMG_4877.png\" border=\"0\" \/><\/a><\/p>\n<p>Espolvoreando el plato con perejil fresco picadito<\/p>\n<p><a href=\"https:\/\/1.bp.blogspot.com\/-RfNDzCNcJRk\/Vrz_9faXRpI\/AAAAAAAAiN8\/MH2WGZX5Ox0\/s1600\/IMG_4878.PNG\"><img decoding=\"async\" loading=\"lazy\" src=\"https:\/\/elcalaixetdelaiaia.es\/wp-content\/uploads\/2016\/02\/IMG_4878.png\" width=\"640\" height=\"480\" border=\"0\" \/><\/a><\/p>\n<p>Serviremos caliente,<\/p>\n<\/div>\n<div style=\"text-align: center;\">\n<p><a href=\"https:\/\/2.bp.blogspot.com\/-KGzujK9PWpk\/Vrz7z-sDu_I\/AAAAAAAAiNg\/QIoj0WIAE34\/s1600\/IMG_4879.PNG\"><img decoding=\"async\" class=\"aligncenter\" src=\"https:\/\/elcalaixetdelaiaia.es\/wp-content\/uploads\/2016\/02\/IMG_4879.png\" border=\"0\" \/><\/a><\/p>\n<p>con la brocheta de gajos de mandarina<\/p>\n<p><a href=\"https:\/\/4.bp.blogspot.com\/-XxMWPu1ZNQ4\/Vrz_tdhsiNI\/AAAAAAAAiN4\/vFgVRqlUHgA\/s1600\/IMG_4880.PNG\"><img decoding=\"async\" src=\"https:\/\/elcalaixetdelaiaia.es\/wp-content\/uploads\/2016\/02\/IMG_4880.png\" border=\"0\" \/><\/a><\/p>\n<p>la mezcla de sabores resulta deliciosa<\/p>\n<p><a href=\"https:\/\/2.bp.blogspot.com\/-0mZV1rAndwA\/Vr0EMvJhYKI\/AAAAAAAAiOU\/J6nUGREsZL8\/s1600\/IMG_4882.PNG\"><img decoding=\"async\" src=\"https:\/\/elcalaixetdelaiaia.es\/wp-content\/uploads\/2016\/02\/IMG_4882.png\" border=\"0\" \/><\/a><\/p>\n<p>\u00abA la taula i&#8230;BON PROFIT\u00bb\u00a1\u00a1\u00a1<\/p>\n<p><a href=\"https:\/\/4.bp.blogspot.com\/-l41EhGSiIh4\/Vr0FtxErKkI\/AAAAAAAAiOk\/bGyurqRCkxE\/s1600\/IMG_4883.PNG\"><img decoding=\"async\" src=\"https:\/\/elcalaixetdelaiaia.es\/wp-content\/uploads\/2016\/02\/IMG_4883.png\" border=\"0\" \/><\/a><\/p>\n<p><img decoding=\"async\" src=\"https:\/\/elcalaixetdelaiaia.es\/wp-content\/uploads\/2016\/02\/Logo200-7.png\" border=\"0\" \/><\/p>\n<p>Con \u00e9sta receta, participo en <a href=\"http:\/\/cocinerosdelmundodegoogle.blogspot.com.es\/2016\/02\/bases-del-reto-de-febrero-naranjas-o.html\">el Reto de Febrero 2016 de CdM<\/a> en el apartado de salado. En el concurso patrocinado por: <a href=\"http:\/\/naranjaslu.es\/\">naranjasLU.es <\/a><\/p>\n<div>\u00abA la taula i\u2026 BON PROFIT!!!<\/div>\n<div>Si te gusta mi receta y la compartes, la podr\u00e1 ver mas gente. \u00a1Gracias! y ya sabes que tambi\u00e9n estoy en Facebook <a href=\"https:\/\/www.facebook.com\/El-calaixet-de-la-iaia-533062140099386\/\">https:\/\/www.facebook.com\/El-calaixet-de-la-iaia-533062140099386\/ <\/a><\/div>\n<\/div>\n","protected":false},"excerpt":{"rendered":"<p>\u00abRefrany;Al febrer, cull la taronja i poda el taronjer\u00bbEn febrero, recoje la naranja y poda el naranjo. Edito esta entrada enormemente contenta y sorprendida ya que se me ha concedido el premio del reto de Febrero 2016 organizado por naranjas Lu en la Comunidad de Cocineros del Mundo&#8230;solo puedo decir &hellip; <\/p>\n","protected":false},"author":2,"featured_media":5917,"comment_status":"open","ping_status":"open","sticky":false,"template":"","format":"standard","meta":[],"categories":[12,1],"tags":[],"_links":{"self":[{"href":"https:\/\/elcalaixetdelaiaia.es\/index.php?rest_route=\/wp\/v2\/posts\/419"}],"collection":[{"href":"https:\/\/elcalaixetdelaiaia.es\/index.php?rest_route=\/wp\/v2\/posts"}],"about":[{"href":"https:\/\/elcalaixetdelaiaia.es\/index.php?rest_route=\/wp\/v2\/types\/post"}],"author":[{"embeddable":true,"href":"https:\/\/elcalaixetdelaiaia.es\/index.php?rest_route=\/wp\/v2\/users\/2"}],"replies":[{"embeddable":true,"href":"https:\/\/elcalaixetdelaiaia.es\/index.php?rest_route=%2Fwp%2Fv2%2Fcomments&post=419"}],"version-history":[{"count":6,"href":"https:\/\/elcalaixetdelaiaia.es\/index.php?rest_route=\/wp\/v2\/posts\/419\/revisions"}],"predecessor-version":[{"id":26444,"href":"https:\/\/elcalaixetdelaiaia.es\/index.php?rest_route=\/wp\/v2\/posts\/419\/revisions\/26444"}],"wp:featuredmedia":[{"embeddable":true,"href":"https:\/\/elcalaixetdelaiaia.es\/index.php?rest_route=\/wp\/v2\/media\/5917"}],"wp:attachment":[{"href":"https:\/\/elcalaixetdelaiaia.es\/index.php?rest_route=%2Fwp%2Fv2%2Fmedia&parent=419"}],"wp:term":[{"taxonomy":"category","embeddable":true,"href":"https:\/\/elcalaixetdelaiaia.es\/index.php?rest_route=%2Fwp%2Fv2%2Fcategories&post=419"},{"taxonomy":"post_tag","embeddable":true,"href":"https:\/\/elcalaixetdelaiaia.es\/index.php?rest_route=%2Fwp%2Fv2%2Ftags&post=419"}],"curies":[{"name":"wp","href":"https:\/\/api.w.org\/{rel}","templated":true}]}}