{"id":413,"date":"2016-02-17T20:37:00","date_gmt":"2016-02-17T20:37:00","guid":{"rendered":"http:\/\/elcalaixetdelaiaia.es\/bacalao-fresco-al-zumo-escabechado-de"},"modified":"2019-11-14T12:08:26","modified_gmt":"2019-11-14T12:08:26","slug":"bacalao-fresco-al-zumo-escabechado-de","status":"publish","type":"post","link":"https:\/\/elcalaixetdelaiaia.es\/?p=413","title":{"rendered":"Bacalao fresco al zumo escabechado de mandarina paso a paso foto a foto"},"content":{"rendered":"<p>\u00abRefrany;<br \/>\nMandarina menjar\u00e9 i molta salut tindr\u00e9\u00bb<br \/>\nMandarina comer\u00e9, y mucha salud tendr\u00e9.<\/p>\n<div style=\"text-align: center;\">Cuando pruebo un plato en alg\u00fan banquete o restaurante y me gusta, no paro hasta que consigo sacar algo similar, y \u00e9ste es uno de ellos.<\/div>\n<div style=\"text-align: center;\"><a style=\"margin-left: 1em; margin-right: 1em;\" href=\"https:\/\/2.bp.blogspot.com\/-tYkIVf5Vy2U\/VsTRDN7vtiI\/AAAAAAAAih8\/H-eTqrqZTf0\/s1600\/IMG_5467.PNG\"><img decoding=\"async\" loading=\"lazy\" src=\"https:\/\/elcalaixetdelaiaia.es\/wp-content\/uploads\/2016\/02\/IMG_5467-1.png\" width=\"640\" height=\"480\" border=\"0\" \/><\/a><\/div>\n<div style=\"text-align: center;\"><\/div>\n<div style=\"text-align: center;\"><u><i>Bacalo fresco al zumo escabechado de mandarina<\/i><\/u><\/div>\n<div><\/div>\n<div style=\"text-align: center;\">Con los c\u00edtricos no s\u00f3lo se pueden praparar recetas dulces, ya que combinan a la perfecci\u00f3n con lo salado, y como para muestra sobra un bot\u00f3n,<\/div>\n<div style=\"text-align: center;\">\u00a0<a style=\"margin-left: 1em; margin-right: 1em;\" href=\"https:\/\/1.bp.blogspot.com\/-2oA7yUTTZgs\/VsTRPK0X-oI\/AAAAAAAAiiI\/vhwldR62bAk\/s1600\/IMG_5469.PNG\"><img decoding=\"async\" loading=\"lazy\" src=\"https:\/\/elcalaixetdelaiaia.es\/wp-content\/uploads\/2016\/02\/IMG_5469-2.png\" width=\"640\" height=\"480\" border=\"0\" \/><\/a><\/div>\n<div style=\"text-align: center;\">\u00a0hoy he preparado un bacalao natural que encima estaba de oferta, con unas habitas frescas y un escabeche de mandarina que quita el hipo y si no&#8230;.a ver que os parece.<\/div>\n<div style=\"text-align: center;\">Con \u00e9sta receta, participo en <a href=\"http:\/\/cocinerosdelmundodegoogle.blogspot.com.es\/2016\/02\/bases-del-reto-de-febrero-naranjas-o.html\">el Reto de Febrero 2016 de CdM<\/a> en el apartado de salado. En el concurso patrocinado por: <a href=\"http:\/\/naranjaslu.es\/\">naranjasLU.es<\/a><\/div>\n<div style=\"text-align: center;\">\u00a0<img decoding=\"async\" src=\"https:\/\/elcalaixetdelaiaia.es\/wp-content\/uploads\/2016\/02\/Logo200-3.png\" border=\"0\" \/><\/div>\n<div style=\"text-align: center;\"><\/div>\n<div style=\"text-align: center;\">Si sois de Valencia o alrededores o recomiendo encarecidamente una parada de pescado del mercado de Ruzafa, son los palcos 36\/42, Elena y Pepe os atender\u00e1n con total profesionalidad y simpat\u00eda, aparte de que sus productos son de lo m\u00e1s frescos y de grand\u00edsima calidad.<\/div>\n<div style=\"text-align: left;\">Necesitaremos para dos comensales;<\/div>\n<div style=\"text-align: center;\"><\/div>\n<div class=\"separator\" style=\"clear: both; text-align: center;\"><a style=\"margin-left: 1em; margin-right: 1em;\" href=\"https:\/\/3.bp.blogspot.com\/-nFsWrgeBpPY\/VsS7k9-ZKPI\/AAAAAAAAig8\/pdf_IgwV9u4\/s1600\/IMG_5451.PNG\"><img decoding=\"async\" loading=\"lazy\" src=\"https:\/\/elcalaixetdelaiaia.es\/wp-content\/uploads\/2016\/02\/IMG_5451-1.png\" width=\"640\" height=\"480\" border=\"0\" \/><\/a><\/div>\n<ol>\n<li>Medio bacalao fresco limpio de espinas<\/li>\n<li>1\/4 de granada<\/li>\n<li>Una mandarina<\/li>\n<li>25g de pi\u00f1ones<\/li>\n<li>6 vainas de habas frescas<\/li>\n<li>Dos cucharaditas de Maizena<\/li>\n<li>Aceite de oliva<\/li>\n<li>50ml zumo de mandarina<\/li>\n<li>Una cucharada sopera de vinagre de Jerez<\/li>\n<\/ol>\n<div style=\"text-align: center;\">Pedimos en la pescader\u00eda que extraigan la espina central al bacalao, que junto a la media cabeza que nos toca, luego la aprovecharemos para con unas verduritas, preparar un fondo de pescado o fumet, que siempre va bi\u00e9n tener en el congelador.<\/div>\n<div style=\"text-align: center;\"><\/div>\n<div class=\"separator\" style=\"clear: both; text-align: center;\"><a style=\"margin-left: 1em; margin-right: 1em;\" href=\"https:\/\/3.bp.blogspot.com\/-vdDicuLIQ4I\/VsS7l6smxeI\/AAAAAAAAihA\/9QnjToce1ZI\/s1600\/IMG_5452.PNG\"><img decoding=\"async\" loading=\"lazy\" src=\"https:\/\/elcalaixetdelaiaia.es\/wp-content\/uploads\/2016\/02\/IMG_5452-1.png\" width=\"640\" height=\"480\" border=\"0\" \/><\/a><\/div>\n<div style=\"text-align: center;\"><\/div>\n<div style=\"text-align: center;\">Como v\u00e9is \u00e9ste es enorme, as\u00ed que como s\u00f3lo vamos a cenar dos, usar\u00e9 solo media cola y la otra media la dejar\u00e9 para prepararla de otra manera<\/div>\n<div style=\"text-align: center;\"><\/div>\n<div class=\"separator\" style=\"clear: both; text-align: center;\"><a style=\"margin-left: 1em; margin-right: 1em;\" href=\"https:\/\/4.bp.blogspot.com\/-7Cri-fgA2po\/VsS7e00qDfI\/AAAAAAAAig4\/aaoUCSlgEpQ\/s1600\/IMG_5453.PNG\"><img decoding=\"async\" loading=\"lazy\" src=\"https:\/\/elcalaixetdelaiaia.es\/wp-content\/uploads\/2016\/02\/IMG_5453-1.png\" width=\"640\" height=\"480\" border=\"0\" \/><\/a><\/div>\n<div style=\"text-align: center;\"><\/div>\n<div style=\"text-align: center;\">Ponemos un poco de aceite de oliva en una sart\u00e9n al fuego, doramos los pi\u00f1ones y los reservamos<\/div>\n<div style=\"text-align: center;\"><\/div>\n<div class=\"separator\" style=\"clear: both; text-align: center;\"><a style=\"margin-left: 1em; margin-right: 1em;\" href=\"https:\/\/1.bp.blogspot.com\/-eUjXszBHBjo\/VsS7tXb5xNI\/AAAAAAAAihE\/C8Wz-8Z6q2c\/s1600\/IMG_5454.PNG\"><img decoding=\"async\" loading=\"lazy\" src=\"https:\/\/elcalaixetdelaiaia.es\/wp-content\/uploads\/2016\/02\/IMG_5454-1.png\" width=\"640\" height=\"480\" border=\"0\" \/><\/a><\/div>\n<div style=\"text-align: center;\"><\/div>\n<div style=\"text-align: center;\">mientras, pelaremos las habas y las escaldaremos en agua hirviendo<\/div>\n<div style=\"text-align: center;\"><\/div>\n<div class=\"separator\" style=\"clear: both; text-align: center;\"><a style=\"margin-left: 1em; margin-right: 1em;\" href=\"https:\/\/1.bp.blogspot.com\/-nyYvaq1uTMY\/VsS72G1xP5I\/AAAAAAAAihI\/xzHRw4h7Hcs\/s1600\/IMG_5455.PNG\"><img decoding=\"async\" loading=\"lazy\" src=\"https:\/\/elcalaixetdelaiaia.es\/wp-content\/uploads\/2016\/02\/IMG_5455-1.png\" width=\"640\" height=\"480\" border=\"0\" \/><\/a><\/div>\n<div style=\"text-align: center;\"><\/div>\n<div style=\"text-align: center;\">las haremos unos cinco minutos en el aceite de dorar los pi\u00f1ones y limpiaremos y trocearemos un cuarto de granada<\/div>\n<div style=\"text-align: center;\"><\/div>\n<div class=\"separator\" style=\"clear: both; text-align: center;\"><a style=\"margin-left: 1em; margin-right: 1em;\" href=\"https:\/\/4.bp.blogspot.com\/-N_FnrlzBqRQ\/VsS76K2IPJI\/AAAAAAAAihM\/U_nLqdeEvPo\/s1600\/IMG_5456.PNG\"><img decoding=\"async\" loading=\"lazy\" src=\"https:\/\/elcalaixetdelaiaia.es\/wp-content\/uploads\/2016\/02\/IMG_5456-1.png\" width=\"640\" height=\"480\" border=\"0\" \/><\/a><\/div>\n<div style=\"text-align: center;\"><\/div>\n<div style=\"text-align: center;\">Haremos el jugo de una mandarina muy grande o dos normales, mirad que pasada de mandarinas mmmmmmm<\/div>\n<div style=\"text-align: center;\"><\/div>\n<div class=\"separator\" style=\"clear: both; text-align: center;\"><a style=\"margin-left: 1em; margin-right: 1em;\" href=\"https:\/\/4.bp.blogspot.com\/-GI0uxfbeAvY\/VsTQUognrXI\/AAAAAAAAiho\/nfPAU0ovjBE\/s1600\/IMG_5459.PNG\"><img decoding=\"async\" loading=\"lazy\" src=\"https:\/\/elcalaixetdelaiaia.es\/wp-content\/uploads\/2016\/02\/IMG_5459-1.png\" width=\"640\" height=\"480\" border=\"0\" \/><\/a><\/div>\n<div style=\"text-align: center;\"><\/div>\n<div style=\"text-align: center;\">a\u00f1adiremos una cucharada sopera de vinagre de Jerez<\/div>\n<div style=\"text-align: center;\"><\/div>\n<div class=\"separator\" style=\"clear: both; text-align: center;\"><a style=\"margin-left: 1em; margin-right: 1em;\" href=\"https:\/\/2.bp.blogspot.com\/-LYrPN8GlOGQ\/VsTQUN_3YvI\/AAAAAAAAihk\/MHDE1PNDSiY\/s1600\/IMG_5460.PNG\"><img decoding=\"async\" loading=\"lazy\" src=\"https:\/\/elcalaixetdelaiaia.es\/wp-content\/uploads\/2016\/02\/IMG_5460-1.png\" width=\"640\" height=\"480\" border=\"0\" \/><\/a><\/div>\n<div style=\"text-align: center;\"><\/div>\n<div style=\"text-align: center;\">\u00a0Espesaremos la salsa con dos cucharaditas de Maizena expr\u00e9s, tener en cuenta que luego al fuego espesar\u00e1 mas<\/div>\n<div style=\"text-align: center;\"><\/div>\n<div class=\"separator\" style=\"clear: both; text-align: center;\"><a style=\"margin-left: 1em; margin-right: 1em;\" href=\"https:\/\/1.bp.blogspot.com\/-2UGZlsfpIVY\/VsTQUEPRBsI\/AAAAAAAAihg\/FJPmSGW25oM\/s1600\/IMG_5461.PNG\"><img decoding=\"async\" loading=\"lazy\" src=\"https:\/\/elcalaixetdelaiaia.es\/wp-content\/uploads\/2016\/02\/IMG_5461-1.png\" width=\"640\" height=\"480\" border=\"0\" \/><\/a><\/div>\n<div style=\"text-align: center;\"><\/div>\n<div style=\"text-align: center;\">salaremos el bacalao<\/div>\n<div style=\"text-align: center;\"><\/div>\n<div class=\"separator\" style=\"clear: both; text-align: center;\"><a style=\"margin-left: 1em; margin-right: 1em;\" href=\"https:\/\/3.bp.blogspot.com\/-ZkRjHcrTaH8\/VsTQeiO7sOI\/AAAAAAAAihs\/lBXiSUgcNp4\/s1600\/IMG_5462.PNG\"><img decoding=\"async\" loading=\"lazy\" src=\"https:\/\/elcalaixetdelaiaia.es\/wp-content\/uploads\/2016\/02\/IMG_5462-1.png\" width=\"640\" height=\"480\" border=\"0\" \/><\/a><\/div>\n<div style=\"text-align: center;\"><\/div>\n<div style=\"text-align: center;\">y lo freiremos suavemente<\/div>\n<div style=\"text-align: center;\"><\/div>\n<div class=\"separator\" style=\"clear: both; text-align: center;\"><a style=\"margin-left: 1em; margin-right: 1em;\" href=\"https:\/\/4.bp.blogspot.com\/-WqzW_6uX4pE\/VsTQnlWJHZI\/AAAAAAAAihw\/9QGwONS2XG4\/s1600\/IMG_5463.PNG\"><img decoding=\"async\" loading=\"lazy\" src=\"https:\/\/elcalaixetdelaiaia.es\/wp-content\/uploads\/2016\/02\/IMG_5463-1.png\" width=\"640\" height=\"480\" border=\"0\" \/><\/a><\/div>\n<div style=\"text-align: center;\"><\/div>\n<div style=\"text-align: center;\">a\u00f1adiremos las habitas que dejaremos al dente<\/div>\n<div style=\"text-align: center;\"><\/div>\n<div class=\"separator\" style=\"clear: both; text-align: center;\"><a style=\"margin-left: 1em; margin-right: 1em;\" href=\"https:\/\/4.bp.blogspot.com\/--8_MwqRYCMU\/VsTQt8HhWdI\/AAAAAAAAih0\/0XOskwM6LdY\/s1600\/IMG_5464.PNG\"><img decoding=\"async\" loading=\"lazy\" src=\"https:\/\/elcalaixetdelaiaia.es\/wp-content\/uploads\/2016\/02\/IMG_5464-1.png\" width=\"640\" height=\"480\" border=\"0\" \/><\/a><\/div>\n<div style=\"text-align: center;\"><\/div>\n<div style=\"text-align: center;\">incorporaremos los pi\u00f1ones dorados<\/div>\n<div style=\"text-align: center;\"><\/div>\n<div class=\"separator\" style=\"clear: both; text-align: center;\"><a style=\"margin-left: 1em; margin-right: 1em;\" href=\"https:\/\/4.bp.blogspot.com\/-OGgJJtEZWPQ\/VsTQ1ypNECI\/AAAAAAAAih4\/UtdckwEHR7E\/s1600\/IMG_5465.PNG\"><img decoding=\"async\" loading=\"lazy\" src=\"https:\/\/elcalaixetdelaiaia.es\/wp-content\/uploads\/2016\/02\/IMG_5465-1.png\" width=\"640\" height=\"480\" border=\"0\" \/><\/a><\/div>\n<div style=\"text-align: center;\"><\/div>\n<div style=\"text-align: center;\">y el escabeche de mandarina al que a\u00f1adiremos los gajos de una mandarina pelados, dejaremos unos 5 minutos a fuego lento, rectificaremos de sal y a\u00f1adiremos la granada \u00a1Y ya estaaa!!!!<\/div>\n<div style=\"text-align: center;\"><\/div>\n<div class=\"separator\" style=\"clear: both; text-align: center;\"><a style=\"margin-left: 1em; margin-right: 1em;\" href=\"https:\/\/1.bp.blogspot.com\/-lonzL2GERhI\/VsTRHVoqnRI\/AAAAAAAAiiA\/y-vIH87UQow\/s1600\/IMG_5468.PNG\"><img decoding=\"async\" loading=\"lazy\" src=\"https:\/\/elcalaixetdelaiaia.es\/wp-content\/uploads\/2016\/02\/IMG_5468-1.png\" width=\"640\" height=\"480\" border=\"0\" \/><\/a><\/div>\n<div style=\"text-align: center;\"><\/div>\n<div style=\"text-align: center;\">emplataremos<\/div>\n<div style=\"text-align: center;\"><\/div>\n<div class=\"separator\" style=\"clear: both; text-align: center;\"><a style=\"margin-left: 1em; margin-right: 1em;\" href=\"https:\/\/1.bp.blogspot.com\/-2oA7yUTTZgs\/VsTRPK0X-oI\/AAAAAAAAiiI\/vhwldR62bAk\/s1600\/IMG_5469.PNG\"><img decoding=\"async\" loading=\"lazy\" src=\"https:\/\/elcalaixetdelaiaia.es\/wp-content\/uploads\/2016\/02\/IMG_5469-2.png\" width=\"640\" height=\"480\" border=\"0\" \/><\/a><\/div>\n<div style=\"text-align: center;\"><\/div>\n<div style=\"text-align: center;\">y serviremos caliente este pedazo de plato f\u00e1cil y r\u00e1pido de hacer<\/div>\n<div style=\"text-align: center;\"><\/div>\n<div class=\"separator\" style=\"clear: both; text-align: center;\"><a style=\"margin-left: 1em; margin-right: 1em;\" href=\"https:\/\/3.bp.blogspot.com\/--Pk4Mcd6A1I\/VsTRYWl6cTI\/AAAAAAAAiiM\/b-JoqiUzrgo\/s1600\/IMG_5470.PNG\"><img decoding=\"async\" loading=\"lazy\" src=\"https:\/\/elcalaixetdelaiaia.es\/wp-content\/uploads\/2016\/02\/IMG_5470-1.png\" width=\"640\" height=\"480\" border=\"0\" \/><\/a><\/div>\n<div style=\"text-align: center;\"><\/div>\n<div style=\"text-align: center;\">Es un plato fino y delicado<\/div>\n<div style=\"text-align: center;\"><\/div>\n<div class=\"separator\" style=\"clear: both; text-align: center;\"><a style=\"margin-left: 1em; margin-right: 1em;\" href=\"https:\/\/3.bp.blogspot.com\/-5G7JMaGKvYc\/VsTRdaMwN5I\/AAAAAAAAiiQ\/ZeNM9rYnX6g\/s1600\/IMG_5471.PNG\"><img decoding=\"async\" loading=\"lazy\" src=\"https:\/\/elcalaixetdelaiaia.es\/wp-content\/uploads\/2016\/02\/IMG_5471.png\" width=\"640\" height=\"480\" border=\"0\" \/><\/a><\/div>\n<div style=\"text-align: center;\"><\/div>\n<div style=\"text-align: center;\">con un contraste de sabores muy interesante<\/div>\n<div style=\"text-align: center;\"><\/div>\n<div class=\"separator\" style=\"clear: both; text-align: center;\"><a style=\"margin-left: 1em; margin-right: 1em;\" href=\"https:\/\/2.bp.blogspot.com\/-aaPPi4UFKfw\/VsTRoj0EbWI\/AAAAAAAAiiU\/ZdWt8tseSjA\/s1600\/IMG_5472.PNG\"><img decoding=\"async\" loading=\"lazy\" src=\"https:\/\/elcalaixetdelaiaia.es\/wp-content\/uploads\/2016\/02\/IMG_5472.png\" width=\"480\" height=\"640\" border=\"0\" \/><\/a><\/div>\n<div style=\"text-align: center;\"><\/div>\n<div style=\"text-align: center;\">\u00abA la taula i&#8230;..BON PROFIT!!!\u00bb<\/div>\n<div style=\"text-align: center;\"><\/div>\n<div class=\"separator\" style=\"clear: both; text-align: center;\"><a style=\"margin-left: 1em; margin-right: 1em;\" href=\"https:\/\/3.bp.blogspot.com\/-LmxquVJ524c\/VsTRuZ3WZLI\/AAAAAAAAiiY\/S8ad92-PUlc\/s1600\/IMG_5473.PNG\"><img decoding=\"async\" loading=\"lazy\" src=\"https:\/\/elcalaixetdelaiaia.es\/wp-content\/uploads\/2016\/02\/IMG_5473.png\" width=\"640\" height=\"480\" border=\"0\" \/><\/a><\/div>\n<div style=\"text-align: center;\">\n<p>Si te parece interesante \u00e9sta receta, puedes compartirla para que llegue a m\u00e1s gente.Espero tus comentarios, que para mi son MUY importantes y prometo contestar lo antes posible. Gracias por tu visita.<br \/>\nY recuerda que tambi\u00e9n estoy en Facebook\u00a0<a href=\"https:\/\/www.facebook.com\/El-calaixet-de-la-iaia-533062140099386\/\">https:\/\/www.facebook.com\/El-calaixet-de-la-iaia-533062140099386\/<\/a><\/p>\n<\/div>\n","protected":false},"excerpt":{"rendered":"<p>\u00abRefrany; Mandarina menjar\u00e9 i molta salut tindr\u00e9\u00bb Mandarina comer\u00e9, y mucha salud tendr\u00e9. Cuando pruebo un plato en alg\u00fan banquete o restaurante y me gusta, no paro hasta que consigo sacar algo similar, y \u00e9ste es uno de ellos. Bacalo fresco al zumo escabechado de mandarina Con los c\u00edtricos no &hellip; <\/p>\n","protected":false},"author":2,"featured_media":5910,"comment_status":"open","ping_status":"open","sticky":false,"template":"","format":"standard","meta":[],"categories":[37,1],"tags":[],"_links":{"self":[{"href":"https:\/\/elcalaixetdelaiaia.es\/index.php?rest_route=\/wp\/v2\/posts\/413"}],"collection":[{"href":"https:\/\/elcalaixetdelaiaia.es\/index.php?rest_route=\/wp\/v2\/posts"}],"about":[{"href":"https:\/\/elcalaixetdelaiaia.es\/index.php?rest_route=\/wp\/v2\/types\/post"}],"author":[{"embeddable":true,"href":"https:\/\/elcalaixetdelaiaia.es\/index.php?rest_route=\/wp\/v2\/users\/2"}],"replies":[{"embeddable":true,"href":"https:\/\/elcalaixetdelaiaia.es\/index.php?rest_route=%2Fwp%2Fv2%2Fcomments&post=413"}],"version-history":[{"count":10,"href":"https:\/\/elcalaixetdelaiaia.es\/index.php?rest_route=\/wp\/v2\/posts\/413\/revisions"}],"predecessor-version":[{"id":19857,"href":"https:\/\/elcalaixetdelaiaia.es\/index.php?rest_route=\/wp\/v2\/posts\/413\/revisions\/19857"}],"wp:featuredmedia":[{"embeddable":true,"href":"https:\/\/elcalaixetdelaiaia.es\/index.php?rest_route=\/wp\/v2\/media\/5910"}],"wp:attachment":[{"href":"https:\/\/elcalaixetdelaiaia.es\/index.php?rest_route=%2Fwp%2Fv2%2Fmedia&parent=413"}],"wp:term":[{"taxonomy":"category","embeddable":true,"href":"https:\/\/elcalaixetdelaiaia.es\/index.php?rest_route=%2Fwp%2Fv2%2Fcategories&post=413"},{"taxonomy":"post_tag","embeddable":true,"href":"https:\/\/elcalaixetdelaiaia.es\/index.php?rest_route=%2Fwp%2Fv2%2Ftags&post=413"}],"curies":[{"name":"wp","href":"https:\/\/api.w.org\/{rel}","templated":true}]}}