{"id":408,"date":"2016-02-21T08:27:00","date_gmt":"2016-02-21T08:27:00","guid":{"rendered":"http:\/\/elcalaixetdelaiaia.es\/fabes-valencianes-habas-valencianas"},"modified":"2026-02-19T17:32:33","modified_gmt":"2026-02-19T17:32:33","slug":"fabes-valencianes-habas-valencianas","status":"publish","type":"post","link":"https:\/\/elcalaixetdelaiaia.es\/?p=408","title":{"rendered":"Fabes valencianes habas valencianas paso a paso foto a foto"},"content":{"rendered":"<p>\u00abRefrany; Cada fava te el seu cor, i de vegades dos\u00bb. \u00a0 Cada haba tiene su coraz\u00f3n y a veces dos.<\/p>\n<p>Si vais de tapas por Valencia, seguro que hab\u00e9is probado \u00e9stas habas. Para mi hay dos sitios donde las hacen como en mi casa (o parecidas). En La Pilareta en el Mercat, cerca de la Lonja de la Seda, y en Casa Monta\u00f1a, en el Canyamelar\/Cabanyal, aunque aqu\u00ed son bastante m\u00e1s picantes, pero especialmente riqu\u00edsimas, de peque\u00f1a iba mucho a casa Monta\u00f1a, ya que mis t\u00edos viven muy cerquita, y el vermut all\u00ed era sagrado siempre que era posible, porque a mi madre le encantaba, luego de novios, \u00edbamos mucho y despu\u00e9s de casados, siempre que pod\u00edamos, os lo recomiendo, Casa Monta\u00f1a de lo mejorcito, no puedo deciros que plato me gusta mas jajaja, es\u00a0 Cocina tradicional y maravillosa, \u00a1me encanta!<\/p>\n<div style=\"text-align: center;\"><a href=\"https:\/\/4.bp.blogspot.com\/-H1xCd8m5k7M\/VskG8pNZWcI\/AAAAAAAAi0U\/fkdmoo8E3M0\/s1600\/IMG_4205.PNG\"><img decoding=\"async\" src=\"https:\/\/elcalaixetdelaiaia.es\/wp-content\/uploads\/2016\/02\/IMG_4205.png\" border=\"0\" \/><\/a><\/div>\n<p>Unos las llaman \u00abFabes amb all i pebre\u00bb y otros \u00abFabes valencianes\u00bb.<\/p>\n<p>Mi padre hizo parte de su mili en Cartagena, y el resto, en el Juan Sebastian Elcano, y en Mah\u00f3n,\u00a0 y cuenta que en la cantina del cuartel, era muy t\u00edpico, tomar les fabes que le recordaban mucho a su tierra, s\u00f3lo que alli las llaman Michirones. En el cuartel las preparaban solo con laurel , pero en los bares de fuera les a\u00f1ad\u00edan chorizo, hueso de jam\u00f3n, y otras clases de carnes y embutidos. Pero las valencianas, solo llevan ajos, laurel y hierbabuena, aunque algunos les a\u00f1aden cebolla.<\/p>\n<div style=\"text-align: center;\"><a href=\"https:\/\/3.bp.blogspot.com\/-yw4gHXBfv-g\/VskGminONuI\/AAAAAAAAi0c\/PpEvsc2S-1w\/s1600\/IMG_4202.PNG\"><img decoding=\"async\" src=\"https:\/\/elcalaixetdelaiaia.es\/wp-content\/uploads\/2016\/02\/IMG_4202.png\" border=\"0\" \/><\/a><\/div>\n<p>Se trata de unas habas secas, que no pueden sustituirse por ning\u00fan otro tipo de habas, ni congeladas, ni tiernas. Las habas secas son las que se quedan mas granadas en la mata, se dejan secar y adquieren \u00e9ste color marr\u00f3n, (son las que uso para el rosc\u00f3n de Reyes).<\/p>\n<div style=\"text-align: center;\"><a href=\"https:\/\/1.bp.blogspot.com\/-Of4ssgRkbgo\/VskF_KL4C8I\/AAAAAAAAizs\/RxKg0OuVbSQ\/s1600\/IMG_4070.PNG\"><img decoding=\"async\" src=\"https:\/\/elcalaixetdelaiaia.es\/wp-content\/uploads\/2016\/02\/IMG_4070.png\" border=\"0\" \/><\/a><\/div>\n<p>No pens\u00e9is que se trata de una haba de piel dura&#8230; todo lo contrario resulta muy tierna y cremosa y con una fresca cervecita es un aperitivo delicioso o una estupenda guarnici\u00f3n.<br \/>\nLas habas hay que ponerlas a remojo como m\u00ednimo 24 horas, si son 48 mejor, y cambiar varias veces el agua durante el remojo.<br \/>\nSe pueden hacer en la olla expr\u00e9s, que se har\u00e1n en hora y media,en olla r\u00e1pida una hora o en olla de barro que necesitar\u00e1 3-4 horas.<\/p>\n<p>Necesitaremos para unos 4 comensales;<\/p>\n<div style=\"text-align: center;\"><a href=\"https:\/\/3.bp.blogspot.com\/-nQ3jt26cROU\/VskF2lAPcTI\/AAAAAAAAi0I\/L0I5R97v3TY\/s1600\/IMG_4068.PNG\"><img decoding=\"async\" src=\"https:\/\/elcalaixetdelaiaia.es\/wp-content\/uploads\/2016\/02\/IMG_4068.png\" border=\"0\" \/><\/a><\/div>\n<ol>\n<li>Medio kg. de habas secas remojadas 48 horas.<\/li>\n<li>Un buen ramilleta de \u00abherbassana\u00bb hierbabuena<\/li>\n<li>Aceite de oliva<\/li>\n<li>Una cabeza de ajos<\/li>\n<li>Dos pebreras<\/li>\n<li>Sal<\/li>\n<\/ol>\n<div style=\"text-align: center;\">\n<p><a href=\"https:\/\/2.bp.blogspot.com\/-DgLmYrREO4k\/VskF6ODw9uI\/AAAAAAAAi0I\/RUgitEEDZZ8\/s1600\/IMG_4069.PNG\"><img decoding=\"async\" src=\"https:\/\/elcalaixetdelaiaia.es\/wp-content\/uploads\/2016\/02\/IMG_4069.png\" border=\"0\" \/><\/a><\/p>\n<p><a href=\"https:\/\/3.bp.blogspot.com\/-xfCbuU0ImRM\/VskGKNu10OI\/AAAAAAAAi0I\/Qbara4tIOEo\/s1600\/IMG_4074.PNG\"><img decoding=\"async\" src=\"https:\/\/elcalaixetdelaiaia.es\/wp-content\/uploads\/2016\/02\/IMG_4074.png\" border=\"0\" \/><\/a><\/p>\n<p>Comenzaremos poni\u00e9ndolas a remojo en agua fresca, las tengo 24 horas como m\u00ednimo, si tengo tiempo, 48 horas, y les voy cambiando el agua de vez en cuando<\/p>\n<\/div>\n<div style=\"text-align: center;\">\n<p><a href=\"https:\/\/3.bp.blogspot.com\/-Vu0SR6NUknE\/Vslj3lTQAGI\/AAAAAAAAi0s\/YVBPoTkMcUo\/s1600\/IMG_3948.PNG\"><img decoding=\"async\" class=\"aligncenter\" src=\"https:\/\/elcalaixetdelaiaia.es\/wp-content\/uploads\/2016\/02\/IMG_3948.png\" border=\"0\" \/><\/a><\/p>\n<p>Al ir a prepararlas, las escurriremos<\/p>\n<p><a href=\"https:\/\/1.bp.blogspot.com\/-KRaRobca-nw\/VslkG0ZHf7I\/AAAAAAAAi04\/U6pgwfe7TxI\/s1600\/IMG_3950.PNG\"><img decoding=\"async\" src=\"https:\/\/elcalaixetdelaiaia.es\/wp-content\/uploads\/2016\/02\/IMG_3950.png\" border=\"0\" \/><\/a><\/p>\n<p>y las pondremos a ser posible en cazuela de barro, con un buen chorro de aceite de oliva<\/p>\n<p><a href=\"https:\/\/4.bp.blogspot.com\/--aEwob38qLo\/VslkNfEaOBI\/AAAAAAAAi08\/3531lHVdZAQ\/s1600\/IMG_3951.PNG\"><img decoding=\"async\" src=\"https:\/\/elcalaixetdelaiaia.es\/wp-content\/uploads\/2016\/02\/IMG_3951.png\" border=\"0\" \/><\/a><\/p>\n<p>A\u00f1adiremos dos hojas de laurel enjuagadas<\/p>\n<\/div>\n<div style=\"text-align: center;\">\n<p><a href=\"https:\/\/2.bp.blogspot.com\/-0bbJRg64Es8\/VslkTXwXLAI\/AAAAAAAAi1A\/6WR9GTpeSa4\/s1600\/IMG_3953.PNG\"><img decoding=\"async\" src=\"https:\/\/elcalaixetdelaiaia.es\/wp-content\/uploads\/2016\/02\/IMG_3953.png\" border=\"0\" \/><\/a><\/p>\n<p>una cabeza de ajos<\/p>\n<p><a href=\"https:\/\/1.bp.blogspot.com\/-UsfbJysY5EY\/VslkgbB0PfI\/AAAAAAAAi1M\/OeEV7joHGe0\/s1600\/IMG_3955.PNG\"><img decoding=\"async\" class=\"aligncenter\" src=\"https:\/\/elcalaixetdelaiaia.es\/wp-content\/uploads\/2016\/02\/IMG_3955.png\" border=\"0\" \/><\/a><\/p>\n<p>a la que haremos unos cortes en cada diente<\/p>\n<\/div>\n<div style=\"text-align: center;\">\n<p><a href=\"https:\/\/1.bp.blogspot.com\/-KYcyJ43pXfc\/Vslj_YcHjJI\/AAAAAAAAi00\/jnS14dm2d_U\/s1600\/IMG_3949.PNG\"><img decoding=\"async\" class=\"aligncenter\" src=\"https:\/\/elcalaixetdelaiaia.es\/wp-content\/uploads\/2016\/02\/IMG_3949.png\" border=\"0\" \/><\/a><\/p>\n<p>y depende del picante que nos guste, unas pebreras o guindillas, yo tengo la suerte de tener siempre una buena ristra a mano en el balc\u00f3n<\/p>\n<p><a href=\"https:\/\/2.bp.blogspot.com\/-z83nAUX6Ymw\/Vsllj2unTaI\/AAAAAAAAi18\/oLvvgB3bqkw\/s1600\/IMG_3952.PNG\"><img decoding=\"async\" src=\"https:\/\/elcalaixetdelaiaia.es\/wp-content\/uploads\/2016\/02\/IMG_3952.png\" border=\"0\" \/><\/a><\/p>\n<p>en mi caso yo pongo dos<\/p>\n<\/div>\n<div style=\"text-align: center;\"><a href=\"https:\/\/4.bp.blogspot.com\/-SR0FvP9a4I0\/VslkZhvC_kI\/AAAAAAAAi1E\/dO7sm8RRF0E\/s1600\/IMG_3954.PNG\"><img decoding=\"async\" class=\"aligncenter\" src=\"https:\/\/elcalaixetdelaiaia.es\/wp-content\/uploads\/2016\/02\/IMG_3954.png\" border=\"0\" \/><\/a><\/div>\n<div><\/div>\n<div style=\"text-align: center;\">\u00a0y os aseguro que pican bastante pero no demasiado, si os gustan muy picantes, es cuesti\u00f3n de a\u00f1adir mas guindillas<\/div>\n<div style=\"text-align: center;\">\n<p><a href=\"https:\/\/3.bp.blogspot.com\/-rVHeYu6jrHI\/Vslkmw0KIFI\/AAAAAAAAi1Q\/PhHv1sN_2QM\/s1600\/IMG_3956.PNG\"><img decoding=\"async\" class=\"aligncenter\" src=\"https:\/\/elcalaixetdelaiaia.es\/wp-content\/uploads\/2016\/02\/IMG_3956.png\" border=\"0\" \/><\/a><\/p>\n<p>Un buen ramillete de hierbabuena fresca, pero no s\u00f3lo unas hojitas, si no un ramito generoso, la \u00abherbassana\u00bb es el toque principal<\/p>\n<p><a href=\"https:\/\/3.bp.blogspot.com\/-S0EavXPLMGs\/VslktOG91oI\/AAAAAAAAi1Y\/lztlNSsGpEk\/s1600\/IMG_3957.PNG\"><img decoding=\"async\" class=\"aligncenter\" src=\"https:\/\/elcalaixetdelaiaia.es\/wp-content\/uploads\/2016\/02\/IMG_3957.png\" border=\"0\" \/><\/a><\/p>\n<\/div>\n<div style=\"text-align: center;\">las cubriremos por completo de agua, que les soprepase un par de dedos<\/div>\n<div style=\"text-align: center;\">\n<p><a href=\"https:\/\/2.bp.blogspot.com\/--uNxEmxp5eQ\/Vslj57zp8YI\/AAAAAAAAi0w\/lKhvItL80cI\/s1600\/IMG_3947.PNG\"><img decoding=\"async\" class=\"aligncenter\" src=\"https:\/\/elcalaixetdelaiaia.es\/wp-content\/uploads\/2016\/02\/IMG_3947.png\" border=\"0\" \/><\/a><\/p>\n<p>de momento NO ponemos sal<\/p>\n<p><a href=\"https:\/\/1.bp.blogspot.com\/-lbgX8gLp_x4\/VsllBJ2tv4I\/AAAAAAAAi1k\/jU6x9N8Edyc\/s1600\/IMG_3958.PNG\"><img decoding=\"async\" src=\"https:\/\/elcalaixetdelaiaia.es\/wp-content\/uploads\/2016\/02\/IMG_3958.png\" border=\"0\" \/><\/a><\/p>\n<p>taparemos y dejamos a fuego medio<\/p>\n<\/div>\n<div style=\"text-align: center;\"><a href=\"https:\/\/4.bp.blogspot.com\/-OS2NvquG_ko\/Vslk8i75gkI\/AAAAAAAAi1g\/K2LKLkg4h7o\/s1600\/IMG_3959.PNG\"><img decoding=\"async\" class=\"aligncenter\" src=\"https:\/\/elcalaixetdelaiaia.es\/wp-content\/uploads\/2016\/02\/IMG_3959.png\" border=\"0\" \/><\/a><\/div>\n<div><\/div>\n<div style=\"text-align: center;\">Si vemos que se van quedando sin agua, a\u00f1adiremos agua caliente poco a poco,<\/div>\n<div><\/div>\n<div style=\"text-align: center;\"><a href=\"https:\/\/1.bp.blogspot.com\/-w8qZ3Y3ZqD8\/VsllHXyPUSI\/AAAAAAAAi1w\/sDj4eIYH38E\/s1600\/IMG_3960.PNG\"><img decoding=\"async\" class=\"aligncenter\" src=\"https:\/\/elcalaixetdelaiaia.es\/wp-content\/uploads\/2016\/02\/IMG_3960.png\" border=\"0\" \/><\/a><\/div>\n<div><\/div>\n<div style=\"text-align: center;\">hemos de tener en cuenta que el la olla de barro normal tardar\u00e1n en hacerse unas tres horas<\/div>\n<div style=\"text-align: center;\">\n<p><a href=\"https:\/\/3.bp.blogspot.com\/-hSo1qiyPX-0\/VskGWheYy7I\/AAAAAAAAi0c\/b0zdXGSnsLA\/s1600\/IMG_4082.PNG\"><img decoding=\"async\" class=\"aligncenter\" src=\"https:\/\/elcalaixetdelaiaia.es\/wp-content\/uploads\/2016\/02\/IMG_4082.png\" border=\"0\" \/><\/a><\/p>\n<p>Nos da tiempo de sobra de hacer una paella, comerla y dejar las habas para la cena, pero recordad que es muy importante que no les falta el agua en ning\u00fan momento<\/p>\n<p><a href=\"https:\/\/4.bp.blogspot.com\/-rx7t_-jIDas\/Vslm5eHpVJI\/AAAAAAAAi2Q\/D7qVKtGh2VU\/s1600\/IMG_5724%255B1%255D.PNG\"><img decoding=\"async\" src=\"https:\/\/elcalaixetdelaiaia.es\/wp-content\/uploads\/2016\/02\/IMG_57245B15D.png\" border=\"0\" \/><\/a><\/p>\n<p>es importante que no les falte el caldo<\/p>\n<\/div>\n<div style=\"text-align: center;\"><a href=\"https:\/\/1.bp.blogspot.com\/-uSzsYS9t4PE\/Vslm-FIvhWI\/AAAAAAAAi2U\/f6nAR6-khIY\/s1600\/IMG_5725%255B1%255D.PNG\"><img decoding=\"async\" class=\"aligncenter\" src=\"https:\/\/elcalaixetdelaiaia.es\/wp-content\/uploads\/2016\/02\/IMG_57255B15D.png\" border=\"0\" \/><\/a><\/div>\n<div style=\"text-align: center;\">Iremos viendo como las habas se van ablandando y el caldito espesando<\/div>\n<div><\/div>\n<div style=\"text-align: center;\"><a href=\"https:\/\/4.bp.blogspot.com\/-AJbcK5djfdE\/VslnG2SF8fI\/AAAAAAAAi2Y\/MnUtoQ4VuFM\/s1600\/IMG_5727%255B1%255D.PNG\"><img decoding=\"async\" src=\"https:\/\/elcalaixetdelaiaia.es\/wp-content\/uploads\/2016\/02\/IMG_57275B15D.png\" border=\"0\" \/><\/a><\/div>\n<div style=\"text-align: center;\">\n<p>Si tenemos prisa , podemos acelerar el proceso usando la olla r\u00e1pida, poniendo todos los ingredientes menos la sal, de \u00e9sta manera las tendremos listas en una hora<\/p>\n<p><a href=\"https:\/\/4.bp.blogspot.com\/-WIBiz_HGrJo\/Vslmy3Uh3kI\/AAAAAAAAi2M\/gKjwrT3d64A\/s1600\/IMG_5723%255B1%255D.PNG\"><img decoding=\"async\" src=\"https:\/\/elcalaixetdelaiaia.es\/wp-content\/uploads\/2016\/02\/IMG_57235B15D.png\" border=\"0\" \/><\/a><\/p>\n<p>La sal la a\u00f1adiremos cuando ya est\u00e9n listas y casi en el momento de servir<\/p>\n<\/div>\n<div style=\"text-align: center;\"><a href=\"https:\/\/4.bp.blogspot.com\/-pQrOiho3SH8\/VskGfc0A96I\/AAAAAAAAi0c\/gemvij2kxNY\/s1600\/IMG_4200.PNG\"><img decoding=\"async\" class=\"aligncenter\" src=\"https:\/\/elcalaixetdelaiaia.es\/wp-content\/uploads\/2016\/02\/IMG_4200.png\" border=\"0\" \/><\/a><\/div>\n<div style=\"text-align: center;\">luego ya, a la hora de servir, a gusto de cada cual<\/div>\n<div><\/div>\n<div style=\"text-align: center;\"><a href=\"https:\/\/4.bp.blogspot.com\/-u5kPZwFdM6g\/VskGzMCrNCI\/AAAAAAAAi0k\/cttGWdxOaH8\/s1600\/IMG_4203.PNG\"><img decoding=\"async\" class=\"aligncenter\" src=\"https:\/\/elcalaixetdelaiaia.es\/wp-content\/uploads\/2016\/02\/IMG_4203.png\" border=\"0\" \/><\/a><\/div>\n<div><\/div>\n<div style=\"text-align: center;\">Se puede poner mas o menos caldito, y es un plato que aguanta muy bien la congelaci\u00f3n, as\u00ed que como dan trabajo podemos hacer cantidad, auque en casa desaparecen enseguida<\/div>\n<div style=\"text-align: center;\">\n<p><a href=\"https:\/\/4.bp.blogspot.com\/-Rzqs0bWKLTM\/VskGwC4THbI\/AAAAAAAAi0k\/TjH0ybXrrRg\/s1600\/IMG_4204.PNG\"><img decoding=\"async\" src=\"https:\/\/elcalaixetdelaiaia.es\/wp-content\/uploads\/2016\/02\/IMG_4204.png\" border=\"0\" \/><\/a><\/p>\n<p>apretar la piel y que salga la mollita del haba&#8230;es todo un placer<\/p>\n<\/div>\n<div style=\"text-align: center;\"><a href=\"https:\/\/3.bp.blogspot.com\/-mhZPl7o9VPU\/VskHEpuOLLI\/AAAAAAAAi0k\/9yL2aGYMz2M\/s1600\/IMG_4206.PNG\"><img decoding=\"async\" class=\"aligncenter\" src=\"https:\/\/elcalaixetdelaiaia.es\/wp-content\/uploads\/2016\/02\/IMG_4206.png\" border=\"0\" \/><\/a>Son ideales con un buen vermout, el chato de vino o el barral de cerveza fresquita&#8230;\u00bbA la taula i&#8230;..BON PROFIT!!!\u00bb<br \/>\nSi te gusta mi receta, puedes compartirla\u00a0 para que llegue a m\u00e1s gente.<br \/>\nEspero tus comentarios que para mi, son MUY importantes, y recuerda que tambi\u00e9n estoy en Facebook\u00a0<a href=\"https:\/\/www.facebook.com\/El-calaixet-de-la-iaia-533062140099386\/\">https:\/\/www.facebook.com\/El-calaixet-de-la-iaia-533062140099386\/<\/a><\/div>\n","protected":false},"excerpt":{"rendered":"<p>\u00abRefrany; Cada fava te el seu cor, i de vegades dos\u00bb. \u00a0 Cada haba tiene su coraz\u00f3n y a veces dos. Si vais de tapas por Valencia, seguro que hab\u00e9is probado \u00e9stas habas. Para mi hay dos sitios donde las hacen como en mi casa (o parecidas). En La Pilareta &hellip; <\/p>\n","protected":false},"author":2,"featured_media":5905,"comment_status":"open","ping_status":"open","sticky":false,"template":"","format":"standard","meta":[],"categories":[34,1],"tags":[],"_links":{"self":[{"href":"https:\/\/elcalaixetdelaiaia.es\/index.php?rest_route=\/wp\/v2\/posts\/408"}],"collection":[{"href":"https:\/\/elcalaixetdelaiaia.es\/index.php?rest_route=\/wp\/v2\/posts"}],"about":[{"href":"https:\/\/elcalaixetdelaiaia.es\/index.php?rest_route=\/wp\/v2\/types\/post"}],"author":[{"embeddable":true,"href":"https:\/\/elcalaixetdelaiaia.es\/index.php?rest_route=\/wp\/v2\/users\/2"}],"replies":[{"embeddable":true,"href":"https:\/\/elcalaixetdelaiaia.es\/index.php?rest_route=%2Fwp%2Fv2%2Fcomments&post=408"}],"version-history":[{"count":16,"href":"https:\/\/elcalaixetdelaiaia.es\/index.php?rest_route=\/wp\/v2\/posts\/408\/revisions"}],"predecessor-version":[{"id":28965,"href":"https:\/\/elcalaixetdelaiaia.es\/index.php?rest_route=\/wp\/v2\/posts\/408\/revisions\/28965"}],"wp:featuredmedia":[{"embeddable":true,"href":"https:\/\/elcalaixetdelaiaia.es\/index.php?rest_route=\/wp\/v2\/media\/5905"}],"wp:attachment":[{"href":"https:\/\/elcalaixetdelaiaia.es\/index.php?rest_route=%2Fwp%2Fv2%2Fmedia&parent=408"}],"wp:term":[{"taxonomy":"category","embeddable":true,"href":"https:\/\/elcalaixetdelaiaia.es\/index.php?rest_route=%2Fwp%2Fv2%2Fcategories&post=408"},{"taxonomy":"post_tag","embeddable":true,"href":"https:\/\/elcalaixetdelaiaia.es\/index.php?rest_route=%2Fwp%2Fv2%2Ftags&post=408"}],"curies":[{"name":"wp","href":"https:\/\/api.w.org\/{rel}","templated":true}]}}