{"id":4,"date":"2018-03-11T16:43:50","date_gmt":"2018-03-11T16:43:50","guid":{"rendered":"http:\/\/elcalaixetdelaiaia.es\/?p=4"},"modified":"2023-12-30T12:03:31","modified_gmt":"2023-12-30T12:03:31","slug":"limoncello-casero-paso-paso-foto-foto","status":"publish","type":"post","link":"https:\/\/elcalaixetdelaiaia.es\/?p=4","title":{"rendered":"Limoncello casero paso a paso foto a foto"},"content":{"rendered":"<p>\u00abRefrany; Suc de llima, bona medicina\u00bb Jugo de lim\u00f3n, buena medicina.<\/p>\n<p>Voy a preparar limoncello casero, con una receta que me dieron unos vecinos italianos que tuve un verano en la caseta de La Patacona, de qui\u00e9n tambi\u00e9n consegu\u00ed unas cuantas recetas italianas, como la de mi Tiramis\u00fa\ud83d\ude09\u00a0\u00a0 (que no es por nada, pero a mi, es el que mas me gusta de todooos cuantos he probado hasta hora, y que es la receta fija desde entonces). Tambien me encanta mi tiramis\u00fa de naranja&#8230; pero esa es otra receta que no tiene nada que ver con la italiana, digamos que es un \u00abtiramis\u00fa a la valenciana\u00bb jejeje.<br \/>\nAmbas recetas, (el tiramis\u00fa y el limoncello) las prepar\u00e9 estando a\u00fan ellos y les gust\u00f3 much\u00edsimo, el tiramis\u00fa seg\u00fan dijeron, me sale perfecto, y me dijeron que el limoncello era casi igual a la que preparaba su madre, aunque no usamos la misma bebida de fondo. Ellos utilizan Grappa, que seg\u00fan me contaban es un aguardiente de orujo italiano, que destilan exclusivamente con una uva especial llamada Picolit.<br \/>\nComo me fue imposible encontrar Grappa, us\u00e9 Ron blanco, al igual que voy a hacer hoy.<\/p>\n<p><img decoding=\"async\" loading=\"lazy\" class=\"alignnone size-large wp-image-16136\" src=\"https:\/\/elcalaixetdelaiaia.es\/wp-content\/uploads\/2017\/12\/IMG_2058-768x1024.jpg\" alt=\"\" width=\"750\" height=\"1000\" srcset=\"https:\/\/elcalaixetdelaiaia.es\/wp-content\/uploads\/2017\/12\/IMG_2058-768x1024.jpg 768w, https:\/\/elcalaixetdelaiaia.es\/wp-content\/uploads\/2017\/12\/IMG_2058-225x300.jpg 225w\" sizes=\"(max-width: 750px) 100vw, 750px\" \/><\/p>\n<p>Este limoncello lo hago especialmente para regalar unas personas que estimo mucho y que son expertas en limoncello, (as\u00ed que ya os dir\u00e9 que nota me ponen), y para preparar posteriomente una tarta de limoncello, que quiero llevar como presente, ya que amablemente y con todo el cari\u00f1o del mundo, me han invitado a cenar en la noche mas especial del a\u00f1o.<a style=\"margin-left: 1em; margin-right: 1em;\" href=\"https:\/\/2.bp.blogspot.com\/-deYLtjDhx1k\/Wh32-ymhrhI\/AAAAAAAAqDY\/TQE6mlacabYi-8djIYyUPimiQ0zDibibACLcBGAs\/s1600\/IMG_8363.JPG\"><img decoding=\"async\" loading=\"lazy\" class=\"alignleft\" src=\"https:\/\/elcalaixetdelaiaia.es\/wp-content\/uploads\/2017\/11\/IMG_8363.jpg\" width=\"640\" height=\"478\" border=\"0\" data-original-height=\"1200\" data-original-width=\"1600\" \/><\/a><\/p>\n<p style=\"text-align: center;\">Es b\u00e1sico emplear para \u00e9ste licor, unos limones que sean muy arom\u00e1ticos, y para ello nada mejor que los frutos de un limonero casero, pero si no ten\u00e9is la suerte de poder disfrutar de un limonero en casa,<\/p>\n<div class=\"separator\" style=\"clear: both; text-align: center;\"><a style=\"margin-left: 1em; margin-right: 1em;\" href=\"https:\/\/3.bp.blogspot.com\/-pHRab0iQM30\/Wh33AHcthFI\/AAAAAAAAqDc\/nOlk17QJfxMRyB25CMXfT6Q-DP6vlzauQCLcBGAs\/s1600\/IMG_8364.JPG\"><img decoding=\"async\" loading=\"lazy\" src=\"https:\/\/elcalaixetdelaiaia.es\/wp-content\/uploads\/2017\/11\/IMG_8364.jpg\" width=\"480\" height=\"640\" border=\"0\" data-original-height=\"1600\" data-original-width=\"1200\" \/><\/a><\/div>\n<p>seguro que conoc\u00e9is a alguien que os podr\u00e1 dar unos limones, luego le regal\u00e1is una botellita de limoncello, encima saldr\u00e1 ganando, todos contentos, y de paso recuperaremos la forma antigua del trueque, \u00bfno?<\/p>\n<p><a style=\"margin-left: 1em; margin-right: 1em;\" href=\"https:\/\/1.bp.blogspot.com\/-m--wfgn683Y\/Wh33CMna_yI\/AAAAAAAAqDg\/WgINZwzB2TEX2M-csrcXQrxF4Qwpy88RQCLcBGAs\/s1600\/IMG_8365.JPG\"><img decoding=\"async\" loading=\"lazy\" class=\"alignnone\" src=\"https:\/\/elcalaixetdelaiaia.es\/wp-content\/uploads\/2017\/11\/IMG_8365.jpg\" width=\"640\" height=\"480\" border=\"0\" data-original-height=\"1200\" data-original-width=\"1600\" \/><\/a><\/p>\n<p style=\"text-align: center;\">Si \u00e9sto no es posible, procurar comprar limones ecol\u00f3gicos.<\/p>\n<p>Necesitaremos;<\/p>\n<p><img decoding=\"async\" loading=\"lazy\" class=\"size-large wp-image-16116 aligncenter\" src=\"https:\/\/elcalaixetdelaiaia.es\/wp-content\/uploads\/2017\/12\/IMG_0764-1024x768.jpg\" alt=\"\" width=\"750\" height=\"563\" srcset=\"https:\/\/elcalaixetdelaiaia.es\/wp-content\/uploads\/2017\/12\/IMG_0764-1024x768.jpg 1024w, https:\/\/elcalaixetdelaiaia.es\/wp-content\/uploads\/2017\/12\/IMG_0764-300x225.jpg 300w, https:\/\/elcalaixetdelaiaia.es\/wp-content\/uploads\/2017\/12\/IMG_0764-768x576.jpg 768w\" sizes=\"(max-width: 750px) 100vw, 750px\" \/><\/p>\n<ol>\n<li>Medio k de limones<\/li>\n<li>Medio litro de Ron blanco<\/li>\n<li>350g de Az\u00facar blanquilla<\/li>\n<li style=\"text-align: left;\">350g de agua mineral<\/li>\n<\/ol>\n<div class=\"separator\" style=\"clear: both; text-align: center;\"><a style=\"margin-left: 1em; margin-right: 1em;\" href=\"https:\/\/1.bp.blogspot.com\/-V79KRhVJ6a0\/Wh33Go_IKyI\/AAAAAAAAqDs\/G6a4koVQEVIQtcx-UdTH2kCn95q6z8mUACLcBGAs\/s1600\/llimon%25C3%25A11.jpg\"><img decoding=\"async\" loading=\"lazy\" src=\"https:\/\/elcalaixetdelaiaia.es\/wp-content\/uploads\/2017\/11\/llimonC3A11.jpg\" width=\"640\" height=\"480\" border=\"0\" data-original-height=\"480\" data-original-width=\"640\" \/><\/a><\/div>\n<p>Como veis, mis limones no son muy bonitos como los de compra, pero tienen un jugo con un sabor riqu\u00edsimo y natural y un aroma delicioso<a style=\"margin-left: 1em; margin-right: 1em;\" href=\"https:\/\/2.bp.blogspot.com\/-v7zghPjZp0k\/Wh33HPvSmCI\/AAAAAAAAqDw\/3nqupThuwtQ-ES4GjE0QZFVpmjBWtap4wCLcBGAs\/s1600\/llimon%25C3%25A13.jpg\"><img decoding=\"async\" loading=\"lazy\" class=\"alignleft\" src=\"https:\/\/elcalaixetdelaiaia.es\/wp-content\/uploads\/2017\/11\/llimonC3A13.jpg\" width=\"640\" height=\"480\" border=\"0\" data-original-height=\"480\" data-original-width=\"640\" \/><\/a><\/p>\n<div>\u00a0No est\u00e1n tratados con productos qu\u00edmicos, pesticidas ni nada parecido y son muy arom\u00e1ticos, reci\u00e9n cogidos del \u00e1rbol el olor en la cocina es impresionante&#8230; el aroma de mi Valencia, de mi tierra<\/div>\n<div class=\"separator\" style=\"clear: both;\"><a style=\"margin-left: 1em; margin-right: 1em;\" href=\"https:\/\/1.bp.blogspot.com\/-xvM_Rv7st5Q\/Wh33HXTEqkI\/AAAAAAAAqD0\/DsD8YdCLQlcNaf_3JAzQzXk0Gtc-1RtZACLcBGAs\/s1600\/llimoonaada.JPG\"><img decoding=\"async\" loading=\"lazy\" src=\"https:\/\/elcalaixetdelaiaia.es\/wp-content\/uploads\/2017\/11\/llimoonaada.jpg\" width=\"640\" height=\"480\" border=\"0\" data-original-height=\"480\" data-original-width=\"640\" \/><\/a><\/div>\n<p>Como vamos a utilizar la piel los lavaremos bien a fondo aunque son de casa, para quitar el polvo que puedan tener.<\/p>\n<p><img decoding=\"async\" loading=\"lazy\" class=\"alignnone size-large wp-image-16117\" src=\"https:\/\/elcalaixetdelaiaia.es\/wp-content\/uploads\/2017\/12\/IMG_0775-1024x768.jpg\" alt=\"\" width=\"750\" height=\"563\" srcset=\"https:\/\/elcalaixetdelaiaia.es\/wp-content\/uploads\/2017\/12\/IMG_0775-1024x768.jpg 1024w, https:\/\/elcalaixetdelaiaia.es\/wp-content\/uploads\/2017\/12\/IMG_0775-300x225.jpg 300w, https:\/\/elcalaixetdelaiaia.es\/wp-content\/uploads\/2017\/12\/IMG_0775-768x576.jpg 768w\" sizes=\"(max-width: 750px) 100vw, 750px\" \/><\/p>\n<p>Los secaremos y con un pelapatatas o un cuchillo muy fino iremos cortando tiras de la piel, llamada flavedo y que contiene las gl\u00e1ndulas del aceite arom\u00e1tico, extremando la precauci\u00f3n de no cortar nada de la parte blanca, llamada albedo porque\u00a0 amarga y nos estropear\u00eda el licor. Si vemos que ha quedado algo de albedo en alg\u00fan trocito simplemente rascamos con la punta del cuchillo y lo eliminaremos con facilidad, en caso de que nos cueste, pondremos un ratito las pieles a remojo en agua fr\u00eda y quitar\u00e9is el albedo sin dificultad alguna.<\/p>\n<p><img decoding=\"async\" loading=\"lazy\" class=\"alignnone size-large wp-image-16118\" src=\"https:\/\/elcalaixetdelaiaia.es\/wp-content\/uploads\/2017\/12\/IMG_0779-1024x768.jpg\" alt=\"\" width=\"750\" height=\"563\" srcset=\"https:\/\/elcalaixetdelaiaia.es\/wp-content\/uploads\/2017\/12\/IMG_0779-1024x768.jpg 1024w, https:\/\/elcalaixetdelaiaia.es\/wp-content\/uploads\/2017\/12\/IMG_0779-300x225.jpg 300w, https:\/\/elcalaixetdelaiaia.es\/wp-content\/uploads\/2017\/12\/IMG_0779-768x576.jpg 768w\" sizes=\"(max-width: 750px) 100vw, 750px\" \/><\/p>\n<p>las iremos colocando en un recipiente de cristal de boca ancha con tapa herm\u00e9tica<\/p>\n<p><img decoding=\"async\" loading=\"lazy\" class=\"alignnone size-large wp-image-16119\" src=\"https:\/\/elcalaixetdelaiaia.es\/wp-content\/uploads\/2017\/12\/IMG_0783-1024x768.jpg\" alt=\"\" width=\"750\" height=\"563\" srcset=\"https:\/\/elcalaixetdelaiaia.es\/wp-content\/uploads\/2017\/12\/IMG_0783-1024x768.jpg 1024w, https:\/\/elcalaixetdelaiaia.es\/wp-content\/uploads\/2017\/12\/IMG_0783-300x225.jpg 300w, https:\/\/elcalaixetdelaiaia.es\/wp-content\/uploads\/2017\/12\/IMG_0783-768x576.jpg 768w\" sizes=\"(max-width: 750px) 100vw, 750px\" \/><\/p>\n<p>cubriremos las pieles con el medio litro de ron blanco<\/p>\n<p><img decoding=\"async\" loading=\"lazy\" class=\"alignnone size-large wp-image-16120\" src=\"https:\/\/elcalaixetdelaiaia.es\/wp-content\/uploads\/2017\/12\/IMG_0787-1024x768.jpg\" alt=\"\" width=\"750\" height=\"563\" srcset=\"https:\/\/elcalaixetdelaiaia.es\/wp-content\/uploads\/2017\/12\/IMG_0787-1024x768.jpg 1024w, https:\/\/elcalaixetdelaiaia.es\/wp-content\/uploads\/2017\/12\/IMG_0787-300x225.jpg 300w, https:\/\/elcalaixetdelaiaia.es\/wp-content\/uploads\/2017\/12\/IMG_0787-768x576.jpg 768w\" sizes=\"(max-width: 750px) 100vw, 750px\" \/><\/p>\n<p>que quedar\u00e1n al fondo<\/p>\n<p><img decoding=\"async\" loading=\"lazy\" class=\"alignnone size-large wp-image-16121\" src=\"https:\/\/elcalaixetdelaiaia.es\/wp-content\/uploads\/2017\/12\/IMG_0788-1024x768.jpg\" alt=\"\" width=\"750\" height=\"563\" srcset=\"https:\/\/elcalaixetdelaiaia.es\/wp-content\/uploads\/2017\/12\/IMG_0788-1024x768.jpg 1024w, https:\/\/elcalaixetdelaiaia.es\/wp-content\/uploads\/2017\/12\/IMG_0788-300x225.jpg 300w, https:\/\/elcalaixetdelaiaia.es\/wp-content\/uploads\/2017\/12\/IMG_0788-768x576.jpg 768w\" sizes=\"(max-width: 750px) 100vw, 750px\" \/><\/p>\n<p>cerraremos el tarro herm\u00e9ticamente<\/p>\n<p><img decoding=\"async\" loading=\"lazy\" class=\"alignnone size-large wp-image-16122\" src=\"https:\/\/elcalaixetdelaiaia.es\/wp-content\/uploads\/2017\/12\/IMG_0789-1024x1024.jpg\" alt=\"\" width=\"750\" height=\"750\" srcset=\"https:\/\/elcalaixetdelaiaia.es\/wp-content\/uploads\/2017\/12\/IMG_0789-1024x1024.jpg 1024w, https:\/\/elcalaixetdelaiaia.es\/wp-content\/uploads\/2017\/12\/IMG_0789-150x150.jpg 150w, https:\/\/elcalaixetdelaiaia.es\/wp-content\/uploads\/2017\/12\/IMG_0789-300x300.jpg 300w, https:\/\/elcalaixetdelaiaia.es\/wp-content\/uploads\/2017\/12\/IMG_0789-768x768.jpg 768w, https:\/\/elcalaixetdelaiaia.es\/wp-content\/uploads\/2017\/12\/IMG_0789-60x60.jpg 60w, https:\/\/elcalaixetdelaiaia.es\/wp-content\/uploads\/2017\/12\/IMG_0789-235x235.jpg 235w, https:\/\/elcalaixetdelaiaia.es\/wp-content\/uploads\/2017\/12\/IMG_0789-255x255.jpg 255w\" sizes=\"(max-width: 750px) 100vw, 750px\" \/><\/p>\n<p>no ha de darle nada la luz, yo uso para \u00e9stas cosas una fundita que hace muchos a\u00f1os hice para cubrir la cafetera Oroley y que no se enfriara el caf\u00e9 y que es opaca, (el caf\u00e9 es mi \u00abvitamina\u00bb, fuerte, cremoso y muuuy caliente), pero si no quer\u00e9is taparlo, con que encontr\u00e9is un rinconcito que no le de nada de luz, es suficiente<\/p>\n<p><img decoding=\"async\" loading=\"lazy\" class=\"alignnone size-large wp-image-16124\" src=\"https:\/\/elcalaixetdelaiaia.es\/wp-content\/uploads\/2017\/12\/IMG_1030-1024x768.jpg\" alt=\"\" width=\"750\" height=\"563\" srcset=\"https:\/\/elcalaixetdelaiaia.es\/wp-content\/uploads\/2017\/12\/IMG_1030-1024x768.jpg 1024w, https:\/\/elcalaixetdelaiaia.es\/wp-content\/uploads\/2017\/12\/IMG_1030-300x225.jpg 300w, https:\/\/elcalaixetdelaiaia.es\/wp-content\/uploads\/2017\/12\/IMG_1030-768x576.jpg 768w\" sizes=\"(max-width: 750px) 100vw, 750px\" \/><\/p>\n<p>y dejaremos macerando como m\u00ednimo 7 d\u00edas, (si son 10 mejor) en un lugar fresco y oscuro<\/p>\n<p><img decoding=\"async\" loading=\"lazy\" class=\"alignnone size-large wp-image-16125\" src=\"https:\/\/elcalaixetdelaiaia.es\/wp-content\/uploads\/2017\/12\/IMG_1031-768x1024.jpg\" alt=\"\" width=\"750\" height=\"1000\" srcset=\"https:\/\/elcalaixetdelaiaia.es\/wp-content\/uploads\/2017\/12\/IMG_1031-768x1024.jpg 768w, https:\/\/elcalaixetdelaiaia.es\/wp-content\/uploads\/2017\/12\/IMG_1031-225x300.jpg 225w\" sizes=\"(max-width: 750px) 100vw, 750px\" \/><\/p>\n<p>cada dos d\u00edas, removemos el tarro sin abrirlo, cual maracas de Mach\u00edn jajajaja<\/p>\n<p><img decoding=\"async\" loading=\"lazy\" class=\"alignnone size-large wp-image-16126\" src=\"https:\/\/elcalaixetdelaiaia.es\/wp-content\/uploads\/2017\/12\/IMG_1649-1024x768.jpg\" alt=\"\" width=\"750\" height=\"563\" srcset=\"https:\/\/elcalaixetdelaiaia.es\/wp-content\/uploads\/2017\/12\/IMG_1649-1024x768.jpg 1024w, https:\/\/elcalaixetdelaiaia.es\/wp-content\/uploads\/2017\/12\/IMG_1649-300x225.jpg 300w, https:\/\/elcalaixetdelaiaia.es\/wp-content\/uploads\/2017\/12\/IMG_1649-768x576.jpg 768w\" sizes=\"(max-width: 750px) 100vw, 750px\" \/><\/p>\n<p>pasados los d\u00edas de maceraci\u00f3n, veremos que el color amarillo del flavedo ha paso al l\u00edquido, torn\u00e1ndolo de un suave tono dorado,<\/p>\n<p><img decoding=\"async\" loading=\"lazy\" class=\"alignnone size-large wp-image-16137\" src=\"https:\/\/elcalaixetdelaiaia.es\/wp-content\/uploads\/2017\/12\/IMG_E1658-1024x1024.jpg\" alt=\"\" width=\"750\" height=\"750\" srcset=\"https:\/\/elcalaixetdelaiaia.es\/wp-content\/uploads\/2017\/12\/IMG_E1658-1024x1024.jpg 1024w, https:\/\/elcalaixetdelaiaia.es\/wp-content\/uploads\/2017\/12\/IMG_E1658-150x150.jpg 150w, https:\/\/elcalaixetdelaiaia.es\/wp-content\/uploads\/2017\/12\/IMG_E1658-300x300.jpg 300w, https:\/\/elcalaixetdelaiaia.es\/wp-content\/uploads\/2017\/12\/IMG_E1658-768x768.jpg 768w, https:\/\/elcalaixetdelaiaia.es\/wp-content\/uploads\/2017\/12\/IMG_E1658-60x60.jpg 60w, https:\/\/elcalaixetdelaiaia.es\/wp-content\/uploads\/2017\/12\/IMG_E1658-235x235.jpg 235w, https:\/\/elcalaixetdelaiaia.es\/wp-content\/uploads\/2017\/12\/IMG_E1658-255x255.jpg 255w\" sizes=\"(max-width: 750px) 100vw, 750px\" \/><\/p>\n<p>pondremos en un recipiente de acero inoxidable (no de aluminio), el agua mineral o sin sabor a cloro<\/p>\n<p><img decoding=\"async\" loading=\"lazy\" class=\"alignnone size-large wp-image-16128\" src=\"https:\/\/elcalaixetdelaiaia.es\/wp-content\/uploads\/2017\/12\/IMG_1651-1024x768.jpg\" alt=\"\" width=\"750\" height=\"563\" srcset=\"https:\/\/elcalaixetdelaiaia.es\/wp-content\/uploads\/2017\/12\/IMG_1651-1024x768.jpg 1024w, https:\/\/elcalaixetdelaiaia.es\/wp-content\/uploads\/2017\/12\/IMG_1651-300x225.jpg 300w, https:\/\/elcalaixetdelaiaia.es\/wp-content\/uploads\/2017\/12\/IMG_1651-768x576.jpg 768w\" sizes=\"(max-width: 750px) 100vw, 750px\" \/><\/p>\n<p>pesaremos 350g de az\u00facar blanquilla<\/p>\n<p><img decoding=\"async\" loading=\"lazy\" class=\"alignnone size-large wp-image-16138\" src=\"https:\/\/elcalaixetdelaiaia.es\/wp-content\/uploads\/2017\/12\/IMG_E1659-1024x1024.jpg\" alt=\"\" width=\"750\" height=\"750\" srcset=\"https:\/\/elcalaixetdelaiaia.es\/wp-content\/uploads\/2017\/12\/IMG_E1659-1024x1024.jpg 1024w, https:\/\/elcalaixetdelaiaia.es\/wp-content\/uploads\/2017\/12\/IMG_E1659-150x150.jpg 150w, https:\/\/elcalaixetdelaiaia.es\/wp-content\/uploads\/2017\/12\/IMG_E1659-300x300.jpg 300w, https:\/\/elcalaixetdelaiaia.es\/wp-content\/uploads\/2017\/12\/IMG_E1659-768x768.jpg 768w, https:\/\/elcalaixetdelaiaia.es\/wp-content\/uploads\/2017\/12\/IMG_E1659-60x60.jpg 60w, https:\/\/elcalaixetdelaiaia.es\/wp-content\/uploads\/2017\/12\/IMG_E1659-235x235.jpg 235w, https:\/\/elcalaixetdelaiaia.es\/wp-content\/uploads\/2017\/12\/IMG_E1659-255x255.jpg 255w\" sizes=\"(max-width: 750px) 100vw, 750px\" \/><\/p>\n<p>y lo a\u00f1adiremos al agua que tenemos al fuego<\/p>\n<p><img decoding=\"async\" loading=\"lazy\" class=\"alignnone size-large wp-image-16139\" src=\"https:\/\/elcalaixetdelaiaia.es\/wp-content\/uploads\/2017\/12\/IMG_E1668-1024x768.jpg\" alt=\"\" width=\"750\" height=\"563\" srcset=\"https:\/\/elcalaixetdelaiaia.es\/wp-content\/uploads\/2017\/12\/IMG_E1668-1024x768.jpg 1024w, https:\/\/elcalaixetdelaiaia.es\/wp-content\/uploads\/2017\/12\/IMG_E1668-300x225.jpg 300w, https:\/\/elcalaixetdelaiaia.es\/wp-content\/uploads\/2017\/12\/IMG_E1668-768x576.jpg 768w\" sizes=\"(max-width: 750px) 100vw, 750px\" \/><\/p>\n<p>y removeremos hasta que el az\u00facar se disuelva, manteniendo un fuego suave, de \u00e9sta forma prepararemos un jarabe, que retiraremos del fuego cuando resulte transparente. Dejaremos enfriar<\/p>\n<p><img decoding=\"async\" loading=\"lazy\" class=\"alignnone size-large wp-image-16133\" src=\"https:\/\/elcalaixetdelaiaia.es\/wp-content\/uploads\/2017\/12\/IMG_1669-1024x768.jpg\" alt=\"\" width=\"750\" height=\"563\" srcset=\"https:\/\/elcalaixetdelaiaia.es\/wp-content\/uploads\/2017\/12\/IMG_1669-1024x768.jpg 1024w, https:\/\/elcalaixetdelaiaia.es\/wp-content\/uploads\/2017\/12\/IMG_1669-300x225.jpg 300w, https:\/\/elcalaixetdelaiaia.es\/wp-content\/uploads\/2017\/12\/IMG_1669-768x576.jpg 768w\" sizes=\"(max-width: 750px) 100vw, 750px\" \/><\/p>\n<p>mientras tanto retiraremos del bote la peladura de lim\u00f3n, y colaremos con un colador de tela<\/p>\n<p><img decoding=\"async\" loading=\"lazy\" class=\"alignnone size-large wp-image-16132\" src=\"https:\/\/elcalaixetdelaiaia.es\/wp-content\/uploads\/2017\/12\/IMG_1657-1024x768.jpg\" alt=\"\" width=\"750\" height=\"563\" srcset=\"https:\/\/elcalaixetdelaiaia.es\/wp-content\/uploads\/2017\/12\/IMG_1657-1024x768.jpg 1024w, https:\/\/elcalaixetdelaiaia.es\/wp-content\/uploads\/2017\/12\/IMG_1657-300x225.jpg 300w, https:\/\/elcalaixetdelaiaia.es\/wp-content\/uploads\/2017\/12\/IMG_1657-768x576.jpg 768w\" sizes=\"(max-width: 750px) 100vw, 750px\" \/><\/p>\n<p>mezclaremos con el jarabe<\/p>\n<p><img decoding=\"async\" loading=\"lazy\" class=\"alignnone size-large wp-image-16134\" src=\"https:\/\/elcalaixetdelaiaia.es\/wp-content\/uploads\/2017\/12\/IMG_1670-1024x768.jpg\" alt=\"\" width=\"750\" height=\"563\" srcset=\"https:\/\/elcalaixetdelaiaia.es\/wp-content\/uploads\/2017\/12\/IMG_1670-1024x768.jpg 1024w, https:\/\/elcalaixetdelaiaia.es\/wp-content\/uploads\/2017\/12\/IMG_1670-300x225.jpg 300w, https:\/\/elcalaixetdelaiaia.es\/wp-content\/uploads\/2017\/12\/IMG_1670-768x576.jpg 768w\" sizes=\"(max-width: 750px) 100vw, 750px\" \/><\/p>\n<p>y podremos de nuevo en el bote de cristal, taparemos y dejaremos reposar\u00a0 en lugar freso y oscuro 7 d\u00edas mas.<\/p>\n<p><img decoding=\"async\" loading=\"lazy\" class=\"alignnone size-large wp-image-16135\" src=\"https:\/\/elcalaixetdelaiaia.es\/wp-content\/uploads\/2017\/12\/IMG_1676-1024x768.jpg\" alt=\"\" width=\"750\" height=\"563\" srcset=\"https:\/\/elcalaixetdelaiaia.es\/wp-content\/uploads\/2017\/12\/IMG_1676-1024x768.jpg 1024w, https:\/\/elcalaixetdelaiaia.es\/wp-content\/uploads\/2017\/12\/IMG_1676-300x225.jpg 300w, https:\/\/elcalaixetdelaiaia.es\/wp-content\/uploads\/2017\/12\/IMG_1676-768x576.jpg 768w\" sizes=\"(max-width: 750px) 100vw, 750px\" \/><\/p>\n<p>Como son para regalar a unas personas muy especiales, he pensado adornar un poco las botellitas y para ello voy a hacer unas letras y unos limoncitos, (es la elaboraci\u00f3n similar a lasw frutitas de la Piuleta y el Tronaor, pero con fondant, en lugar de con mazap\u00e1n) para los que necesitaremos, un trocito de cuerda, fondant blanco y colorantes alimentarios. Comenzamos ti\u00f1endo el fondant hasta dar con el color deseado<\/p>\n<p><img decoding=\"async\" loading=\"lazy\" class=\"alignnone size-large wp-image-16143\" src=\"https:\/\/elcalaixetdelaiaia.es\/wp-content\/uploads\/2017\/12\/KRYL7631-1024x768.png\" alt=\"\" width=\"750\" height=\"563\" srcset=\"https:\/\/elcalaixetdelaiaia.es\/wp-content\/uploads\/2017\/12\/KRYL7631-1024x768.png 1024w, https:\/\/elcalaixetdelaiaia.es\/wp-content\/uploads\/2017\/12\/KRYL7631-300x225.png 300w, https:\/\/elcalaixetdelaiaia.es\/wp-content\/uploads\/2017\/12\/KRYL7631-768x576.png 768w\" sizes=\"(max-width: 750px) 100vw, 750px\" \/><\/p>\n<p>pondremos un extremo de la cuerda dentro de una bolita de fondant daremos forma de limoncito<\/p>\n<p><img decoding=\"async\" loading=\"lazy\" class=\"alignnone size-large wp-image-16113\" src=\"https:\/\/elcalaixetdelaiaia.es\/wp-content\/uploads\/2017\/12\/BUET9332-1024x768.png\" alt=\"\" width=\"750\" height=\"563\" srcset=\"https:\/\/elcalaixetdelaiaia.es\/wp-content\/uploads\/2017\/12\/BUET9332-1024x768.png 1024w, https:\/\/elcalaixetdelaiaia.es\/wp-content\/uploads\/2017\/12\/BUET9332-300x225.png 300w, https:\/\/elcalaixetdelaiaia.es\/wp-content\/uploads\/2017\/12\/BUET9332-768x576.png 768w\" sizes=\"(max-width: 750px) 100vw, 750px\" \/><\/p>\n<p>juntando unos palitos de brocheta similaremos los puntitos del lim\u00f3n y haremos un atadito en la botella. Tambi\u00e9n he hecho con fondant unas letras para rotular la botella tras esterilizarlas, que pegaremos a la misma con pegamento comestible.<\/p>\n<p><img decoding=\"async\" loading=\"lazy\" class=\"alignnone size-large wp-image-16136\" src=\"https:\/\/elcalaixetdelaiaia.es\/wp-content\/uploads\/2017\/12\/IMG_2058-768x1024.jpg\" alt=\"\" width=\"750\" height=\"1000\" srcset=\"https:\/\/elcalaixetdelaiaia.es\/wp-content\/uploads\/2017\/12\/IMG_2058-768x1024.jpg 768w, https:\/\/elcalaixetdelaiaia.es\/wp-content\/uploads\/2017\/12\/IMG_2058-225x300.jpg 225w\" sizes=\"(max-width: 750px) 100vw, 750px\" \/><\/p>\n<p>volcaremos nuestro limoncello en las botellas, etiquetamos,\u00a0 y listo para obsequiar o disfrutar&#8230;<\/p>\n<p><img decoding=\"async\" loading=\"lazy\" class=\"alignnone size-large wp-image-16115\" src=\"https:\/\/elcalaixetdelaiaia.es\/wp-content\/uploads\/2017\/12\/DVZB5036-768x1024.png\" alt=\"\" width=\"750\" height=\"1000\" srcset=\"https:\/\/elcalaixetdelaiaia.es\/wp-content\/uploads\/2017\/12\/DVZB5036-768x1024.png 768w, https:\/\/elcalaixetdelaiaia.es\/wp-content\/uploads\/2017\/12\/DVZB5036-225x300.png 225w, https:\/\/elcalaixetdelaiaia.es\/wp-content\/uploads\/2017\/12\/DVZB5036.png 1536w\" sizes=\"(max-width: 750px) 100vw, 750px\" \/><\/p>\n<p>sin olvidar que mantendremos en el congelador, hasta el momento de servir<\/p>\n<p><img decoding=\"async\" loading=\"lazy\" class=\"alignnone size-large wp-image-16144\" src=\"https:\/\/elcalaixetdelaiaia.es\/wp-content\/uploads\/2017\/12\/LDAU2057-768x1024.png\" alt=\"\" width=\"750\" height=\"1000\" srcset=\"https:\/\/elcalaixetdelaiaia.es\/wp-content\/uploads\/2017\/12\/LDAU2057-768x1024.png 768w, https:\/\/elcalaixetdelaiaia.es\/wp-content\/uploads\/2017\/12\/LDAU2057-225x300.png 225w\" sizes=\"(max-width: 750px) 100vw, 750px\" \/><\/p>\n<p>y si junto a la botella pon\u00e9is los vasitos de chupito, mucho mejor. Solo me resta deciros que \u00e9ste licor gana con los d\u00edas&#8230;<\/p>\n<p style=\"text-align: center;\"><img decoding=\"async\" loading=\"lazy\" class=\"alignnone size-large wp-image-16151\" src=\"https:\/\/elcalaixetdelaiaia.es\/wp-content\/uploads\/2017\/12\/VAZZ4146-1024x768.png\" alt=\"\" width=\"750\" height=\"563\" srcset=\"https:\/\/elcalaixetdelaiaia.es\/wp-content\/uploads\/2017\/12\/VAZZ4146-1024x768.png 1024w, https:\/\/elcalaixetdelaiaia.es\/wp-content\/uploads\/2017\/12\/VAZZ4146-300x225.png 300w, https:\/\/elcalaixetdelaiaia.es\/wp-content\/uploads\/2017\/12\/VAZZ4146-768x576.png 768w\" sizes=\"(max-width: 750px) 100vw, 750px\" \/><\/p>\n<p>\u00ab\u00a1\u00a1\u00a1Salut que ting\u00e0m!!!\u00bb<\/p>\n<p>la pr\u00f3xima receta&#8230; ser\u00e1 la de la tarta de limoncello \ud83d\ude09<\/p>\n<p>Si te gusta mi receta, puedes compartirla\u00a0 para que llegue a m\u00e1s gente.<br \/>\nEspero tus comentarios y recuerda que tambi\u00e9n estoy en Facebook\u00a0<a href=\"https:\/\/www.facebook.com\/El-calaixet-de-la-iaia-533062140099386\/\">https:\/\/www.facebook.com\/El-calaixet-de-la-iaia-533062140099386\/<\/a><\/p>\n","protected":false},"excerpt":{"rendered":"<p>\u00abRefrany; Suc de llima, bona medicina\u00bb Jugo de lim\u00f3n, buena medicina. Voy a preparar limoncello casero, con una receta que me dieron unos vecinos italianos que tuve un verano en la caseta de La Patacona, de qui\u00e9n tambi\u00e9n consegu\u00ed unas cuantas recetas italianas, como la de mi Tiramis\u00fa\ud83d\ude09\u00a0\u00a0 (que no &hellip; <\/p>\n","protected":false},"author":2,"featured_media":16115,"comment_status":"open","ping_status":"open","sticky":false,"template":"","format":"standard","meta":[],"categories":[7,1],"tags":[],"_links":{"self":[{"href":"https:\/\/elcalaixetdelaiaia.es\/index.php?rest_route=\/wp\/v2\/posts\/4"}],"collection":[{"href":"https:\/\/elcalaixetdelaiaia.es\/index.php?rest_route=\/wp\/v2\/posts"}],"about":[{"href":"https:\/\/elcalaixetdelaiaia.es\/index.php?rest_route=\/wp\/v2\/types\/post"}],"author":[{"embeddable":true,"href":"https:\/\/elcalaixetdelaiaia.es\/index.php?rest_route=\/wp\/v2\/users\/2"}],"replies":[{"embeddable":true,"href":"https:\/\/elcalaixetdelaiaia.es\/index.php?rest_route=%2Fwp%2Fv2%2Fcomments&post=4"}],"version-history":[{"count":15,"href":"https:\/\/elcalaixetdelaiaia.es\/index.php?rest_route=\/wp\/v2\/posts\/4\/revisions"}],"predecessor-version":[{"id":26476,"href":"https:\/\/elcalaixetdelaiaia.es\/index.php?rest_route=\/wp\/v2\/posts\/4\/revisions\/26476"}],"wp:featuredmedia":[{"embeddable":true,"href":"https:\/\/elcalaixetdelaiaia.es\/index.php?rest_route=\/wp\/v2\/media\/16115"}],"wp:attachment":[{"href":"https:\/\/elcalaixetdelaiaia.es\/index.php?rest_route=%2Fwp%2Fv2%2Fmedia&parent=4"}],"wp:term":[{"taxonomy":"category","embeddable":true,"href":"https:\/\/elcalaixetdelaiaia.es\/index.php?rest_route=%2Fwp%2Fv2%2Fcategories&post=4"},{"taxonomy":"post_tag","embeddable":true,"href":"https:\/\/elcalaixetdelaiaia.es\/index.php?rest_route=%2Fwp%2Fv2%2Ftags&post=4"}],"curies":[{"name":"wp","href":"https:\/\/api.w.org\/{rel}","templated":true}]}}