{"id":387,"date":"2016-03-31T23:57:00","date_gmt":"2016-03-31T23:57:00","guid":{"rendered":"http:\/\/elcalaixetdelaiaia.es\/corona-de-gloria-con-calabazate-yemas-y"},"modified":"2024-03-28T16:26:48","modified_gmt":"2024-03-28T16:26:48","slug":"corona-de-gloria-con-calabazate-yemas-y","status":"publish","type":"post","link":"https:\/\/elcalaixetdelaiaia.es\/?p=387","title":{"rendered":"Corona de gloria con calabazate yemas y almendra paso a paso foto a foto"},"content":{"rendered":"<p>\u00abRefrany; La Setmana Santa per l\u2019abril fa l\u2019any gentil\u00bb La Semana Santa por abril, hace el a\u00f1o gentil.<\/p>\n<div><\/div>\n<div>\n<div class=\"separator\" style=\"clear: both; text-align: center;\"><a style=\"margin-left: 1em; margin-right: 1em;\" href=\"https:\/\/1.bp.blogspot.com\/-T-xuXTGlYP8\/WEwYwY47f2I\/AAAAAAAAn4s\/IS6mM8hEy74w1KRKeR2bXc0bNNoJK0T-QCLcB\/s1600\/IMG_8086.PNG\"><img decoding=\"async\" loading=\"lazy\" src=\"https:\/\/elcalaixetdelaiaia.es\/wp-content\/uploads\/2016\/03\/IMG_8086.png\" width=\"640\" height=\"480\" border=\"0\" \/><\/a><\/div>\n<p style=\"text-align: center;\">\u00abCorona de gl\u00f2ria o resurecci\u00f2\u00bb<\/p>\n<div class=\"separator\" style=\"clear: both; text-align: center;\"><a style=\"margin-left: 1em; margin-right: 1em;\" href=\"https:\/\/4.bp.blogspot.com\/-zQqnmmyruYo\/WEwYyV_TLsI\/AAAAAAAAn4w\/l1EZ_3qqk-UxNBXYfvdC0WYiMjLFm2dlgCEw\/s1600\/IMG_8088.PNG\"><img decoding=\"async\" loading=\"lazy\" src=\"https:\/\/elcalaixetdelaiaia.es\/wp-content\/uploads\/2016\/03\/IMG_8088.png\" width=\"640\" height=\"480\" border=\"0\" \/><\/a><\/div>\n<p>Corona de Gloria, que se llama as\u00ed porque en tierras valencianas, se hace el domingo de Resurecci\u00f3n, y tambi\u00e9n es conocida, como Corona de Nadal, porque tambi\u00e9n se come el d\u00eda de Navidad o Rotllo de carabassat&#8230; vamos, que seg\u00fan el lugar tiene un nombre, lo cierto es que tanto a mi marido como a mi papi, les encanta.<\/p>\n<div class=\"separator\" style=\"clear: both; text-align: center;\"><a style=\"margin-left: 1em; margin-right: 1em;\" href=\"https:\/\/4.bp.blogspot.com\/-F3sOuhpBcvM\/WEwYt13RGWI\/AAAAAAAAn4k\/o9EkDf_WP24o0ZW1XM8wU7hLJRK7timVQCEw\/s1600\/IMG_8080.PNG\"><img decoding=\"async\" loading=\"lazy\" src=\"https:\/\/elcalaixetdelaiaia.es\/wp-content\/uploads\/2016\/03\/IMG_8080.png\" width=\"640\" height=\"480\" border=\"0\" \/><\/a><\/div>\n<p>Es una especie de bizcocho de almendra con un relleno sorprendente que en casa hago el d\u00eda de Navidad, y el domingo de Gloria, as\u00ed todos contentos. Su ingrediente especial es el \u00abcarabassat\u00bb o calabazate, mezclado con yemas de huevo, (en mi caso de gallinas ecol\u00f3gicas y criadas en el campo).<\/p>\n<div class=\"separator\" style=\"clear: both; text-align: center;\"><a style=\"margin-left: 1em; margin-right: 1em;\" href=\"http:\/\/1.bp.blogspot.com\/-PsZy5VPRt0s\/U6hQVgKoJEI\/AAAAAAAANmc\/fp-P2L84ciQ\/s1600\/corona18.jpg\"><img decoding=\"async\" loading=\"lazy\" src=\"https:\/\/elcalaixetdelaiaia.es\/wp-content\/uploads\/2016\/03\/corona18.jpg\" width=\"640\" height=\"384\" border=\"0\" \/><\/a><\/div>\n<p>El calabazate es una clase de calabaza glaseada, que se prepara con una variedad de calabaza muy especial: la Cidra (Cucurbita ficifolia), tambi\u00e9n llamada calabaza\u00a0confitera, cidra o almizclera, de c\u00e1scara gruesa y consistente, y de pulpa jugosa y filamentosa con la que tambi\u00e9n se prepara el cabellos de \u00e1ngel,pero en \u00e9sta receta se utiliza el calabazate.<\/p>\n<div class=\"separator\" style=\"clear: both; text-align: center;\"><a style=\"margin-left: 1em; margin-right: 1em;\" href=\"http:\/\/1.bp.blogspot.com\/-gdhMNtF02ZQ\/U6hP7_FN0eI\/AAAAAAAANmU\/P7mtbfpMk0o\/s1600\/carabassat.jpg\"><img decoding=\"async\" loading=\"lazy\" src=\"https:\/\/elcalaixetdelaiaia.es\/wp-content\/uploads\/2016\/03\/carabassat.jpg\" width=\"640\" height=\"480\" border=\"0\" \/><\/a><\/div>\n<div><\/div>\n<div class=\"separator\" style=\"clear: both; text-align: center;\">\u00a0Es f\u00e1cil de encontrar en las casas de frutos secos, y la venden en trozos rectangulares envuelta en papel celof\u00e1n. La suelo comprar en las paradas del Mercado Central de Russafa o Mercat del Cabanyal o en las tiendas de ultramarinos o salazones del barrio.<\/div>\n<div><\/div>\n<div class=\"separator\" style=\"clear: both; text-align: center;\"><a style=\"margin-left: 1em; margin-right: 1em;\" href=\"http:\/\/2.bp.blogspot.com\/-9i5W8jgjU40\/U6mRk7DJBgI\/AAAAAAAANpQ\/lNhIuwMdoks\/s1600\/corona19.jpg\"><img decoding=\"async\" loading=\"lazy\" src=\"https:\/\/elcalaixetdelaiaia.es\/wp-content\/uploads\/2016\/03\/corona19.jpg\" width=\"640\" height=\"384\" border=\"0\" \/><\/a><\/div>\n<p>Si os es completamente imposible encontrar el calabazate \u00abcarabassat\u00bb pod\u00e9is sustituirlo por el cabello de \u00e1ngel que venden envasado, aunque os aconsejo que intent\u00e9is encontrar la calabaza glaseada que es lo adecuado para \u00e9sta corona.<\/p>\n<p>Necesitaremos;<\/p>\n<div class=\"separator\" style=\"clear: both; text-align: center;\"><a style=\"margin-left: 1em; margin-right: 1em;\" href=\"http:\/\/4.bp.blogspot.com\/-dJTYiMkNA5A\/U6g9eO2-dFI\/AAAAAAAANi0\/yLzNMPGXc0E\/s1600\/corona16.jpg\"><img decoding=\"async\" loading=\"lazy\" src=\"https:\/\/elcalaixetdelaiaia.es\/wp-content\/uploads\/2016\/03\/corona16.jpg\" width=\"640\" height=\"480\" border=\"0\" \/><\/a><\/div>\n<ol>\n<li>6 huevos xl<\/li>\n<li>150 az\u00facar<\/li>\n<li>250g de \u00abcarabassat\u00bb calabazate<\/li>\n<li>250 g de almendra molida<\/li>\n<li>Una cucharada de caf\u00e9 de esencia de azahar<\/li>\n<li>La ralladura de media naranja<\/li>\n<li>La ralladura de medio lim\u00f3n<\/li>\n<li>Una pizquita de sal<\/li>\n<li>Az\u00facar glass<\/li>\n<li>Una pizca de harina y de margarina para engrasar el molde<\/li>\n<li>Un molde de corona<\/li>\n<\/ol>\n<div style=\"text-align: center;\"><\/div>\n<div class=\"separator\" style=\"clear: both; text-align: center;\"><a style=\"margin-left: 1em; margin-right: 1em;\" href=\"http:\/\/2.bp.blogspot.com\/-d5XacRNJAxo\/U6iiyTegOKI\/AAAAAAAANnw\/OWrWV3P_IHw\/s1600\/corona15.jpg\"><img decoding=\"async\" loading=\"lazy\" src=\"https:\/\/elcalaixetdelaiaia.es\/wp-content\/uploads\/2016\/03\/corona15.jpg\" width=\"480\" height=\"640\" border=\"0\" \/><\/a><\/div>\n<div style=\"text-align: center;\"><\/div>\n<div style=\"text-align: center;\">Comenzaremos rallando el \u00abcarabassat\u00bb que habremos tenido en el frigo previamente durante un par de horas<\/div>\n<div><\/div>\n<div style=\"text-align: center;\">\n<div class=\"separator\" style=\"clear: both;\"><a style=\"margin-left: 1em; margin-right: 1em;\" href=\"http:\/\/4.bp.blogspot.com\/-iE4dO7PY8Tw\/U6iixdaNDKI\/AAAAAAAANno\/AqKw9m7pZ-U\/s1600\/corona14.jpg\"><img decoding=\"async\" loading=\"lazy\" src=\"https:\/\/elcalaixetdelaiaia.es\/wp-content\/uploads\/2016\/03\/corona14.jpg\" width=\"640\" height=\"480\" border=\"0\" \/><\/a><\/div>\n<p>Separaremos las claras y las yemas<\/p>\n<\/div>\n<div class=\"separator\" style=\"clear: both; text-align: center;\"><a style=\"margin-left: 1em; margin-right: 1em;\" href=\"http:\/\/1.bp.blogspot.com\/-lpWYegYwB6U\/U6iixMkEHxI\/AAAAAAAANnk\/qiRZjjTohGA\/s1600\/corona13.jpg\"><img decoding=\"async\" loading=\"lazy\" src=\"https:\/\/elcalaixetdelaiaia.es\/wp-content\/uploads\/2016\/03\/corona13.jpg\" width=\"640\" height=\"480\" border=\"0\" \/><\/a><\/div>\n<div style=\"text-align: center;\"><\/div>\n<div style=\"text-align: center;\">batiremos las yemas<\/div>\n<div style=\"text-align: center;\"><\/div>\n<div class=\"separator\" style=\"clear: both; text-align: center;\"><a style=\"margin-left: 1em; margin-right: 1em;\" href=\"http:\/\/2.bp.blogspot.com\/-MJmzm6K1_uE\/U6ii8uhkL_I\/AAAAAAAANo0\/uWJXeQ8uPUU\/s1600\/corona8.jpg\"><img decoding=\"async\" loading=\"lazy\" src=\"https:\/\/elcalaixetdelaiaia.es\/wp-content\/uploads\/2016\/03\/corona8.jpg\" width=\"640\" height=\"464\" border=\"0\" \/><\/a><\/div>\n<div style=\"text-align: center;\"><\/div>\n<div style=\"text-align: center;\">y las mezclamos con el calabazate rallado. Reservamos.<\/div>\n<div style=\"text-align: center;\"><\/div>\n<div class=\"separator\" style=\"clear: both; text-align: center;\"><a style=\"margin-left: 1em; margin-right: 1em;\" href=\"http:\/\/3.bp.blogspot.com\/-rBpRbeic-EM\/U6iiqs3ItxI\/AAAAAAAANm4\/qazz-I9psuU\/s1600\/corona10.jpg\"><img decoding=\"async\" loading=\"lazy\" src=\"https:\/\/elcalaixetdelaiaia.es\/wp-content\/uploads\/2016\/03\/corona10.jpg\" width=\"640\" height=\"480\" border=\"0\" \/><\/a><\/div>\n<div style=\"text-align: center;\"><\/div>\n<div style=\"text-align: center;\">batimos las claras con una pizquita de sal<\/div>\n<div style=\"text-align: center;\"><\/div>\n<div class=\"separator\" style=\"clear: both; text-align: center;\"><a style=\"margin-left: 1em; margin-right: 1em;\" href=\"http:\/\/1.bp.blogspot.com\/-QXDiavwt_2U\/U6iit1kdvwI\/AAAAAAAANnQ\/g1TR-c_Ll2w\/s1600\/corona11.jpg\"><img decoding=\"async\" loading=\"lazy\" src=\"https:\/\/elcalaixetdelaiaia.es\/wp-content\/uploads\/2016\/03\/corona11.jpg\" width=\"640\" height=\"480\" border=\"0\" \/><\/a><\/div>\n<div style=\"text-align: center;\"><\/div>\n<div style=\"text-align: center;\">hasta conseguir un merengue MUY fuerte, sabemos que est\u00e1 listo cuando damos la vuelta al recipiente y no se cae. Se me ocurri\u00f3 un d\u00eda voltearlo sobre mi cabeza \u00a0y mi nieta lo hace sobre la suya cada vez que preparamos merengue, ya veremos si un d\u00eda de \u00e9stos acaba \u00abenmeregada\u00bb jajaja. A\u00f1adiremos poco a poco el az\u00facar y seguimos batiendo<\/div>\n<div style=\"text-align: center;\"><\/div>\n<div class=\"separator\" style=\"clear: both; text-align: center;\"><a style=\"margin-left: 1em; margin-right: 1em;\" href=\"http:\/\/2.bp.blogspot.com\/-Ig-wCPeccSY\/U6ii8ziJp8I\/AAAAAAAANo4\/A_MMYxJo3ps\/s1600\/corona9.jpg\"><img decoding=\"async\" loading=\"lazy\" src=\"https:\/\/elcalaixetdelaiaia.es\/wp-content\/uploads\/2016\/03\/corona9.jpg\" width=\"640\" height=\"480\" border=\"0\" \/><\/a><\/div>\n<div style=\"text-align: center;\"><\/div>\n<div style=\"text-align: center;\">Iremos incorporando poco a poco, con mucha suavidad, con ayuda de la pala y movimientos envolventes los 250 g. de almendra molida. Este paso ha de hacerse con cari\u00f1o, es importante que no se nos baje el merengue.<\/div>\n<div class=\"separator\" style=\"clear: both; text-align: center;\">\u00a0 \u00a0 \u00a0 \u00a0 \u00a0 \u00a0 \u00a0 \u00a0 \u00a0 \u00a0 \u00a0 \u00a0 \u00a0 \u00a0 \u00a0 \u00a0 \u00a0 \u00a0 \u00a0<a style=\"margin-left: 1em; margin-right: 1em;\" href=\"http:\/\/3.bp.blogspot.com\/-GAnaq2Fdux8\/U6ii7LlwGfI\/AAAAAAAANoo\/OfevzhxQD7k\/s1600\/corona7.jpg\"><img decoding=\"async\" loading=\"lazy\" src=\"https:\/\/elcalaixetdelaiaia.es\/wp-content\/uploads\/2016\/03\/corona7.jpg\" width=\"640\" height=\"480\" border=\"0\" \/><\/a><\/div>\n<div style=\"text-align: center;\">Untamos el molde con margarina y espolvoreamos con harina para evitar que se pegue y facilitar el desmoldado. Mientras pondremos a calentar el horno a 175\u00ba<\/div>\n<div style=\"text-align: center;\"><\/div>\n<div class=\"separator\" style=\"clear: both; text-align: center;\"><a style=\"margin-left: 1em; margin-right: 1em;\" href=\"http:\/\/1.bp.blogspot.com\/-RUaglZK692I\/U6ii5xYVQwI\/AAAAAAAANog\/yCzfyLdF1W4\/s1600\/corona5.jpg\"><img decoding=\"async\" loading=\"lazy\" src=\"https:\/\/elcalaixetdelaiaia.es\/wp-content\/uploads\/2016\/03\/corona5.jpg\" width=\"640\" height=\"480\" border=\"0\" \/><\/a><\/div>\n<div style=\"text-align: center;\"><\/div>\n<div style=\"text-align: center;\">Rallamos media piel de lim\u00f3n y naranja \u00a0evitando la parte blanca \u00a0porque amarga y lo incorporamos a la masa. A\u00f1adimos una cucharada de Agua o Esencia de Azahar y removemos con mucho cuidado. Es muy importante \u00e9sta cucharadita de esencia de azahar, porque le de el toque especial, como al rosc\u00f3n de reyes.<\/div>\n<div style=\"text-align: center;\"><\/div>\n<div class=\"separator\" style=\"clear: both; text-align: center;\"><a style=\"margin-left: 1em; margin-right: 1em;\" href=\"http:\/\/4.bp.blogspot.com\/-YG9Mhc-YY3Q\/U6ii521gmQI\/AAAAAAAANoc\/d9Co3apppL0\/s1600\/corona6.jpg\"><img decoding=\"async\" loading=\"lazy\" src=\"https:\/\/elcalaixetdelaiaia.es\/wp-content\/uploads\/2016\/03\/corona6.jpg\" width=\"640\" height=\"480\" border=\"0\" \/><\/a><\/div>\n<div style=\"text-align: center;\"><\/div>\n<div style=\"text-align: center;\">volcamos la mitad de la masa y hacemos un canal ,<\/div>\n<div style=\"text-align: center;\"><\/div>\n<div class=\"separator\" style=\"clear: both; text-align: center;\"><a style=\"margin-left: 1em; margin-right: 1em;\" href=\"http:\/\/2.bp.blogspot.com\/-X5m2319PGlo\/VPnd7diHukI\/AAAAAAAAXC0\/dNWa3vnxFCc\/s1600\/CIMG3850.JPG\"><img decoding=\"async\" loading=\"lazy\" src=\"https:\/\/elcalaixetdelaiaia.es\/wp-content\/uploads\/2016\/03\/CIMG3850.jpg\" width=\"406\" height=\"640\" border=\"0\" \/><\/a><\/div>\n<div style=\"text-align: center;\"><\/div>\n<div style=\"text-align: center;\">\u00a0donde pondremos las yemas con el calabazate procurando que no llegue a las orillas del molde<\/div>\n<div style=\"text-align: center;\"><\/div>\n<div class=\"separator\" style=\"clear: both; text-align: center;\"><a style=\"margin-left: 1em; margin-right: 1em;\" href=\"http:\/\/2.bp.blogspot.com\/-JPXzwmkaFOk\/U6ii4CRFGiI\/AAAAAAAANoQ\/Jz1h02kQSu8\/s1600\/corona4.jpg\"><img decoding=\"async\" loading=\"lazy\" src=\"https:\/\/elcalaixetdelaiaia.es\/wp-content\/uploads\/2016\/03\/corona4.jpg\" width=\"640\" height=\"480\" border=\"0\" \/><\/a><\/div>\n<div style=\"text-align: center;\"><\/div>\n<div style=\"text-align: center;\">Volcamos en el molde y damos unos golpes sobre la superficie de trabajo para que nos quede igualada la masa. Pondremos en el horno precalentado a 175\u00ba a media altura con calor arriba y abaja durante 30 minutos en mi horno. Cada horno funciona de una forma. Comprobad con un palo de brocheta y si sale limpio, ya \u00e9sta lista.<\/div>\n<div style=\"text-align: center;\"><\/div>\n<div class=\"separator\" style=\"clear: both; text-align: center;\"><a style=\"margin-left: 1em; margin-right: 1em;\" href=\"http:\/\/2.bp.blogspot.com\/-UzX_nekY8FM\/U6ii2Oi5f6I\/AAAAAAAANoI\/EZWxw3DrQfY\/s1600\/corona3.jpg\"><img decoding=\"async\" loading=\"lazy\" src=\"https:\/\/elcalaixetdelaiaia.es\/wp-content\/uploads\/2016\/03\/corona3.jpg\" width=\"640\" height=\"480\" border=\"0\" \/><\/a><\/div>\n<div style=\"text-align: center;\"><\/div>\n<div style=\"text-align: center;\">Dejamos enfriar por completo y desmoldamos<\/div>\n<div style=\"text-align: center;\"><\/div>\n<div class=\"separator\" style=\"clear: both; text-align: center;\"><a style=\"margin-left: 1em; margin-right: 1em;\" href=\"http:\/\/1.bp.blogspot.com\/-xK7sNRMc-pA\/U6ii1bqyRwI\/AAAAAAAANoA\/vScpRoRLwWI\/s1600\/corona2.jpg\"><img decoding=\"async\" loading=\"lazy\" src=\"https:\/\/elcalaixetdelaiaia.es\/wp-content\/uploads\/2016\/03\/corona2.jpg\" width=\"640\" height=\"480\" border=\"0\" \/><\/a><\/div>\n<div style=\"text-align: center;\"><\/div>\n<div style=\"text-align: center;\">Espolvoreamos con az\u00facar glas y quemamos con la pistola<\/div>\n<div style=\"text-align: center;\"><\/div>\n<div class=\"separator\" style=\"clear: both; text-align: center;\"><a style=\"margin-left: 1em; margin-right: 1em;\" href=\"http:\/\/4.bp.blogspot.com\/-dpreknJmTHo\/U6iitQNcIlI\/AAAAAAAANnE\/zjMz3WtID4Q\/s1600\/corona1.jpg\"><img decoding=\"async\" loading=\"lazy\" src=\"https:\/\/elcalaixetdelaiaia.es\/wp-content\/uploads\/2016\/03\/corona1.jpg\" width=\"640\" height=\"480\" border=\"0\" \/><\/a><\/div>\n<div style=\"text-align: center;\"><\/div>\n<div style=\"text-align: center;\">Si no ten\u00e9is pistola de quemar, pod\u00e9is tostar el az\u00facar utilizando el grill del horno con cuidado de que no se os queme demasiado,<\/div>\n<div style=\"text-align: center;\"><\/div>\n<div class=\"separator\" style=\"clear: both; text-align: center;\"><a style=\"margin-left: 1em; margin-right: 1em;\" href=\"https:\/\/1.bp.blogspot.com\/-FegiIX84E3M\/WEwYu4iP6FI\/AAAAAAAAn4o\/U9MfGQ3_Z9cB_neisFoJqzDrFvKqcaLowCEw\/s1600\/IMG_8087.PNG\"><img decoding=\"async\" loading=\"lazy\" src=\"https:\/\/elcalaixetdelaiaia.es\/wp-content\/uploads\/2016\/03\/IMG_8087.png\" width=\"640\" height=\"480\" border=\"0\" \/><\/a><\/div>\n<div style=\"text-align: center;\"><\/div>\n<div style=\"text-align: center;\">\u00a0aunque ha de estar bien tostadito. Espolvoreamos con un poquito mas de az\u00facar glas<u><br \/>\n<\/u><\/div>\n<div style=\"text-align: center;\"><\/div>\n<div class=\"separator\" style=\"clear: both; text-align: center;\"><a style=\"margin-left: 1em; margin-right: 1em;\" href=\"https:\/\/3.bp.blogspot.com\/-ODzSTnqVVGI\/WEwYziKtq_I\/AAAAAAAAn40\/os_bLQm2Mm0WxZnPNg1qjJN8x_MoPlejQCEw\/s1600\/IMG_8054.PNG\"><img decoding=\"async\" loading=\"lazy\" src=\"https:\/\/elcalaixetdelaiaia.es\/wp-content\/uploads\/2016\/03\/IMG_8054.png\" width=\"640\" height=\"466\" border=\"0\" \/><\/a><\/div>\n<div style=\"text-align: center;\"><\/div>\n<div style=\"text-align: center;\">y listo para comer. \u00c9ste es el aspecto del corte, realmente es un dulce delicioso<\/div>\n<div style=\"text-align: center;\"><\/div>\n<div class=\"separator\" style=\"clear: both; text-align: center;\"><a style=\"margin-left: 1em; margin-right: 1em;\" href=\"https:\/\/3.bp.blogspot.com\/-Kjvhk-JlVt8\/WEwY9MjoVpI\/AAAAAAAAn44\/BPxSu9x9vtMZ9ZKBdYoQHo3H1v7AT-3JQCEw\/s1600\/IMG_8055.PNG\"><img decoding=\"async\" loading=\"lazy\" src=\"https:\/\/elcalaixetdelaiaia.es\/wp-content\/uploads\/2016\/03\/IMG_8055.png\" width=\"640\" height=\"480\" border=\"0\" \/><\/a><\/div>\n<div style=\"text-align: center;\"><\/div>\n<div style=\"text-align: center;\">\u00abA la taula i&#8230; BON PROFIT!!!!<\/div>\n<div style=\"text-align: center;\">Si te gusta mi receta, puedes compartirla, para que llegue a m\u00e1s gente.<\/div>\n<div style=\"text-align: center;\">Espero tus comentarios y recuerda que tambi\u00e9n estoy en Facebook\u00a0<a href=\"https:\/\/www.facebook.com\/El-calaixet-de-la-iaia-533062140099386\/\">https:\/\/www.facebook.com\/El-calaixet-de-la-iaia-533062140099386\/<\/a><\/div>\n<div class=\"entry-content\" style=\"background-color: white; border: 0px; margin: 0px; outline: 0px; padding: 0px; vertical-align: baseline;\">\n<div class=\"pf-content\" style=\"border: 0px; font-style: inherit; font-weight: inherit; margin: 0px; outline: 0px; padding: 0px; vertical-align: baseline;\">\n<div>\n<div class=\"separator\" style=\"clear: both; color: #8e8e8e; font-family: 'Old Standard TT'; font-size: 20px; font-style: italic; line-height: 28px; text-align: center;\"><\/div>\n<\/div>\n<\/div>\n<\/div>\n<\/div>\n","protected":false},"excerpt":{"rendered":"<p>\u00abRefrany; La Setmana Santa per l\u2019abril fa l\u2019any gentil\u00bb La Semana Santa por abril, hace el a\u00f1o gentil. \u00abCorona de gl\u00f2ria o resurecci\u00f2\u00bb Corona de Gloria, que se llama as\u00ed porque en tierras valencianas, se hace el domingo de Resurecci\u00f3n, y tambi\u00e9n es conocida, como Corona de Nadal, porque tambi\u00e9n &hellip; <\/p>\n","protected":false},"author":2,"featured_media":5402,"comment_status":"open","ping_status":"open","sticky":false,"template":"","format":"standard","meta":[],"categories":[6,1],"tags":[],"_links":{"self":[{"href":"https:\/\/elcalaixetdelaiaia.es\/index.php?rest_route=\/wp\/v2\/posts\/387"}],"collection":[{"href":"https:\/\/elcalaixetdelaiaia.es\/index.php?rest_route=\/wp\/v2\/posts"}],"about":[{"href":"https:\/\/elcalaixetdelaiaia.es\/index.php?rest_route=\/wp\/v2\/types\/post"}],"author":[{"embeddable":true,"href":"https:\/\/elcalaixetdelaiaia.es\/index.php?rest_route=\/wp\/v2\/users\/2"}],"replies":[{"embeddable":true,"href":"https:\/\/elcalaixetdelaiaia.es\/index.php?rest_route=%2Fwp%2Fv2%2Fcomments&post=387"}],"version-history":[{"count":11,"href":"https:\/\/elcalaixetdelaiaia.es\/index.php?rest_route=\/wp\/v2\/posts\/387\/revisions"}],"predecessor-version":[{"id":27378,"href":"https:\/\/elcalaixetdelaiaia.es\/index.php?rest_route=\/wp\/v2\/posts\/387\/revisions\/27378"}],"wp:featuredmedia":[{"embeddable":true,"href":"https:\/\/elcalaixetdelaiaia.es\/index.php?rest_route=\/wp\/v2\/media\/5402"}],"wp:attachment":[{"href":"https:\/\/elcalaixetdelaiaia.es\/index.php?rest_route=%2Fwp%2Fv2%2Fmedia&parent=387"}],"wp:term":[{"taxonomy":"category","embeddable":true,"href":"https:\/\/elcalaixetdelaiaia.es\/index.php?rest_route=%2Fwp%2Fv2%2Fcategories&post=387"},{"taxonomy":"post_tag","embeddable":true,"href":"https:\/\/elcalaixetdelaiaia.es\/index.php?rest_route=%2Fwp%2Fv2%2Ftags&post=387"}],"curies":[{"name":"wp","href":"https:\/\/api.w.org\/{rel}","templated":true}]}}