{"id":386,"date":"2016-04-02T22:39:00","date_gmt":"2016-04-02T22:39:00","guid":{"rendered":"http:\/\/elcalaixetdelaiaia.es\/dia-de-sant-vicent-dilluns-de-pasqua"},"modified":"2026-04-11T13:17:43","modified_gmt":"2026-04-11T13:17:43","slug":"dia-de-sant-vicent-dilluns-de-pasqua","status":"publish","type":"post","link":"https:\/\/elcalaixetdelaiaia.es\/?p=386","title":{"rendered":"Dia de Sant Vicent Ferrer dilluns de pasqua a Val\u00e8ncia"},"content":{"rendered":"<p>\u00abGlori\u00f3s Sant Vicent Ferrer, naixcut al carrer de la Mar, batejat en Sant Esteve, tu, que eres tan miracul\u00f3s, fes que la m\u00e9ua salut aplegue\u00bb<br \/>\nGlorioso San Vicente Ferrer, nacido en la calle de la Mar, bautizado en San Esteban, tu, que eres tan milagroso, haz que mi salud llegue.<\/p>\n<div class=\"separator\" style=\"clear: both; text-align: center;\"><a style=\"margin-left: 1em; margin-right: 1em;\" href=\"https:\/\/1.bp.blogspot.com\/-kF_1jMAESmM\/VwA759rYNsI\/AAAAAAAAjUI\/3bnXV4vCjKkqHEreTjhjh2sW4UHX7VisA\/s1600\/miiira.JPG\"><img decoding=\"async\" loading=\"lazy\" src=\"https:\/\/elcalaixetdelaiaia.es\/wp-content\/uploads\/2016\/04\/miiira.jpg\" width=\"426\" height=\"640\" border=\"0\" \/><\/a><\/div>\n<p style=\"text-align: center;\">Pese a que la festividad lit\u00fargica de San Vicente Ferrer es el 5 de abril, en la Comunitat Valenciana, se conmemora en el segundo lunes de Pascua, desde tiempo inmemorial y sin tener un origen y fecha concreta de inicio, ni ser fiesta local en todos los pueblos.\u00a0 Cuenta la tradici\u00f3n, que como la mayor\u00eda de los 5 de abril, coincide algunos a\u00f1os, con los d\u00edas sacros de la Semana Santa, un periodo de recogimiento, ayuno y abstinencia, y que imped\u00eda el jolgorio popular, el pueblo, decidi\u00f3 trasladar la celebraci\u00f3n del santo, unos d\u00edas despu\u00e9s, para que coincidiese con el periodo alegre de la Pascua de Resurrecci\u00f3n.<br \/>\nAs\u00ed, y tras los jubilosos d\u00edas en los que se conmemora la Resurrecci\u00f3n de Cristo, en una prolongaci\u00f3n de estas jornadas de suma alegr\u00eda, se a\u00f1adi\u00f3 el segundo Lunes de Pascua uniendo la celebraci\u00f3n en honor a San Vicente Ferrer, que, como patr\u00f3n del antiguo Reino de Valencia, requer\u00eda de manifestaciones l\u00fadicas y de plena alegr\u00eda popular, como verbenas y fastos, en una demostraci\u00f3n de exaltaci\u00f3n al santo m\u00e1s venerado en las tres provincias.<\/p>\n<div class=\"separator\" style=\"clear: both; text-align: center;\"><a style=\"margin-left: 1em; margin-right: 1em;\" href=\"https:\/\/3.bp.blogspot.com\/-jq602BsQSmo\/VwA8MvQO-5I\/AAAAAAAAjUM\/ezhJo-96kq4eP2qu4sgryZeGUWsXwHyOQ\/s1600\/miracle.jpg\"><img decoding=\"async\" loading=\"lazy\" src=\"https:\/\/elcalaixetdelaiaia.es\/wp-content\/uploads\/2016\/04\/miracle.jpg\" width=\"400\" height=\"300\" border=\"0\" \/><\/a><\/div>\n<div class=\"separator\" style=\"clear: both; text-align: center;\"><span class=\"BxUVEf ILfuVd\" lang=\"es\"><span class=\"hgKElc\">San Vicente Ferrer, fue un predicador incansable del Evangelio que se afan\u00f3 por convertir y renovar a las personas y a las instituciones para llegar a una sociedad m\u00e1s cristiana, ense\u00f1\u00f3 que la fe cristiana es siempre misionera. La festividad de los altares de San Vicente Ferrer, es una de las celebraciones m\u00e1s tradicionales y de mayor arraigo de la ciudad de Valencia. Declarada como Patrimonio Cultural inmaterial Valenciano. Su origen al parecer, se remonta a mediados del siglo XV, nada m\u00e1s y nada menos. San Vicente Ferrer, fue una figura imprescindible en el plano religioso, pol\u00edtico y social de la Edad Media. Al paso de los siglos, esta celebraci\u00f3n se ha ido modificando, especialmente, tras la introducci\u00f3n de representaciones dramatizadas de los milagros realizados por el santo, que son interpretadas por ni\u00f1os y en lengua valenciana. Antiguamente, en las representaciones, los papeles femeninos, eran representados tambi\u00e9n por ni\u00f1os., aunque afortunadamente hoy en d\u00eda,\u00a0 ya no es as\u00ed, y dichos papeles, son representados por ni\u00f1as, incluso se da el caso de que en 1999\u00a0 en el altar de El Pilar, fue una ni\u00f1a,\u00a0 Patricia Gand\u00eda, qui\u00e9n represent\u00f3 el papel de San Vicente Ferrer. Estas obras de teatro infantil, son una aut\u00e9ntica joya del teatro, escenificadas por ni\u00f1os y ni\u00f1as, ataviados con ropajes de \u00e9poca, sobre escenarios denominados Altares, cuyo texto se relaciona con milagros atribuidos a San Vicent Ferrer, cuya puesta en escena quita dramatismo, a\u00f1adiendo un toque c\u00f3mico, y en cierta manera cr\u00edtico, representados por ni\u00f1os del barrio al que pertenece el altar, convertidos en maravillosos actores<br \/>\n<\/span><\/span><\/div>\n<div><\/div>\n<div><img decoding=\"async\" loading=\"lazy\" class=\"alignnone size-full wp-image-27504\" src=\"https:\/\/elcalaixetdelaiaia.es\/wp-content\/uploads\/2016\/04\/SanVicFerresglesiafirmada.jpg\" alt=\"\" width=\"1111\" height=\"1034\" srcset=\"https:\/\/elcalaixetdelaiaia.es\/wp-content\/uploads\/2016\/04\/SanVicFerresglesiafirmada.jpg 1111w, https:\/\/elcalaixetdelaiaia.es\/wp-content\/uploads\/2016\/04\/SanVicFerresglesiafirmada-300x279.jpg 300w, https:\/\/elcalaixetdelaiaia.es\/wp-content\/uploads\/2016\/04\/SanVicFerresglesiafirmada-1024x953.jpg 1024w, https:\/\/elcalaixetdelaiaia.es\/wp-content\/uploads\/2016\/04\/SanVicFerresglesiafirmada-768x715.jpg 768w\" sizes=\"(max-width: 1111px) 100vw, 1111px\" \/><\/div>\n<div class=\"separator\" style=\"clear: both; text-align: center;\">\u00a0 Es costumbre visitar el Pouet de Sant Vicent en su casa natal, convertida en capilla.<br \/>\nLas representaciones son por grupos de ni\u00f1os, siempre nuestra lengua, el valenciano, (que era c\u00f3mo siempre, y fuese donde fuese, predicaba San Vicent) de hechos prodigiosos atribuidos al santo dominico, los denominados <i>miracles <\/i>y se llevan a cabo en escenarios instalados para la ocasi\u00f3n en los distintos barrios de la ciudad, estos se denominan altares.<br \/>\nAlgunos de los altares m\u00e1s c\u00e9ntricos son: en la plaza de la Virgen: altar de la Pila, en el Tossal: Altar del Tossal, en la plaza del Pilar: el altar del Pilar, en la plaza del Carmen: el altar del Carmen, en la plaza Tetuan: el altar del Mar, en la calle Tapineria: el altar del Mocadoret, en la calle Salamanca: el altar del \u00c1ngel Custodio, en plaza Mercado de Ruzafa: el altar de Ruzafa, en la plaza del Mercado: el altar del Mercado.<br \/>\nEntre los catorce altares que se levantan el altar m\u00e1s antiguo data de 1561 y se instala cada a\u00f1o junto al Pouet de Sant Vicent. Es el llamado altar del Mar.<\/div>\n<div style=\"text-align: center;\"><\/div>\n<div class=\"separator\" style=\"clear: both; text-align: center;\"><a style=\"margin-left: 1em; margin-right: 1em;\" href=\"https:\/\/2.bp.blogspot.com\/-3M6DdghrNlk\/VwA8PFjj05I\/AAAAAAAAjUQ\/vOcxTWiXKe8Xm0Yp1mfPooJnfjBNmISNg\/s1600\/miraclessv.jpg\"><img decoding=\"async\" loading=\"lazy\" src=\"https:\/\/elcalaixetdelaiaia.es\/wp-content\/uploads\/2016\/04\/miraclessv.jpg\" width=\"400\" height=\"225\" border=\"0\" \/><\/a><\/div>\n<p style=\"text-align: center;\">La fiesta se inicia el domingo (octava de pascua). En cada barrio, es sacada la imagen<br \/>\nde San Vicente y tras procesionar por las calles, es subido al altar<br \/>\nentre cohetes , aplausos e himnos. All\u00ed permanece hasta la noche del<br \/>\nlunes, en que el santo es bajado y depositado en casa del clavario hasta<br \/>\nel a\u00f1o siguiente. Las excepciones son el altar del Mercado, que lo<br \/>\nhace en martes, y los altares del Mocadoret y del \u00c1ngel Custodio que<br \/>\ncelebran la fiesta en la octava del Santo.<\/p>\n<p style=\"text-align: center;\">A nivel oficial, al mediod\u00eda del lunes de San Vicente se realiza una ofrenda de flores, por todas la asociaciones vicentinas de la ciudad. Esa tarde,<br \/>\nsale la procesi\u00f3n general de la Santa Iglesia Catedral que pasa por<br \/>\nCapitan\u00eda (antiguo Convento de Dominicos), Casa natalicia y San Esteban<br \/>\ncon la pila bautismal del San Vicente.<\/p>\n<p>Los \u2018Milacres\u2019 de san Vicente Ferrer son representados el domingo 7 y el lunes 8 de abril, en los tradicionales altares vicentinos levantados en distintos puntos de la ciudad, y que os detallo a continuaci\u00f3n, porque merece la pena visitarlos, seas creyente, o no, ya que son maravillosas actuaciones de nuestros ni\u00f1os&#8230;<\/p>\n<h4><u>ALTARES DE SAN VICENTE FERRER<\/u><\/h4>\n<ul>\n<li><strong>ALTAR DEL CARMEN<\/strong>\u00a0\/ Plaza del Carmen (el domingo, a las 20 horas, el lunes de 17 a 20 horas, y otra a las 22.30 horas)<\/li>\n<li><strong>ALTAR DEL MAR<\/strong>\u00a0\/ Plaza Tetu\u00e1n (el domingo a las 13.30 y a las 17.30 horas, y el lunes a las 17 horas)<\/li>\n<li><strong>ALTAR DEL MERCAT<\/strong>\u00a0\/ Plaza\u00a0del Mercado (el domingo a las 21 horas y el lunes de 17 a 21 horas)<\/li>\n<li><strong>ALTAR DEL MOCADORET<\/strong>\u00a0\/ Calle Tapiner\u00eda<\/li>\n<li><strong>ALTAR DEL \u00c1NGEL CUSTODIO<\/strong>\u00a0\/ Iglesia del \u00c1ngel Custodio<\/li>\n<li><strong>ALTAR DE LA CALLE DE LOS NI\u00d1OS DE SAN VICENTE<\/strong>\u00a0\/San Vicente esquina con En Sanz<\/li>\n<li><strong>ALTAR DE LA PILA BAUTISMAL<\/strong>\u00a0\/ Plaza de la Virgen (el domingo a las 17, 19 y 20 horas y el lunes a las 17 y 20 horas)<\/li>\n<li><strong>ALTAR DEL PILAR<\/strong>\u00a0\/ Plaza del Pilar\u00a0(el domingo a las 12.30, 17.30 y 21.30 horas, y el lunes a las 18 y 19.30 horas)<\/li>\n<li><strong>ALTAR DE LA PLAYA<\/strong>\u00a0\/ Parroquia San Vicente Ferrer<\/li>\n<li><strong>ALTAR DE RUZAFA<\/strong>\u00a0\/ Iglesia de San Valero (el domingo a las 20.15 horas y el lunes a las 18.30, 20.15 y 23 horas<\/li>\n<li><strong>ALTAR DEL TOSSAL<\/strong>\u00a0\/ Plaza del Tossal (domingo de 17 a 20 horas y el lunes de 17 a 20.30 horas)<\/li>\n<\/ul>\n<p>&nbsp;<\/p>\n<p><strong>Lunes 8 de abril<\/strong><br \/>\nA lo largo del d\u00eda habr\u00e1 toque manual de campanas desde la Catedral (9:15, 12:00, 18:00 y de 19:00 a 21:00 h).<br \/>\n<strong>10:30:<\/strong> Solemne pontifical en la Catedral.<br \/>\n<strong>12:00:<\/strong> Procesi\u00f3n c\u00edvica de ofrenda de flores a San Vicente Ferrer, que parte desde el Ayuntamiento hasta la <a href=\"https:\/\/www.visitvalencia.com\/que-hacer-valencia\/cultura-valenciana\/museos-en-valencia\/museo-casa-natalicia-san-vicente-ferrer\" target=\"_blank\" rel=\"noopener\">Casa Natalicia<\/a>.<br \/>\n<strong>14:30:<\/strong> Masclet\u00e0 a cargo de la pirotecnia Vulcano en la Plaza de Tetu\u00e1n<br \/>\nPor la tarde, seg\u00fan el programa de cada asociaci\u00f3n, representaci\u00f3n de los milagros.<br \/>\n<strong>19:00<\/strong>: Procesi\u00f3n general desde la Catedral.<\/p>\n<p>Por la noche, y seg\u00fan el programa de cada Asociaci\u00f3n, Bajada de la Imagen del Santo.<\/p>\n<div id=\"td-outer-wrap\">\n<div class=\"td-outer-container\">\n<article id=\"post-58599\" class=\"td-post-template-4 post-58599 post type-post status-publish format-standard has-post-thumbnail hentry category-noticias tag-san-vicente-ferrer\">\n<div class=\"td-container\">\n<div class=\"td-container-border\">\n<div class=\"td-pb-row\">\n<div class=\"td-pb-span12 td-main-content\" role=\"main\">\n<div class=\"td-ss-main-content\">\n<div class=\"td-post-content td-pb-padding-side\">\n<h2 class=\"wp-block-heading\"><span id=\"actos-del-fin-de-semana\">Actos del fin de semana<\/span><\/h2>\n<p>El s\u00e1bado 11 de abril, la plaza de la Mare de D\u00e9u cobrar\u00e1 protagonismo a las 11:00 horas con la representaci\u00f3n del milagro que haya resultado ganador del primer premio, seguida de la entrega de galardones. La v\u00edspera de la fiesta, el domingo a las 21:30 horas, se disparar\u00e1 un castillo de palos en el Pont dels Serrans.<\/p>\n<p>M\u00f3nica Gil ha se\u00f1alado que estos son \u201cunos d\u00edas consagrados a la conmemoraci\u00f3n de la vida y obra de Sant Vicent Ferrer, durante los cuales se representan sus milagros\u201d.<\/p>\n<h2 class=\"wp-block-heading\"><span id=\"programacion-del-lunes-de-san-vicent-ferrer\">Programaci\u00f3n del lunes de San Vicent Ferrer<\/span><\/h2>\n<p>La jornada festiva del 13 de abril comenzar\u00e1 a las 10:00 horas con la misa pontifical en la Catedral. A mediod\u00eda, la atenci\u00f3n se trasladar\u00e1 a la calle para la ofrenda de flores. El desfile comenzar\u00e1 en la plaza de L\u2019Ajuntament y recorrer\u00e1 las calles de Sant Vicent y la Pau, para finalizar ante el tapiz floral de la Casa Natalicia del santo, en la calle de la Mar.<\/p>\n<p>La p\u00f3lvora llegar\u00e1 a las 14:00 horas con una masclet\u00e0 de la pirotecnia Vulcano en la plaza de Tetuan. Ya por la tarde, a las 19:00 horas, la procesi\u00f3n oficial saldr\u00e1 de la Catedral por la Porta dels Ferros. El itinerario transcurrir\u00e1 por la plaza de la Reina, calle de la Pau, General Tovar y plaza de Tetuan hasta la Esgl\u00e9sia de Sant Dom\u00e9nech. El regreso al templo catedralicio se realizar\u00e1 por la calle de la Mar, plaza de Sant Vicent Ferrer, Trinquet de Cavallers, plaza de N\u00e0pols i Sic\u00edlia, Esgl\u00e9sia de Sant Esteve, calle de Edeta y Calle del Palau.<\/p>\n<hr data-start=\"3800\" data-end=\"3803\" \/>\n<\/div>\n<\/div>\n<\/div>\n<\/div>\n<\/div>\n<\/div>\n<\/article>\n<\/div>\n<\/div>\n<p>El altar del Mocadoret, este a\u00f1o, celebrar\u00e1 la Dans\u00e1<\/p>\n<p>el <strong>s\u00e1bado 18 de abril del 2026, a las 23 horas<\/strong>, en la <strong>Plaza de la Virgen<\/strong>.<\/p>\n<p>Al finalizar, <strong>convid\u00e0 de horchata y fartons<\/strong> a todos los asistentes.<\/p>\n<p>La noche de la dans\u00e0 a las <strong>22:00 horas un representante de cada grupo acudir\u00e1 a la plaza Lope de Vega<\/strong> para recoger la salida.<\/p>\n<p><strong>PLAZAS LIMITADAS POR AFORO<\/strong>. SE HA CERRADO EL REGISTRO PARA GARANTIZAR QUE LA DANS\u00c1 SE PUEDA REALIZAR EN CONDICIONES DE SEGURIDAD Y CONFORT PARA TODOS LOS ASISTENTES.<\/p>\n<h2 class=\"wp-block-heading\">LISTADO DE GRUPOS DE BAILE INSCRITOS<\/h2>\n<div class=\"gb-container gb-container-28ee4b0f\">\n<div class=\"ellistado\">\n<div id=\"list-container\">\n<ol id=\"sortable-list\">\n<li class=\"ui-state-default\" data-submission-id=\"153\">Caps de dansa 2026<\/li>\n<li class=\"ui-state-default\" data-submission-id=\"154\">Caps de dansa de a\u00f1os anteriores<\/li>\n<li class=\"ui-state-default\" data-submission-id=\"155\">Grup de danses del Altar de San Vicent Ferrer del Mocadoret<\/li>\n<li class=\"ui-state-default\" data-submission-id=\"159\">Falla Avenida del Oeste<\/li>\n<li class=\"ui-state-default\" data-submission-id=\"160\">Grup de Danses de Loriguilla<\/li>\n<li class=\"ui-state-default\" data-submission-id=\"161\">Falla San Vicente-Marv\u00e1<\/li>\n<li class=\"ui-state-default\" data-submission-id=\"163\">Grup de ball Falla Llorers<\/li>\n<li class=\"ui-state-default\" data-submission-id=\"162\">Falla Carcagente-Jeronimo Mu\u00f1oz<\/li>\n<li class=\"ui-state-default\" data-submission-id=\"164\">Grup Arrels. Falla Els Lleons &#8211; Poeta Mas i Ros<\/li>\n<li class=\"ui-state-default\" data-submission-id=\"165\">GRUP DE DANSES NOSTRA VEU<\/li>\n<li class=\"ui-state-default\" data-submission-id=\"166\">San Roque-Benicalap<\/li>\n<li class=\"ui-state-default\" data-submission-id=\"167\">Grup de danses Falla Mendiz\u00e1bal<\/li>\n<li class=\"ui-state-default\" data-submission-id=\"170\">Grup de ball Falla La Fonteta<\/li>\n<li class=\"ui-state-default\" data-submission-id=\"171\">Falla Vicente Sancho Tello chile avenida aragon<\/li>\n<li class=\"ui-state-default\" data-submission-id=\"173\">Escola de danses El Pil\u00f3 de Burjassot<\/li>\n<li class=\"ui-state-default\" data-submission-id=\"174\">Grup de Ball la Dol\u00e7aina<\/li>\n<li class=\"ui-state-default\" data-submission-id=\"177\">Grup de Dances Les Postisses<\/li>\n<li class=\"ui-state-default\" data-submission-id=\"179\">Falla Cadis D\u00e9nia<\/li>\n<li class=\"ui-state-default\" data-submission-id=\"181\">Grup de ball Falla Pla\u00e7a Porta del Sol<\/li>\n<li class=\"ui-state-default\" data-submission-id=\"183\">Grup de Balls El clavell<\/li>\n<li class=\"ui-state-default\" data-submission-id=\"184\">Grup de danses quatre gats<\/li>\n<li class=\"ui-state-default\" data-submission-id=\"185\">Grup de Danses Santonja<\/li>\n<li class=\"ui-state-default\" data-submission-id=\"186\">GRUP DE BALL LA MUNTANYETA FALLA SAN JOS\u00c9 DE LA MONTA\u00d1A<\/li>\n<li class=\"ui-state-default\" data-submission-id=\"187\">Falla Quart Extramuros<\/li>\n<li class=\"ui-state-default\" data-submission-id=\"189\">Grup de danses de l&#8217;Associaci\u00f3 Cultural l&#8217;Horta de Val\u00e9ncia<\/li>\n<li class=\"ui-state-default\" data-submission-id=\"190\">Grup de Danses Lo Niu. Falla San Ignacio de Loyola<\/li>\n<li class=\"ui-state-default\" data-submission-id=\"191\">Falla Blocs Platja<\/li>\n<li class=\"ui-state-default\" data-submission-id=\"192\">Grup de ball Falla L\u2019Antiga<\/li>\n<li class=\"ui-state-default\" data-submission-id=\"195\">Falla Arzobispo Olaechea &#8211; San Marcelino<\/li>\n<li class=\"ui-state-default\" data-submission-id=\"196\">Grup de ball la muntanyeta falla San Jos\u00e9 de la monta\u00f1a grupo 2<\/li>\n<li class=\"ui-state-default\" data-submission-id=\"197\">Falla Sant Roc<\/li>\n<li class=\"ui-state-default\" data-submission-id=\"199\">Grup de Folclor SG3<\/li>\n<li class=\"ui-state-default\" data-submission-id=\"198\">Grup de Ball Agrupacio Sagun-Quart<\/li>\n<li class=\"ui-state-default\" data-submission-id=\"200\">Amics de la dan\u00e7a<\/li>\n<li class=\"ui-state-default\" data-submission-id=\"201\">G.D. El Casalet Borrull-Turia<\/li>\n<li class=\"ui-state-default\" data-submission-id=\"203\">Grup de Danses Los Bayarri<\/li>\n<li class=\"ui-state-default\" data-submission-id=\"205\">\u00c0nima i Poble<\/li>\n<li class=\"ui-state-default\" data-submission-id=\"206\">GRUP Els Llumeners falla Barri la Llum<\/li>\n<li class=\"ui-state-default\" data-submission-id=\"207\">Grup de danses Arrelant<\/li>\n<li class=\"ui-state-default\" data-submission-id=\"208\">A.C.Folkl\u00f2rica de Mislata<\/li>\n<li class=\"ui-state-default\" data-submission-id=\"209\">Grup de danses Falla Acacias &#8211; Picayo<\/li>\n<li class=\"ui-state-default\" data-submission-id=\"212\">Josep Antoni Balla<\/li>\n<li class=\"ui-state-default\" data-submission-id=\"213\">Grup de ball La Roqueta<\/li>\n<li class=\"ui-state-default\" data-submission-id=\"214\">Grup de Danses Palleter Falla Palleter-Erudit Orellana<\/li>\n<li class=\"ui-state-default\" data-submission-id=\"215\">Falla Monte de Piedad<\/li>\n<li class=\"ui-state-default\" data-submission-id=\"216\">Grup de ball Falla Corretgeria-Bany dels Pavesos<\/li>\n<li class=\"ui-state-default\" data-submission-id=\"217\">Falla Plaza de la Merced<\/li>\n<li class=\"ui-state-default\" data-submission-id=\"218\">GRUP DE DANSES FALLA N\u00c0QUERA-LAURI VOLPI<\/li>\n<li class=\"ui-state-default\" data-submission-id=\"220\">Grup de Balls Quint &#8211; Pizarro<\/li>\n<li class=\"ui-state-default\" data-submission-id=\"225\">Grup de danses Falla Pla\u00e7a del Mercat Central<\/li>\n<li class=\"ui-state-default\" data-submission-id=\"227\">Grup de dan\u00e7es Falla Exposicio<\/li>\n<li class=\"ui-state-default\" data-submission-id=\"231\">L&#8217;Olivar d&#8217;Alaqu\u00e0s<\/li>\n<li class=\"ui-state-default\" data-submission-id=\"233\">La JO\u00cdA<\/li>\n<li class=\"ui-state-default\" data-submission-id=\"234\">Falla Joaqu\u00edn Navarro Carricola<\/li>\n<li class=\"ui-state-default\" data-submission-id=\"236\">Grup de danses l\u2019Espol\u00ed de Paiporta<\/li>\n<li class=\"ui-state-default\" data-submission-id=\"237\">Grupo Falla Carrera Sant Llu\u00eds-Rafel Albinyana<\/li>\n<li class=\"ui-state-default\" data-submission-id=\"238\">Grup de Danses Falla Gayano Lluch<\/li>\n<li class=\"ui-state-default\" data-submission-id=\"239\">Grup de Danses Falla Arambul<\/li>\n<li class=\"ui-state-default\" data-submission-id=\"240\">Grup de Danses Falla Pedro Cabanes Juan XXIII<\/li>\n<li class=\"ui-state-default\" data-submission-id=\"241\">GRUP DANSES SARGANTANA<\/li>\n<li class=\"ui-state-default\" data-submission-id=\"242\">GRUP DE BALL FALLA VALL DE LAGUAR<\/li>\n<li class=\"ui-state-default\" data-submission-id=\"243\">Falla Nador i Miraculosa<\/li>\n<li class=\"ui-state-default\" data-submission-id=\"244\">Asociacio folkl\u00f2rica La Llauradora<\/li>\n<li class=\"ui-state-default\" data-submission-id=\"245\">San Rafael<\/li>\n<li class=\"ui-state-default\" data-submission-id=\"249\">La Bacora &#8211; falla Peu de la Creu<\/li>\n<li class=\"ui-state-default\" data-submission-id=\"251\">GRUP DE DANSES GRAN VIA DE L&#8217;EST<\/li>\n<li class=\"ui-state-default\" data-submission-id=\"254\">Arrels de Marxalenes<\/li>\n<li class=\"ui-state-default\" data-submission-id=\"256\">Grup de danses Marquina<\/li>\n<li class=\"ui-state-default\" data-submission-id=\"257\">Falla Aras de Alpuente Castell de Pop<\/li>\n<li class=\"ui-state-default\" data-submission-id=\"258\">Grup Ball Falla Reina Sof\u00eda<\/li>\n<li class=\"ui-state-default\" data-submission-id=\"259\">Grup de danses Pla\u00e7a Patraix<\/li>\n<li class=\"ui-state-default\" data-submission-id=\"260\">Grup de Danses de la Societat Musical d&#8217;Alboraia<\/li>\n<li class=\"ui-state-default\" data-submission-id=\"261\">Grup de ball falla La Eliana Cid<\/li>\n<li class=\"ui-state-default\" data-submission-id=\"262\">Grup de danses Falla Virgen de la Cabeza<\/li>\n<li class=\"ui-state-default\" data-submission-id=\"263\">Falla Fray J Rodr\u00edguez Pintor Cortina<\/li>\n<li class=\"ui-state-default\" data-submission-id=\"264\">Ol\u00f3riz en dansa<\/li>\n<li class=\"ui-state-default\" data-submission-id=\"266\">Segrelles balla<\/li>\n<li class=\"ui-state-default\" data-submission-id=\"267\">Grup de ball Mercat de Castella<\/li>\n<li class=\"ui-state-default\" data-submission-id=\"268\">Abastos Grup de Danses Falla Alberic<\/li>\n<li class=\"ui-state-default\" data-submission-id=\"269\">Falla San Vte de Paul -Diputada Clara Campoamor<\/li>\n<li class=\"ui-state-default\" data-submission-id=\"270\">Grup de danses Els Doctors<\/li>\n<li class=\"ui-state-default\" data-submission-id=\"271\">La Magrana<\/li>\n<li class=\"ui-state-default\" data-submission-id=\"272\">Falla Progr\u00e9s Teatre La Marina<\/li>\n<li class=\"ui-state-default\" data-submission-id=\"273\">Pioxiones Ballant<\/li>\n<\/ol>\n<\/div>\n<\/div>\n<\/div>\n<div class=\"separator\" style=\"clear: both; text-align: center;\"><a style=\"margin-left: 1em; margin-right: 1em;\" href=\"https:\/\/3.bp.blogspot.com\/-_Z6XvrDob1A\/VwA3VyldXeI\/AAAAAAAAjTY\/I2NWDqWTAkUyRXGjc-iXB6hjm32B3NSXg\/s1600\/IMG_8281%255B1%255D.JPG\"><img decoding=\"async\" loading=\"lazy\" src=\"https:\/\/elcalaixetdelaiaia.es\/wp-content\/uploads\/2016\/04\/IMG_82815B15D.jpg\" width=\"516\" height=\"640\" border=\"0\" \/><\/a><\/div>\n<p style=\"text-align: center;\">\u00a0Desde hace m\u00e1s de 30 a\u00f1os, el Altar del Mocadoret, celebra uno de los actos m\u00e1s multitudinario, que es la Dans\u00e0, y que a\u00f1o tras a\u00f1o realizan en la Plaza del Mocadoret. La Dans\u00e0 que tiene un recorrido corto, por la multitud de gente que participa, en el a\u00f1o\u00a0 2015, participaron en la misma mas de 150 parejas.<\/p>\n<div style=\"text-align: center;\"><a href=\"https:\/\/4.bp.blogspot.com\/-9tq4jCbiny4\/VwA25Ez-j_I\/AAAAAAAAjTQ\/zXYRxgSAsNcu-f1945JpWYYYRQUa9el0A\/s1600\/IMG_8282%255B1%255D.JPG\"><img decoding=\"async\" loading=\"lazy\" src=\"https:\/\/elcalaixetdelaiaia.es\/wp-content\/uploads\/2016\/04\/IMG_82825B15D.jpg\" width=\"640\" height=\"440\" border=\"0\" \/><\/a><\/div>\n<p style=\"text-align: center;\">Todos los eventos que se organizan en la Fiesta y alrededor de la figura de San Vicente Ferrer, son sin duda masivamente aceptados y su veneraci\u00f3n es total, no solamente por parte de los componentes de los distintos Altares que se levantan en la ciudad en su conmemoraci\u00f3n, sino tambi\u00e9n por parte de la gran mayor\u00eda de Valencianos que asistimos a todos estos eventos para acompa\u00f1ar al Santo y como no pod\u00eda ser de otra forma, much\u00edsimos somos los valencianos, que presenciamos \u00e9sta especial y preciosa dans\u00e1.<\/p>\n<div class=\"separator\" style=\"clear: both; text-align: center;\"><a style=\"margin-left: 1em; margin-right: 1em;\" href=\"https:\/\/2.bp.blogspot.com\/-r8K_8_t3P7s\/VwA3SfsP8WI\/AAAAAAAAjTU\/FCr17ui2X7Mtc3TeZoz_q0J2_MdEOJ_ZQ\/s1600\/IMG_8283%255B1%255D.JPG\"><img decoding=\"async\" loading=\"lazy\" src=\"https:\/\/elcalaixetdelaiaia.es\/wp-content\/uploads\/2016\/04\/IMG_82835B15D.jpg\" width=\"640\" height=\"436\" border=\"0\" \/><\/a><\/div>\n<p style=\"text-align: center;\">\u00c9ste tradicional y precioso baile valenciano se inicia en la Plaza Lope de Vega \u00a0y finaliza en la Plaza del Mocadoret, siendo todo un atractivo que se est\u00e1 conviertiendo en un referente dentro de las dans\u00e1s, ya que a trav\u00e9s de la m\u00fasica y el baile, se consigue mostrar toda la belleza de nuestro folklore, la organizaci\u00f3n, siempre solicita que se vista y peine, a la manera tradicional valenciana. En este maravilloso acto, se respira valencian\u00eda por los cuatro costados&#8230;<\/p>\n<div class=\"separator\" style=\"clear: both; text-align: center;\"><a style=\"margin-left: 1em; margin-right: 1em;\" href=\"https:\/\/4.bp.blogspot.com\/-kxJ5lQr-xQ8\/VwA30UgVINI\/AAAAAAAAjTk\/9Z5fsWFqRuIt1KkiMO2btz7mEL5imLCrw\/s1600\/IMG_8284%255B1%255D.JPG\"><img decoding=\"async\" loading=\"lazy\" src=\"https:\/\/elcalaixetdelaiaia.es\/wp-content\/uploads\/2016\/04\/IMG_82845B15D.jpg\" width=\"611\" height=\"640\" border=\"0\" \/><\/a><\/div>\n<div class=\"_59tj _2iau _oq1\">\n<div style=\"text-align: center;\">Un espect\u00e1culos digno de ver y si es posible, de participar, en el que a su finalizaci\u00f3n, tanto \u00abels ballaors\u00bb, como el p\u00fablico en general, son obsequiados por el Altar con una degustaci\u00f3n de nuestra extraodinaria \u00abOrxata amb fartons\u00bb<\/div>\n<div><\/div>\n<\/div>\n<div style=\"text-align: center;\"><a style=\"margin-left: 1em; margin-right: 1em;\" href=\"https:\/\/2.bp.blogspot.com\/-X9JZ5p8Q3OA\/Vv5AfRGRsSI\/AAAAAAAAjPg\/WUJkyFwqIhY1V91rVr5Uvwh4Y8Waunp9Q\/s1600\/catxirulojo.jpg\"><img decoding=\"async\" loading=\"lazy\" src=\"https:\/\/elcalaixetdelaiaia.es\/wp-content\/uploads\/2016\/04\/catxirulojo.jpg\" width=\"300\" height=\"400\" border=\"0\" \/><\/a><\/div>\n<p style=\"text-align: center;\">\u00a0El dilluns de San Vicent, es el \u00faltimo d\u00eda de \u00abpasqua\u00bb en Valencia. Se aprovechaba (y se sigue aprovechando aunque cada vez menos), la ocasi\u00f3n de salir al aire libre, \u00abballar la tarara\u00bb, saltar a la comba, romper el huevo de la mona en la frente del m\u00e1s cercano, empinar el\u00bbcatxirulo\u00bb.<\/p>\n<p style=\"text-align: center;\">Ahora somos mi marido y yo, quienes ense\u00f1amos a nuestro sobrinos peque\u00f1os y nietas, a empinar el catxirulo&#8230; ayyy aquel catxirulo que hac\u00eda mi padre, sobre el hule de<br \/>\nla mesa del comedor con las alas de la mesa extendidas porque el<br \/>\n\u00abcatxirulo\u00bb era \u00abben gran\u00bb, y con unas ca\u00f1as bien tiesas que perforaba, y<br \/>\nun cartel de cine y si no hab\u00eda cartel, con papel de peri\u00f3dico, o de seda de colores, la \u00abpasteta\u00bb que hac\u00eda mi madre con harina y agua y la iaia Conxeta rebuscando en el trastero los retales de tela con los que luego har\u00edamos juntas la \u00abcua\u00bb de colores, at\u00e1ndolas al hilo de palomar, y que si el tiempo acompa\u00f1aba, har\u00eda su bautismo de aire entre las risas de mi<br \/>\nhermano y m\u00eda. A\u00f1os mas tarde, \u00e9ramos mi hermano y yo, quienes colabor\u00e1bamos en la construcci\u00f3n del catxirulo para los gemelos&#8230;<\/p>\n<div style=\"text-align: center;\">\n<div class=\"separator\" style=\"clear: both; text-align: center;\"><a style=\"margin-left: 1em; margin-right: 1em;\" href=\"https:\/\/1.bp.blogspot.com\/-XN8u_iGy7_E\/VwBIWEFQ9kI\/AAAAAAAAjUk\/sqaQ_I8hpkILmaq4EyuybsIarTdtPzy0Q\/s1600\/IMG_8292%255B1%255D.PNG\"><img decoding=\"async\" loading=\"lazy\" src=\"https:\/\/elcalaixetdelaiaia.es\/wp-content\/uploads\/2016\/04\/IMG_82925B15D.png\" width=\"640\" height=\"348\" border=\"0\" \/><\/a><\/div>\n<\/div>\n<div style=\"text-align: center;\">\n<div style=\"text-align: center;\">Si hac\u00eda mal tiempo, acab\u00e1bamos toooda la familia materna en casa de los tios\u00a0 Conxeta y Pepe, lugar siempre, de la reuniones familiares maternas y de las partiditas de los mayores, mientras los peques y j\u00f3venes, disfrut\u00e1bamos de juegos en la enorme terraza. All\u00ed, en esa casa, nos com\u00edamos aquellos manjares que cada cual aportaba, aunque la mayor\u00eda, sal\u00edan de la cocina de la la t\u00eda Conxeta, que ten\u00eda manos de \u00e1ngel; Titaina, los pepitos, la tortilla de patatas, los bocadillos de \u00abbotifarra i llonganissa i fabes\u00bb incluso con \u00aball i oli\u00bb, la \u00abcoca de verdures\u00bb, \u00abels cacahuets\u00bb, \u00ables mandonguilles d&#8217;abatexo\u00bbel \u00abesgarraet\u00bb, el \u00abescabetxe de caballa\u00bb, el \u00ababaetxo amb tomata i piment\u00f3\u00bb\u00a0 i como no&#8230; la \u00abllonganissa\u00bb de pascua, terminado con \u00ables llesques amb \u00f2u\u00bb y la mona, \u00abpanquemao amb xocolate\u00bb&#8230; tradici\u00f3n que intentamos seguir cada a\u00f1o, como estamos haciendo \u00e9stos d\u00edas, saliendo a comer al campo y disfrutando de los buenos momentos que nos da la vida, rodeados de quienes nos quieren, y a quienes queremos, que la vida son dos d\u00edas, y uno&#8230; ya fue ayer&#8230;<\/div>\n<div><\/div>\n<\/div>\n<div><span id=\"fbPhotoSnowliftCaption\" class=\"fbPhotosPhotoCaption\" tabindex=\"0\" aria-live=\"polite\" data-ft=\"{&quot;tn&quot;:&quot;K&quot;}\"><span class=\"hasCaption\">Quiero felicitar a todos los Vicentes y Vicentas de la p\u00e1gina,y en especial claro est\u00e1, a los de mi familia y amigos. Que pas\u00e9is todos un maravilloso \u00abdilluns de pasqua de Sant Vicent\u00bb<\/span><\/span><\/div>\n<p>Si te gusta \u00e9sta entrada, puedes compartirla para que lleguen a mas gente nuestras costumbres \u00a1Gracias! Espero si quieres, tu comentario y te recuerdo que tambi\u00e9n estoy en Facebook <a href=\"https:\/\/www.facebook.com\/El-calaixet-de-la-iaia-533062140099386\/\">https:\/\/www.facebook.com\/El-calaixet-de-la-iaia-533062140099386\/\u00a0<\/a><\/p>\n","protected":false},"excerpt":{"rendered":"<p>\u00abGlori\u00f3s Sant Vicent Ferrer, naixcut al carrer de la Mar, batejat en Sant Esteve, tu, que eres tan miracul\u00f3s, fes que la m\u00e9ua salut aplegue\u00bb Glorioso San Vicente Ferrer, nacido en la calle de la Mar, bautizado en San Esteban, tu, que eres tan milagroso, haz que mi salud llegue. &hellip; <\/p>\n","protected":false},"author":2,"featured_media":5401,"comment_status":"open","ping_status":"open","sticky":false,"template":"","format":"standard","meta":[],"categories":[1,47],"tags":[],"_links":{"self":[{"href":"https:\/\/elcalaixetdelaiaia.es\/index.php?rest_route=\/wp\/v2\/posts\/386"}],"collection":[{"href":"https:\/\/elcalaixetdelaiaia.es\/index.php?rest_route=\/wp\/v2\/posts"}],"about":[{"href":"https:\/\/elcalaixetdelaiaia.es\/index.php?rest_route=\/wp\/v2\/types\/post"}],"author":[{"embeddable":true,"href":"https:\/\/elcalaixetdelaiaia.es\/index.php?rest_route=\/wp\/v2\/users\/2"}],"replies":[{"embeddable":true,"href":"https:\/\/elcalaixetdelaiaia.es\/index.php?rest_route=%2Fwp%2Fv2%2Fcomments&post=386"}],"version-history":[{"count":28,"href":"https:\/\/elcalaixetdelaiaia.es\/index.php?rest_route=\/wp\/v2\/posts\/386\/revisions"}],"predecessor-version":[{"id":29637,"href":"https:\/\/elcalaixetdelaiaia.es\/index.php?rest_route=\/wp\/v2\/posts\/386\/revisions\/29637"}],"wp:featuredmedia":[{"embeddable":true,"href":"https:\/\/elcalaixetdelaiaia.es\/index.php?rest_route=\/wp\/v2\/media\/5401"}],"wp:attachment":[{"href":"https:\/\/elcalaixetdelaiaia.es\/index.php?rest_route=%2Fwp%2Fv2%2Fmedia&parent=386"}],"wp:term":[{"taxonomy":"category","embeddable":true,"href":"https:\/\/elcalaixetdelaiaia.es\/index.php?rest_route=%2Fwp%2Fv2%2Fcategories&post=386"},{"taxonomy":"post_tag","embeddable":true,"href":"https:\/\/elcalaixetdelaiaia.es\/index.php?rest_route=%2Fwp%2Fv2%2Ftags&post=386"}],"curies":[{"name":"wp","href":"https:\/\/api.w.org\/{rel}","templated":true}]}}