{"id":383,"date":"2025-07-05T12:07:28","date_gmt":"2025-07-05T12:07:28","guid":{"rendered":"http:\/\/elcalaixetdelaiaia.es\/?p=383"},"modified":"2026-01-17T20:16:49","modified_gmt":"2026-01-17T20:16:49","slug":"coca-de-verduras-casera-paso-paso","status":"publish","type":"post","link":"https:\/\/elcalaixetdelaiaia.es\/?p=383","title":{"rendered":"Coca de verduras casera paso a paso foto a foto"},"content":{"rendered":"<p>\u00abRefrany; Coca i coqueta, tot eix de la pasteradeta\u00bb Coca y coquita todo sale de la pastadita.<\/p>\n<div>Coca de verdures<\/div>\n<div><\/div>\n<div>Que recuerdos la coca de verduras, tan tradicional de La Font d&#8217; Encarr\u00f2s y que mi t\u00eda-abuela Lluisa hac\u00eda como nadie, (tengo taantos recuerdos de ayudarla, amasando en su cocina, aprovechando las tardes de can\u00edgula mientras el resto de familia hac\u00eda la siesta y yo me escapaba a su casa a aprender recetas en aquella cocina, con la gran puerta abierta, y por donde entraba el frescor del corral, lleno de sus plantas, a cuya sombra estaba siempre Nano, el fiel guardi\u00e1n) pero era la de la t\u00eda, era con tonyina\u00a0 negra o sangacho,( muy dif\u00edcil de encontrar de no ser en los Mercadona de la Safor, o antes en compra online en Val\u00e8ncia, ahora la han quitado, o claro est\u00e1 en Mercados Municipales safor\u00edns, en poquitos,en Val\u00e8ncia \u00faltimamente en ninguno ) la t\u00eda Lluisa me ense\u00f1\u00f3 a prepararla, otro d\u00eda os pongo la receta, como la coca de sach\u00ed que os traer\u00e9 otro d\u00eda, aunque mi amiga Lola, hace la coca de verdura de chuparse los dedos, como \u00e9sta que nos comimos\u00a0 en su casa, y que aprovech\u00e9 para fotografiar, el problema es que la mayor\u00eda de fotos salieron movidas, y no tengo fotos del resultado final,ni de la suya, ni de la m\u00eda, pero es una coca tan rica, que igualmente sin fotos finales, subo la receta, porque merece la pena, subo el post a fifty-fifty&#8230; mitad fotos de la coca de Lola, y mitad fotos de la m\u00eda. Gracias Lola, mi querida amiga Lola, el \u00e1ngel guardi\u00e1n de mi marido&#8230;<\/div>\n<div><\/div>\n<div>Necesitaremos;<\/div>\n<div><img decoding=\"async\" loading=\"lazy\" class=\"alignnone size-full wp-image-27950\" src=\"https:\/\/elcalaixetdelaiaia.es\/wp-content\/uploads\/2024\/08\/1.jpg\" alt=\"\" width=\"960\" height=\"626\" srcset=\"https:\/\/elcalaixetdelaiaia.es\/wp-content\/uploads\/2024\/08\/1.jpg 960w, https:\/\/elcalaixetdelaiaia.es\/wp-content\/uploads\/2024\/08\/1-300x196.jpg 300w, https:\/\/elcalaixetdelaiaia.es\/wp-content\/uploads\/2024\/08\/1-768x501.jpg 768w\" sizes=\"(max-width: 960px) 100vw, 960px\" \/><\/div>\n<ol>\n<li>250g de harina de trigo<\/li>\n<li><span class=\"st\">14g de levadura fresca o 4g. de levadura en polvo de panader\u00eda<\/span><\/li>\n<li>100ml de aceite de oliva suave<\/li>\n<li>Una cucharadita de sal<\/li>\n<li>150ml de agua templada<\/li>\n<li>Un pimiento rojo<\/li>\n<li>Un pimiento verde<\/li>\n<li>Una cebolla<\/li>\n<li>Una berenjena<\/li>\n<li>Tres tomates de pera<\/li>\n<\/ol>\n<p>Esta coca admite todas las verduras que se os ocurra poner.<\/p>\n<p><img decoding=\"async\" loading=\"lazy\" class=\"alignnone size-full wp-image-27953\" src=\"https:\/\/elcalaixetdelaiaia.es\/wp-content\/uploads\/2024\/08\/coca-verdu11.jpg\" alt=\"\" width=\"960\" height=\"576\" srcset=\"https:\/\/elcalaixetdelaiaia.es\/wp-content\/uploads\/2024\/08\/coca-verdu11.jpg 960w, https:\/\/elcalaixetdelaiaia.es\/wp-content\/uploads\/2024\/08\/coca-verdu11-300x180.jpg 300w, https:\/\/elcalaixetdelaiaia.es\/wp-content\/uploads\/2024\/08\/coca-verdu11-768x461.jpg 768w\" sizes=\"(max-width: 960px) 100vw, 960px\" \/><\/p>\n<p>Lavamos, pelamos y troceamos las verduras elegidas.<\/p>\n<p><img decoding=\"async\" loading=\"lazy\" class=\"alignnone size-full wp-image-27954\" src=\"https:\/\/elcalaixetdelaiaia.es\/wp-content\/uploads\/2024\/08\/coca-verdu10.jpg\" alt=\"\" width=\"960\" height=\"576\" srcset=\"https:\/\/elcalaixetdelaiaia.es\/wp-content\/uploads\/2024\/08\/coca-verdu10.jpg 960w, https:\/\/elcalaixetdelaiaia.es\/wp-content\/uploads\/2024\/08\/coca-verdu10-300x180.jpg 300w, https:\/\/elcalaixetdelaiaia.es\/wp-content\/uploads\/2024\/08\/coca-verdu10-768x461.jpg 768w\" sizes=\"(max-width: 960px) 100vw, 960px\" \/><\/p>\n<p>y las pondremos al fuego medio, en una sart\u00e9n con aceite de oliva caliente<\/p>\n<p><img decoding=\"async\" loading=\"lazy\" class=\"alignnone size-full wp-image-27955\" src=\"https:\/\/elcalaixetdelaiaia.es\/wp-content\/uploads\/2024\/08\/coca-verdu-17.jpg\" alt=\"\" width=\"960\" height=\"576\" srcset=\"https:\/\/elcalaixetdelaiaia.es\/wp-content\/uploads\/2024\/08\/coca-verdu-17.jpg 960w, https:\/\/elcalaixetdelaiaia.es\/wp-content\/uploads\/2024\/08\/coca-verdu-17-300x180.jpg 300w, https:\/\/elcalaixetdelaiaia.es\/wp-content\/uploads\/2024\/08\/coca-verdu-17-768x461.jpg 768w\" sizes=\"(max-width: 960px) 100vw, 960px\" \/><\/p>\n<p>para que vayan pochando lentamente. Cuando est\u00e9n listas, apagamos el fuego y reservamos.<\/p>\n<p><img decoding=\"async\" loading=\"lazy\" class=\"alignnone size-full wp-image-28451\" src=\"https:\/\/elcalaixetdelaiaia.es\/wp-content\/uploads\/2025\/07\/4.jpg\" alt=\"\" width=\"960\" height=\"576\" srcset=\"https:\/\/elcalaixetdelaiaia.es\/wp-content\/uploads\/2025\/07\/4.jpg 960w, https:\/\/elcalaixetdelaiaia.es\/wp-content\/uploads\/2025\/07\/4-300x180.jpg 300w, https:\/\/elcalaixetdelaiaia.es\/wp-content\/uploads\/2025\/07\/4-768x461.jpg 768w\" sizes=\"(max-width: 960px) 100vw, 960px\" \/><\/p>\n<p>Y vamos preparando la masa. Pesamos la harina<\/p>\n<p><img decoding=\"async\" loading=\"lazy\" class=\"alignnone size-full wp-image-28452\" src=\"https:\/\/elcalaixetdelaiaia.es\/wp-content\/uploads\/2025\/07\/5.jpg\" alt=\"\" width=\"960\" height=\"576\" srcset=\"https:\/\/elcalaixetdelaiaia.es\/wp-content\/uploads\/2025\/07\/5.jpg 960w, https:\/\/elcalaixetdelaiaia.es\/wp-content\/uploads\/2025\/07\/5-300x180.jpg 300w, https:\/\/elcalaixetdelaiaia.es\/wp-content\/uploads\/2025\/07\/5-768x461.jpg 768w\" sizes=\"(max-width: 960px) 100vw, 960px\" \/><\/p>\n<p>y disolvemos en el agua tibia, la harina de panadero<\/p>\n<p><img decoding=\"async\" loading=\"lazy\" class=\"alignnone size-full wp-image-28453\" src=\"https:\/\/elcalaixetdelaiaia.es\/wp-content\/uploads\/2025\/07\/6.jpg\" alt=\"\" width=\"960\" height=\"576\" srcset=\"https:\/\/elcalaixetdelaiaia.es\/wp-content\/uploads\/2025\/07\/6.jpg 960w, https:\/\/elcalaixetdelaiaia.es\/wp-content\/uploads\/2025\/07\/6-300x180.jpg 300w, https:\/\/elcalaixetdelaiaia.es\/wp-content\/uploads\/2025\/07\/6-768x461.jpg 768w\" sizes=\"(max-width: 960px) 100vw, 960px\" \/><\/p>\n<p>y la a\u00f1adimos poco a poco a la harina<\/p>\n<p><img decoding=\"async\" loading=\"lazy\" class=\"alignnone size-full wp-image-28454\" src=\"https:\/\/elcalaixetdelaiaia.es\/wp-content\/uploads\/2025\/07\/7.jpg\" alt=\"\" width=\"960\" height=\"576\" srcset=\"https:\/\/elcalaixetdelaiaia.es\/wp-content\/uploads\/2025\/07\/7.jpg 960w, https:\/\/elcalaixetdelaiaia.es\/wp-content\/uploads\/2025\/07\/7-300x180.jpg 300w, https:\/\/elcalaixetdelaiaia.es\/wp-content\/uploads\/2025\/07\/7-768x461.jpg 768w\" sizes=\"(max-width: 960px) 100vw, 960px\" \/><\/p>\n<p>incorporamos el aceite de oliva<\/p>\n<p><img decoding=\"async\" loading=\"lazy\" class=\"alignnone size-full wp-image-28455\" src=\"https:\/\/elcalaixetdelaiaia.es\/wp-content\/uploads\/2025\/07\/8.jpg\" alt=\"\" width=\"960\" height=\"576\" srcset=\"https:\/\/elcalaixetdelaiaia.es\/wp-content\/uploads\/2025\/07\/8.jpg 960w, https:\/\/elcalaixetdelaiaia.es\/wp-content\/uploads\/2025\/07\/8-300x180.jpg 300w, https:\/\/elcalaixetdelaiaia.es\/wp-content\/uploads\/2025\/07\/8-768x461.jpg 768w\" sizes=\"(max-width: 960px) 100vw, 960px\" \/><\/p>\n<p>la sal<\/p>\n<p><img decoding=\"async\" loading=\"lazy\" class=\"alignnone size-full wp-image-28460\" src=\"https:\/\/elcalaixetdelaiaia.es\/wp-content\/uploads\/2025\/07\/coca-verdu3.jpg\" alt=\"\" width=\"960\" height=\"576\" srcset=\"https:\/\/elcalaixetdelaiaia.es\/wp-content\/uploads\/2025\/07\/coca-verdu3.jpg 960w, https:\/\/elcalaixetdelaiaia.es\/wp-content\/uploads\/2025\/07\/coca-verdu3-300x180.jpg 300w, https:\/\/elcalaixetdelaiaia.es\/wp-content\/uploads\/2025\/07\/coca-verdu3-768x461.jpg 768w\" sizes=\"(max-width: 960px) 100vw, 960px\" \/><\/p>\n<p>y amasamos primero hasta que no se nos peguen los dedos, y luego realizando pliegues, uno, sobre otro<\/p>\n<p><img decoding=\"async\" loading=\"lazy\" class=\"alignnone size-full wp-image-28459\" src=\"https:\/\/elcalaixetdelaiaia.es\/wp-content\/uploads\/2025\/07\/coca-verdu2.jpg\" alt=\"\" width=\"960\" height=\"576\" srcset=\"https:\/\/elcalaixetdelaiaia.es\/wp-content\/uploads\/2025\/07\/coca-verdu2.jpg 960w, https:\/\/elcalaixetdelaiaia.es\/wp-content\/uploads\/2025\/07\/coca-verdu2-300x180.jpg 300w, https:\/\/elcalaixetdelaiaia.es\/wp-content\/uploads\/2025\/07\/coca-verdu2-768x461.jpg 768w\" sizes=\"(max-width: 960px) 100vw, 960px\" \/><\/p>\n<p>tapamos con papel film<\/p>\n<p><img decoding=\"async\" loading=\"lazy\" class=\"alignnone size-full wp-image-28458\" src=\"https:\/\/elcalaixetdelaiaia.es\/wp-content\/uploads\/2025\/07\/coca-verdu1.jpg\" alt=\"\" width=\"960\" height=\"576\" srcset=\"https:\/\/elcalaixetdelaiaia.es\/wp-content\/uploads\/2025\/07\/coca-verdu1.jpg 960w, https:\/\/elcalaixetdelaiaia.es\/wp-content\/uploads\/2025\/07\/coca-verdu1-300x180.jpg 300w, https:\/\/elcalaixetdelaiaia.es\/wp-content\/uploads\/2025\/07\/coca-verdu1-768x461.jpg 768w\" sizes=\"(max-width: 960px) 100vw, 960px\" \/><\/p>\n<p>y abrigamos, dejando reposar en un sitio de temperatura suave, y lejos de las corrientes de aire<\/p>\n<p><img decoding=\"async\" loading=\"lazy\" class=\"alignnone size-full wp-image-28465\" src=\"https:\/\/elcalaixetdelaiaia.es\/wp-content\/uploads\/2025\/07\/coca-verdu17.jpg\" alt=\"\" width=\"960\" height=\"576\" srcset=\"https:\/\/elcalaixetdelaiaia.es\/wp-content\/uploads\/2025\/07\/coca-verdu17.jpg 960w, https:\/\/elcalaixetdelaiaia.es\/wp-content\/uploads\/2025\/07\/coca-verdu17-300x180.jpg 300w, https:\/\/elcalaixetdelaiaia.es\/wp-content\/uploads\/2025\/07\/coca-verdu17-768x461.jpg 768w\" sizes=\"(max-width: 960px) 100vw, 960px\" \/><\/p>\n<p>Aproximadamente, una hora, hasta que veamos que dobla su volumen<\/p>\n<p><img decoding=\"async\" loading=\"lazy\" class=\"alignnone size-full wp-image-28464\" src=\"https:\/\/elcalaixetdelaiaia.es\/wp-content\/uploads\/2025\/07\/coca-verdu16.jpg\" alt=\"\" width=\"960\" height=\"576\" srcset=\"https:\/\/elcalaixetdelaiaia.es\/wp-content\/uploads\/2025\/07\/coca-verdu16.jpg 960w, https:\/\/elcalaixetdelaiaia.es\/wp-content\/uploads\/2025\/07\/coca-verdu16-300x180.jpg 300w, https:\/\/elcalaixetdelaiaia.es\/wp-content\/uploads\/2025\/07\/coca-verdu16-768x461.jpg 768w\" sizes=\"(max-width: 960px) 100vw, 960px\" \/><\/p>\n<p>Nos untaos las manos con aceite y la base de la bandeja de horno, y vamos estirando la masa poco a poco, hasta que cubra por completo la bandeja<\/p>\n<p><img decoding=\"async\" loading=\"lazy\" class=\"alignnone size-full wp-image-28463\" src=\"https:\/\/elcalaixetdelaiaia.es\/wp-content\/uploads\/2025\/07\/coca-verdu15.jpg\" alt=\"\" width=\"960\" height=\"576\" srcset=\"https:\/\/elcalaixetdelaiaia.es\/wp-content\/uploads\/2025\/07\/coca-verdu15.jpg 960w, https:\/\/elcalaixetdelaiaia.es\/wp-content\/uploads\/2025\/07\/coca-verdu15-300x180.jpg 300w, https:\/\/elcalaixetdelaiaia.es\/wp-content\/uploads\/2025\/07\/coca-verdu15-768x461.jpg 768w\" sizes=\"(max-width: 960px) 100vw, 960px\" \/><\/p>\n<p>Precalentamos el horno con calor arriba y abajo a 220\u00ba<\/p>\n<p><img decoding=\"async\" loading=\"lazy\" class=\"alignnone size-full wp-image-28462\" src=\"https:\/\/elcalaixetdelaiaia.es\/wp-content\/uploads\/2025\/07\/coca-verdu14.jpg\" alt=\"\" width=\"960\" height=\"576\" srcset=\"https:\/\/elcalaixetdelaiaia.es\/wp-content\/uploads\/2025\/07\/coca-verdu14.jpg 960w, https:\/\/elcalaixetdelaiaia.es\/wp-content\/uploads\/2025\/07\/coca-verdu14-300x180.jpg 300w, https:\/\/elcalaixetdelaiaia.es\/wp-content\/uploads\/2025\/07\/coca-verdu14-768x461.jpg 768w\" sizes=\"(max-width: 960px) 100vw, 960px\" \/><\/p>\n<p>y la introducimos a media altura durante unos20 minutos, pero ojito, que como os digo siempre, cada horno es un mundo y necesita unos tiempos, nos os despist\u00e9is e ir controlando.<\/p>\n<p>En cuanto la ve\u00e1is lista, sacar del horno, trocear y servir<\/p>\n<p><img decoding=\"async\" loading=\"lazy\" class=\"alignnone size-full wp-image-28457\" src=\"https:\/\/elcalaixetdelaiaia.es\/wp-content\/uploads\/2025\/07\/coca-verdu.jpg\" alt=\"\" width=\"621\" height=\"372\" srcset=\"https:\/\/elcalaixetdelaiaia.es\/wp-content\/uploads\/2025\/07\/coca-verdu.jpg 621w, https:\/\/elcalaixetdelaiaia.es\/wp-content\/uploads\/2025\/07\/coca-verdu-300x180.jpg 300w\" sizes=\"(max-width: 621px) 100vw, 621px\" \/><\/p>\n<p>&#8230;una vez m\u00e1s&#8230; sin fotos finales del resultado, nos pusimos a comer y no nos acordamos de hacer fotos, es lo que tiene disfrutar de la compa\u00f1\u00eda de los mejores amigos \ud83d\ude09 Estas son del d\u00eda siguiente, con los trocitos que reserv\u00e9 para mi padre.<\/p>\n<p>Intentar\u00e9 hacerla de nuevo y procurar\u00e9 acordarme de las fotos finales.<\/p>\n<p>A la taula i&#8230; BON PROFIT!!!<\/p>\n<p>&nbsp;<\/p>\n","protected":false},"excerpt":{"rendered":"<p>\u00abRefrany; Coca i coqueta, tot eix de la pasteradeta\u00bb Coca y coquita todo sale de la pastadita. Coca de verdures Que recuerdos la coca de verduras, tan tradicional de La Font d&#8217; Encarr\u00f2s y que mi t\u00eda-abuela Lluisa hac\u00eda como nadie, (tengo taantos recuerdos de ayudarla, amasando en su cocina, &hellip; <\/p>\n","protected":false},"author":2,"featured_media":28462,"comment_status":"open","ping_status":"open","sticky":false,"template":"","format":"standard","meta":[],"categories":[131,1],"tags":[],"_links":{"self":[{"href":"https:\/\/elcalaixetdelaiaia.es\/index.php?rest_route=\/wp\/v2\/posts\/383"}],"collection":[{"href":"https:\/\/elcalaixetdelaiaia.es\/index.php?rest_route=\/wp\/v2\/posts"}],"about":[{"href":"https:\/\/elcalaixetdelaiaia.es\/index.php?rest_route=\/wp\/v2\/types\/post"}],"author":[{"embeddable":true,"href":"https:\/\/elcalaixetdelaiaia.es\/index.php?rest_route=\/wp\/v2\/users\/2"}],"replies":[{"embeddable":true,"href":"https:\/\/elcalaixetdelaiaia.es\/index.php?rest_route=%2Fwp%2Fv2%2Fcomments&post=383"}],"version-history":[{"count":6,"href":"https:\/\/elcalaixetdelaiaia.es\/index.php?rest_route=\/wp\/v2\/posts\/383\/revisions"}],"predecessor-version":[{"id":28872,"href":"https:\/\/elcalaixetdelaiaia.es\/index.php?rest_route=\/wp\/v2\/posts\/383\/revisions\/28872"}],"wp:featuredmedia":[{"embeddable":true,"href":"https:\/\/elcalaixetdelaiaia.es\/index.php?rest_route=\/wp\/v2\/media\/28462"}],"wp:attachment":[{"href":"https:\/\/elcalaixetdelaiaia.es\/index.php?rest_route=%2Fwp%2Fv2%2Fmedia&parent=383"}],"wp:term":[{"taxonomy":"category","embeddable":true,"href":"https:\/\/elcalaixetdelaiaia.es\/index.php?rest_route=%2Fwp%2Fv2%2Fcategories&post=383"},{"taxonomy":"post_tag","embeddable":true,"href":"https:\/\/elcalaixetdelaiaia.es\/index.php?rest_route=%2Fwp%2Fv2%2Ftags&post=383"}],"curies":[{"name":"wp","href":"https:\/\/api.w.org\/{rel}","templated":true}]}}