{"id":359,"date":"2016-04-27T09:27:00","date_gmt":"2016-04-27T09:27:00","guid":{"rendered":"http:\/\/elcalaixetdelaiaia.es\/fideua-de-cordero-y-colmenillas"},"modified":"2026-03-20T08:50:56","modified_gmt":"2026-03-20T08:50:56","slug":"fideua-de-cordero-y-colmenillas","status":"publish","type":"post","link":"https:\/\/elcalaixetdelaiaia.es\/?p=359","title":{"rendered":"Fideu\u00e1 de cordero y colmenillas paso a paso"},"content":{"rendered":"<p>\u00abRefrany; El febrer no deixa ovella ni corder\u00bb. Febrero no deja oveja ni cordero.<\/p>\n<p>\u00c9sta no es la aut\u00e9ntica fideu\u00e1 como habr\u00e9is podido imaginar al leer el t\u00edtulo de la receta, \u00e9sto que quede bien CLARITO.<br \/>\nLa fideu\u00e1 es \u00e9sta; \u00a0<a href=\"https:\/\/elcalaixetdelaiaia.es\/?p=966\">https:\/\/elcalaixetdelaiaia.es\/?p=966<\/a> y \u00e9ste el origen y la historia\u00a0 de la fideu\u00e1 valenciana de Gand\u00eda; <a href=\"https:\/\/elcalaixetdelaiaia.es\/?p=969\">https:\/\/elcalaixetdelaiaia.es\/?p=969<\/a><br \/>\nEn breve os subir\u00e9 la receta de la fideu\u00e1 a la le\u00f1a.<\/p>\n<div style=\"text-align: center;\"><a style=\"margin-left: 1em; margin-right: 1em;\" href=\"https:\/\/3.bp.blogspot.com\/-CuS8nDnCYWE\/VyByv39gEtI\/AAAAAAAAjv0\/lIZtCr690bcZcto4FJY5jipWTJ9MluHLQCKgB\/s1600\/IMG_9420.PNG\"><img decoding=\"async\" loading=\"lazy\" class=\"aligncenter\" src=\"https:\/\/elcalaixetdelaiaia.es\/wp-content\/uploads\/2016\/04\/IMG_9420.png\" width=\"640\" height=\"480\" border=\"0\" \/><\/a><\/div>\n<p>Una vez aclarada como es la aut\u00e9ntica fideu\u00e1, paso a relataros la receta que hoy nos ocupa.<br \/>\nCuando estamos en el pueblo y es temporada de setas, mi chico se niega a venderlas, incluso ahora que las compran aqu\u00ed a 18\u20ac el kilo&#8230; imaginaros si las pagan as\u00ed en origen, que dif\u00edciles y escasas son de encontrar, aunque de repente, te encuentras un grupo grande y llenas el cestito, no es lo normal. Nosotros vamos a buscarlas por afici\u00f3n, y por disfrutar del bosque y solemos secarlas, algunas las molemos, otras las guardamos deshidratadas y otras las regalamos frescas a amigos y familiares, si bajamos pronto a Valencia, y \u00e9sto nos produce m\u00e1s satisfacci\u00f3n, ya que no somos de los que van como esquilmadores, en busca de setas. Mas bien nos gusta coger, las que podemos comer y disfrutar. Es por \u00e9so que suelo inventar platos para comerlas, principalmente las colmenillas, ya que son las setas que a mi, y a mi chico, particularmente mas nos gustan.<br \/>\nEn \u00e9ste caso, ten\u00eda una garreta y unos trozos de pecho de cordero en el congelador (aqu\u00ed no hay tienda ni comercio alguno y hemos tirar de arc\u00f3n congelador siempre) y se me ha ocurrido \u00e9sta receta para dos, que se podr\u00eda hacer con cualquier clase de setas, incluso con champi\u00f1ones cultivados, aunque os recomiendo \u00e9sta seta, que como es cara a\u00fan, no es necesario gastar mucho, con poquitas es suficiente y dejan un excelente sabor, ya que la colmenilla es una aut\u00e9ntica delicatessen.<\/p>\n<p>Pod\u00e9is encontrarlas en los mercados, peeero, si no encontr\u00e1is, o no os gusta esta seta (cosa que creo improbable), pod\u00e9is usar rebollones, champi\u00f1ones o las setas que os apetezca o pod\u00e1is comprar o encontrar. En los mercados municipales, hay paradas de setas deshidratadas de muchas clases, todo el a\u00f1o.<\/p>\n<p>Es importante destacar que este tipo de seta <strong>JAMAS SE HA DE COMER CRUDA, <\/strong>ya que puede resultar t\u00f3xica, de hecho hay quien recomienda escaldarla antes de cocinarla, yo os puedo decir, que jam\u00e1s las he escaldado y nadie de mi familia ni conocidos, ha tenido jam\u00e1s ning\u00fan problema con ellas, eso si, <strong>cocin\u00e1ndolas bien hechas<\/strong>, que no queden en absoluto crudas, si no todo lo contrario. En caso de que quer\u00e1is quedar absolutamente tranquilos, s\u00f3lo es necesario escaldarlas unos segundos en agua hirviendo, y escurrir. En caso de ser deshidratadas, no necesitan el escaldado.<br \/>\n<img decoding=\"async\" loading=\"lazy\" class=\"size-large wp-image-16972 aligncenter\" src=\"https:\/\/elcalaixetdelaiaia.es\/wp-content\/uploads\/2018\/05\/Jeroicagarria-2-1024x751.jpg\" alt=\"\" width=\"750\" height=\"550\" srcset=\"https:\/\/elcalaixetdelaiaia.es\/wp-content\/uploads\/2018\/05\/Jeroicagarria-2-1024x751.jpg 1024w, https:\/\/elcalaixetdelaiaia.es\/wp-content\/uploads\/2018\/05\/Jeroicagarria-2-300x220.jpg 300w, https:\/\/elcalaixetdelaiaia.es\/wp-content\/uploads\/2018\/05\/Jeroicagarria-2-768x563.jpg 768w\" sizes=\"(max-width: 750px) 100vw, 750px\" \/><\/p>\n<p>Necesitaremos;<\/p>\n<p><a style=\"margin-left: 1em; margin-right: 1em;\" href=\"https:\/\/3.bp.blogspot.com\/-WJrfVfIGbjg\/VyBxoC4b-HI\/AAAAAAAAjuY\/4XVGCMRvXowUk4GiEwJ1dewdTuzjviGKQCLcB\/s1600\/IMG_9407.PNG\"><img decoding=\"async\" loading=\"lazy\" class=\"aligncenter\" src=\"https:\/\/elcalaixetdelaiaia.es\/wp-content\/uploads\/2016\/04\/IMG_9407.png\" width=\"640\" height=\"480\" border=\"0\" \/><\/a><\/p>\n<ol>\n<li>Un pu\u00f1adito de colmenillas<\/li>\n<li>Unos trozos de cordero<\/li>\n<li>Un tomate maduro grande<\/li>\n<li>200g de fideo de fideu\u00e1 curvo Gallo<\/li>\n<li>Medio litro de agua<\/li>\n<li>Dos dientes de ajo<\/li>\n<li>Piment\u00f3n de la Vera<\/li>\n<li>Preparado de paella con azafr\u00e1n<\/li>\n<li>Aceite de oliva<\/li>\n<li>Sal<\/li>\n<\/ol>\n<div class=\"separator\" style=\"clear: both;\"><a style=\"margin-left: 1em; margin-right: 1em;\" href=\"https:\/\/2.bp.blogspot.com\/-edlR4U4elFQ\/VyBxVqljJqI\/AAAAAAAAjuU\/YxMqXdAd7U002lK_unURfEt3JhXrqUB3ACLcB\/s1600\/IMG_9408.PNG\"><img decoding=\"async\" loading=\"lazy\" class=\"aligncenter\" src=\"https:\/\/elcalaixetdelaiaia.es\/wp-content\/uploads\/2016\/04\/IMG_9408.png\" width=\"640\" height=\"480\" border=\"0\" \/><\/a><\/div>\n<div style=\"text-align: center;\">Comenzaremos dorando en un poco de aceite de oliva, los trozos de cordero previamente salados, cuidado al poner el aceite, porque la carne, ya suelta grasita de por si, no os pongo cantidad de carne, porque \u00e9sto ya va a gustos, en \u00e9ste caso no he puesto mucha, porque tengo bastantes celdillas o colmenillas y \u00e9stas ya dejan mucho sabor.<\/div>\n<div class=\"separator\" style=\"clear: both; text-align: center;\"><a style=\"margin-left: 1em; margin-right: 1em;\" href=\"https:\/\/3.bp.blogspot.com\/-gbXCidfhu_s\/VyBxo94jwkI\/AAAAAAAAjuc\/LmbAQmFQIlw8adDLv3CWCC2xjDpOmw_ZQCLcB\/s1600\/IMG_9409.PNG\"><img decoding=\"async\" loading=\"lazy\" class=\"aligncenter\" src=\"https:\/\/elcalaixetdelaiaia.es\/wp-content\/uploads\/2016\/04\/IMG_9409.png\" width=\"640\" height=\"480\" border=\"0\" \/><\/a><\/div>\n<div class=\"separator\" style=\"clear: both; text-align: center;\">\u00a0Cortamos un trocito de las bases del tronco de las colmenillas por si ha quedado algo de tierra y las enjuagamos bajo el grifo recordad que las setas NUNCA HAY QUE SUMERGIRLAS EN AGUA. Las escurrimos bien,<\/div>\n<div class=\"separator\" style=\"clear: both; text-align: center;\"><a style=\"margin-left: 1em; margin-right: 1em;\" href=\"https:\/\/4.bp.blogspot.com\/-ACrpPvLV72w\/VyBzMJvD6VI\/AAAAAAAAjv8\/5Z6oGUvko6w5dY5VuRnoTjokGx65mqDDgCKgB\/s1600\/IMG_9410.PNG\"><img decoding=\"async\" loading=\"lazy\" class=\"aligncenter\" src=\"https:\/\/elcalaixetdelaiaia.es\/wp-content\/uploads\/2016\/04\/IMG_9410.png\" width=\"640\" height=\"480\" border=\"0\" \/><\/a><\/div>\n<div><\/div>\n<div class=\"separator\" style=\"clear: both; text-align: center;\">y las a\u00f1adimos a la carne, cuando est\u00e9 dorada. Las dejamos a fuego medio hasta que pierdan el agua,<\/div>\n<div class=\"separator\" style=\"clear: both; text-align: center;\"><a style=\"margin-left: 1em; margin-right: 1em;\" href=\"https:\/\/4.bp.blogspot.com\/-7hyf6PWKyz0\/VyBxskhFQiI\/AAAAAAAAjvA\/sWmTybEY0y4Uq4HfqYvdUsvGf9lR7ujQgCKgB\/s1600\/IMG_9411.PNG\"><img decoding=\"async\" loading=\"lazy\" class=\"aligncenter\" src=\"https:\/\/elcalaixetdelaiaia.es\/wp-content\/uploads\/2016\/04\/IMG_9411.png\" width=\"640\" height=\"480\" border=\"0\" \/><\/a><\/div>\n<div style=\"text-align: center;\">Entonces, a\u00f1adimos el tomate natural rallado junto a dos dientes de ajo y sofre\u00edmos<\/div>\n<div class=\"separator\" style=\"clear: both; text-align: center;\"><a style=\"margin-left: 1em; margin-right: 1em;\" href=\"https:\/\/2.bp.blogspot.com\/-9xr7aed45lo\/VyBx20BkaFI\/AAAAAAAAjuk\/BQDDp1ZiWoMBrBiuX7ygw_hHr6D15E3NgCKgB\/s1600\/IMG_9412.PNG\"><img decoding=\"async\" loading=\"lazy\" class=\"aligncenter\" src=\"https:\/\/elcalaixetdelaiaia.es\/wp-content\/uploads\/2016\/04\/IMG_9412.png\" width=\"640\" height=\"480\" border=\"0\" \/><\/a><\/div>\n<div style=\"text-align: center;\">a\u00f1adimos una cucharadita de piment\u00f3n de la vera, removemos y r\u00e1pidamente para evitar que se queme el piment\u00f3n porque amargar\u00eda,<\/div>\n<div class=\"separator\" style=\"clear: both; text-align: center;\"><a style=\"margin-left: 1em; margin-right: 1em;\" href=\"https:\/\/2.bp.blogspot.com\/-pYVebL-xTX8\/VyBx417HZmI\/AAAAAAAAjuo\/hvErTnLvnyw3hHkMwhwoq3_XoGUN_5b9gCKgB\/s1600\/IMG_9413.PNG\"><img decoding=\"async\" loading=\"lazy\" class=\"aligncenter\" src=\"https:\/\/elcalaixetdelaiaia.es\/wp-content\/uploads\/2016\/04\/IMG_9413.png\" width=\"640\" height=\"480\" border=\"0\" \/><\/a><\/div>\n<div style=\"text-align: center;\">\u00a0incorporamos al guiso medio litro de agua, si es caliente mejor, para que comience a hervir r\u00e1pido<\/div>\n<div class=\"separator\" style=\"clear: both; text-align: center;\"><a style=\"margin-left: 1em; margin-right: 1em;\" href=\"https:\/\/3.bp.blogspot.com\/-Ebp5KYkq2iU\/VyBx_8bYwTI\/AAAAAAAAjvM\/gAbVhwvDyEsL9maD_eT5jxTSAat0t-S1ACKgB\/s1600\/IMG_9414.PNG\"><img decoding=\"async\" loading=\"lazy\" class=\"aligncenter\" src=\"https:\/\/elcalaixetdelaiaia.es\/wp-content\/uploads\/2016\/04\/IMG_9414.png\" width=\"640\" height=\"480\" border=\"0\" \/><\/a><\/div>\n<div style=\"text-align: center;\">lo mantendremos a fuego medio unos diez minutos, pondremos unas hebras de azafr\u00e1n tostado y molido, o preparado de paella con azafr\u00e1n que es lo que suelo poner siempre, dejamos dar un hervor, y rectificamos de sal<\/div>\n<div class=\"separator\" style=\"clear: both; text-align: center;\"><a style=\"margin-left: 1em; margin-right: 1em;\" href=\"https:\/\/4.bp.blogspot.com\/-Uw5QmIx1Jvk\/VyByKvWydXI\/AAAAAAAAjvU\/TQMrBlHU2FEf31FQaPybN5HN6kzeCFqMgCKgB\/s1600\/IMG_9415.PNG\"><img decoding=\"async\" loading=\"lazy\" class=\"aligncenter\" src=\"https:\/\/elcalaixetdelaiaia.es\/wp-content\/uploads\/2016\/04\/IMG_9415.png\" width=\"640\" height=\"480\" border=\"0\" \/><\/a><\/div>\n<div style=\"text-align: center;\">ahora es el momento de agregar los fideos. La pasta es precisamente el ingrediente mas barato, y con el que nos podemos cargar el plato si no utilizamos una buena marca, a mi no me pagan por decirlo, ni me regalan la pasta (ni ning\u00fan otro producto que os recomiendo, si lo hago es porque realmente me gustan), pero mi favorita es siempre pastas Gallo<\/div>\n<div class=\"separator\" style=\"clear: both; text-align: center;\"><a style=\"margin-left: 1em; margin-right: 1em;\" href=\"https:\/\/4.bp.blogspot.com\/-mW8BS53gKNc\/VyByOMmX59I\/AAAAAAAAju8\/u1EF7sWw2LYvIyNykybHBKrjnpxw0jyHQCKgB\/s1600\/IMG_9416.PNG\"><img decoding=\"async\" loading=\"lazy\" class=\"aligncenter\" src=\"https:\/\/elcalaixetdelaiaia.es\/wp-content\/uploads\/2016\/04\/IMG_9416.png\" width=\"640\" height=\"480\" border=\"0\" \/><\/a><\/div>\n<div style=\"text-align: center;\">\u00a0 y la dejamos cocer aproximadamente unos doce minutos, jugando con el<br \/>\nfuego<\/div>\n<div class=\"separator\" style=\"clear: both; text-align: center;\"><a style=\"margin-left: 1em; margin-right: 1em;\" href=\"https:\/\/3.bp.blogspot.com\/-dxb1UDafIVk\/VyByVbEhEOI\/AAAAAAAAjvc\/cade0Kg1RJcCtQu8nji2F61FVFXGRlP8QCKgB\/s1600\/IMG_9417.PNG\"><img decoding=\"async\" loading=\"lazy\" class=\"aligncenter\" src=\"https:\/\/elcalaixetdelaiaia.es\/wp-content\/uploads\/2016\/04\/IMG_9417.png\" width=\"640\" height=\"480\" border=\"0\" \/><\/a><\/div>\n<div style=\"text-align: center;\">\u00a0ya que nos ha de quedar una pasta seca, para nada caldosa.<\/div>\n<div class=\"separator\" style=\"clear: both; text-align: center;\"><a style=\"margin-left: 1em; margin-right: 1em;\" href=\"https:\/\/2.bp.blogspot.com\/-yi7Jc3ZU8ZY\/VyBygEN50TI\/AAAAAAAAjvI\/jkP-k7a7LZU_uv9MSpOjrAmRI8X9Fx3uQCKgB\/s1600\/IMG_9418.PNG\"><img decoding=\"async\" loading=\"lazy\" class=\"aligncenter\" src=\"https:\/\/elcalaixetdelaiaia.es\/wp-content\/uploads\/2016\/04\/IMG_9418.png\" width=\"640\" height=\"480\" border=\"0\" \/><\/a><\/div>\n<div style=\"text-align: center;\">En el \u00faltimo momento subiremos el fuego un minuto para conseguir el tan preciado \u00absocarraet\u00bb, que ha de ser DORADO, no quemado \u00bfeh?<\/div>\n<div class=\"separator\" style=\"clear: both; text-align: center;\"><a style=\"margin-left: 1em; margin-right: 1em;\" href=\"https:\/\/4.bp.blogspot.com\/-G01oPajXwVY\/VyBym5JXArI\/AAAAAAAAjvs\/PHHC-2LcfaQeiGlsVMuFLzEvJtboM7eOACKgB\/s1600\/IMG_9419.PNG\"><img decoding=\"async\" loading=\"lazy\" class=\"aligncenter\" src=\"https:\/\/elcalaixetdelaiaia.es\/wp-content\/uploads\/2016\/04\/IMG_9419.png\" width=\"640\" height=\"480\" border=\"0\" \/><\/a><\/div>\n<div style=\"text-align: center;\">Y ya podemos emplatar<\/div>\n<div class=\"separator\" style=\"clear: both; text-align: center;\"><a style=\"margin-left: 1em; margin-right: 1em;\" href=\"https:\/\/4.bp.blogspot.com\/-35okFOzJFbk\/VyBy4ar_OwI\/AAAAAAAAjv8\/q123x5T8TpkjOeeJ79Vps_7hfA4kEg4kQCKgB\/s1600\/IMG_9421.PNG\"><img decoding=\"async\" loading=\"lazy\" class=\"aligncenter\" src=\"https:\/\/elcalaixetdelaiaia.es\/wp-content\/uploads\/2016\/04\/IMG_9421.png\" width=\"640\" height=\"480\" border=\"0\" \/><\/a><\/div>\n<div style=\"text-align: center;\">\u00a0o comer directamente de la paella<\/div>\n<div class=\"separator\" style=\"clear: both; text-align: center;\"><a style=\"margin-left: 1em; margin-right: 1em;\" href=\"https:\/\/2.bp.blogspot.com\/--omgKrwgkjQ\/VyBy-txaITI\/AAAAAAAAjv8\/mHuu7wS9kHM2JBRIJcHMs0Ysnz7ZuIKBgCKgB\/s1600\/IMG_9422.PNG\"><img decoding=\"async\" loading=\"lazy\" class=\"aligncenter\" src=\"https:\/\/elcalaixetdelaiaia.es\/wp-content\/uploads\/2016\/04\/IMG_9422.png\" width=\"640\" height=\"480\" border=\"0\" \/><\/a><\/div>\n<div style=\"text-align: center;\"><\/div>\n<div style=\"text-align: center;\">tras espolvorear un poquito de perejil fresco picado, y en nuestro caso, un buen chorro de lim\u00f3n.<\/div>\n<div style=\"text-align: center;\"><\/div>\n<div class=\"separator\" style=\"clear: both;\"><a style=\"margin-left: 1em; margin-right: 1em;\" href=\"https:\/\/1.bp.blogspot.com\/-ILXavCJ6kCU\/VyBzKmKYm8I\/AAAAAAAAjvo\/TZ1cmQHNiow9X9uuwJGHx79s7jmHZciHwCKgB\/s1600\/IMG_9423.PNG\"><img decoding=\"async\" loading=\"lazy\" class=\"alignnone\" src=\"https:\/\/elcalaixetdelaiaia.es\/wp-content\/uploads\/2016\/04\/IMG_9423.png\" width=\"640\" height=\"480\" border=\"0\" \/><\/a><\/div>\n<div><\/div>\n<div>\u00abA la taula i&#8230;bon profit!!!<\/div>\n<div style=\"text-align: center;\">Si te gusta mi receta y la compartes, la podr\u00e1 ver mas gente. \u00a1Gracias! y ya sabes que tambi\u00e9n estoy en Facebook <a href=\"https:\/\/www.facebook.com\/El-calaixet-de-la-iaia-533062140099386\/\">https:\/\/www.facebook.com\/El-calaixet-de-la-iaia-533062140099386\/<\/a><\/div>\n<div>Si quieres comentar \u00a1Gracias!<\/div>\n","protected":false},"excerpt":{"rendered":"<p>\u00abRefrany; El febrer no deixa ovella ni corder\u00bb. Febrero no deja oveja ni cordero. \u00c9sta no es la aut\u00e9ntica fideu\u00e1 como habr\u00e9is podido imaginar al leer el t\u00edtulo de la receta, \u00e9sto que quede bien CLARITO. La fideu\u00e1 es \u00e9sta; \u00a0https:\/\/elcalaixetdelaiaia.es\/?p=966 y \u00e9ste el origen y la historia\u00a0 de la &hellip; <\/p>\n","protected":false},"author":2,"featured_media":5225,"comment_status":"open","ping_status":"open","sticky":false,"template":"","format":"standard","meta":[],"categories":[14,1],"tags":[],"_links":{"self":[{"href":"https:\/\/elcalaixetdelaiaia.es\/index.php?rest_route=\/wp\/v2\/posts\/359"}],"collection":[{"href":"https:\/\/elcalaixetdelaiaia.es\/index.php?rest_route=\/wp\/v2\/posts"}],"about":[{"href":"https:\/\/elcalaixetdelaiaia.es\/index.php?rest_route=\/wp\/v2\/types\/post"}],"author":[{"embeddable":true,"href":"https:\/\/elcalaixetdelaiaia.es\/index.php?rest_route=\/wp\/v2\/users\/2"}],"replies":[{"embeddable":true,"href":"https:\/\/elcalaixetdelaiaia.es\/index.php?rest_route=%2Fwp%2Fv2%2Fcomments&post=359"}],"version-history":[{"count":13,"href":"https:\/\/elcalaixetdelaiaia.es\/index.php?rest_route=\/wp\/v2\/posts\/359\/revisions"}],"predecessor-version":[{"id":19771,"href":"https:\/\/elcalaixetdelaiaia.es\/index.php?rest_route=\/wp\/v2\/posts\/359\/revisions\/19771"}],"wp:featuredmedia":[{"embeddable":true,"href":"https:\/\/elcalaixetdelaiaia.es\/index.php?rest_route=\/wp\/v2\/media\/5225"}],"wp:attachment":[{"href":"https:\/\/elcalaixetdelaiaia.es\/index.php?rest_route=%2Fwp%2Fv2%2Fmedia&parent=359"}],"wp:term":[{"taxonomy":"category","embeddable":true,"href":"https:\/\/elcalaixetdelaiaia.es\/index.php?rest_route=%2Fwp%2Fv2%2Fcategories&post=359"},{"taxonomy":"post_tag","embeddable":true,"href":"https:\/\/elcalaixetdelaiaia.es\/index.php?rest_route=%2Fwp%2Fv2%2Ftags&post=359"}],"curies":[{"name":"wp","href":"https:\/\/api.w.org\/{rel}","templated":true}]}}