{"id":353,"date":"2016-05-01T19:51:00","date_gmt":"2016-05-01T19:51:00","guid":{"rendered":"http:\/\/elcalaixetdelaiaia.es\/mama-mi-primera-palabra"},"modified":"2017-12-04T23:11:16","modified_gmt":"2017-12-04T23:11:16","slug":"mama-mi-primera-palabra","status":"publish","type":"post","link":"https:\/\/elcalaixetdelaiaia.es\/?p=353","title":{"rendered":"Mam\u00e1, mi primera palabra"},"content":{"rendered":"<p>\n\u00abRefrany;<br \/>\nDe ta riu, tal aigua\u00bb<br \/>\nDe tal rio, tal agua.&nbsp;&nbsp;&nbsp;&nbsp;&nbsp;&nbsp;<\/p>\n<div class=\"separator\" style=\"clear: both; text-align: center;\">\n<a href=\"https:\/\/3.bp.blogspot.com\/-AIrZl-ZOcJ4\/VyZe3h9tlnI\/AAAAAAAAj1w\/KY3XPXLl10g7Za_FWlOohjlrUwx0GQOEQCLcB\/s1600\/Pau%2Bi%2Bjo.jpg\" imageanchor=\"1\" style=\"margin-left: 1em; margin-right: 1em;\"><img decoding=\"async\" loading=\"lazy\" border=\"0\" height=\"160\" src=\"https:\/\/elcalaixetdelaiaia.es\/wp-content\/uploads\/2016\/05\/Pauijo.jpg\" width=\"320\" \/><\/a><\/div>\n<p>&nbsp;&nbsp;&nbsp;&nbsp;&nbsp;&nbsp;&nbsp;&nbsp;&nbsp;&nbsp;&nbsp;&nbsp;&nbsp;&nbsp;&nbsp; <\/p>\n<div style=\"text-align: center;\">\n<\/div>\n<div style=\"text-align: center;\">\n<\/div>\n<div style=\"text-align: center;\">\n<\/div>\n<div style=\"text-align: center;\">\n<\/div>\n<div style=\"text-align: center;\">\n<\/div>\n<div style=\"text-align: center;\">\n<iframe loading=\"lazy\" allowfullscreen=\"\" frameborder=\"0\" height=\"270\" src=\"https:\/\/www.youtube.com\/embed\/bCasLK2l6jg\" width=\"480\"><\/iframe><\/div>\n<div style=\"text-align: center;\">\n<\/div>\n<div style=\"text-align: center;\">\nA la mujer que me otorg\u00f3 la vida,<br \/>\n<br \/>A quien me tuvo en su barriga y trajo esta familia,<br \/>\n<br \/>A mi primer amiga y medica de cabecera,<br \/>\n<br \/>Yo tu hijo, t\u00fa el cobijo que me protegi\u00f3 de todo lo que hay fuera,<br \/>\n<br \/>Quien me dijo \u00abt\u00fa hazme caso y todo te ir\u00e1 bien\u00bb,<br \/>\n<br \/>Lo hice y ahora m\u00edrame, ver para creer,<br \/>\n<br \/>La que me ba\u00f1\u00f3 en mil caricias y s\u00e9 con abrazos,<br \/>\n<br \/>Cur\u00f3 mis heridas con besos en su regazo,<br \/>\n<br \/>Eres el espejo d\u00f3nde mirarme,<br \/>\n<br \/>Porque m\u00e1s que carne y huesos, m\u00e1s que mi carne,<br \/>\n<br \/>La familia no se elije, esa es la \u00fanica constante,<br \/>\n<br \/>Pero ni por todo el oro del globo querr\u00eda cambiarte,<br \/>\n<br \/>Dicen que solo hay una, y a mi me vale,<br \/>\n<br \/>Porque no habr\u00e1 nadie que me quiera como t\u00fa, ninguna,<br \/>\n<br \/>Tanta locura desde la cuna y hasta las canas,<br \/>\n<br \/>Como la luz de luna me alumbras, como las hadas,<br \/>\n<br \/>Confiaste en m\u00ed cuando dedos me se\u00f1alaban,<br \/>\n<br \/>Y perdonaste cuando el resto sentenciaba,<br \/>\n<br \/>Celebraste cada paso que daba,<br \/>\n<br \/>Cada logro como el triunfo del fruto de tus entra\u00f1as,<br \/>\n<br \/>Mi primera palabra va dedicada a la primera dama,<br \/>\n<br \/>Mi \u00e1ngel de la guarda y man\u00e1,<br \/>\n<br \/>La palabra m\u00e1s hermosa que haya sido pronunciada,<br \/>\n<br \/>Y escuchada por el hombre y no es otra que \u00abmam\u00e1\u00bb<\/p>\n<p>Vivo el presente que he sigo,<br \/>\n<br \/>Porque me diste el motivo para alejar lo malo,<br \/>\n<br \/>Estar en paz conmigo y ahora salto del cari\u00f1o que me has dado,<br \/>\n<br \/>Quiero cambiar el destino, mirarte siendo un anciano,<br \/>\n<br \/>Para acabar de ni\u00f1o camino en tu latido,<br \/>\n<br \/>Hasta el final de mi camino de tu mano,<\/p>\n<p>Para mi madre por lo bueno, por lo malo,<br \/>\n<br \/>Por demostrarme que el amor es un regalo,<br \/>\n<br \/>Por la palabra y el orgullo de la sangre,<br \/>\n<br \/>Por el simple milagro del beso que mata el hambre,<br \/>\n<br \/>Ella me ense\u00f1\u00f3 a andar de frente,<br \/>\n<br \/>A no fingir y sentir si el alma siente,<br \/>\n<br \/>A no mentir cuando todo el mundo miente,<br \/>\n<br \/>A mirar siempre a los ojos cuando hablo con la gente,<br \/>\n<br \/>Me dijo \u00abhijo se valiente, valiente que aqu\u00ed la vida es cruel\u00bb,<br \/>\n<br \/>\u00abQue no te enga\u00f1e una fachada reluciente,<br \/>\n<br \/>Que lo \u00fanico que importa est\u00e1 debajo de la piel\u00bb y,<br \/>\n<br \/>Y si la vida viene y no hace confesiones,<br \/>\n<br \/>Mam\u00e1 me dijo \u00abhijo has de estar dispuesto,<br \/>\n<br \/>A echarle m\u00e1s cojones que el resto,<br \/>\n<br \/>A poner el coraz\u00f3n en cada palabra de tu texto\u00bb,<br \/>\n<br \/>Y tu palabra fue mi escuela,<br \/>\n<br \/>Mi centinela, el viento de mi vela,<br \/>\n<br \/>De ah\u00ed aprend\u00ed a defender a mi familia y a mi nombre,<br \/>\n<br \/>Y a siempre comportarme como un hombre,<br \/>\n<br \/>Yo soy la fruta del manzano, tu el artesano de la noche y de la Calma,<br \/>\n<br \/>Forma del alma de mis hermanos,<br \/>\n<br \/>T\u00fa eres la alfarera, yo tan solo barro entre tus manos,<\/p>\n<p>&nbsp;<\/p><\/div>\n<div style=\"text-align: center;\">\nVivo el presente que he sigo,<br \/>\n<br \/>Porque me diste el motivo para alejar lo malo,<br \/>\n<br \/>Estar en paz conmigo y ahora salto del cari\u00f1o que me has dado,<br \/>\n<br \/>Quiero cambiar el destino, mirarte siendo un anciano,<br \/>\n<br \/>Para acabar de ni\u00f1o camino en tu latido,<br \/>\n<br \/>Hasta el final de mi camino de tu mano,<\/p>\n<p>Ser lo que eres, ver lo que sabes,<br \/>\n<br \/>\u00bfQui\u00e9n te hace hacer volar como las aves?,<br \/>\n<br \/>Darte la luz, siempre la paz,<br \/>\n<br \/>Siempre a podido ver lo que tu vales,<br \/>\n<br \/>Siempre por ti, para lo bueno y pa&#8217; lo malo,<br \/>\n<br \/>Te trajo a la vida y ese es el mejor regalo,<br \/>\n<br \/>Una mirada tan divina, pura medicina,<br \/>\n<br \/>Haberme criado en tu regazo, -yo,<br \/>\n<br \/>Te di\u00f3 todo lo que vales,<br \/>\n<br \/>Te aconsej\u00f3 bien en este mundo de chakales,<br \/>\n<br \/>S\u00f3lo te di\u00f3 amor y otras cosas fundamentales,<br \/>\n<br \/>Y alza la sabidur\u00eda contra tus rivales,<br \/>\n<br \/>Yo crec\u00ed solo, con las paredes mantuve mon\u00f3logos,<br \/>\n<br \/>No quede loco, no mam\u00e1 yo lo controlo, no,<br \/>\n<br \/>Se como mama, pero me he partido el lomo,<br \/>\n<br \/>Y desde el d\u00eda en el que tu te fuiste el sue\u00f1o no me domo, no,<br \/>\n<br \/>Vivo de pico, lo recuerdo monocromo,<br \/>\n<br \/>Cosas que pasaron lo dejo, no lo retomo,<br \/>\n<br \/>Todo paso pero no s\u00e9 por qu\u00e9 ni c\u00f3mo,<br \/>\n<br \/>No supe ni reaccionar, -no,<br \/>\n<br \/>Mejor cuidar lo que tienes,<br \/>\n<br \/>Nada quedar\u00e1, te marchar\u00e1s como vienes,<br \/>\n<br \/>S\u00f3lo te dir\u00e9, cosas que soy, sufr\u00ed,<br \/>\n<br \/>Mam\u00e1 yo lo doy todo por ti,<\/div>\n<div style=\"text-align: center;\">\n<\/div>\n<div style=\"text-align: center;\">\nFeliz d\u00eda de la madre<\/div>\n<div style=\"text-align: center;\">\n<\/div>\n<div style=\"text-align: center;\">\nGracias Pau&#8230;&#8230;\n<\/div>\n","protected":false},"excerpt":{"rendered":"<p>\u00abRefrany; De ta riu, tal aigua\u00bb De tal rio, tal agua.&nbsp;&nbsp;&nbsp;&nbsp;&nbsp;&nbsp; &nbsp;&nbsp;&nbsp;&nbsp;&nbsp;&nbsp;&nbsp;&nbsp;&nbsp;&nbsp;&nbsp;&nbsp;&nbsp;&nbsp;&nbsp; A la mujer que me otorg\u00f3 la vida, A quien me tuvo en su barriga y trajo esta familia, A mi primer amiga y medica de cabecera, Yo tu hijo, t\u00fa el cobijo que me protegi\u00f3 de todo &hellip; <\/p>\n","protected":false},"author":2,"featured_media":4914,"comment_status":"open","ping_status":"open","sticky":false,"template":"","format":"standard","meta":[],"categories":[23,1],"tags":[],"_links":{"self":[{"href":"https:\/\/elcalaixetdelaiaia.es\/index.php?rest_route=\/wp\/v2\/posts\/353"}],"collection":[{"href":"https:\/\/elcalaixetdelaiaia.es\/index.php?rest_route=\/wp\/v2\/posts"}],"about":[{"href":"https:\/\/elcalaixetdelaiaia.es\/index.php?rest_route=\/wp\/v2\/types\/post"}],"author":[{"embeddable":true,"href":"https:\/\/elcalaixetdelaiaia.es\/index.php?rest_route=\/wp\/v2\/users\/2"}],"replies":[{"embeddable":true,"href":"https:\/\/elcalaixetdelaiaia.es\/index.php?rest_route=%2Fwp%2Fv2%2Fcomments&post=353"}],"version-history":[{"count":1,"href":"https:\/\/elcalaixetdelaiaia.es\/index.php?rest_route=\/wp\/v2\/posts\/353\/revisions"}],"predecessor-version":[{"id":4915,"href":"https:\/\/elcalaixetdelaiaia.es\/index.php?rest_route=\/wp\/v2\/posts\/353\/revisions\/4915"}],"wp:featuredmedia":[{"embeddable":true,"href":"https:\/\/elcalaixetdelaiaia.es\/index.php?rest_route=\/wp\/v2\/media\/4914"}],"wp:attachment":[{"href":"https:\/\/elcalaixetdelaiaia.es\/index.php?rest_route=%2Fwp%2Fv2%2Fmedia&parent=353"}],"wp:term":[{"taxonomy":"category","embeddable":true,"href":"https:\/\/elcalaixetdelaiaia.es\/index.php?rest_route=%2Fwp%2Fv2%2Fcategories&post=353"},{"taxonomy":"post_tag","embeddable":true,"href":"https:\/\/elcalaixetdelaiaia.es\/index.php?rest_route=%2Fwp%2Fv2%2Ftags&post=353"}],"curies":[{"name":"wp","href":"https:\/\/api.w.org\/{rel}","templated":true}]}}