{"id":348,"date":"2016-05-08T00:44:00","date_gmt":"2016-05-08T00:44:00","guid":{"rendered":"http:\/\/elcalaixetdelaiaia.es\/tarta-facil-de-chocolate-con-peras-paso"},"modified":"2023-05-02T20:24:12","modified_gmt":"2023-05-02T20:24:12","slug":"tarta-facil-de-chocolate-con-peras-paso","status":"publish","type":"post","link":"https:\/\/elcalaixetdelaiaia.es\/?p=348","title":{"rendered":"Tarta f\u00e1cil de chocolate con peras paso a paso foto a foto"},"content":{"rendered":"<p>\u00abRefrany;<br \/>\nXocolate amb peres, no ho superes\u00bb\u00a0\u00a0 Chocolate con peras, no lo superas.<\/p>\n<p>\u00c9so dice el refr\u00e1n y tiene mucha raz\u00f3n, porque la combinaci\u00f3n de ambos productos es deliciosa. No me voy a andar mucho hoy por las ramas, y voy directa a la receta que como siempre en mi blog, es con foto a foto de cada paso y la de hoy tiene muchas, para que ve\u00e1is que f\u00e1cil es de realizar \u00e9sta tarta, que resulta un aut\u00e9ntico placer para los chocoadict@s.<\/p>\n<h1 class=\"fbPhotoAlbumTitle\" style=\"text-align: center;\"><a style=\"margin-left: 1em; margin-right: 1em;\" href=\"https:\/\/4.bp.blogspot.com\/-8a69aYAalTA\/Vy57gv_G_6I\/AAAAAAAAj8g\/nNLz45CGWhY1glLH5DyOjcw2zj1-ybMqgCKgB\/s1600\/IMG_4646.JPG\"><img decoding=\"async\" loading=\"lazy\" src=\"https:\/\/elcalaixetdelaiaia.es\/wp-content\/uploads\/2016\/05\/IMG_4646.jpg\" width=\"640\" height=\"458\" border=\"0\" \/><\/a><\/h1>\n<p>\u00c9sta tarta, pod\u00e9is prepararla haciendo en casa la masa brisa, pero como hoy d\u00eda todos vamos con tantas prisas desgraciadamente, carecemos en muchas ocasiones del tiempo necesario para disfrutar de la cocina, por lo que podemos echar mano de ciertos productos que ya vienen preparados, como es el caso de las masas frescas. Me gustan mucho las masas frescas de Lidl, creo que la relaci\u00f3n calidad\/precio es de las mas interesantes y he comprado para preparar \u00e9sta tarta la masa quebrada, con lo cual aceleramos much\u00edsimo el proceso de la misma.<\/p>\n<p>Necesitaremos para un molde de 23 cm;<\/p>\n<div class=\"separator\" style=\"clear: both; text-align: center;\"><a style=\"margin-left: 1em; margin-right: 1em;\" href=\"https:\/\/3.bp.blogspot.com\/-azC9Qae5q6o\/Vy5tXT_ngeI\/AAAAAAAAj64\/qPiRLPdSN0IS956cMugGDIXMsnGqbv7RwCKgB\/s1600\/IMG_9857.JPG\"><img decoding=\"async\" loading=\"lazy\" src=\"https:\/\/elcalaixetdelaiaia.es\/wp-content\/uploads\/2016\/05\/IMG_9857.jpg\" width=\"640\" height=\"480\" border=\"0\" \/><\/a><\/div>\n<div style=\"text-align: center;\"><\/div>\n<ol>\n<li>Una base de masa fresca quebrada<\/li>\n<li>Tres huevos XL<\/li>\n<li>75g de az\u00facar blanquilla<\/li>\n<li>150ml de leche<\/li>\n<li>200ml de nata de montar<\/li>\n<li>200g de chocolate puro valor<\/li>\n<li>4 peras conferencia en su punto de madurez<\/li>\n<li>Tres cucharadas de mantequilla<\/li>\n<li>Un poco de harina<\/li>\n<\/ol>\n<p>&nbsp;<\/p>\n<div class=\"separator\" style=\"clear: both; text-align: center;\"><a style=\"margin-left: 1em; margin-right: 1em;\" href=\"https:\/\/1.bp.blogspot.com\/-cJk5owXzL-U\/Vy5tlmaG34I\/AAAAAAAAj7A\/WTWLJtMlILETtnyFzbUqYj0esUEVZJl9gCKgB\/s1600\/IMG_9858.JPG\"><img decoding=\"async\" loading=\"lazy\" src=\"https:\/\/elcalaixetdelaiaia.es\/wp-content\/uploads\/2016\/05\/IMG_9858.jpg\" width=\"640\" height=\"480\" border=\"0\" \/><\/a><\/div>\n<div style=\"text-align: center;\"><\/div>\n<p>Con una cucharada de mantequilla y un poco de harina, encamisamos el molde para que no se nos pegue la masa y facilitar el desmoldado<\/p>\n<div style=\"text-align: center;\"><\/div>\n<div class=\"separator\" style=\"clear: both; text-align: center;\"><a style=\"margin-left: 1em; margin-right: 1em;\" href=\"https:\/\/3.bp.blogspot.com\/-Kmu23L83VlQ\/Vy5tu-r-4FI\/AAAAAAAAj7I\/VpvUJt015BwZLZEkG_IEowZ0oC9gbgJFgCKgB\/s1600\/IMG_9859.JPG\"><img decoding=\"async\" loading=\"lazy\" src=\"https:\/\/elcalaixetdelaiaia.es\/wp-content\/uploads\/2016\/05\/IMG_9859.jpg\" width=\"640\" height=\"480\" border=\"0\" \/><\/a><\/div>\n<div style=\"text-align: center;\">Sacamos un rato antes del frigo la masa y dejamos a temperatura ambiente. Forramos la base y el lateral del molde con la masa quebrada<\/div>\n<div style=\"text-align: center;\"><\/div>\n<div class=\"separator\" style=\"clear: both; text-align: center;\"><a style=\"margin-left: 1em; margin-right: 1em;\" href=\"https:\/\/1.bp.blogspot.com\/-8J3N9SVNSz0\/Vy5uEASyfeI\/AAAAAAAAj7Q\/oqB6JJrORQ8Y5erjQtPykURt7KPeXnT8ACKgB\/s1600\/IMG_9862.JPG\"><img decoding=\"async\" loading=\"lazy\" src=\"https:\/\/elcalaixetdelaiaia.es\/wp-content\/uploads\/2016\/05\/IMG_9862.jpg\" width=\"640\" height=\"480\" border=\"0\" \/><\/a><\/div>\n<div style=\"text-align: center;\"><\/div>\n<div style=\"text-align: center;\">Pelamos y descorazonamos las peras, a mi una me ha salido con el coraz\u00f3n podrido y he tenido que desecharla, as\u00ed que solo podr\u00e9 poner tres, pero lo ideal son cuatro peras. Las partiremos por la mitad y r\u00e1pidamente para que no se oxiden, pondremos dos cucharadas de mantequilla en una sart\u00e9n al fuego<\/div>\n<div style=\"text-align: center;\"><\/div>\n<div class=\"separator\" style=\"clear: both; text-align: center;\"><a style=\"margin-left: 1em; margin-right: 1em;\" href=\"https:\/\/1.bp.blogspot.com\/-Zy3rS8jFWRU\/Vy5uTiMKbYI\/AAAAAAAAj7c\/TnJBjlv0s6Ab4__HWsofTBWDKtdttguSQCKgB\/s1600\/IMG_9864.JPG\"><img decoding=\"async\" loading=\"lazy\" src=\"https:\/\/elcalaixetdelaiaia.es\/wp-content\/uploads\/2016\/05\/IMG_9864.jpg\" width=\"640\" height=\"480\" border=\"0\" \/><\/a><\/div>\n<div style=\"text-align: center;\"><\/div>\n<div style=\"text-align: center;\">\u00a0a\u00f1adiremos 50g de az\u00facar blanquilla<\/div>\n<div style=\"text-align: center;\"><\/div>\n<div class=\"separator\" style=\"clear: both; text-align: center;\"><a style=\"margin-left: 1em; margin-right: 1em;\" href=\"https:\/\/1.bp.blogspot.com\/-mGRu1Bb6G4g\/Vy5uklezMOI\/AAAAAAAAj7k\/hnj0_zF-u3M3V8L240-dHzNTxXvRo6-cwCKgB\/s1600\/IMG_9865.JPG\"><img decoding=\"async\" loading=\"lazy\" src=\"https:\/\/elcalaixetdelaiaia.es\/wp-content\/uploads\/2016\/05\/IMG_9865.jpg\" width=\"640\" height=\"480\" border=\"0\" \/><\/a><\/div>\n<div style=\"text-align: center;\"><\/div>\n<div style=\"text-align: center;\">seguidamente a\u00f1adiremos las mitades de peras, en cuanto comience la mantequilla a hervir, dejaremos a fuego m\u00ednimo hasta que est\u00e9n blanditas y se haga un caramelo.<\/div>\n<div style=\"text-align: center;\"><\/div>\n<div class=\"separator\" style=\"clear: both; text-align: center;\"><a style=\"margin-left: 1em; margin-right: 1em;\" href=\"https:\/\/4.bp.blogspot.com\/-j7YncyN5Kxk\/Vy5u42SP0gI\/AAAAAAAAj7Y\/5-VNW3o3KFQjVQ5MpATMCSWH9MZyz4h7wCKgB\/s1600\/IMG_9867.JPG\"><img decoding=\"async\" loading=\"lazy\" src=\"https:\/\/elcalaixetdelaiaia.es\/wp-content\/uploads\/2016\/05\/IMG_9867.jpg\" width=\"640\" height=\"480\" border=\"0\" \/><\/a><\/div>\n<div style=\"text-align: center;\"><\/div>\n<div style=\"text-align: center;\">Mientras tanto, separaremos las yemas de las claras, que aprovecharemos para otro guiso y que podemos congelar si no las vamos a usar de inmediato.<\/div>\n<div style=\"text-align: center;\"><\/div>\n<div class=\"separator\" style=\"clear: both; text-align: center;\"><a style=\"margin-left: 1em; margin-right: 1em;\" href=\"https:\/\/3.bp.blogspot.com\/-w2RyEu5Uylc\/Vy5vK2ATJtI\/AAAAAAAAj7w\/77SsH-Uv_FwthFZVLFNddTEavXugBYl9ACKgB\/s1600\/IMG_9868.JPG\"><img decoding=\"async\" loading=\"lazy\" src=\"https:\/\/elcalaixetdelaiaia.es\/wp-content\/uploads\/2016\/05\/IMG_9868.jpg\" width=\"640\" height=\"480\" border=\"0\" \/><\/a><\/div>\n<div style=\"text-align: center;\"><\/div>\n<div style=\"text-align: center;\">a\u00f1adiremos 50g de az\u00facar cristal<\/div>\n<div style=\"text-align: center;\"><\/div>\n<div class=\"separator\" style=\"clear: both; text-align: center;\"><a style=\"margin-left: 1em; margin-right: 1em;\" href=\"https:\/\/2.bp.blogspot.com\/-TAmoAHnc0iM\/Vy5verfCJaI\/AAAAAAAAj74\/Oacvh8_c9lc1ip3CBlxnJcPwHN62-y6JQCKgB\/s1600\/IMG_9870.JPG\"><img decoding=\"async\" loading=\"lazy\" src=\"https:\/\/elcalaixetdelaiaia.es\/wp-content\/uploads\/2016\/05\/IMG_9870.jpg\" width=\"640\" height=\"480\" border=\"0\" \/><\/a><\/div>\n<div style=\"text-align: center;\"><\/div>\n<div style=\"text-align: center;\">y batiremos hasta que las yemas blanqueen y aumenten el volumen<\/div>\n<div style=\"text-align: center;\"><\/div>\n<div class=\"separator\" style=\"clear: both; text-align: center;\"><a style=\"margin-left: 1em; margin-right: 1em;\" href=\"https:\/\/2.bp.blogspot.com\/-BYK9o8EheZ0\/Vy50v-6vOkI\/AAAAAAAAj8E\/X-Fl2frqPBQrZXvkTCYeCHJsnJagEhmBgCLcB\/s1600\/IMG_9874.JPG\"><img decoding=\"async\" loading=\"lazy\" src=\"https:\/\/elcalaixetdelaiaia.es\/wp-content\/uploads\/2016\/05\/IMG_9874.jpg\" width=\"640\" height=\"456\" border=\"0\" \/><\/a><\/div>\n<div style=\"text-align: center;\"><\/div>\n<div style=\"text-align: center;\">trocearemos la tableta de chocolate<\/div>\n<div style=\"text-align: center;\"><\/div>\n<div class=\"separator\" style=\"clear: both; text-align: center;\"><a style=\"margin-left: 1em; margin-right: 1em;\" href=\"https:\/\/3.bp.blogspot.com\/-ie1DcCX1ZeM\/Vy5vwfQVVyI\/AAAAAAAAj78\/kQubhi4k_u4Zp41EGUBLae7MBmx3GdMrQCKgB\/s1600\/IMG_9872.JPG\"><img decoding=\"async\" loading=\"lazy\" src=\"https:\/\/elcalaixetdelaiaia.es\/wp-content\/uploads\/2016\/05\/IMG_9872.jpg\" width=\"640\" height=\"480\" border=\"0\" \/><\/a><\/div>\n<div style=\"text-align: center;\"><\/div>\n<div style=\"text-align: center;\">En un cazo, pondremos la leche y la nata al fuego<\/div>\n<div style=\"text-align: center;\"><\/div>\n<div style=\"text-align: center;\">\n<div class=\"separator\" style=\"clear: both; text-align: center;\"><a style=\"margin-left: 1em; margin-right: 1em;\" href=\"https:\/\/2.bp.blogspot.com\/-lBwU29dGfpA\/Vy5-C_S5FtI\/AAAAAAAAj9Y\/2yCQlwo2PYUd8HBhiNISQefnSa5IONo_gCKgB\/s1600\/IMG_9875.JPG\"><img decoding=\"async\" loading=\"lazy\" src=\"https:\/\/elcalaixetdelaiaia.es\/wp-content\/uploads\/2016\/05\/IMG_9875.jpg\" width=\"640\" height=\"480\" border=\"0\" \/><\/a><\/div>\n<p>cuando est\u00e9n calientes, a\u00f1adiremos poco a poco las yemas blanqueadas<\/p>\n<div class=\"separator\" style=\"clear: both; text-align: center;\"><a style=\"margin-left: 1em; margin-right: 1em;\" href=\"https:\/\/4.bp.blogspot.com\/-P0FhofRZe6Q\/Vy598FElM2I\/AAAAAAAAj9Y\/ZnGmMVLD7a4rtrS03EWwoRM3Lw6KzIeeACKgB\/s1600\/IMG_9876.JPG\"><img decoding=\"async\" loading=\"lazy\" src=\"https:\/\/elcalaixetdelaiaia.es\/wp-content\/uploads\/2016\/05\/IMG_9876.jpg\" width=\"640\" height=\"464\" border=\"0\" \/><\/a><\/div>\n<p>sin dejar de batir para que no se nos quemen, hasta que tengamos una crema espesa<\/p>\n<div class=\"separator\" style=\"clear: both; text-align: center;\"><a style=\"margin-left: 1em; margin-right: 1em;\" href=\"https:\/\/3.bp.blogspot.com\/-LXBUAORYpnI\/Vy5_1MFJO9I\/AAAAAAAAj98\/Hm4K69R8GRM0InDI0mt4szJ0wzCqkc-xwCKgB\/s1600\/IMG_9879.JPG\"><img decoding=\"async\" loading=\"lazy\" src=\"https:\/\/elcalaixetdelaiaia.es\/wp-content\/uploads\/2016\/05\/IMG_9879.jpg\" width=\"640\" height=\"480\" border=\"0\" \/><\/a><\/div>\n<p>entonces retiramos el cazo del fuego, a\u00f1adimos las onzas de chocolate, y seguimos removiendo hasta que se fundan completamente<\/p>\n<div class=\"separator\" style=\"clear: both; text-align: center;\"><a style=\"margin-left: 1em; margin-right: 1em;\" href=\"https:\/\/2.bp.blogspot.com\/-BI3apWCuBHQ\/Vy5-oL3dffI\/AAAAAAAAj9k\/hzBUIXwjePYE5uqtLMbI9o9Ck8N3_fmSQCKgB\/s1600\/IMG_9881.JPG\"><img decoding=\"async\" loading=\"lazy\" src=\"https:\/\/elcalaixetdelaiaia.es\/wp-content\/uploads\/2016\/05\/IMG_9881.jpg\" width=\"640\" height=\"480\" border=\"0\" \/><\/a><\/div>\n<p>volcaremos la crema de chocolate sobre el molde con la base de masa quebrada<\/p>\n<\/div>\n<div style=\"text-align: center;\"><\/div>\n<div class=\"separator\" style=\"clear: both; text-align: center;\"><a style=\"margin-left: 1em; margin-right: 1em;\" href=\"https:\/\/3.bp.blogspot.com\/-MO10D5G2Qxk\/Vy5vlo6zruI\/AAAAAAAAj78\/uKozDACDb6U_n7M24UDTJfEO9u9rd6nUACKgB\/s1600\/IMG_9871.JPG\"><img decoding=\"async\" loading=\"lazy\" src=\"https:\/\/elcalaixetdelaiaia.es\/wp-content\/uploads\/2016\/05\/IMG_9871.jpg\" width=\"640\" height=\"480\" border=\"0\" \/><\/a><\/div>\n<div style=\"text-align: center;\">retiraremos del fuego nuestras peras caramelizadas<\/div>\n<div class=\"separator\" style=\"clear: both; text-align: center;\"><a style=\"margin-left: 1em; margin-right: 1em;\" href=\"https:\/\/2.bp.blogspot.com\/-cqAOgmUO9Us\/Vy5-27tAmLI\/AAAAAAAAj9s\/jBRjW3KyJLM70Yib0yoPIY1eP-8s52ouACKgB\/s1600\/IMG_9883.JPG\"><img decoding=\"async\" loading=\"lazy\" src=\"https:\/\/elcalaixetdelaiaia.es\/wp-content\/uploads\/2016\/05\/IMG_9883.jpg\" width=\"640\" height=\"480\" border=\"0\" \/><\/a><\/div>\n<p style=\"text-align: center;\">\u00a0y las colocaremos\u00a0 sobre la crema de chocolate<\/p>\n<div style=\"text-align: center;\"><\/div>\n<div class=\"separator\" style=\"clear: both; text-align: center;\"><a style=\"margin-left: 1em; margin-right: 1em;\" href=\"https:\/\/3.bp.blogspot.com\/-jYOh6guRJvg\/Vy5_PY0o4tI\/AAAAAAAAj94\/LRsfXht3K5AN2xKAv0RjU6CgeYMhHq8CwCKgB\/s1600\/IMG_9884.JPG\"><img decoding=\"async\" loading=\"lazy\" src=\"https:\/\/elcalaixetdelaiaia.es\/wp-content\/uploads\/2016\/05\/IMG_9884.jpg\" width=\"640\" height=\"480\" border=\"0\" \/><\/a><\/div>\n<p>Introduciremos el molde en el horno precalentado a 170\u00ba a media altura, durante 25minutos en mi horno. Recordad que cada horno funciona de una manera y necesita unos tiempos. La tendremos lista cuando veamos la masa dorada. Apagaremos el fuego y la dejaremos enfriar con la puerta del horno entreabierta.<\/p>\n<div class=\"separator\" style=\"clear: both; text-align: center;\"><a style=\"margin-left: 1em; margin-right: 1em;\" href=\"https:\/\/1.bp.blogspot.com\/-eTGGsa_G_6g\/Vy5_oPiqN3I\/AAAAAAAAj98\/FSCaN_7ZmEIoLWwBd3x9j6AAZBYPua_SQCKgB\/s1600\/IMG_9885%2B%25282%2529.JPG\"><img decoding=\"async\" loading=\"lazy\" src=\"https:\/\/elcalaixetdelaiaia.es\/wp-content\/uploads\/2016\/05\/IMG_988528229.jpg\" width=\"640\" height=\"434\" border=\"0\" \/><\/a><\/div>\n<div style=\"text-align: center;\"><\/div>\n<div style=\"text-align: center;\">Una vez completamente fr\u00eda, ya estar\u00e1 lista para desmoldar<\/div>\n<div style=\"text-align: center;\"><\/div>\n<div class=\"separator\" style=\"clear: both; text-align: center;\"><a style=\"margin-left: 1em; margin-right: 1em;\" href=\"https:\/\/1.bp.blogspot.com\/-1dBHMcsSW0s\/Vy56_5lGjDI\/AAAAAAAAj8Y\/5BIldpwNbwAx1DIDP_3JHVX2QAgfev5ewCKgB\/s1600\/IMG_4647.JPG\"><img decoding=\"async\" loading=\"lazy\" src=\"https:\/\/elcalaixetdelaiaia.es\/wp-content\/uploads\/2016\/05\/IMG_4647.jpg\" width=\"640\" height=\"470\" border=\"0\" \/><\/a><\/div>\n<p style=\"text-align: center;\">\u00a0y emplatar<\/p>\n<div class=\"separator\" style=\"clear: both; text-align: center;\"><a style=\"margin-left: 1em; margin-right: 1em;\" href=\"https:\/\/1.bp.blogspot.com\/-bMpzLwwMMlk\/Vy58AAlW4PI\/AAAAAAAAj8w\/gXk3zIQGDpw7Dion63aatM0aumrHUveCwCKgB\/s1600\/IMG_4654.JPG\"><img decoding=\"async\" loading=\"lazy\" src=\"https:\/\/elcalaixetdelaiaia.es\/wp-content\/uploads\/2016\/05\/IMG_4654.jpg\" width=\"640\" height=\"476\" border=\"0\" \/><\/a><\/div>\n<p style=\"text-align: center;\">\u00a0si no la vais a consumir de inmediato, conservar en el frigo<\/p>\n<div style=\"text-align: center;\"><\/div>\n<div class=\"separator\" style=\"clear: both; text-align: center;\"><a style=\"margin-left: 1em; margin-right: 1em;\" href=\"https:\/\/3.bp.blogspot.com\/-dIKhVq4Pk0c\/Vy574pHpw6I\/AAAAAAAAj8o\/lICL3LseCu4VLb2FrwPDhS0wFSp55Y5DgCKgB\/s1600\/IMG_4655.JPG\"><img decoding=\"async\" loading=\"lazy\" src=\"https:\/\/elcalaixetdelaiaia.es\/wp-content\/uploads\/2016\/05\/IMG_4655.jpg\" width=\"640\" height=\"468\" border=\"0\" \/><\/a><\/div>\n<p style=\"text-align: center;\">\u00a0Es una tarta deliciosa<\/p>\n<div class=\"separator\" style=\"clear: both; text-align: center;\"><a style=\"margin-left: 1em; margin-right: 1em;\" href=\"https:\/\/1.bp.blogspot.com\/-kJ3zPtXjU8o\/Vy58n9hXv-I\/AAAAAAAAj88\/RTYkomHzN7MV6UL4y_ch5rm1bMRNAeLCwCKgB\/s1600\/IMG_4657.JPG\"><img decoding=\"async\" loading=\"lazy\" src=\"https:\/\/elcalaixetdelaiaia.es\/wp-content\/uploads\/2016\/05\/IMG_4657.jpg\" width=\"640\" height=\"418\" border=\"0\" \/><\/a><\/div>\n<p style=\"text-align: center;\">\u00a0a la que no hacen justicia las fotos (c\u00f3mo casi siempre, ya que las hago con el m\u00f3vil y no van \u00abmaquilladas\u00bb, lo que veis es tal y como lo comemos en casa)<\/p>\n<div class=\"separator\" style=\"clear: both; text-align: center;\"><a style=\"margin-left: 1em; margin-right: 1em;\" href=\"https:\/\/3.bp.blogspot.com\/-8IMCu200wsY\/Vy58zdmf_mI\/AAAAAAAAj9E\/wvjtV4N8iaYz6-BbwAsfJt8Q7SaQFtscgCKgB\/s1600\/IMG_4660.JPG\"><img decoding=\"async\" loading=\"lazy\" src=\"https:\/\/elcalaixetdelaiaia.es\/wp-content\/uploads\/2016\/05\/IMG_4660.jpg\" width=\"640\" height=\"408\" border=\"0\" \/><\/a><\/div>\n<div style=\"text-align: center;\">y que disfrutan much\u00edsimo tanto peques, como mayores<\/div>\n<div style=\"text-align: center;\"><\/div>\n<div class=\"separator\" style=\"clear: both; text-align: center;\"><a style=\"margin-left: 1em; margin-right: 1em;\" href=\"https:\/\/4.bp.blogspot.com\/-_NpXS1TitWk\/Vy59GdXxXsI\/AAAAAAAAj9M\/cpgzGKM1iRkjfmz4AYPQ1ULUV7O3xHwaACKgB\/s1600\/IMG_4661.JPG\"><img decoding=\"async\" loading=\"lazy\" src=\"https:\/\/elcalaixetdelaiaia.es\/wp-content\/uploads\/2016\/05\/IMG_4661.jpg\" width=\"640\" height=\"462\" border=\"0\" \/><\/a><\/div>\n<p style=\"text-align: center;\">\u00a0as\u00ed que no dud\u00e9is&#8230;<\/p>\n<div class=\"separator\" style=\"clear: both; text-align: center;\"><a style=\"margin-left: 1em; margin-right: 1em;\" href=\"https:\/\/4.bp.blogspot.com\/-lJ2Wcmy6BFw\/Vy59bcSYp6I\/AAAAAAAAj9M\/ki5O7La52NIOjhPmsHn8NLkHDEFTbOifwCKgB\/s1600\/IMG_4662.JPG\"><img decoding=\"async\" loading=\"lazy\" src=\"https:\/\/elcalaixetdelaiaia.es\/wp-content\/uploads\/2016\/05\/IMG_4662.jpg\" width=\"640\" height=\"428\" border=\"0\" \/><\/a><\/div>\n<div style=\"text-align: center;\"><\/div>\n<div style=\"text-align: center;\">\u00abA la taula i&#8230;..BON PROFIT!!!\u00bb<\/div>\n<div><span data-blogger-escaped-style=\"font-family: \">Si os gusta mi receta, pod\u00e9is compartirla para que llegue a m\u00e1s gente.Espero vuestro comentarios que para mi son MUY importantes y recordad que tambi\u00e9n estoy en Facebook <\/span><span data-blogger-escaped-style=\"font-family: \"><a href=\"https:\/\/www.facebook.com\/El-calaixet-de-la-iaia-533062140099386\/\">https:\/\/www.facebook.com\/El-calaixet-de-la-iaia-533062140099386\/<\/a><\/span><\/div>\n<p>Con esta receta participo en el\u00a0<a href=\"http:\/\/cocinerosdelmundodegoogle.blogspot.com.es\/\">3\u00ba aniversario de los retos de CdM- Cocineros del Mundo<\/a>\u00a0y\u00a0<a href=\"http:\/\/www.valorpostres.es\/\">VALOR<\/a><\/p>\n<div style=\"text-align: center;\"><img decoding=\"async\" loading=\"lazy\" class=\"aligncenter size-full wp-image-7880\" src=\"https:\/\/entre3fogones.files.wordpress.com\/2016\/04\/postres-valor.png?w=700\" alt=\"postres-valor\" width=\"216\" height=\"139\" \/><\/div>\n<div><\/div>\n","protected":false},"excerpt":{"rendered":"<p>\u00abRefrany; Xocolate amb peres, no ho superes\u00bb\u00a0\u00a0 Chocolate con peras, no lo superas. \u00c9so dice el refr\u00e1n y tiene mucha raz\u00f3n, porque la combinaci\u00f3n de ambos productos es deliciosa. No me voy a andar mucho hoy por las ramas, y voy directa a la receta que como siempre en mi &hellip; <\/p>\n","protected":false},"author":2,"featured_media":4848,"comment_status":"open","ping_status":"open","sticky":false,"template":"","format":"standard","meta":[],"categories":[6,1],"tags":[],"_links":{"self":[{"href":"https:\/\/elcalaixetdelaiaia.es\/index.php?rest_route=\/wp\/v2\/posts\/348"}],"collection":[{"href":"https:\/\/elcalaixetdelaiaia.es\/index.php?rest_route=\/wp\/v2\/posts"}],"about":[{"href":"https:\/\/elcalaixetdelaiaia.es\/index.php?rest_route=\/wp\/v2\/types\/post"}],"author":[{"embeddable":true,"href":"https:\/\/elcalaixetdelaiaia.es\/index.php?rest_route=\/wp\/v2\/users\/2"}],"replies":[{"embeddable":true,"href":"https:\/\/elcalaixetdelaiaia.es\/index.php?rest_route=%2Fwp%2Fv2%2Fcomments&post=348"}],"version-history":[{"count":6,"href":"https:\/\/elcalaixetdelaiaia.es\/index.php?rest_route=\/wp\/v2\/posts\/348\/revisions"}],"predecessor-version":[{"id":25125,"href":"https:\/\/elcalaixetdelaiaia.es\/index.php?rest_route=\/wp\/v2\/posts\/348\/revisions\/25125"}],"wp:featuredmedia":[{"embeddable":true,"href":"https:\/\/elcalaixetdelaiaia.es\/index.php?rest_route=\/wp\/v2\/media\/4848"}],"wp:attachment":[{"href":"https:\/\/elcalaixetdelaiaia.es\/index.php?rest_route=%2Fwp%2Fv2%2Fmedia&parent=348"}],"wp:term":[{"taxonomy":"category","embeddable":true,"href":"https:\/\/elcalaixetdelaiaia.es\/index.php?rest_route=%2Fwp%2Fv2%2Fcategories&post=348"},{"taxonomy":"post_tag","embeddable":true,"href":"https:\/\/elcalaixetdelaiaia.es\/index.php?rest_route=%2Fwp%2Fv2%2Ftags&post=348"}],"curies":[{"name":"wp","href":"https:\/\/api.w.org\/{rel}","templated":true}]}}