{"id":34,"date":"2017-12-14T01:22:45","date_gmt":"2017-12-14T01:22:45","guid":{"rendered":"http:\/\/elcalaixetdelaiaia.es\/?p=34"},"modified":"2017-12-14T14:23:09","modified_gmt":"2017-12-14T14:23:09","slug":"jamon-de-pato-casero-paso-paso-foto-foto-2","status":"publish","type":"post","link":"https:\/\/elcalaixetdelaiaia.es\/?p=34","title":{"rendered":"Jam\u00f3n de pato casero paso a paso foto a foto"},"content":{"rendered":"<p>\u00abRefrany;<\/p>\n<p><span class=\"st\">Qui sala pel mar\u00e7 i per l&#8217;abril, perd la sal i el <em>pernil\u00bb Quien sala por marzo y por abril, pierde la sal y el jam\u00f3n.<br \/>\n<\/em><\/span><\/p>\n<p>En las revistas que me trae cada a\u00f1o mi fisio y amigo, V\u00edctor Michelle cuando viene de Francia, encuentro en los apartados de cocina, m\u00faltiples recetas que suelo llevar a cabo como ya os he contado en muchas ocasiones.<\/p>\n<p><img decoding=\"async\" loading=\"lazy\" class=\"size-large wp-image-14854 aligncenter\" src=\"https:\/\/elcalaixetdelaiaia.es\/wp-content\/uploads\/2017\/11\/IMG_0864-1024x768.jpg\" alt=\"\" width=\"750\" height=\"563\" srcset=\"https:\/\/elcalaixetdelaiaia.es\/wp-content\/uploads\/2017\/11\/IMG_0864-1024x768.jpg 1024w, https:\/\/elcalaixetdelaiaia.es\/wp-content\/uploads\/2017\/11\/IMG_0864-300x225.jpg 300w, https:\/\/elcalaixetdelaiaia.es\/wp-content\/uploads\/2017\/11\/IMG_0864-768x576.jpg 768w\" sizes=\"(max-width: 750px) 100vw, 750px\" \/><\/p>\n<p style=\"text-align: center;\">Una de ellas, es \u00e9sta de como hacer Jam\u00f3n de pato casero y ya hace muchos a\u00f1os que lo vengo haciendo, porque nos encanta para montaditos, ensaladas y diversas recetas.<\/p>\n<p><img decoding=\"async\" loading=\"lazy\" class=\"size-large wp-image-14884 aligncenter\" src=\"https:\/\/elcalaixetdelaiaia.es\/wp-content\/uploads\/2017\/12\/IMG_9277a-768x1024.png\" alt=\"\" width=\"750\" height=\"1000\" srcset=\"https:\/\/elcalaixetdelaiaia.es\/wp-content\/uploads\/2017\/12\/IMG_9277a-768x1024.png 768w, https:\/\/elcalaixetdelaiaia.es\/wp-content\/uploads\/2017\/12\/IMG_9277a-225x300.png 225w\" sizes=\"(max-width: 750px) 100vw, 750px\" \/><\/p>\n<p style=\"text-align: center;\">Cuando voy a s\u00faper y veo los precios de las bandejitas de jam\u00f3n de pato me echo las manos a la cabeza porque son realmente prohibitivos como pod\u00e9is ver sale a \u00a1\u00a1\u00a1\u00a157\u20ac el kilo!!!!<\/p>\n<p style=\"text-align: center;\"><img decoding=\"async\" loading=\"lazy\" class=\"size-large wp-image-14861 aligncenter\" src=\"https:\/\/elcalaixetdelaiaia.es\/wp-content\/uploads\/2017\/11\/IMG_8896-1024x768.jpg\" alt=\"\" width=\"750\" height=\"563\" srcset=\"https:\/\/elcalaixetdelaiaia.es\/wp-content\/uploads\/2017\/11\/IMG_8896-1024x768.jpg 1024w, https:\/\/elcalaixetdelaiaia.es\/wp-content\/uploads\/2017\/11\/IMG_8896-300x225.jpg 300w, https:\/\/elcalaixetdelaiaia.es\/wp-content\/uploads\/2017\/11\/IMG_8896-768x576.jpg 768w\" sizes=\"(max-width: 750px) 100vw, 750px\" \/><\/p>\n<p style=\"text-align: center;\">\u00c9stas dos pechuguitas o magrets de pato, las he comprado congeladas<\/p>\n<p><img decoding=\"async\" loading=\"lazy\" class=\"size-large wp-image-14862 aligncenter\" src=\"https:\/\/elcalaixetdelaiaia.es\/wp-content\/uploads\/2017\/11\/IMG_8897-1024x692.jpg\" alt=\"\" width=\"750\" height=\"507\" srcset=\"https:\/\/elcalaixetdelaiaia.es\/wp-content\/uploads\/2017\/11\/IMG_8897-1024x692.jpg 1024w, https:\/\/elcalaixetdelaiaia.es\/wp-content\/uploads\/2017\/11\/IMG_8897-300x203.jpg 300w, https:\/\/elcalaixetdelaiaia.es\/wp-content\/uploads\/2017\/11\/IMG_8897-768x519.jpg 768w\" sizes=\"(max-width: 750px) 100vw, 750px\" \/><\/p>\n<p style=\"text-align: center;\">y como pod\u00e9is ver en las fotos me han costado 3,57\u20ac, no es preciso que el magret sea fresco, porque lo he probado de \u00e1mbas maneras y sale igual de rico ya que por el precio de una bandejita de 50g me da para hacer mas o menos una pechuga de unos 200g. As\u00ed que ya veis, que bien sale de precio prepararlas en casa<\/p>\n<div class=\"separator\" style=\"clear: both; text-align: left;\">Necesitaremos;<\/div>\n<div><\/div>\n<div><img decoding=\"async\" loading=\"lazy\" class=\"size-large wp-image-14860 aligncenter\" src=\"https:\/\/elcalaixetdelaiaia.es\/wp-content\/uploads\/2017\/11\/IMG_8895-1024x768.jpg\" alt=\"\" width=\"750\" height=\"563\" srcset=\"https:\/\/elcalaixetdelaiaia.es\/wp-content\/uploads\/2017\/11\/IMG_8895-1024x768.jpg 1024w, https:\/\/elcalaixetdelaiaia.es\/wp-content\/uploads\/2017\/11\/IMG_8895-300x225.jpg 300w, https:\/\/elcalaixetdelaiaia.es\/wp-content\/uploads\/2017\/11\/IMG_8895-768x576.jpg 768w\" sizes=\"(max-width: 750px) 100vw, 750px\" \/><\/div>\n<div><\/div>\n<div><\/div>\n<div><\/div>\n<div><\/div>\n<div><\/div>\n<div>\n<p>&nbsp;<\/p>\n<ol>\n<li>(430g.) Dos pechugas de magret de pato<\/li>\n<li>\u00a0430g el mismo peso que la carne en sal marina gruesa<\/li>\n<li>\u00a0430g el mismo peso en az\u00facar<\/li>\n<li>\u00a0 Pimienta negra en grano<\/li>\n<\/ol>\n<p>&nbsp;<\/p>\n<\/div>\n<div><\/div>\n<div><\/div>\n<div><img decoding=\"async\" loading=\"lazy\" class=\"size-large wp-image-14874 aligncenter\" src=\"https:\/\/elcalaixetdelaiaia.es\/wp-content\/uploads\/2017\/11\/IMG_9088-1024x762.jpg\" alt=\"\" width=\"750\" height=\"558\" srcset=\"https:\/\/elcalaixetdelaiaia.es\/wp-content\/uploads\/2017\/11\/IMG_9088-1024x762.jpg 1024w, https:\/\/elcalaixetdelaiaia.es\/wp-content\/uploads\/2017\/11\/IMG_9088-300x223.jpg 300w, https:\/\/elcalaixetdelaiaia.es\/wp-content\/uploads\/2017\/11\/IMG_9088-768x571.jpg 768w\" sizes=\"(max-width: 750px) 100vw, 750px\" \/><\/div>\n<div><\/div>\n<div class=\"separator\" style=\"clear: both; text-align: center;\">Buscaremos un recipiente que tenga tapa herm\u00e9tica y el espacio aproximado para la cane el az\u00facar y la sal. Dejaremos descongelar el magret en el frigo.<\/div>\n<p><img decoding=\"async\" loading=\"lazy\" class=\"size-large wp-image-14876 aligncenter\" src=\"https:\/\/elcalaixetdelaiaia.es\/wp-content\/uploads\/2017\/11\/IMG_9090-1024x768.jpg\" alt=\"\" width=\"750\" height=\"563\" srcset=\"https:\/\/elcalaixetdelaiaia.es\/wp-content\/uploads\/2017\/11\/IMG_9090-1024x768.jpg 1024w, https:\/\/elcalaixetdelaiaia.es\/wp-content\/uploads\/2017\/11\/IMG_9090-300x225.jpg 300w, https:\/\/elcalaixetdelaiaia.es\/wp-content\/uploads\/2017\/11\/IMG_9090-768x576.jpg 768w\" sizes=\"(max-width: 750px) 100vw, 750px\" \/><\/p>\n<p style=\"text-align: center;\">Una vez descongelado lo embadurnaremos por \u00e1mbos lados generosamente<\/p>\n<p><img decoding=\"async\" loading=\"lazy\" class=\"size-large wp-image-14866 aligncenter\" src=\"https:\/\/elcalaixetdelaiaia.es\/wp-content\/uploads\/2017\/11\/IMG_8901-1024x768.jpg\" alt=\"\" width=\"750\" height=\"563\" srcset=\"https:\/\/elcalaixetdelaiaia.es\/wp-content\/uploads\/2017\/11\/IMG_8901-1024x768.jpg 1024w, https:\/\/elcalaixetdelaiaia.es\/wp-content\/uploads\/2017\/11\/IMG_8901-300x225.jpg 300w, https:\/\/elcalaixetdelaiaia.es\/wp-content\/uploads\/2017\/11\/IMG_8901-768x576.jpg 768w\" sizes=\"(max-width: 750px) 100vw, 750px\" \/><\/p>\n<p style=\"text-align: center;\">con pimienta negra reci\u00e9n molida<\/p>\n<p><img decoding=\"async\" loading=\"lazy\" class=\"size-large wp-image-14864 aligncenter\" src=\"https:\/\/elcalaixetdelaiaia.es\/wp-content\/uploads\/2017\/11\/IMG_8899-1024x768.jpg\" alt=\"\" width=\"750\" height=\"563\" srcset=\"https:\/\/elcalaixetdelaiaia.es\/wp-content\/uploads\/2017\/11\/IMG_8899-1024x768.jpg 1024w, https:\/\/elcalaixetdelaiaia.es\/wp-content\/uploads\/2017\/11\/IMG_8899-300x225.jpg 300w, https:\/\/elcalaixetdelaiaia.es\/wp-content\/uploads\/2017\/11\/IMG_8899-768x576.jpg 768w\" sizes=\"(max-width: 750px) 100vw, 750px\" \/><\/p>\n<p style=\"text-align: center;\">Mezclaremos en un bol, el mismo peso de az\u00facar y de sal marina gruesa<\/p>\n<p><img decoding=\"async\" loading=\"lazy\" class=\"size-large wp-image-14865 aligncenter\" src=\"https:\/\/elcalaixetdelaiaia.es\/wp-content\/uploads\/2017\/11\/IMG_8900-1024x768.jpg\" alt=\"\" width=\"750\" height=\"563\" srcset=\"https:\/\/elcalaixetdelaiaia.es\/wp-content\/uploads\/2017\/11\/IMG_8900-1024x768.jpg 1024w, https:\/\/elcalaixetdelaiaia.es\/wp-content\/uploads\/2017\/11\/IMG_8900-300x225.jpg 300w, https:\/\/elcalaixetdelaiaia.es\/wp-content\/uploads\/2017\/11\/IMG_8900-768x576.jpg 768w\" sizes=\"(max-width: 750px) 100vw, 750px\" \/><\/p>\n<p style=\"text-align: center;\">en mi caso, los magrets pesan 430 g. as\u00ed que 430g de az\u00facar y 430g de sal que mezclaremos bien<\/p>\n<p><img decoding=\"async\" loading=\"lazy\" class=\"size-large wp-image-14867 aligncenter\" src=\"https:\/\/elcalaixetdelaiaia.es\/wp-content\/uploads\/2017\/11\/IMG_8902-1024x768.jpg\" alt=\"\" width=\"750\" height=\"563\" srcset=\"https:\/\/elcalaixetdelaiaia.es\/wp-content\/uploads\/2017\/11\/IMG_8902-1024x768.jpg 1024w, https:\/\/elcalaixetdelaiaia.es\/wp-content\/uploads\/2017\/11\/IMG_8902-300x225.jpg 300w, https:\/\/elcalaixetdelaiaia.es\/wp-content\/uploads\/2017\/11\/IMG_8902-768x576.jpg 768w\" sizes=\"(max-width: 750px) 100vw, 750px\" \/><\/p>\n<p style=\"text-align: center;\">colocaremos al fondo del recipiente la mitad de mezcla de sal y az\u00facar<\/p>\n<p><img decoding=\"async\" loading=\"lazy\" class=\"size-large wp-image-14868 aligncenter\" src=\"https:\/\/elcalaixetdelaiaia.es\/wp-content\/uploads\/2017\/11\/IMG_8903-1024x754.jpg\" alt=\"\" width=\"750\" height=\"552\" srcset=\"https:\/\/elcalaixetdelaiaia.es\/wp-content\/uploads\/2017\/11\/IMG_8903-1024x754.jpg 1024w, https:\/\/elcalaixetdelaiaia.es\/wp-content\/uploads\/2017\/11\/IMG_8903-300x221.jpg 300w, https:\/\/elcalaixetdelaiaia.es\/wp-content\/uploads\/2017\/11\/IMG_8903-768x566.jpg 768w\" sizes=\"(max-width: 750px) 100vw, 750px\" \/><\/p>\n<p style=\"text-align: center;\">sobre ella pondremos los magrets y haremos presi\u00f3n con las manos<\/p>\n<p><img decoding=\"async\" loading=\"lazy\" class=\"size-large wp-image-14869 aligncenter\" src=\"https:\/\/elcalaixetdelaiaia.es\/wp-content\/uploads\/2017\/11\/IMG_8904-1024x793.jpg\" alt=\"\" width=\"750\" height=\"581\" srcset=\"https:\/\/elcalaixetdelaiaia.es\/wp-content\/uploads\/2017\/11\/IMG_8904-1024x793.jpg 1024w, https:\/\/elcalaixetdelaiaia.es\/wp-content\/uploads\/2017\/11\/IMG_8904-300x232.jpg 300w, https:\/\/elcalaixetdelaiaia.es\/wp-content\/uploads\/2017\/11\/IMG_8904-768x595.jpg 768w\" sizes=\"(max-width: 750px) 100vw, 750px\" \/><\/p>\n<p style=\"text-align: center;\">cubriremos con el resto de la sal, y volveremos a presionar<\/p>\n<p><img decoding=\"async\" loading=\"lazy\" class=\"size-large wp-image-14870 aligncenter\" src=\"https:\/\/elcalaixetdelaiaia.es\/wp-content\/uploads\/2017\/11\/IMG_8905-1024x768.jpg\" alt=\"\" width=\"750\" height=\"563\" srcset=\"https:\/\/elcalaixetdelaiaia.es\/wp-content\/uploads\/2017\/11\/IMG_8905-1024x768.jpg 1024w, https:\/\/elcalaixetdelaiaia.es\/wp-content\/uploads\/2017\/11\/IMG_8905-300x225.jpg 300w, https:\/\/elcalaixetdelaiaia.es\/wp-content\/uploads\/2017\/11\/IMG_8905-768x576.jpg 768w\" sizes=\"(max-width: 750px) 100vw, 750px\" \/><\/p>\n<p style=\"text-align: center;\">cerraremos herm\u00e9ticamente y mantendremos durante 20 d\u00edas en el frigo, en la parte menos fr\u00eda del mismo<\/p>\n<p><img decoding=\"async\" loading=\"lazy\" class=\"size-large wp-image-14871 aligncenter\" src=\"https:\/\/elcalaixetdelaiaia.es\/wp-content\/uploads\/2017\/11\/IMG_9085-1024x762.jpg\" alt=\"\" width=\"750\" height=\"558\" srcset=\"https:\/\/elcalaixetdelaiaia.es\/wp-content\/uploads\/2017\/11\/IMG_9085-1024x762.jpg 1024w, https:\/\/elcalaixetdelaiaia.es\/wp-content\/uploads\/2017\/11\/IMG_9085-300x223.jpg 300w, https:\/\/elcalaixetdelaiaia.es\/wp-content\/uploads\/2017\/11\/IMG_9085-768x571.jpg 768w\" sizes=\"(max-width: 750px) 100vw, 750px\" \/><\/p>\n<p style=\"text-align: center;\">una vez pasado el tiempo de curaci\u00f3n lo sacaremos de la nevera<\/p>\n<p><img decoding=\"async\" loading=\"lazy\" class=\"size-large wp-image-14872 aligncenter\" src=\"https:\/\/elcalaixetdelaiaia.es\/wp-content\/uploads\/2017\/11\/IMG_9086-1024x768.jpg\" alt=\"\" width=\"750\" height=\"563\" srcset=\"https:\/\/elcalaixetdelaiaia.es\/wp-content\/uploads\/2017\/11\/IMG_9086-1024x768.jpg 1024w, https:\/\/elcalaixetdelaiaia.es\/wp-content\/uploads\/2017\/11\/IMG_9086-300x225.jpg 300w, https:\/\/elcalaixetdelaiaia.es\/wp-content\/uploads\/2017\/11\/IMG_9086-768x576.jpg 768w\" sizes=\"(max-width: 750px) 100vw, 750px\" \/><\/p>\n<p style=\"text-align: center;\">enjuagaremos a bajo el chorro del agua<\/p>\n<p><img decoding=\"async\" loading=\"lazy\" class=\"size-large wp-image-14873 aligncenter\" src=\"https:\/\/elcalaixetdelaiaia.es\/wp-content\/uploads\/2017\/11\/IMG_9087-1024x768.jpg\" alt=\"\" width=\"750\" height=\"563\" srcset=\"https:\/\/elcalaixetdelaiaia.es\/wp-content\/uploads\/2017\/11\/IMG_9087-1024x768.jpg 1024w, https:\/\/elcalaixetdelaiaia.es\/wp-content\/uploads\/2017\/11\/IMG_9087-300x225.jpg 300w, https:\/\/elcalaixetdelaiaia.es\/wp-content\/uploads\/2017\/11\/IMG_9087-768x576.jpg 768w\" sizes=\"(max-width: 750px) 100vw, 750px\" \/><\/p>\n<p style=\"text-align: center;\">y secaremos con papel de cocina absorbente<\/p>\n<p><img decoding=\"async\" loading=\"lazy\" class=\"size-large wp-image-14875 aligncenter\" src=\"https:\/\/elcalaixetdelaiaia.es\/wp-content\/uploads\/2017\/11\/IMG_9089-1024x768.jpg\" alt=\"\" width=\"750\" height=\"563\" srcset=\"https:\/\/elcalaixetdelaiaia.es\/wp-content\/uploads\/2017\/11\/IMG_9089-1024x768.jpg 1024w, https:\/\/elcalaixetdelaiaia.es\/wp-content\/uploads\/2017\/11\/IMG_9089-300x225.jpg 300w, https:\/\/elcalaixetdelaiaia.es\/wp-content\/uploads\/2017\/11\/IMG_9089-768x576.jpg 768w\" sizes=\"(max-width: 750px) 100vw, 750px\" \/><\/p>\n<p style=\"text-align: center;\">recortaremos los excesos de piel si tiene<\/p>\n<p><img decoding=\"async\" loading=\"lazy\" class=\"size-large wp-image-14877 aligncenter\" src=\"https:\/\/elcalaixetdelaiaia.es\/wp-content\/uploads\/2017\/11\/IMG_9091-1024x768.jpg\" alt=\"\" width=\"750\" height=\"563\" srcset=\"https:\/\/elcalaixetdelaiaia.es\/wp-content\/uploads\/2017\/11\/IMG_9091-1024x768.jpg 1024w, https:\/\/elcalaixetdelaiaia.es\/wp-content\/uploads\/2017\/11\/IMG_9091-300x225.jpg 300w, https:\/\/elcalaixetdelaiaia.es\/wp-content\/uploads\/2017\/11\/IMG_9091-768x576.jpg 768w\" sizes=\"(max-width: 750px) 100vw, 750px\" \/><\/p>\n<p style=\"text-align: center;\">Fregaremos y secaremos muy bien el recipiente y pondremos en el fondo un trapo limpio<img decoding=\"async\" loading=\"lazy\" class=\"size-large wp-image-14878 aligncenter\" src=\"https:\/\/elcalaixetdelaiaia.es\/wp-content\/uploads\/2017\/11\/IMG_9092-1024x768.jpg\" alt=\"\" width=\"750\" height=\"563\" srcset=\"https:\/\/elcalaixetdelaiaia.es\/wp-content\/uploads\/2017\/11\/IMG_9092-1024x768.jpg 1024w, https:\/\/elcalaixetdelaiaia.es\/wp-content\/uploads\/2017\/11\/IMG_9092-300x225.jpg 300w, https:\/\/elcalaixetdelaiaia.es\/wp-content\/uploads\/2017\/11\/IMG_9092-768x576.jpg 768w\" sizes=\"(max-width: 750px) 100vw, 750px\" \/><\/p>\n<p style=\"text-align: center;\">haremos un paquete con el trapo, cerraremos herm\u00e9ticamente, y lo dejaremos secar de nuevo en el frigo en la parte menos fr\u00eda, \u00e9sta vez durante dos semanas. Pasados quince d\u00edas, sacaremos los magrets, haremos un orificio en un extremo de cada uno, pasaremos una cuerda de algod\u00f3n y los dejaremos una semana mas, colgados en un sitio fresco y ventilado.<\/p>\n<p><img decoding=\"async\" loading=\"lazy\" class=\"size-large wp-image-14879 aligncenter\" src=\"https:\/\/elcalaixetdelaiaia.es\/wp-content\/uploads\/2017\/11\/IMG_9240-1024x768.jpg\" alt=\"\" width=\"750\" height=\"563\" srcset=\"https:\/\/elcalaixetdelaiaia.es\/wp-content\/uploads\/2017\/11\/IMG_9240-1024x768.jpg 1024w, https:\/\/elcalaixetdelaiaia.es\/wp-content\/uploads\/2017\/11\/IMG_9240-300x225.jpg 300w, https:\/\/elcalaixetdelaiaia.es\/wp-content\/uploads\/2017\/11\/IMG_9240-768x576.jpg 768w\" sizes=\"(max-width: 750px) 100vw, 750px\" \/><\/p>\n<p style=\"text-align: center;\">a continuaci\u00f3n cortaremos los magrets en rodajitas muy finas,<\/p>\n<p><img decoding=\"async\" loading=\"lazy\" class=\"size-large wp-image-14880 aligncenter\" src=\"https:\/\/elcalaixetdelaiaia.es\/wp-content\/uploads\/2017\/11\/IMG_9241-1024x768.jpg\" alt=\"\" width=\"750\" height=\"563\" srcset=\"https:\/\/elcalaixetdelaiaia.es\/wp-content\/uploads\/2017\/11\/IMG_9241-1024x768.jpg 1024w, https:\/\/elcalaixetdelaiaia.es\/wp-content\/uploads\/2017\/11\/IMG_9241-300x225.jpg 300w, https:\/\/elcalaixetdelaiaia.es\/wp-content\/uploads\/2017\/11\/IMG_9241-768x576.jpg 768w\" sizes=\"(max-width: 750px) 100vw, 750px\" \/><\/p>\n<p style=\"text-align: center;\">si es posible con un cortafiambre, nos ser\u00e1 m\u00e1s f\u00e1cil. Si no puede ser, lo tendremos que hacer con un cuchillo bien afilado<\/p>\n<p><img decoding=\"async\" loading=\"lazy\" class=\"size-large wp-image-14881 aligncenter\" src=\"https:\/\/elcalaixetdelaiaia.es\/wp-content\/uploads\/2017\/11\/IMG_9242-1024x768.jpg\" alt=\"\" width=\"750\" height=\"563\" srcset=\"https:\/\/elcalaixetdelaiaia.es\/wp-content\/uploads\/2017\/11\/IMG_9242-1024x768.jpg 1024w, https:\/\/elcalaixetdelaiaia.es\/wp-content\/uploads\/2017\/11\/IMG_9242-300x225.jpg 300w, https:\/\/elcalaixetdelaiaia.es\/wp-content\/uploads\/2017\/11\/IMG_9242-768x576.jpg 768w\" sizes=\"(max-width: 750px) 100vw, 750px\" \/><\/p>\n<p style=\"text-align: center;\">en un tarro de cristal esterilizado, iremos poniendo las cortaditas<\/p>\n<p><img decoding=\"async\" loading=\"lazy\" class=\"size-large wp-image-14882 aligncenter\" src=\"https:\/\/elcalaixetdelaiaia.es\/wp-content\/uploads\/2017\/11\/IMG_9245-1024x768.jpg\" alt=\"\" width=\"750\" height=\"563\" srcset=\"https:\/\/elcalaixetdelaiaia.es\/wp-content\/uploads\/2017\/11\/IMG_9245-1024x768.jpg 1024w, https:\/\/elcalaixetdelaiaia.es\/wp-content\/uploads\/2017\/11\/IMG_9245-300x225.jpg 300w, https:\/\/elcalaixetdelaiaia.es\/wp-content\/uploads\/2017\/11\/IMG_9245-768x576.jpg 768w\" sizes=\"(max-width: 750px) 100vw, 750px\" \/><\/p>\n<p style=\"text-align: center;\">\u00bfv\u00e9is esos puntitos blancos? pues no es que se nos ha puesto malo el jam\u00f3n de pato, muy al contrario porque se llama tirosina y es un amino\u00e1cido que forma\u00a0 cristales sobre la parte aireada y oxigenada del jam\u00f3n, tambi\u00e9n del ib\u00e9rico de bellota. De la misma forma que ocurre bajo el mismo patr\u00f3n en cada calidad y tipo del jam\u00f3n ib\u00e9rico: El jam\u00f3n ib\u00e9rico de cebo, el jam\u00f3n ib\u00e9rico de cebo de campo o en el caso del jam\u00f3n ib\u00e9rico de recebo.<\/p>\n<p style=\"text-align: center;\">La tirosina se degrada sin consecuencias para la salud al descomponerse las prote\u00ednas. M\u00e1s que ofrecer una imagen de pudrici\u00f3n y descomposici\u00f3n de la carne, los cristales de tirosina lo que muestran, es que la curaci\u00f3n del jam\u00f3n ha sido adecuada, as\u00ed que ya veis que maravilla \ud83d\ude09<\/p>\n<p><img decoding=\"async\" loading=\"lazy\" class=\"size-large wp-image-14883 aligncenter\" src=\"https:\/\/elcalaixetdelaiaia.es\/wp-content\/uploads\/2017\/11\/IMG_9246-1024x768.jpg\" alt=\"\" width=\"750\" height=\"563\" srcset=\"https:\/\/elcalaixetdelaiaia.es\/wp-content\/uploads\/2017\/11\/IMG_9246-1024x768.jpg 1024w, https:\/\/elcalaixetdelaiaia.es\/wp-content\/uploads\/2017\/11\/IMG_9246-300x225.jpg 300w, https:\/\/elcalaixetdelaiaia.es\/wp-content\/uploads\/2017\/11\/IMG_9246-768x576.jpg 768w\" sizes=\"(max-width: 750px) 100vw, 750px\" \/><\/p>\n<p style=\"text-align: center;\">\u00a0Cubriremos con aceite de oliva virgen, paparemos y dejaremos en el aceite como m\u00ednimo un par de d\u00edas<\/p>\n<p><img decoding=\"async\" loading=\"lazy\" class=\"size-large wp-image-14856 aligncenter\" src=\"https:\/\/elcalaixetdelaiaia.es\/wp-content\/uploads\/2017\/11\/IMG_0866-2-1024x768.jpg\" alt=\"\" width=\"750\" height=\"563\" srcset=\"https:\/\/elcalaixetdelaiaia.es\/wp-content\/uploads\/2017\/11\/IMG_0866-2-1024x768.jpg 1024w, https:\/\/elcalaixetdelaiaia.es\/wp-content\/uploads\/2017\/11\/IMG_0866-2-300x225.jpg 300w, https:\/\/elcalaixetdelaiaia.es\/wp-content\/uploads\/2017\/11\/IMG_0866-2-768x576.jpg 768w\" sizes=\"(max-width: 750px) 100vw, 750px\" \/><\/p>\n<div style=\"text-align: center;\">y ya podemos disfrutar de un jam\u00f3n especial,<\/div>\n<div><\/div>\n<div><img decoding=\"async\" loading=\"lazy\" class=\"size-large wp-image-14857 aligncenter\" src=\"https:\/\/elcalaixetdelaiaia.es\/wp-content\/uploads\/2017\/11\/IMG_0877-1024x768.jpg\" alt=\"\" width=\"750\" height=\"563\" srcset=\"https:\/\/elcalaixetdelaiaia.es\/wp-content\/uploads\/2017\/11\/IMG_0877-1024x768.jpg 1024w, https:\/\/elcalaixetdelaiaia.es\/wp-content\/uploads\/2017\/11\/IMG_0877-300x225.jpg 300w, https:\/\/elcalaixetdelaiaia.es\/wp-content\/uploads\/2017\/11\/IMG_0877-768x576.jpg 768w\" sizes=\"(max-width: 750px) 100vw, 750px\" \/><\/div>\n<div><\/div>\n<div style=\"text-align: center;\"><\/div>\n<div style=\"text-align: center;\">hecho en casa, rico y barato<\/div>\n<div><\/div>\n<div><\/div>\n<div><img decoding=\"async\" loading=\"lazy\" class=\"size-large wp-image-14855 aligncenter\" src=\"https:\/\/elcalaixetdelaiaia.es\/wp-content\/uploads\/2017\/11\/IMG_0865-1024x768.jpg\" alt=\"\" width=\"750\" height=\"563\" srcset=\"https:\/\/elcalaixetdelaiaia.es\/wp-content\/uploads\/2017\/11\/IMG_0865-1024x768.jpg 1024w, https:\/\/elcalaixetdelaiaia.es\/wp-content\/uploads\/2017\/11\/IMG_0865-300x225.jpg 300w, https:\/\/elcalaixetdelaiaia.es\/wp-content\/uploads\/2017\/11\/IMG_0865-768x576.jpg 768w\" sizes=\"(max-width: 750px) 100vw, 750px\" \/><\/div>\n<div><\/div>\n<div><\/div>\n<div style=\"text-align: center;\">que podremos mantener, siempre que el bote est\u00e9 bien cerrado y cubiertas completamente de aceite las cortaditas.<\/div>\n<div><\/div>\n<div><\/div>\n<div><img decoding=\"async\" loading=\"lazy\" class=\"size-large wp-image-14854 aligncenter\" src=\"https:\/\/elcalaixetdelaiaia.es\/wp-content\/uploads\/2017\/11\/IMG_0864-1024x768.jpg\" alt=\"\" width=\"750\" height=\"563\" srcset=\"https:\/\/elcalaixetdelaiaia.es\/wp-content\/uploads\/2017\/11\/IMG_0864-1024x768.jpg 1024w, https:\/\/elcalaixetdelaiaia.es\/wp-content\/uploads\/2017\/11\/IMG_0864-300x225.jpg 300w, https:\/\/elcalaixetdelaiaia.es\/wp-content\/uploads\/2017\/11\/IMG_0864-768x576.jpg 768w\" sizes=\"(max-width: 750px) 100vw, 750px\" \/><\/div>\n<div><\/div>\n<div style=\"text-align: center;\">\u00a0\u00bb A la taula i&#8230;&#8230;BON PROFIT!!!\u00bb<\/div>\n<p style=\"text-align: center;\">\u00a0\u00a0\u00a0\u00a0\u00a0\u00a0\u00a0\u00a0\u00a0\u00a0\u00a0 Espero vuestro comentarios que para mi son MUY importantes y recordad que tambi\u00e9n estoy en Facebook <a href=\"https:\/\/www.facebook.com\/El-calaixet-de-la-iaia-533062140099386\/\">https:\/\/www.facebook.com\/El-calaixet-de-la-iaia-533062140099386\/<\/a><\/p>\n","protected":false},"excerpt":{"rendered":"<p>\u00abRefrany; Qui sala pel mar\u00e7 i per l&#8217;abril, perd la sal i el pernil\u00bb Quien sala por marzo y por abril, pierde la sal y el jam\u00f3n. En las revistas que me trae cada a\u00f1o mi fisio y amigo, V\u00edctor Michelle cuando viene de Francia, encuentro en los apartados de &hellip; <\/p>\n","protected":false},"author":2,"featured_media":14858,"comment_status":"open","ping_status":"open","sticky":false,"template":"","format":"standard","meta":[],"categories":[12,1],"tags":[],"_links":{"self":[{"href":"https:\/\/elcalaixetdelaiaia.es\/index.php?rest_route=\/wp\/v2\/posts\/34"}],"collection":[{"href":"https:\/\/elcalaixetdelaiaia.es\/index.php?rest_route=\/wp\/v2\/posts"}],"about":[{"href":"https:\/\/elcalaixetdelaiaia.es\/index.php?rest_route=\/wp\/v2\/types\/post"}],"author":[{"embeddable":true,"href":"https:\/\/elcalaixetdelaiaia.es\/index.php?rest_route=\/wp\/v2\/users\/2"}],"replies":[{"embeddable":true,"href":"https:\/\/elcalaixetdelaiaia.es\/index.php?rest_route=%2Fwp%2Fv2%2Fcomments&post=34"}],"version-history":[{"count":15,"href":"https:\/\/elcalaixetdelaiaia.es\/index.php?rest_route=\/wp\/v2\/posts\/34\/revisions"}],"predecessor-version":[{"id":14898,"href":"https:\/\/elcalaixetdelaiaia.es\/index.php?rest_route=\/wp\/v2\/posts\/34\/revisions\/14898"}],"wp:featuredmedia":[{"embeddable":true,"href":"https:\/\/elcalaixetdelaiaia.es\/index.php?rest_route=\/wp\/v2\/media\/14858"}],"wp:attachment":[{"href":"https:\/\/elcalaixetdelaiaia.es\/index.php?rest_route=%2Fwp%2Fv2%2Fmedia&parent=34"}],"wp:term":[{"taxonomy":"category","embeddable":true,"href":"https:\/\/elcalaixetdelaiaia.es\/index.php?rest_route=%2Fwp%2Fv2%2Fcategories&post=34"},{"taxonomy":"post_tag","embeddable":true,"href":"https:\/\/elcalaixetdelaiaia.es\/index.php?rest_route=%2Fwp%2Fv2%2Ftags&post=34"}],"curies":[{"name":"wp","href":"https:\/\/api.w.org\/{rel}","templated":true}]}}