{"id":309,"date":"2016-06-12T09:16:00","date_gmt":"2016-06-12T09:16:00","guid":{"rendered":"http:\/\/elcalaixetdelaiaia.es\/cazuela-de-fideos-la-marinera-paso-paso"},"modified":"2023-05-11T12:37:38","modified_gmt":"2023-05-11T12:37:38","slug":"cazuela-de-fideos-la-marinera-paso-paso","status":"publish","type":"post","link":"https:\/\/elcalaixetdelaiaia.es\/?p=309","title":{"rendered":"Cazuela de fideos a la marinera paso a paso foto a foto"},"content":{"rendered":"<p>\u00abRefrany;<br \/>\nAra que n&#8217;hi ha, mengem-ne\u00bb\u00a0 Ahora que hay, comamos.<\/p>\n<p>Hoy no sab\u00eda que hacer de comida, es domingo, pero no estaba planeado estar, ni comer en casa.\u00a0 Anoche, a \u00faltima hora, nos suspendieron la sesi\u00f3n de quimio programada para hoy, domingo, y nos mandaron para casa, as\u00ed que bien&#8230; pero mal&#8230;<\/p>\n<div class=\"separator\" style=\"clear: both; text-align: center;\"><a style=\"margin-left: 1em; margin-right: 1em;\" href=\"https:\/\/3.bp.blogspot.com\/-2VcKcoWIVq4\/V1xrIHj-yTI\/AAAAAAAAkpc\/4Dejnzd9ZCo4mmYixo5N3AK-ZVTgySWgQCKgB\/s1600\/IMG_0780.PNG\"><img decoding=\"async\" loading=\"lazy\" src=\"https:\/\/elcalaixetdelaiaia.es\/wp-content\/uploads\/2016\/06\/IMG_0780-1.png\" width=\"640\" height=\"480\" border=\"0\" \/><\/a><\/div>\n<p>c\u00f3mo no queda otra que reponerse en casita tranquilamente, a esperar la llamada de los m\u00e9dicos, y mi chico no est\u00e1 para comer fuera, paso revista al congelador y veo que hay un riqu\u00edsimo caldo de morralla y cabezas de langostinos, unas \u00abcl\u00f2txines\u00bb que compr\u00e9 el otro d\u00eda y como mi marid\u00edn no ten\u00eda ganas de comer, los hice al vapor y los congel\u00e9, unas gambas, y como nos encantan los fideos a la cazuela, y tengo algunas verduras en el frigo&#8230; improvisar\u00e9 unos con lo que tengo en casa.<\/p>\n<p>Como siempre en mis recetas de pescado y marisco, (yo tirando para casa) os recomiendo que si vais al Mercat de Russafa en Val\u00e8ncia, compr\u00e9is estos productos en los puestos 36\/42, mi querida sobrina Elena y su marido Pepe os atender\u00e1n con total profesionalidad y simpat\u00eda, aparte de que sus productos son de lo m\u00e1s frescos y de grand\u00edsima calidad.<\/p>\n<div class=\"separator\" style=\"clear: both; text-align: center;\"><a style=\"margin-left: 1em; margin-right: 1em;\" href=\"https:\/\/4.bp.blogspot.com\/-kJBj7TC022k\/V1xnSM1YEcI\/AAAAAAAAkpI\/NSPiAwdqNTg923CK1MoaIVOOB3SpAzObACKgB\/s1600\/IMG_0781.PNG\"><img decoding=\"async\" loading=\"lazy\" src=\"https:\/\/elcalaixetdelaiaia.es\/wp-content\/uploads\/2016\/06\/IMG_0781-1.png\" width=\"640\" height=\"480\" border=\"0\" \/><\/a><\/div>\n<p>Necesitaremos para dos comensales;<\/p>\n<div class=\"separator\" style=\"clear: both; text-align: center;\"><a style=\"margin-left: 1em; margin-right: 1em;\" href=\"https:\/\/2.bp.blogspot.com\/-LeHXQhZg0Uw\/V1xl00QilVI\/AAAAAAAAkoA\/uB4TYcJ9iu4MLUzDab9JOETo3Wrp30HyACKgB\/s1600\/IMG_0763.PNG\"><img decoding=\"async\" loading=\"lazy\" src=\"https:\/\/elcalaixetdelaiaia.es\/wp-content\/uploads\/2016\/06\/IMG_0763-1.png\" width=\"640\" height=\"480\" border=\"0\" \/><\/a><\/div>\n<ol>\n<li>200g de fideos gruesos<\/li>\n<li>600ml de fumet o caldo de pescado<\/li>\n<li>100g de carne de mejillones (ya sin c\u00e1scara)<\/li>\n<li>150g de gambas peladas<\/li>\n<li>\u00a0Un cuarto de un puerro<\/li>\n<li>Un cuarto de una cebolleta<\/li>\n<li>Un diente de ajo<\/li>\n<li>Un cuarto de un pimiento rojo<\/li>\n<li>Un cuarto de un pimiento verde<\/li>\n<li>Un tomate maduro<\/li>\n<li>\u00a0Piment\u00f3n de la Vera<\/li>\n<li>Azafr\u00e1n tostado y molido o preparado para paella con azafr\u00e1n<\/li>\n<li>Aceite de oliva<\/li>\n<li>Sal<\/li>\n<\/ol>\n<p>Antes de continuar, quiero aclararos que \u00e9sto NO es una Fideu\u00e1, para nada, es un plato inventado, con lo que ten\u00eda en casa, que nos encant\u00f3 y comparto con vosotros.<\/p>\n<p>Comenzaremos preparando los mejillones o cl\u00f3chinas al vapor como aqu\u00ed; <a href=\"https:\/\/elcalaixetdelaiaia.es\/?p=968\">https:\/\/elcalaixetdelaiaia.es\/?p=968<\/a><br \/>\nY un fondo de pescado o fumet, como aqu\u00ed;<\/p>\n<p><a href=\"https:\/\/elcalaixetdelaiaia.es\/?p=977\">https:\/\/elcalaixetdelaiaia.es\/?p=977<\/a><br \/>\nal que a\u00f1adiremos las cabezas y las pieles de los cuerpos de las gamas, sofri\u00e9ndolas primero y aplastando las cabezas para que quede el jugo en el caldo.<\/p>\n<div class=\"separator\" style=\"clear: both; text-align: center;\"><a style=\"margin-left: 1em; margin-right: 1em;\" href=\"https:\/\/2.bp.blogspot.com\/-4_aqDXvvdVg\/V1xlqrJSkmI\/AAAAAAAAknc\/Eg1lvUjU1iAhGlWKjuCUroU_NrsvD7ydgCKgB\/s1600\/IMG_0764.PNG\"><img decoding=\"async\" loading=\"lazy\" src=\"https:\/\/elcalaixetdelaiaia.es\/wp-content\/uploads\/2016\/06\/IMG_0764-1.png\" width=\"640\" height=\"480\" border=\"0\" \/><\/a><\/div>\n<div><\/div>\n<div style=\"text-align: center;\">Pondremos el aceite a calentar en la cazuela, y sofreiremos ligeramente las gambas peladas, que luego se acabar\u00e1n de hacer junto a los fideos, y reservamos<\/div>\n<div style=\"text-align: center;\"><\/div>\n<div class=\"separator\" style=\"clear: both; text-align: center;\"><a style=\"margin-left: 1em; margin-right: 1em;\" href=\"https:\/\/4.bp.blogspot.com\/-xP5amyRxNR4\/V1xlytTymzI\/AAAAAAAAkoA\/zR9nAEXNQSUWhn4a1qSJ62wnQCjwlH-1ACKgB\/s1600\/IMG_0765.PNG\"><img decoding=\"async\" loading=\"lazy\" src=\"https:\/\/elcalaixetdelaiaia.es\/wp-content\/uploads\/2016\/06\/IMG_0765-1.png\" width=\"640\" height=\"480\" border=\"0\" \/><\/a><\/div>\n<div><\/div>\n<div style=\"text-align: center;\">Lo mismo haremos con los mejillones, solo daremos una vuelta puesto que ya est\u00e1n cocidos<\/div>\n<div style=\"text-align: center;\"><\/div>\n<div class=\"separator\" style=\"clear: both; text-align: center;\"><a style=\"margin-left: 1em; margin-right: 1em;\" href=\"https:\/\/2.bp.blogspot.com\/-8TrMsST6CMw\/V1xl_lGlO6I\/AAAAAAAAkoA\/chNiWeh7SMkazkv5A6uzPKWgLL2nWQtXgCKgB\/s1600\/IMG_0766.PNG\"><img decoding=\"async\" loading=\"lazy\" src=\"https:\/\/elcalaixetdelaiaia.es\/wp-content\/uploads\/2016\/06\/IMG_0766-1.png\" width=\"640\" height=\"480\" border=\"0\" \/><\/a><\/div>\n<div><\/div>\n<div style=\"text-align: center;\">Troceamos la cebolleta y el puerro y pondremos a pochar en el mismo aceite<\/div>\n<div style=\"text-align: center;\"><\/div>\n<div class=\"separator\" style=\"clear: both; text-align: center;\"><a style=\"margin-left: 1em; margin-right: 1em;\" href=\"https:\/\/3.bp.blogspot.com\/-4fu5eCihtCI\/V1xmE7NKPkI\/AAAAAAAAkoA\/KB4WfKz_Q2IVSMRxWwE2_lBuUIGudnQiACKgB\/s1600\/IMG_0767.PNG\"><img decoding=\"async\" loading=\"lazy\" src=\"https:\/\/elcalaixetdelaiaia.es\/wp-content\/uploads\/2016\/06\/IMG_0767-1.png\" width=\"640\" height=\"480\" border=\"0\" \/><\/a><\/div>\n<div><\/div>\n<div style=\"text-align: center;\">cuando se empiecen a ablandar, a\u00f1adiremos el pimiento rojo y el verde troceados<\/div>\n<div style=\"text-align: center;\"><\/div>\n<div class=\"separator\" style=\"clear: both; text-align: center;\"><a style=\"margin-left: 1em; margin-right: 1em;\" href=\"https:\/\/2.bp.blogspot.com\/-jVliYo0ZfhQ\/V1xmL7KtTkI\/AAAAAAAAkoc\/NOxL-b3bN3k19P0p9IWyPn9EZxS8SeV7QCKgB\/s1600\/IMG_0768.PNG\"><img decoding=\"async\" loading=\"lazy\" src=\"https:\/\/elcalaixetdelaiaia.es\/wp-content\/uploads\/2016\/06\/IMG_0768-1.png\" width=\"640\" height=\"480\" border=\"0\" \/><\/a><\/div>\n<div><\/div>\n<div style=\"text-align: center;\">una vez sofritos, a\u00f1adiremos el tomate y el ajo rallados<\/div>\n<div style=\"text-align: center;\"><\/div>\n<div class=\"separator\" style=\"clear: both; text-align: center;\"><a style=\"margin-left: 1em; margin-right: 1em;\" href=\"https:\/\/3.bp.blogspot.com\/-KaN8WFQBaM8\/V1xmU0RyJfI\/AAAAAAAAkoc\/MlaTW5eLBuQG_dTJVQkzGbHgCOSr0ysbwCKgB\/s1600\/IMG_0769.PNG\"><img decoding=\"async\" loading=\"lazy\" src=\"https:\/\/elcalaixetdelaiaia.es\/wp-content\/uploads\/2016\/06\/IMG_0769-1.png\" width=\"640\" height=\"480\" border=\"0\" \/><\/a><\/div>\n<div style=\"text-align: center;\"><\/div>\n<div style=\"text-align: center;\">cuando se evapore el agua del tomate, a\u00f1adiremos el piment\u00f3n de la Vera<\/div>\n<div><\/div>\n<div class=\"separator\" style=\"clear: both; text-align: center;\"><a style=\"margin-left: 1em; margin-right: 1em;\" href=\"https:\/\/1.bp.blogspot.com\/-kAgyS85t1pM\/V1xmZSksywI\/AAAAAAAAkoc\/PBveiCWNkg4n6Qu7v_2221gLxCOd0tO4gCKgB\/s1600\/IMG_0770.PNG\"><img decoding=\"async\" loading=\"lazy\" src=\"https:\/\/elcalaixetdelaiaia.es\/wp-content\/uploads\/2016\/06\/IMG_0770-1.png\" width=\"640\" height=\"480\" border=\"0\" \/><\/a><\/div>\n<div><\/div>\n<div style=\"text-align: center;\">y acto seguido los fideos para sofreirlos<\/div>\n<div style=\"text-align: center;\"><\/div>\n<div class=\"separator\" style=\"clear: both; text-align: center;\"><a style=\"margin-left: 1em; margin-right: 1em;\" href=\"https:\/\/3.bp.blogspot.com\/-c6kkACFsyw4\/V1xmgW4sS9I\/AAAAAAAAkow\/RXttyckN02cG6jO1c4S9tt7EeVY09cfdwCKgB\/s1600\/IMG_0771.PNG\"><img decoding=\"async\" loading=\"lazy\" src=\"https:\/\/elcalaixetdelaiaia.es\/wp-content\/uploads\/2016\/06\/IMG_0771-1.png\" width=\"640\" height=\"480\" border=\"0\" \/><\/a><\/div>\n<div><\/div>\n<div style=\"text-align: center;\">incorporamos las gambas y los mejillones<\/div>\n<div style=\"text-align: center;\"><\/div>\n<div class=\"separator\" style=\"clear: both; text-align: center;\"><a style=\"margin-left: 1em; margin-right: 1em;\" href=\"https:\/\/2.bp.blogspot.com\/-zJHPBWj8vms\/V1xmm0Iv73I\/AAAAAAAAkow\/eH9vgCMcuJkHCW6qVp0TOVMOAoBtQH4kwCKgB\/s1600\/IMG_0772.PNG\"><img decoding=\"async\" loading=\"lazy\" src=\"https:\/\/elcalaixetdelaiaia.es\/wp-content\/uploads\/2016\/06\/IMG_0772-1.png\" width=\"640\" height=\"480\" border=\"0\" \/><\/a><\/div>\n<div><\/div>\n<div style=\"text-align: center;\">y a\u00f1adimos el caldo de pescado y gambas<\/div>\n<div style=\"text-align: center;\"><\/div>\n<div class=\"separator\" style=\"clear: both; text-align: center;\"><a style=\"margin-left: 1em; margin-right: 1em;\" href=\"https:\/\/2.bp.blogspot.com\/-WTARcn9JdNw\/V1xmwulLTTI\/AAAAAAAAkpE\/plJddQ8IfxA9dnt3vB1g72K1pDH2tDOswCKgB\/s1600\/IMG_0773.PNG\"><img decoding=\"async\" loading=\"lazy\" src=\"https:\/\/elcalaixetdelaiaia.es\/wp-content\/uploads\/2016\/06\/IMG_0773-1.png\" width=\"640\" height=\"480\" border=\"0\" \/><\/a><\/div>\n<div><\/div>\n<div style=\"text-align: center;\">y el azafr\u00e1n tostado y molido\u00a0 o preparado de paella con azafr\u00e1n, rectificaremos de sal<\/div>\n<div style=\"text-align: center;\"><\/div>\n<div class=\"separator\" style=\"clear: both; text-align: center;\"><a style=\"margin-left: 1em; margin-right: 1em;\" href=\"https:\/\/1.bp.blogspot.com\/-px7zuF4EzNU\/V1xm3DM4FbI\/AAAAAAAAkpE\/peTLKjBYL40yaP5TRMT3w3mJn73Q_2WewCKgB\/s1600\/IMG_0774.PNG\"><img decoding=\"async\" loading=\"lazy\" src=\"https:\/\/elcalaixetdelaiaia.es\/wp-content\/uploads\/2016\/06\/IMG_0774-1.png\" width=\"640\" height=\"480\" border=\"0\" \/><\/a><\/div>\n<div><\/div>\n<div style=\"text-align: center;\">y cuando comience a hervir, bajaremos a fuego medio y dejaremos as\u00ed diez minutos<\/div>\n<div style=\"text-align: center;\"><\/div>\n<div class=\"separator\" style=\"clear: both; text-align: center;\"><a style=\"margin-left: 1em; margin-right: 1em;\" href=\"https:\/\/4.bp.blogspot.com\/-O6RbK4XeyCo\/V1xm78vfodI\/AAAAAAAAkpI\/JLHm_dOjGXQ31GyNz6m4z30xhpgHb-g7wCKgB\/s1600\/IMG_0775.PNG\"><img decoding=\"async\" loading=\"lazy\" src=\"https:\/\/elcalaixetdelaiaia.es\/wp-content\/uploads\/2016\/06\/IMG_0775-1.png\" width=\"640\" height=\"480\" border=\"0\" \/><\/a><\/div>\n<div><\/div>\n<div style=\"text-align: center;\">podemos comer caldositos<\/div>\n<div style=\"text-align: center;\"><\/div>\n<div class=\"separator\" style=\"clear: both; text-align: center;\"><a style=\"margin-left: 1em; margin-right: 1em;\" href=\"https:\/\/2.bp.blogspot.com\/-zv_jnCqetEs\/V1xnD1PremI\/AAAAAAAAkpI\/nSSoZkJoDxUWhXrEObpFDsQR3KnCx9mxgCKgB\/s1600\/IMG_0776.PNG\"><img decoding=\"async\" loading=\"lazy\" src=\"https:\/\/elcalaixetdelaiaia.es\/wp-content\/uploads\/2016\/06\/IMG_0776-1.png\" width=\"640\" height=\"480\" border=\"0\" \/><\/a><\/div>\n<div style=\"text-align: center;\"><\/div>\n<div style=\"text-align: center;\">\u00a0o secos<\/div>\n<div style=\"text-align: center;\"><\/div>\n<div class=\"separator\" style=\"clear: both; text-align: center;\"><a style=\"margin-left: 1em; margin-right: 1em;\" href=\"https:\/\/2.bp.blogspot.com\/-h_dx6k3bRcs\/V1xnHxpKv_I\/AAAAAAAAkpI\/RIjl6X36_7oq1y2K-TQgVnRNppXDneNjwCKgB\/s1600\/IMG_0777.PNG\"><img decoding=\"async\" loading=\"lazy\" src=\"https:\/\/elcalaixetdelaiaia.es\/wp-content\/uploads\/2016\/06\/IMG_0777-1.png\" width=\"640\" height=\"480\" border=\"0\" \/><\/a><\/div>\n<div><\/div>\n<div style=\"text-align: center;\">\u00e9so ya al gusto del consumidor<\/div>\n<div style=\"text-align: center;\"><\/div>\n<div class=\"separator\" style=\"clear: both; text-align: center;\"><a style=\"margin-left: 1em; margin-right: 1em;\" href=\"https:\/\/1.bp.blogspot.com\/-ATYJrHhkCFw\/V1xnROawQ9I\/AAAAAAAAkpI\/aiBe13axZiIeNrvlOctmqkwdE0uuL_MwACKgB\/s1600\/IMG_0782.PNG\"><img decoding=\"async\" loading=\"lazy\" src=\"https:\/\/elcalaixetdelaiaia.es\/wp-content\/uploads\/2016\/06\/IMG_0782-1.png\" width=\"640\" height=\"520\" border=\"0\" \/><\/a><\/div>\n<div style=\"text-align: center;\">espolvoreamos con un poquito de perejil, y a\u00f1adiremos un buen chorrit\u00f3n de lim\u00f3n<\/div>\n<div class=\"separator\" style=\"clear: both; text-align: center;\"><a style=\"margin-left: 1em; margin-right: 1em;\" href=\"https:\/\/2.bp.blogspot.com\/-hnIbRGDfcn8\/V1xqsSJ12ZI\/AAAAAAAAkpM\/IW9Ew-NQKRAf_WuqT2vuPlG3ANdcZ_RbgCKgB\/s1600\/IMG_0779.PNG\"><img decoding=\"async\" loading=\"lazy\" class=\"aligncenter\" src=\"https:\/\/elcalaixetdelaiaia.es\/wp-content\/uploads\/2016\/06\/IMG_0779-1.png\" width=\"640\" height=\"480\" border=\"0\" \/><\/a><\/div>\n<div style=\"text-align: center;\">al final, improvisando y que plato maaaas ricoooo<\/div>\n<div>\n<div>\u00abA la taula i&#8230; BON PROFIT!!!\u00bb<\/div>\n<div>Si te gusta \u00e9sta entrada, puedes compartirla. Gracias por hacerlo.Espero tus comentarios que para mi son MUY importantes y recuerda que tambi\u00e9n estoy en Facebook <a href=\"https:\/\/www.facebook.com\/El-calaixet-de-la-iaia-533062140099386\/\">https:\/\/www.facebook.com\/El-calaixet-de-la-iaia-533062140099386\/<\/a><\/div>\n<div>\n<div>Si quieres recibir mis actualizaciones por mail, al final de \u00e9sta p\u00e1gina a la izquierda tienes como hacer para introducir tu correo electr\u00f3nico y no perderte las actualizaciones de mis recetas \u00a1Gracias!<\/div>\n<\/div>\n<\/div>\n","protected":false},"excerpt":{"rendered":"<p>\u00abRefrany; Ara que n&#8217;hi ha, mengem-ne\u00bb\u00a0 Ahora que hay, comamos. Hoy no sab\u00eda que hacer de comida, es domingo, pero no estaba planeado estar, ni comer en casa.\u00a0 Anoche, a \u00faltima hora, nos suspendieron la sesi\u00f3n de quimio programada para hoy, domingo, y nos mandaron para casa, as\u00ed que bien&#8230; &hellip; <\/p>\n","protected":false},"author":2,"featured_media":4602,"comment_status":"open","ping_status":"open","sticky":false,"template":"","format":"standard","meta":[],"categories":[14,37,1],"tags":[],"_links":{"self":[{"href":"https:\/\/elcalaixetdelaiaia.es\/index.php?rest_route=\/wp\/v2\/posts\/309"}],"collection":[{"href":"https:\/\/elcalaixetdelaiaia.es\/index.php?rest_route=\/wp\/v2\/posts"}],"about":[{"href":"https:\/\/elcalaixetdelaiaia.es\/index.php?rest_route=\/wp\/v2\/types\/post"}],"author":[{"embeddable":true,"href":"https:\/\/elcalaixetdelaiaia.es\/index.php?rest_route=\/wp\/v2\/users\/2"}],"replies":[{"embeddable":true,"href":"https:\/\/elcalaixetdelaiaia.es\/index.php?rest_route=%2Fwp%2Fv2%2Fcomments&post=309"}],"version-history":[{"count":9,"href":"https:\/\/elcalaixetdelaiaia.es\/index.php?rest_route=\/wp\/v2\/posts\/309\/revisions"}],"predecessor-version":[{"id":25202,"href":"https:\/\/elcalaixetdelaiaia.es\/index.php?rest_route=\/wp\/v2\/posts\/309\/revisions\/25202"}],"wp:featuredmedia":[{"embeddable":true,"href":"https:\/\/elcalaixetdelaiaia.es\/index.php?rest_route=\/wp\/v2\/media\/4602"}],"wp:attachment":[{"href":"https:\/\/elcalaixetdelaiaia.es\/index.php?rest_route=%2Fwp%2Fv2%2Fmedia&parent=309"}],"wp:term":[{"taxonomy":"category","embeddable":true,"href":"https:\/\/elcalaixetdelaiaia.es\/index.php?rest_route=%2Fwp%2Fv2%2Fcategories&post=309"},{"taxonomy":"post_tag","embeddable":true,"href":"https:\/\/elcalaixetdelaiaia.es\/index.php?rest_route=%2Fwp%2Fv2%2Ftags&post=309"}],"curies":[{"name":"wp","href":"https:\/\/api.w.org\/{rel}","templated":true}]}}