{"id":29665,"date":"2026-04-30T18:54:18","date_gmt":"2026-04-30T18:54:18","guid":{"rendered":"https:\/\/elcalaixetdelaiaia.es\/?p=29665"},"modified":"2026-04-30T19:08:42","modified_gmt":"2026-04-30T19:08:42","slug":"el-calaixet-de-la-iaia-se-cierra-definitivamente","status":"publish","type":"post","link":"https:\/\/elcalaixetdelaiaia.es\/?p=29665","title":{"rendered":"El calaixet de la iaia, se cierra definitivamente."},"content":{"rendered":"<p>En esta entrada, no hay refr\u00e1n.<\/p>\n<p>Se trata de un aviso con tiempo, para que quienes est\u00e9is interesados en mis publicaciones, pod\u00e1is copiaros las que quer\u00e1is, ya que el 1 de Septiembre, se cierra el caj\u00f3n.<\/p>\n<p>Hasta esa fecha, seguir\u00e9 compartiendo mis publicaciones, de las que podr\u00e9is disponer en \u00e9ste blog, hasta ese d\u00eda, a partir de entonces, desaparecer\u00e1.<\/p>\n<p>Doy las gracias a todos quienes hab\u00e9is sido fieles a este blog y me hab\u00e9is dado likes, comentarios y lo hab\u00e9is compartido. Con algunos de vosotros, he tenido la suerte de crear una bonita amistad personal, m\u00e1s all\u00e1 de las redes cibern\u00e9ticas.<\/p>\n<p>Espero haber sido de ayuda en alg\u00fan momento a alguno de mis seguidores, y que mi objetivo de que no desapareciera nuestra gastronom\u00eda tradicional, se haya cumplido lo m\u00e1ximo posible, refrescando la memoria, o ense\u00f1ando si alguien no sab\u00eda, lo que yo he aprendido a lo largo de los a\u00f1os.<\/p>\n<p>Gracias por haberme acompa\u00f1ado durante estos 13 a\u00f1os, mi primera publicaci\u00f3n, fue justo en Mayo del 2013. Ten\u00e9is por delante cuatro meses, para guardar lo que os interese.<\/p>\n<p>De nuevo, gracias a todos los que en alg\u00fan momento hab\u00e9is entrado a leer este blog y sobre todo, a quienes me hab\u00e9is acompa\u00f1ado de continuo, a lo largo de estos 13 a\u00f1os.<\/p>\n<p>Con estas,\u00a0 im\u00e1genes de algunas de las portadas que ha tenido mi blog, y he podido recuperar, me despido.<\/p>\n<p><img decoding=\"async\" loading=\"lazy\" class=\"alignnone size-full wp-image-29669\" src=\"https:\/\/elcalaixetdelaiaia.es\/wp-content\/uploads\/2026\/04\/IMG_7883.jpeg\" alt=\"\" width=\"991\" height=\"349\" srcset=\"https:\/\/elcalaixetdelaiaia.es\/wp-content\/uploads\/2026\/04\/IMG_7883.jpeg 991w, https:\/\/elcalaixetdelaiaia.es\/wp-content\/uploads\/2026\/04\/IMG_7883-300x106.jpeg 300w, https:\/\/elcalaixetdelaiaia.es\/wp-content\/uploads\/2026\/04\/IMG_7883-768x270.jpeg 768w\" sizes=\"(max-width: 991px) 100vw, 991px\" \/> <img decoding=\"async\" loading=\"lazy\" class=\"alignnone size-full wp-image-29670\" src=\"https:\/\/elcalaixetdelaiaia.es\/wp-content\/uploads\/2026\/04\/IMG_7884.jpeg\" alt=\"\" width=\"1024\" height=\"1024\" srcset=\"https:\/\/elcalaixetdelaiaia.es\/wp-content\/uploads\/2026\/04\/IMG_7884.jpeg 1024w, https:\/\/elcalaixetdelaiaia.es\/wp-content\/uploads\/2026\/04\/IMG_7884-300x300.jpeg 300w, https:\/\/elcalaixetdelaiaia.es\/wp-content\/uploads\/2026\/04\/IMG_7884-150x150.jpeg 150w, https:\/\/elcalaixetdelaiaia.es\/wp-content\/uploads\/2026\/04\/IMG_7884-768x768.jpeg 768w, https:\/\/elcalaixetdelaiaia.es\/wp-content\/uploads\/2026\/04\/IMG_7884-60x60.jpeg 60w, https:\/\/elcalaixetdelaiaia.es\/wp-content\/uploads\/2026\/04\/IMG_7884-235x235.jpeg 235w, https:\/\/elcalaixetdelaiaia.es\/wp-content\/uploads\/2026\/04\/IMG_7884-255x255.jpeg 255w\" sizes=\"(max-width: 1024px) 100vw, 1024px\" \/> <img decoding=\"async\" loading=\"lazy\" class=\"alignnone size-full wp-image-29671\" src=\"https:\/\/elcalaixetdelaiaia.es\/wp-content\/uploads\/2026\/04\/IMG_7882.jpeg\" alt=\"\" width=\"797\" height=\"802\" srcset=\"https:\/\/elcalaixetdelaiaia.es\/wp-content\/uploads\/2026\/04\/IMG_7882.jpeg 797w, https:\/\/elcalaixetdelaiaia.es\/wp-content\/uploads\/2026\/04\/IMG_7882-298x300.jpeg 298w, https:\/\/elcalaixetdelaiaia.es\/wp-content\/uploads\/2026\/04\/IMG_7882-150x150.jpeg 150w, https:\/\/elcalaixetdelaiaia.es\/wp-content\/uploads\/2026\/04\/IMG_7882-768x773.jpeg 768w, https:\/\/elcalaixetdelaiaia.es\/wp-content\/uploads\/2026\/04\/IMG_7882-60x60.jpeg 60w, https:\/\/elcalaixetdelaiaia.es\/wp-content\/uploads\/2026\/04\/IMG_7882-235x235.jpeg 235w\" sizes=\"(max-width: 797px) 100vw, 797px\" \/> <img decoding=\"async\" loading=\"lazy\" class=\"size-full wp-image-29672 aligncenter\" src=\"https:\/\/elcalaixetdelaiaia.es\/wp-content\/uploads\/2026\/04\/IMG_7881.jpeg\" alt=\"\" width=\"233\" height=\"285\" \/><\/p>\n<p>Maimen, la iaia del calaixet.<\/p>\n","protected":false},"excerpt":{"rendered":"<p>En esta entrada, no hay refr\u00e1n. Se trata de un aviso con tiempo, para que quienes est\u00e9is interesados en mis publicaciones, pod\u00e1is copiaros las que quer\u00e1is, ya que el 1 de Septiembre, se cierra el caj\u00f3n. Hasta esa fecha, seguir\u00e9 compartiendo mis publicaciones, de las que podr\u00e9is disponer en \u00e9ste &hellip; <\/p>\n","protected":false},"author":2,"featured_media":29670,"comment_status":"open","ping_status":"open","sticky":false,"template":"","format":"standard","meta":[],"categories":[1],"tags":[],"_links":{"self":[{"href":"https:\/\/elcalaixetdelaiaia.es\/index.php?rest_route=\/wp\/v2\/posts\/29665"}],"collection":[{"href":"https:\/\/elcalaixetdelaiaia.es\/index.php?rest_route=\/wp\/v2\/posts"}],"about":[{"href":"https:\/\/elcalaixetdelaiaia.es\/index.php?rest_route=\/wp\/v2\/types\/post"}],"author":[{"embeddable":true,"href":"https:\/\/elcalaixetdelaiaia.es\/index.php?rest_route=\/wp\/v2\/users\/2"}],"replies":[{"embeddable":true,"href":"https:\/\/elcalaixetdelaiaia.es\/index.php?rest_route=%2Fwp%2Fv2%2Fcomments&post=29665"}],"version-history":[{"count":5,"href":"https:\/\/elcalaixetdelaiaia.es\/index.php?rest_route=\/wp\/v2\/posts\/29665\/revisions"}],"predecessor-version":[{"id":29677,"href":"https:\/\/elcalaixetdelaiaia.es\/index.php?rest_route=\/wp\/v2\/posts\/29665\/revisions\/29677"}],"wp:featuredmedia":[{"embeddable":true,"href":"https:\/\/elcalaixetdelaiaia.es\/index.php?rest_route=\/wp\/v2\/media\/29670"}],"wp:attachment":[{"href":"https:\/\/elcalaixetdelaiaia.es\/index.php?rest_route=%2Fwp%2Fv2%2Fmedia&parent=29665"}],"wp:term":[{"taxonomy":"category","embeddable":true,"href":"https:\/\/elcalaixetdelaiaia.es\/index.php?rest_route=%2Fwp%2Fv2%2Fcategories&post=29665"},{"taxonomy":"post_tag","embeddable":true,"href":"https:\/\/elcalaixetdelaiaia.es\/index.php?rest_route=%2Fwp%2Fv2%2Ftags&post=29665"}],"curies":[{"name":"wp","href":"https:\/\/api.w.org\/{rel}","templated":true}]}}